{"id":7159,"date":"2015-10-26T17:22:04","date_gmt":"2015-10-26T16:22:04","guid":{"rendered":"http:\/\/blog.zeit.de\/fahrrad\/?p=7159"},"modified":"2015-10-26T17:22:04","modified_gmt":"2015-10-26T16:22:04","slug":"so-modisch-und-farbenfroh-kann-regenkleidung-sein","status":"publish","type":"post","link":"https:\/\/blog.zeit.de\/fahrrad\/2015\/10\/26\/so-modisch-und-farbenfroh-kann-regenkleidung-sein\/","title":{"rendered":"So modisch und farbenfroh kann Regenkleidung sein"},"content":{"rendered":"<p><figure id=\"attachment_7153\" aria-describedby=\"caption-attachment-7153\" style=\"width: 600px\" class=\"wp-caption aligncenter\"><img loading=\"lazy\" decoding=\"async\" class=\"wp-image-7153 size-medium\" src=\"https:\/\/blog.zeit.de\/fahrrad\/files\/2015\/10\/12096107_999107816807544_5904944268016318684_n-600x800.jpg\" alt=\"\u00a9 The Cambridge Raincoat Company\" width=\"600\" height=\"800\" srcset=\"https:\/\/blog.zeit.de\/fahrrad\/files\/2015\/10\/12096107_999107816807544_5904944268016318684_n-600x800.jpg 600w, https:\/\/blog.zeit.de\/fahrrad\/files\/2015\/10\/12096107_999107816807544_5904944268016318684_n.jpg 720w\" sizes=\"auto, (max-width: 600px) 100vw, 600px\" \/><figcaption id=\"caption-attachment-7153\" class=\"wp-caption-text\">\u00a9 The Cambridge Raincoat Company<\/figcaption><\/figure><\/p>\n<p>Jeder kennt den Spruch: Es gibt kein schlechtes Wetter, sondern nur die falsche Kleidung. Der Spruch ist wahr \u2013 das wissen alle, die viel mit dem Fahrrad unterwegs sind und mal nass werden. Gute Regenkleidung zahlt sich aus. Das Angebot ist gl\u00fccklicherweise inzwischen recht vielseitig und reicht von der klassischen Outdoorbekleidung bis hin zum durchaus ansehnlichen Regenmantel. Modisch hat sich in den vergangenen Jahren wirklich viel getan.<!--more--><\/p>\n<p>Beim Radfahren denke ich eher praktisch. In der Regel trage ich jetzt im Herbst eine Outdoorjacke, die nach dem Zwiebelprinzip funktioniert. Die wattierte Innenjacke kann man herausnehmen, die \u00e4u\u00dfere Jacke ist atmungsaktiv, wasser- und winddicht. Ich kaufe Jacken, die einer Wassers\u00e4ule von 5.000 Millimeter standhalten. Meine Erfahrung zeigt: Dann bin ich auch nach einer Regenfahrt von einer Stunde und mehr noch nicht durchgeweicht. Au\u00dferdem gefallen mir Kapuzen mit einem kleinen Schirm, die den Regen etwas abhalten, sowie verstellbare \u00c4rmelabschl\u00fcsse.<\/p>\n<p>Im Schnitt kostet so eine Jacke zwischen 150 und 250 Euro und h\u00e4lt, wenn man sie viel nutzt, zwei bis drei Jahre. Dann sieht die Jacke zwar noch gut aus, aber das Material h\u00e4lt die N\u00e4sse nicht mehr so gut ab wie zuvor.<\/p>\n<p>Aber nicht jeder, der in der Stadt mit dem Rad unterwegs ist, will in der Outdoorjacke durch die Gegend fahren. Muss man auch nicht. Inzwischen gibt es eine kleine Gruppe an Designern, die auch ausgefallene Radkleidung herstellen.<\/p>\n<p><figure id=\"attachment_7163\" aria-describedby=\"caption-attachment-7163\" style=\"width: 360px\" class=\"wp-caption aligncenter\"><img loading=\"lazy\" decoding=\"async\" class=\"wp-image-7163 size-full\" src=\"https:\/\/blog.zeit.de\/fahrrad\/files\/2015\/10\/Felix_Finn_birthdays_bicycles_206_large.jpg\" alt=\"\u00a9\" width=\"360\" height=\"480\" \/><figcaption id=\"caption-attachment-7163\" class=\"wp-caption-text\">\u00a9 The Cambridge Raincoat Company<\/figcaption><\/figure><\/p>\n<p>Dazu z\u00e4hlt die britische Marke<a href=\"http:\/\/cambridgeraincoats.co.uk\" target=\"_blank\"> The Cambridge Raincoat Company<\/a>. Sie bietet eine sehr sch\u00f6ne Kollektion an schicken klassischen Regenm\u00e4nteln. Das besondere an diesen M\u00e4nteln ist: Es gibt sie in vielen verschiedenen Farben und Schnitten, f\u00fcr Frauen ebenso wie f\u00fcr M\u00e4nner, und sie werden bei Bedarf auch auf Ma\u00df angefertigt (siehe auch das Foto ganz oben).<\/p>\n<p><strong>Unterwegs im Regenrock<\/strong><\/p>\n<p><figure id=\"attachment_7151\" aria-describedby=\"caption-attachment-7151\" style=\"width: 360px\" class=\"wp-caption aligncenter\"><img loading=\"lazy\" decoding=\"async\" class=\"size-full wp-image-7151\" src=\"https:\/\/blog.zeit.de\/fahrrad\/files\/2015\/10\/0001_20140120takaokami0321_01.jpg\" alt=\"\u00a9 Takaokami by Emma Jorn\" width=\"360\" height=\"360\" srcset=\"https:\/\/blog.zeit.de\/fahrrad\/files\/2015\/10\/0001_20140120takaokami0321_01.jpg 360w, https:\/\/blog.zeit.de\/fahrrad\/files\/2015\/10\/0001_20140120takaokami0321_01-220x220.jpg 220w\" sizes=\"auto, (max-width: 360px) 100vw, 360px\" \/><figcaption id=\"caption-attachment-7151\" class=\"wp-caption-text\">\u00a9 Takaokami by Emma Jorn<\/figcaption><\/figure><\/p>\n<p><figure id=\"attachment_7150\" aria-describedby=\"caption-attachment-7150\" style=\"width: 360px\" class=\"wp-caption aligncenter\"><img loading=\"lazy\" decoding=\"async\" class=\"size-full wp-image-7150\" src=\"https:\/\/blog.zeit.de\/fahrrad\/files\/2015\/10\/20140120takaokami1175_01.png\" alt=\"\u00a9\" width=\"360\" height=\"360\" srcset=\"https:\/\/blog.zeit.de\/fahrrad\/files\/2015\/10\/20140120takaokami1175_01.png 360w, https:\/\/blog.zeit.de\/fahrrad\/files\/2015\/10\/20140120takaokami1175_01-220x220.png 220w\" sizes=\"auto, (max-width: 360px) 100vw, 360px\" \/><figcaption id=\"caption-attachment-7150\" class=\"wp-caption-text\">\u00a9 Takaokami by Emma Jorn<\/figcaption><\/figure><\/p>\n<p>Die Designerin Emma Jorn hat Anfang dieses Jahres zun\u00e4chst \u00fcber die Plattform Kickstarter Geld f\u00fcr ihre sehr feminine Regenkleidung gesammelt. Ihre Kollektion kam gut an, und mittlerweile ist sie mit der &#8222;Queen&#8220; der Regenkleidung, Ilse Jacobsen, im Gesch\u00e4ft. Unter deren Label verkauft sie bald die ersten St\u00fccke aus ihrer Kollektion. Der Rock l\u00e4sst sich \u00fcbrigens sehr klein zusammenfalten, wie man in dem Video sieht.<\/p>\n\n<div class=\"embed-wrapper embed-wrapper--blocked js-embed-consent\" data-method=\"embed\">\n<script class=\"raw__source\" type=\"text\/template\"><iframe loading=\"lazy\" title=\"How to fold the Takaokami Rain Shirt\" width=\"640\" height=\"360\" src=\"https:\/\/www.youtube-nocookie.com\/embed\/oB4S6FZe2WU?feature=oembed\" frameborder=\"0\" allow=\"accelerometer; autoplay; clipboard-write; encrypted-media; gyroscope; picture-in-picture; web-share\" referrerpolicy=\"strict-origin-when-cross-origin\" allowfullscreen><\/iframe><\/script>\n<div class=\"embed-wrapper__inner\">\n<div class=\"embed-wrapper__text\">\n<h3>Empfohlener redaktioneller Inhalt<\/h3>\n<p data-replace=\"no\">An dieser Stelle finden Sie externen Inhalt, der den Artikel erg\u00e4nzt. Sie k\u00f6nnen sich externe Inhalte mit einem Klick anzeigen lassen und wieder ausblenden.<noscript>Bitte aktivieren Sie JavaScript damit Sie diesen Inhalt anzeigen k\u00f6nnen.<\/noscript><\/p>\n<\/div>\n<div class=\"embed-consent\">\n<label class=\"embed-consent__toggle\">\n<input class=\"js-embed-consent__toggle\" type=\"checkbox\" autocomplete=\"off\">\n<span><\/span>\nExterner Inhalt\n<\/label>\n<a href=\"https:\/\/www.zeit.de\/hilfe\/datenschutz\" target=\"_blank\" class=\"embed-consent__datalink-when-active\">Datenschutzerkl\u00e4rung<\/a>\n<\/div>\n<div class=\"embed-wrapper__footer\">\n<p data-replace=\"no\">\nIch bin damit einverstanden, dass mir externe Inhalte angezeigt werden. Damit k\u00f6nnen personenbezogene Daten an Drittplattformen \u00fcbermittelt werden. <a href=\"https:\/\/www.zeit.de\/hilfe\/datenschutz\" target=\"_blank\">Mehr dazu in unserer Datenschutzerkl\u00e4rung.<\/a>\n<\/p>\n<\/div>\n<\/div>\n<\/div>\n<p>Einen Regenrock verkauft seit Jahren auch die irische Unternehmerin Georgia aus Dublin. Sie hat neben dem Regenrock auch sehr auff\u00e4llige Jacken im Angebot, au\u00dferdem sch\u00f6ne Regenschuhe, die sie Leggits nennt.<\/p>\n<p><figure id=\"attachment_7158\" aria-describedby=\"caption-attachment-7158\" style=\"width: 500px\" class=\"wp-caption aligncenter\"><img loading=\"lazy\" decoding=\"async\" class=\"size-full wp-image-7158\" src=\"https:\/\/blog.zeit.de\/fahrrad\/files\/2015\/10\/LeggitsCanalS.jpg\" alt=\"\u00a9 Georgia in Dublin\" width=\"500\" height=\"238\" \/><figcaption id=\"caption-attachment-7158\" class=\"wp-caption-text\">\u00a9 Georgia in Dublin<\/figcaption><\/figure><\/p>\n<p>In diesem Kreis wirkt die ebenso modische wie sportliche Regenjacke von Nau fast schlicht. Mir gef\u00e4llt sie sehr gut. Sie ist sowohl wind- und wasserdicht als auch atmungsaktiv. Es gibt sie in den Farben gr\u00fcn und blau.<\/p>\n<p>&nbsp;<\/p>\n<p><figure id=\"attachment_7156\" aria-describedby=\"caption-attachment-7156\" style=\"width: 620px\" class=\"wp-caption aligncenter\"><img loading=\"lazy\" decoding=\"async\" class=\"wp-image-7156 size-medium\" src=\"https:\/\/blog.zeit.de\/fahrrad\/files\/2015\/10\/072w01_335_1_PDP-620x620.jpg\" alt=\"\u00a9 Nau\" width=\"620\" height=\"620\" srcset=\"https:\/\/blog.zeit.de\/fahrrad\/files\/2015\/10\/072w01_335_1_PDP-620x620.jpg 620w, https:\/\/blog.zeit.de\/fahrrad\/files\/2015\/10\/072w01_335_1_PDP-220x220.jpg 220w, https:\/\/blog.zeit.de\/fahrrad\/files\/2015\/10\/072w01_335_1_PDP.jpg 856w\" sizes=\"auto, (max-width: 620px) 100vw, 620px\" \/><figcaption id=\"caption-attachment-7156\" class=\"wp-caption-text\">\u00a9 Nau<\/figcaption><\/figure><\/p>\n<p>Deutlich noch Bedarf besteht hingegen bei Regenhosen. Da ist es wie sonst auch beim Hosenkauf: Solange man nicht seine Marke gefunden hat, die perfekt passt, sind die Hosen entweder zu eng oder zu weit.<\/p>\n","protected":false},"excerpt":{"rendered":"<p>Jeder kennt den Spruch: Es gibt kein schlechtes Wetter, sondern nur die falsche Kleidung. Der Spruch ist wahr \u2013 das wissen alle, die viel mit dem Fahrrad unterwegs sind und mal nass werden. Gute Regenkleidung zahlt sich aus. Das Angebot ist gl\u00fccklicherweise inzwischen recht vielseitig und reicht von der klassischen Outdoorbekleidung bis hin zum durchaus [&hellip;]<\/p>\n","protected":false},"author":385,"featured_media":0,"comment_status":"open","ping_status":"open","sticky":false,"template":"","format":"standard","meta":{"_jetpack_memberships_contains_paid_content":false,"footnotes":""},"categories":[1692],"tags":[36102,36101,872],"class_list":["post-7159","post","type-post","status-publish","format-standard","hentry","category-mode","tag-mantel","tag-regenkleidung","tag-rock"],"yoast_head":"<!-- This site is optimized with the Yoast SEO plugin v21.0 - https:\/\/yoast.com\/wordpress\/plugins\/seo\/ -->\n<title>So modisch und farbenfroh kann Regenkleidung sein - Velophil<\/title>\n<meta name=\"robots\" content=\"index, follow, max-snippet:-1, max-image-preview:large, max-video-preview:-1\" \/>\n<link rel=\"canonical\" href=\"https:\/\/blog.zeit.de\/fahrrad\/2015\/10\/26\/so-modisch-und-farbenfroh-kann-regenkleidung-sein\/\" \/>\n<meta property=\"og:locale\" content=\"de_DE\" \/>\n<meta property=\"og:type\" content=\"article\" \/>\n<meta property=\"og:title\" content=\"So modisch und farbenfroh kann Regenkleidung sein - Velophil\" \/>\n<meta property=\"og:description\" content=\"Jeder kennt den Spruch: Es gibt kein schlechtes Wetter, sondern nur die falsche Kleidung. Der Spruch ist wahr \u2013 das wissen alle, die viel mit dem Fahrrad unterwegs sind und mal nass werden. Gute Regenkleidung zahlt sich aus. Das Angebot ist gl\u00fccklicherweise inzwischen recht vielseitig und reicht von der klassischen Outdoorbekleidung bis hin zum durchaus [&hellip;]\" \/>\n<meta property=\"og:url\" content=\"https:\/\/blog.zeit.de\/fahrrad\/2015\/10\/26\/so-modisch-und-farbenfroh-kann-regenkleidung-sein\/\" \/>\n<meta property=\"og:site_name\" content=\"Velophil\" \/>\n<meta property=\"article:published_time\" content=\"2015-10-26T16:22:04+00:00\" \/>\n<meta property=\"og:image\" content=\"https:\/\/blog.zeit.de\/fahrrad\/files\/2015\/10\/12096107_999107816807544_5904944268016318684_n-600x800.jpg\" \/>\n<meta name=\"author\" content=\"Andrea Reidl\" \/>\n<meta name=\"twitter:card\" content=\"summary_large_image\" \/>\n<meta name=\"twitter:creator\" content=\"@zeitonline\" \/>\n<meta name=\"twitter:site\" content=\"@zeitonline\" \/>\n<meta name=\"twitter:label1\" content=\"Geschrieben von\" \/>\n\t<meta name=\"twitter:data1\" content=\"Andrea Reidl\" \/>\n\t<meta name=\"twitter:label2\" content=\"Gesch\u00e4tzte Lesezeit\" \/>\n\t<meta name=\"twitter:data2\" content=\"3\u00a0Minuten\" \/>\n<script type=\"application\/ld+json\" class=\"yoast-schema-graph\">{\"@context\":\"https:\/\/schema.org\",\"@graph\":[{\"@type\":\"WebPage\",\"@id\":\"https:\/\/blog.zeit.de\/fahrrad\/2015\/10\/26\/so-modisch-und-farbenfroh-kann-regenkleidung-sein\/\",\"url\":\"https:\/\/blog.zeit.de\/fahrrad\/2015\/10\/26\/so-modisch-und-farbenfroh-kann-regenkleidung-sein\/\",\"name\":\"So modisch und farbenfroh kann Regenkleidung sein - Velophil\",\"isPartOf\":{\"@id\":\"https:\/\/blog.zeit.de\/fahrrad\/#website\"},\"datePublished\":\"2015-10-26T16:22:04+00:00\",\"dateModified\":\"2015-10-26T16:22:04+00:00\",\"author\":{\"@id\":\"https:\/\/blog.zeit.de\/fahrrad\/#\/schema\/person\/9fe49d0d69e31b7d1d311f861f764dfc\"},\"breadcrumb\":{\"@id\":\"https:\/\/blog.zeit.de\/fahrrad\/2015\/10\/26\/so-modisch-und-farbenfroh-kann-regenkleidung-sein\/#breadcrumb\"},\"inLanguage\":\"de\",\"potentialAction\":[{\"@type\":\"ReadAction\",\"target\":[\"https:\/\/blog.zeit.de\/fahrrad\/2015\/10\/26\/so-modisch-und-farbenfroh-kann-regenkleidung-sein\/\"]}]},{\"@type\":\"BreadcrumbList\",\"@id\":\"https:\/\/blog.zeit.de\/fahrrad\/2015\/10\/26\/so-modisch-und-farbenfroh-kann-regenkleidung-sein\/#breadcrumb\",\"itemListElement\":[{\"@type\":\"ListItem\",\"position\":1,\"name\":\"Startseite\",\"item\":\"https:\/\/blog.zeit.de\/fahrrad\/\"},{\"@type\":\"ListItem\",\"position\":2,\"name\":\"So modisch und farbenfroh kann Regenkleidung sein\"}]},{\"@type\":\"WebSite\",\"@id\":\"https:\/\/blog.zeit.de\/fahrrad\/#website\",\"url\":\"https:\/\/blog.zeit.de\/fahrrad\/\",\"name\":\"Velophil\",\"description\":\"Das Fahrrad-Blog\",\"potentialAction\":[{\"@type\":\"SearchAction\",\"target\":{\"@type\":\"EntryPoint\",\"urlTemplate\":\"https:\/\/blog.zeit.de\/fahrrad\/?s={search_term_string}\"},\"query-input\":\"required name=search_term_string\"}],\"inLanguage\":\"de\"},{\"@type\":\"Person\",\"@id\":\"https:\/\/blog.zeit.de\/fahrrad\/#\/schema\/person\/9fe49d0d69e31b7d1d311f861f764dfc\",\"name\":\"Andrea Reidl\",\"image\":{\"@type\":\"ImageObject\",\"inLanguage\":\"de\",\"@id\":\"https:\/\/blog.zeit.de\/fahrrad\/#\/schema\/person\/image\/\",\"url\":\"https:\/\/secure.gravatar.com\/avatar\/52595868054cdd5e076af9664613db489c74a4ed484ee30b2f82136c624f1797?s=96&d=mm&r=g\",\"contentUrl\":\"https:\/\/secure.gravatar.com\/avatar\/52595868054cdd5e076af9664613db489c74a4ed484ee30b2f82136c624f1797?s=96&d=mm&r=g\",\"caption\":\"Andrea Reidl\"},\"url\":\"https:\/\/blog.zeit.de\/fahrrad\/author\/areidl\/\"}]}<\/script>\n<!-- \/ Yoast SEO plugin. -->","yoast_head_json":{"title":"So modisch und farbenfroh kann Regenkleidung sein - Velophil","robots":{"index":"index","follow":"follow","max-snippet":"max-snippet:-1","max-image-preview":"max-image-preview:large","max-video-preview":"max-video-preview:-1"},"canonical":"https:\/\/blog.zeit.de\/fahrrad\/2015\/10\/26\/so-modisch-und-farbenfroh-kann-regenkleidung-sein\/","og_locale":"de_DE","og_type":"article","og_title":"So modisch und farbenfroh kann Regenkleidung sein - Velophil","og_description":"Jeder kennt den Spruch: Es gibt kein schlechtes Wetter, sondern nur die falsche Kleidung. Der Spruch ist wahr \u2013 das wissen alle, die viel mit dem Fahrrad unterwegs sind und mal nass werden. Gute Regenkleidung zahlt sich aus. Das Angebot ist gl\u00fccklicherweise inzwischen recht vielseitig und reicht von der klassischen Outdoorbekleidung bis hin zum durchaus [&hellip;]","og_url":"https:\/\/blog.zeit.de\/fahrrad\/2015\/10\/26\/so-modisch-und-farbenfroh-kann-regenkleidung-sein\/","og_site_name":"Velophil","article_published_time":"2015-10-26T16:22:04+00:00","og_image":[{"url":"https:\/\/blog.zeit.de\/fahrrad\/files\/2015\/10\/12096107_999107816807544_5904944268016318684_n-600x800.jpg"}],"author":"Andrea Reidl","twitter_card":"summary_large_image","twitter_creator":"@zeitonline","twitter_site":"@zeitonline","twitter_misc":{"Geschrieben von":"Andrea Reidl","Gesch\u00e4tzte Lesezeit":"3\u00a0Minuten"},"schema":{"@context":"https:\/\/schema.org","@graph":[{"@type":"WebPage","@id":"https:\/\/blog.zeit.de\/fahrrad\/2015\/10\/26\/so-modisch-und-farbenfroh-kann-regenkleidung-sein\/","url":"https:\/\/blog.zeit.de\/fahrrad\/2015\/10\/26\/so-modisch-und-farbenfroh-kann-regenkleidung-sein\/","name":"So modisch und farbenfroh kann Regenkleidung sein - Velophil","isPartOf":{"@id":"https:\/\/blog.zeit.de\/fahrrad\/#website"},"datePublished":"2015-10-26T16:22:04+00:00","dateModified":"2015-10-26T16:22:04+00:00","author":{"@id":"https:\/\/blog.zeit.de\/fahrrad\/#\/schema\/person\/9fe49d0d69e31b7d1d311f861f764dfc"},"breadcrumb":{"@id":"https:\/\/blog.zeit.de\/fahrrad\/2015\/10\/26\/so-modisch-und-farbenfroh-kann-regenkleidung-sein\/#breadcrumb"},"inLanguage":"de","potentialAction":[{"@type":"ReadAction","target":["https:\/\/blog.zeit.de\/fahrrad\/2015\/10\/26\/so-modisch-und-farbenfroh-kann-regenkleidung-sein\/"]}]},{"@type":"BreadcrumbList","@id":"https:\/\/blog.zeit.de\/fahrrad\/2015\/10\/26\/so-modisch-und-farbenfroh-kann-regenkleidung-sein\/#breadcrumb","itemListElement":[{"@type":"ListItem","position":1,"name":"Startseite","item":"https:\/\/blog.zeit.de\/fahrrad\/"},{"@type":"ListItem","position":2,"name":"So modisch und farbenfroh kann Regenkleidung sein"}]},{"@type":"WebSite","@id":"https:\/\/blog.zeit.de\/fahrrad\/#website","url":"https:\/\/blog.zeit.de\/fahrrad\/","name":"Velophil","description":"Das Fahrrad-Blog","potentialAction":[{"@type":"SearchAction","target":{"@type":"EntryPoint","urlTemplate":"https:\/\/blog.zeit.de\/fahrrad\/?s={search_term_string}"},"query-input":"required name=search_term_string"}],"inLanguage":"de"},{"@type":"Person","@id":"https:\/\/blog.zeit.de\/fahrrad\/#\/schema\/person\/9fe49d0d69e31b7d1d311f861f764dfc","name":"Andrea Reidl","image":{"@type":"ImageObject","inLanguage":"de","@id":"https:\/\/blog.zeit.de\/fahrrad\/#\/schema\/person\/image\/","url":"https:\/\/secure.gravatar.com\/avatar\/52595868054cdd5e076af9664613db489c74a4ed484ee30b2f82136c624f1797?s=96&d=mm&r=g","contentUrl":"https:\/\/secure.gravatar.com\/avatar\/52595868054cdd5e076af9664613db489c74a4ed484ee30b2f82136c624f1797?s=96&d=mm&r=g","caption":"Andrea Reidl"},"url":"https:\/\/blog.zeit.de\/fahrrad\/author\/areidl\/"}]}},"jetpack_featured_media_url":"","jetpack_sharing_enabled":true,"_links":{"self":[{"href":"https:\/\/blog.zeit.de\/fahrrad\/wp-json\/wp\/v2\/posts\/7159","targetHints":{"allow":["GET"]}}],"collection":[{"href":"https:\/\/blog.zeit.de\/fahrrad\/wp-json\/wp\/v2\/posts"}],"about":[{"href":"https:\/\/blog.zeit.de\/fahrrad\/wp-json\/wp\/v2\/types\/post"}],"author":[{"embeddable":true,"href":"https:\/\/blog.zeit.de\/fahrrad\/wp-json\/wp\/v2\/users\/385"}],"replies":[{"embeddable":true,"href":"https:\/\/blog.zeit.de\/fahrrad\/wp-json\/wp\/v2\/comments?post=7159"}],"version-history":[{"count":9,"href":"https:\/\/blog.zeit.de\/fahrrad\/wp-json\/wp\/v2\/posts\/7159\/revisions"}],"predecessor-version":[{"id":7174,"href":"https:\/\/blog.zeit.de\/fahrrad\/wp-json\/wp\/v2\/posts\/7159\/revisions\/7174"}],"wp:attachment":[{"href":"https:\/\/blog.zeit.de\/fahrrad\/wp-json\/wp\/v2\/media?parent=7159"}],"wp:term":[{"taxonomy":"category","embeddable":true,"href":"https:\/\/blog.zeit.de\/fahrrad\/wp-json\/wp\/v2\/categories?post=7159"},{"taxonomy":"post_tag","embeddable":true,"href":"https:\/\/blog.zeit.de\/fahrrad\/wp-json\/wp\/v2\/tags?post=7159"}],"curies":[{"name":"wp","href":"https:\/\/api.w.org\/{rel}","templated":true}]}}