{"id":7270,"date":"2015-11-18T11:10:15","date_gmt":"2015-11-18T10:10:15","guid":{"rendered":"http:\/\/blog.zeit.de\/fahrrad\/?p=7270"},"modified":"2015-11-18T11:10:15","modified_gmt":"2015-11-18T10:10:15","slug":"kinder-schulweg-elterntaxi-radfahren","status":"publish","type":"post","link":"https:\/\/blog.zeit.de\/fahrrad\/2015\/11\/18\/kinder-schulweg-elterntaxi-radfahren\/","title":{"rendered":"Elterntraining statt Elterntaxi"},"content":{"rendered":"<p>&#8222;Kinder sind nicht verkehrsgerecht und werden es nie sein&#8220;: Klare Worte von Sabine Kluth, der stellvertretenden Bundesvorsitzenden des ADFC, beim ADFC-Kongress &#8222;Radfahren f\u00fcr alle \u2013 auch f\u00fcr Kinder&#8220; in Dresden. Was daraus folgt, leuchtet eigentlich jedem ein: Autofahrer m\u00fcssen auf Kinder achten und Eltern ihren Nachwuchs fit machen f\u00fcr den Verkehr. Insbesondere f\u00fcr den Schulweg. Dass dies nicht der Fall ist, kann man jeden Tag zu Schulbeginn vor Schulen beobachten.<\/p>\n<p><!--more--><\/p>\n<p>Das Elterntaxi ist vielerorts zum Alltag geworden. Morgens um kurz vor acht chauffieren M\u00fctter und V\u00e4ter ihre Kinder mit dem Auto bis zur Eingangst\u00fcr. Damit verhindern sie nicht nur eine eigenst\u00e4ndige Mobilit\u00e4t ihrer Kinder, sondern gef\u00e4hrden auch die anderen, die zu Fu\u00df oder mit dem Fahrrad kommen. Die kommen nicht vorbei, weil Autos den Gehweg oder die \u00dcberwege blockieren oder ihnen die freie Sicht auf die Fahrbahn nehmen.<\/p>\n<p>Gr\u00fcnde f\u00fcr die Wahl des Elterntaxis gibt es viele. Manchmal passt es einfach perfekt in den Tagesablauf: Die Eltern fahren zur Arbeit und lassen das Kind an der Schule heraus. Andere trauen ihrem Kind nicht zu, den Weg allein zur\u00fcckzulegen, oder sie misstrauen den \u00fcbrigen Verkehrsteilnehmern.<\/p>\n<p>Ein Cartoon von Michael Ammann, den Kluth w\u00e4hrend ihres Vortrags auf dem ADFC-Kongress zeigte, illustriert das gut. &#8222;Was, du willst zu Fu\u00df in die Schule?! Denk doch an die vielen Autos, mit denen die Kinder in die Schule gebracht werden, das ist viel zu gef\u00e4hrlich &#8230; Ich bring dich mit dem Auto hin&#8220;, sagt in der Zeichnung eine Mutter, mahnend den Zeigefinger schwingend, zu ihrem Kind.<\/p>\n<p>Die Aussage ist keineswegs eine \u00fcberspitzte Einzelmeinung. Immer h\u00e4ufiger werden an Schulen oder auf Schulwegen Banner und Schilder mit dem Spruch &#8222;Achtung Kinder, hier fahren eure Eltern!&#8220; aufgeh\u00e4ngt. Eine Grundschule in Wattenscheid hat schon 2009 eine Aktion unter diesem Titel veranstaltet, um auf das Problem aufmerksam zu machen, im vergangenen Jahr eine Grundschule in D\u00fcsseldorf.<\/p>\n<p><strong>Gemeinsame Radfahrkurse<\/strong><\/p>\n<p>Sabine Kluth pl\u00e4diert f\u00fcr eine Bannmeile f\u00fcr Autos um Schulen herum, in einem Radius von mindestens 250 Metern. Dann w\u00fcrden die Kinder wenigstens <a href=\"http:\/\/www.zeit.de\/2014\/38\/funktioniert-nicht-kiss-and-ride-parkplaetze\" target=\"_blank\">einen kurzen Schulweg zur\u00fccklegen<\/a> und das Ankommen werde f\u00fcr alle Kinder sicherer, sagt sie. Au\u00dferdem vermisst die ADFC-Expertin eine fehlertolerante Infrastruktur. Darunter versteht sie beispielsweise ausreichend Platz und eine gute \u00dcbersicht an Knotenpunkten, damit Kinder die gesamte Stra\u00dfe \u00fcberblicken k\u00f6nnen. Platz sei in St\u00e4dten zwar Mangelware. Gerade an Kreuzungen k\u00f6nne die freie Sicht aber durchaus verbessert werden. Oft reiche es schon, die Anzahl der parkenden Autos am Fahrbahnrand zu verringern.<\/p>\n<p>Durchg\u00e4ngige Radwege \u2013 oder Kinderwege, wie Kluth sie nennt \u2013 sind hier besonders wichtig. Sie sind insbesondere f\u00fcr Kinder auf weiterf\u00fchrenden Schulen relevant. Die \u00c4lteren brauchen eine klare und sichere Infrastruktur. Schlie\u00dflich werden sie im Gegensatz zu Grundsch\u00fclern selten von ihren Eltern begleitet und sollen auch nicht mehr auf dem Gehweg fahren.<\/p>\n<p>Um die Kinder fit f\u00fcrs Radfahren zu machen, hat Kluth eine ungew\u00f6hnliche Idee: Radfahrkurse f\u00fcr Eltern und Kinder. &#8222;In der Schweiz gibt es sie bereits&#8220;, sagt sie. In dem gemeinsamen Kurs frischen die Erwachsenen ihr Wissen auf, und die Kinder lernen die Fertigkeiten f\u00fcrs Radfahren auf dem Weg zur Schule. Der Vorteil: Kind und Eltern sind auf einem einheitlichen Wissensstand. Die Eltern sehen in der Gruppe, was sie von ihrem Kind erwarten k\u00f6nnen und wo sie noch \u00fcben m\u00fcssen. Das kann hilfreicher sein als die Fahrradpr\u00fcfung in der Grundschule.<\/p>\n<p>Einige Redner auf dem Kongress warnten gar vor der Fahrradpr\u00fcfung in den Schulen. Sie suggeriere Eltern, dass ihre Kinder jetzt fit f\u00fcr den Verkehr seien. Das sei aber mitnichten der Fall. Wer nicht mit seinen Eltern trainiere, sei vielleicht nur fit f\u00fcr das kleine St\u00fcck Weg, das im Rahmen des Unterrichts ge\u00fcbt wurde.<\/p>\n<p>Die Eltern sind also in der Pflicht. Sie m\u00fcssen mit ihrem Nachwuchs \u00fcben.<\/p>\n","protected":false},"excerpt":{"rendered":"<p>&#8222;Kinder sind nicht verkehrsgerecht und werden es nie sein&#8220;: Klare Worte von Sabine Kluth, der stellvertretenden Bundesvorsitzenden des ADFC, beim ADFC-Kongress &#8222;Radfahren f\u00fcr alle \u2013 auch f\u00fcr Kinder&#8220; in Dresden. Was daraus folgt, leuchtet eigentlich jedem ein: Autofahrer m\u00fcssen auf Kinder achten und Eltern ihren Nachwuchs fit machen f\u00fcr den Verkehr. Insbesondere f\u00fcr den Schulweg. [&hellip;]<\/p>\n","protected":false},"author":385,"featured_media":7280,"comment_status":"open","ping_status":"open","sticky":false,"template":"","format":"standard","meta":{"_jetpack_memberships_contains_paid_content":false,"footnotes":""},"categories":[14080,391],"tags":[36112,36147,27218],"class_list":["post-7270","post","type-post","status-publish","format-standard","has-post-thumbnail","hentry","category-infrastruktur","category-kinder","tag-elterntaxi","tag-kinder","tag-schulweg"],"yoast_head":"<!-- This site is optimized with the Yoast SEO plugin v21.0 - https:\/\/yoast.com\/wordpress\/plugins\/seo\/ -->\n<title>Schulweg: Elterntraining statt Elterntaxi<\/title>\n<meta name=\"description\" content=\"Eltern sollten mit dem Nachwuchs den Schulweg auf dem Rad \u00fcben, fordert der ADFC.\" \/>\n<meta name=\"robots\" content=\"index, follow, max-snippet:-1, max-image-preview:large, max-video-preview:-1\" \/>\n<link rel=\"canonical\" href=\"https:\/\/blog.zeit.de\/fahrrad\/2015\/11\/18\/kinder-schulweg-elterntaxi-radfahren\/\" \/>\n<meta property=\"og:locale\" content=\"de_DE\" \/>\n<meta property=\"og:type\" content=\"article\" \/>\n<meta property=\"og:title\" content=\"Schulweg: Elterntraining statt Elterntaxi\" \/>\n<meta property=\"og:description\" content=\"Eltern sollten mit dem Nachwuchs den Schulweg auf dem Rad \u00fcben, fordert der ADFC.\" \/>\n<meta property=\"og:url\" content=\"https:\/\/blog.zeit.de\/fahrrad\/2015\/11\/18\/kinder-schulweg-elterntaxi-radfahren\/\" \/>\n<meta property=\"og:site_name\" content=\"Velophil\" \/>\n<meta property=\"article:published_time\" content=\"2015-11-18T10:10:15+00:00\" \/>\n<meta property=\"og:image\" content=\"https:\/\/blog.zeit.de\/fahrrad\/files\/2015\/11\/33243352-1024x675.jpg\" \/>\n\t<meta property=\"og:image:width\" content=\"1024\" \/>\n\t<meta property=\"og:image:height\" content=\"675\" \/>\n\t<meta property=\"og:image:type\" content=\"image\/jpeg\" \/>\n<meta name=\"author\" content=\"Andrea Reidl\" \/>\n<meta name=\"twitter:card\" content=\"summary_large_image\" \/>\n<meta name=\"twitter:creator\" content=\"@zeitonline\" \/>\n<meta name=\"twitter:site\" content=\"@zeitonline\" \/>\n<meta name=\"twitter:label1\" content=\"Geschrieben von\" \/>\n\t<meta name=\"twitter:data1\" content=\"Andrea Reidl\" \/>\n\t<meta name=\"twitter:label2\" content=\"Gesch\u00e4tzte Lesezeit\" \/>\n\t<meta name=\"twitter:data2\" content=\"3\u00a0Minuten\" \/>\n<script type=\"application\/ld+json\" class=\"yoast-schema-graph\">{\"@context\":\"https:\/\/schema.org\",\"@graph\":[{\"@type\":\"WebPage\",\"@id\":\"https:\/\/blog.zeit.de\/fahrrad\/2015\/11\/18\/kinder-schulweg-elterntaxi-radfahren\/\",\"url\":\"https:\/\/blog.zeit.de\/fahrrad\/2015\/11\/18\/kinder-schulweg-elterntaxi-radfahren\/\",\"name\":\"Schulweg: Elterntraining statt Elterntaxi\",\"isPartOf\":{\"@id\":\"https:\/\/blog.zeit.de\/fahrrad\/#website\"},\"datePublished\":\"2015-11-18T10:10:15+00:00\",\"dateModified\":\"2015-11-18T10:10:15+00:00\",\"author\":{\"@id\":\"https:\/\/blog.zeit.de\/fahrrad\/#\/schema\/person\/9fe49d0d69e31b7d1d311f861f764dfc\"},\"description\":\"Eltern sollten mit dem Nachwuchs den Schulweg auf dem Rad \u00fcben, fordert der ADFC.\",\"breadcrumb\":{\"@id\":\"https:\/\/blog.zeit.de\/fahrrad\/2015\/11\/18\/kinder-schulweg-elterntaxi-radfahren\/#breadcrumb\"},\"inLanguage\":\"de\",\"potentialAction\":[{\"@type\":\"ReadAction\",\"target\":[\"https:\/\/blog.zeit.de\/fahrrad\/2015\/11\/18\/kinder-schulweg-elterntaxi-radfahren\/\"]}]},{\"@type\":\"BreadcrumbList\",\"@id\":\"https:\/\/blog.zeit.de\/fahrrad\/2015\/11\/18\/kinder-schulweg-elterntaxi-radfahren\/#breadcrumb\",\"itemListElement\":[{\"@type\":\"ListItem\",\"position\":1,\"name\":\"Startseite\",\"item\":\"https:\/\/blog.zeit.de\/fahrrad\/\"},{\"@type\":\"ListItem\",\"position\":2,\"name\":\"Elterntraining statt Elterntaxi\"}]},{\"@type\":\"WebSite\",\"@id\":\"https:\/\/blog.zeit.de\/fahrrad\/#website\",\"url\":\"https:\/\/blog.zeit.de\/fahrrad\/\",\"name\":\"Velophil\",\"description\":\"Das Fahrrad-Blog\",\"potentialAction\":[{\"@type\":\"SearchAction\",\"target\":{\"@type\":\"EntryPoint\",\"urlTemplate\":\"https:\/\/blog.zeit.de\/fahrrad\/?s={search_term_string}\"},\"query-input\":\"required name=search_term_string\"}],\"inLanguage\":\"de\"},{\"@type\":\"Person\",\"@id\":\"https:\/\/blog.zeit.de\/fahrrad\/#\/schema\/person\/9fe49d0d69e31b7d1d311f861f764dfc\",\"name\":\"Andrea Reidl\",\"image\":{\"@type\":\"ImageObject\",\"inLanguage\":\"de\",\"@id\":\"https:\/\/blog.zeit.de\/fahrrad\/#\/schema\/person\/image\/\",\"url\":\"https:\/\/secure.gravatar.com\/avatar\/52595868054cdd5e076af9664613db489c74a4ed484ee30b2f82136c624f1797?s=96&d=mm&r=g\",\"contentUrl\":\"https:\/\/secure.gravatar.com\/avatar\/52595868054cdd5e076af9664613db489c74a4ed484ee30b2f82136c624f1797?s=96&d=mm&r=g\",\"caption\":\"Andrea Reidl\"},\"url\":\"https:\/\/blog.zeit.de\/fahrrad\/author\/areidl\/\"}]}<\/script>\n<!-- \/ Yoast SEO plugin. -->","yoast_head_json":{"title":"Schulweg: Elterntraining statt Elterntaxi","description":"Eltern sollten mit dem Nachwuchs den Schulweg auf dem Rad \u00fcben, fordert der ADFC.","robots":{"index":"index","follow":"follow","max-snippet":"max-snippet:-1","max-image-preview":"max-image-preview:large","max-video-preview":"max-video-preview:-1"},"canonical":"https:\/\/blog.zeit.de\/fahrrad\/2015\/11\/18\/kinder-schulweg-elterntaxi-radfahren\/","og_locale":"de_DE","og_type":"article","og_title":"Schulweg: Elterntraining statt Elterntaxi","og_description":"Eltern sollten mit dem Nachwuchs den Schulweg auf dem Rad \u00fcben, fordert der ADFC.","og_url":"https:\/\/blog.zeit.de\/fahrrad\/2015\/11\/18\/kinder-schulweg-elterntaxi-radfahren\/","og_site_name":"Velophil","article_published_time":"2015-11-18T10:10:15+00:00","og_image":[{"width":1024,"height":675,"url":"https:\/\/blog.zeit.de\/fahrrad\/files\/2015\/11\/33243352-1024x675.jpg","type":"image\/jpeg"}],"author":"Andrea Reidl","twitter_card":"summary_large_image","twitter_creator":"@zeitonline","twitter_site":"@zeitonline","twitter_misc":{"Geschrieben von":"Andrea Reidl","Gesch\u00e4tzte Lesezeit":"3\u00a0Minuten"},"schema":{"@context":"https:\/\/schema.org","@graph":[{"@type":"WebPage","@id":"https:\/\/blog.zeit.de\/fahrrad\/2015\/11\/18\/kinder-schulweg-elterntaxi-radfahren\/","url":"https:\/\/blog.zeit.de\/fahrrad\/2015\/11\/18\/kinder-schulweg-elterntaxi-radfahren\/","name":"Schulweg: Elterntraining statt Elterntaxi","isPartOf":{"@id":"https:\/\/blog.zeit.de\/fahrrad\/#website"},"datePublished":"2015-11-18T10:10:15+00:00","dateModified":"2015-11-18T10:10:15+00:00","author":{"@id":"https:\/\/blog.zeit.de\/fahrrad\/#\/schema\/person\/9fe49d0d69e31b7d1d311f861f764dfc"},"description":"Eltern sollten mit dem Nachwuchs den Schulweg auf dem Rad \u00fcben, fordert der ADFC.","breadcrumb":{"@id":"https:\/\/blog.zeit.de\/fahrrad\/2015\/11\/18\/kinder-schulweg-elterntaxi-radfahren\/#breadcrumb"},"inLanguage":"de","potentialAction":[{"@type":"ReadAction","target":["https:\/\/blog.zeit.de\/fahrrad\/2015\/11\/18\/kinder-schulweg-elterntaxi-radfahren\/"]}]},{"@type":"BreadcrumbList","@id":"https:\/\/blog.zeit.de\/fahrrad\/2015\/11\/18\/kinder-schulweg-elterntaxi-radfahren\/#breadcrumb","itemListElement":[{"@type":"ListItem","position":1,"name":"Startseite","item":"https:\/\/blog.zeit.de\/fahrrad\/"},{"@type":"ListItem","position":2,"name":"Elterntraining statt Elterntaxi"}]},{"@type":"WebSite","@id":"https:\/\/blog.zeit.de\/fahrrad\/#website","url":"https:\/\/blog.zeit.de\/fahrrad\/","name":"Velophil","description":"Das Fahrrad-Blog","potentialAction":[{"@type":"SearchAction","target":{"@type":"EntryPoint","urlTemplate":"https:\/\/blog.zeit.de\/fahrrad\/?s={search_term_string}"},"query-input":"required name=search_term_string"}],"inLanguage":"de"},{"@type":"Person","@id":"https:\/\/blog.zeit.de\/fahrrad\/#\/schema\/person\/9fe49d0d69e31b7d1d311f861f764dfc","name":"Andrea Reidl","image":{"@type":"ImageObject","inLanguage":"de","@id":"https:\/\/blog.zeit.de\/fahrrad\/#\/schema\/person\/image\/","url":"https:\/\/secure.gravatar.com\/avatar\/52595868054cdd5e076af9664613db489c74a4ed484ee30b2f82136c624f1797?s=96&d=mm&r=g","contentUrl":"https:\/\/secure.gravatar.com\/avatar\/52595868054cdd5e076af9664613db489c74a4ed484ee30b2f82136c624f1797?s=96&d=mm&r=g","caption":"Andrea Reidl"},"url":"https:\/\/blog.zeit.de\/fahrrad\/author\/areidl\/"}]}},"jetpack_featured_media_url":"https:\/\/blog.zeit.de\/fahrrad\/files\/2015\/11\/33243352.jpg","jetpack_sharing_enabled":true,"_links":{"self":[{"href":"https:\/\/blog.zeit.de\/fahrrad\/wp-json\/wp\/v2\/posts\/7270","targetHints":{"allow":["GET"]}}],"collection":[{"href":"https:\/\/blog.zeit.de\/fahrrad\/wp-json\/wp\/v2\/posts"}],"about":[{"href":"https:\/\/blog.zeit.de\/fahrrad\/wp-json\/wp\/v2\/types\/post"}],"author":[{"embeddable":true,"href":"https:\/\/blog.zeit.de\/fahrrad\/wp-json\/wp\/v2\/users\/385"}],"replies":[{"embeddable":true,"href":"https:\/\/blog.zeit.de\/fahrrad\/wp-json\/wp\/v2\/comments?post=7270"}],"version-history":[{"count":9,"href":"https:\/\/blog.zeit.de\/fahrrad\/wp-json\/wp\/v2\/posts\/7270\/revisions"}],"predecessor-version":[{"id":7282,"href":"https:\/\/blog.zeit.de\/fahrrad\/wp-json\/wp\/v2\/posts\/7270\/revisions\/7282"}],"wp:featuredmedia":[{"embeddable":true,"href":"https:\/\/blog.zeit.de\/fahrrad\/wp-json\/wp\/v2\/media\/7280"}],"wp:attachment":[{"href":"https:\/\/blog.zeit.de\/fahrrad\/wp-json\/wp\/v2\/media?parent=7270"}],"wp:term":[{"taxonomy":"category","embeddable":true,"href":"https:\/\/blog.zeit.de\/fahrrad\/wp-json\/wp\/v2\/categories?post=7270"},{"taxonomy":"post_tag","embeddable":true,"href":"https:\/\/blog.zeit.de\/fahrrad\/wp-json\/wp\/v2\/tags?post=7270"}],"curies":[{"name":"wp","href":"https:\/\/api.w.org\/{rel}","templated":true}]}}