{"id":7328,"date":"2015-11-27T12:01:44","date_gmt":"2015-11-27T11:01:44","guid":{"rendered":"http:\/\/blog.zeit.de\/fahrrad\/?p=7328"},"modified":"2015-11-27T12:01:44","modified_gmt":"2015-11-27T11:01:44","slug":"wandel-im-stadtverkehr-ist-unaufhaltbar","status":"publish","type":"post","link":"https:\/\/blog.zeit.de\/fahrrad\/2015\/11\/27\/wandel-im-stadtverkehr-ist-unaufhaltbar\/","title":{"rendered":"Wandel im Stadtverkehr ist unaufhaltbar"},"content":{"rendered":"<p><figure id=\"attachment_7361\" aria-describedby=\"caption-attachment-7361\" style=\"width: 640px\" class=\"wp-caption aligncenter\"><img loading=\"lazy\" decoding=\"async\" class=\"size-full wp-image-7361\" src=\"https:\/\/blog.zeit.de\/fahrrad\/files\/2015\/11\/halfbike_neu.1jpg1.jpg\" alt=\"Halfbike \u00a9 Kolelinia\" width=\"640\" height=\"342\" srcset=\"https:\/\/blog.zeit.de\/fahrrad\/files\/2015\/11\/halfbike_neu.1jpg1.jpg 640w, https:\/\/blog.zeit.de\/fahrrad\/files\/2015\/11\/halfbike_neu.1jpg1-620x331.jpg 620w\" sizes=\"auto, (max-width: 640px) 100vw, 640px\" \/><figcaption id=\"caption-attachment-7361\" class=\"wp-caption-text\">Halfbike \u00a9 Kolelinia<\/figcaption><\/figure><\/p>\n<p>Radfahren ist in. Selbst wer nicht gerne in die Pedale tritt, registriert die zunehmende Zahl an Radfahrern im Stra\u00dfenverkehr. Selbstbewusst fordern sie mehr Platz auf der Stra\u00dfe und nerven damit gerne Verkehrsplaner. Doch derlei Verteilungsk\u00e4mpfe geh\u00f6ren schon fast zum Alltag, die meisten Menschen registrieren sie kaum. Anders ist das bei Kuratoren oder Kulturwissenschaftlern. Sie schenken dem Fahrrad in Ausstellungen inzwischen viel Aufmerksamkeit. Nach Wien, Portland, Tel Aviv und Hamburg stellt jetzt das <a href=\"https:\/\/designmuseum.org\" target=\"_blank\">Design Museum in London<\/a> das Radfahren in den Mittelpunkt. Bis zum 30. Juni ist dort die Ausstellung <i>Cycle Revolution<\/i> zu sehen.<!--more--><\/p>\n<p><figure id=\"attachment_7362\" aria-describedby=\"caption-attachment-7362\" style=\"width: 640px\" class=\"wp-caption aligncenter\"><img loading=\"lazy\" decoding=\"async\" class=\"size-full wp-image-7362\" src=\"https:\/\/blog.zeit.de\/fahrrad\/files\/2015\/11\/Cycle-revolution-neu.jpg\" alt=\"Ausstellung Cycle Revolution \u00a9 James Harris\" width=\"640\" height=\"427\" srcset=\"https:\/\/blog.zeit.de\/fahrrad\/files\/2015\/11\/Cycle-revolution-neu.jpg 640w, https:\/\/blog.zeit.de\/fahrrad\/files\/2015\/11\/Cycle-revolution-neu-620x414.jpg 620w\" sizes=\"auto, (max-width: 640px) 100vw, 640px\" \/><figcaption id=\"caption-attachment-7362\" class=\"wp-caption-text\">Ausstellung Cycle Revolution \u00a9 James Harris<\/figcaption><\/figure><\/p>\n<p>F\u00fcr Fahrradliebhaber sind derartige Ausstellungen ein Traum. Wann sonst sieht man an einem Ort so viele unterschiedliche gut erhaltene R\u00e4der, darunter Rarit\u00e4ten, Kultobjekte und Siegerr\u00e4der. Das ist auch in London so. Dort steht die Rennmaschine, auf der Eddy Merckx 1972 den Stundenweltrekord erzielt hat, das Siegerrad des britischen Ex-Profis Chris Boardman mit dem er 1992 die Olympiade in Barcelona gewann und nat\u00fcrlich das Pinarello, das Siegerrad der j\u00fcngsten Tour de France.<\/p>\n<p><figure id=\"attachment_7363\" aria-describedby=\"caption-attachment-7363\" style=\"width: 640px\" class=\"wp-caption aligncenter\"><img loading=\"lazy\" decoding=\"async\" class=\"size-full wp-image-7363\" src=\"https:\/\/blog.zeit.de\/fahrrad\/files\/2015\/11\/Cycle-Revolution-bikes-of-the-future-photograph-by-James-Harris.jpg\" alt=\"Cycle Revolution \u00a9 James Harris\" width=\"640\" height=\"427\" srcset=\"https:\/\/blog.zeit.de\/fahrrad\/files\/2015\/11\/Cycle-Revolution-bikes-of-the-future-photograph-by-James-Harris.jpg 640w, https:\/\/blog.zeit.de\/fahrrad\/files\/2015\/11\/Cycle-Revolution-bikes-of-the-future-photograph-by-James-Harris-620x414.jpg 620w\" sizes=\"auto, (max-width: 640px) 100vw, 640px\" \/><figcaption id=\"caption-attachment-7363\" class=\"wp-caption-text\">Cycle Revolution \u00a9 James Harris<\/figcaption><\/figure><\/p>\n<p>Diese Aufz\u00e4hlung kann man f\u00fcr andere Fahrradgattungen vom Mountainbike bis zum britischen Faltradklassiker weiterf\u00fchren. In der Ausstellung wird die Kulturgeschichte des Fahrrads dargestellt. Die Kunst des Designs, die ergonomischen Finessen, das Fahrrad in seiner gesamten Entwicklungsgeschichte. Das ist f\u00fcr Liebhaber interessant. Damit eine Ausstellung mehr ist als ein Trendverst\u00e4rker, muss sie die neue Freude am Radfahren gesellschaftlich einordnen. Dann wird sie auch f\u00fcr Nichtradfahrer relevant.<\/p>\n<p>In der Londoner Ausstellung scheint das jedenfalls zum Teil zu passieren. Das zeigt bereits der Titel \u201eCycle Revolution\u201c. Eine Revolution bezeichnet stets eine radikale Ver\u00e4nderung. Die zeichnet sich im Stadtverkehr zurzeit weltweit ab. Radfahrern wird mehr Platz zugebilligt. Sie werden mehr und mehr als ernsthafte Verkehrsteilnehmer wahrgenommen. Sicher, vielerorts steckt diese Entwicklung noch in den Kinderschuhen oder wird recht z\u00f6gerlich voran getrieben. Aber selbst London, das nie eine Fahrradmetropole war, hat verstanden: So kann es nicht weitergehen.<\/p>\n<p>In der britischen Hauptstadt fahren Autos im Schnitt gerade noch 19 km\/h. Zur Hauptverkehrszeit sinkt die Geschwindigkeit nochmal auf nur noch 12 km\/h. Das ist ein Witz. Da ist man man mit dem Rad bedeutend schneller unterwegs. Das ist nur einer der Gr\u00fcnde f\u00fcr das Revival der R\u00e4der in den St\u00e4dten. Politiker wollen mit mehr Radverkehr die Lebensqualit\u00e4t erh\u00f6hen, also die Luftqualit\u00e4t\u00a0 verbessern und die Belastung aller Menschen durch Autol\u00e4rm vermindern.<\/p>\n<p>Nat\u00fcrlich wird es immer Autoverkehr in den St\u00e4dten geben. Aber die autogerechte Stadt der Gegenwart hat sich l\u00e4ngst \u00fcberholt. Viele Politiker und Verkehrsplaner stimmen dem zu. Sie planen und bauen aber anders. In der Regel fehlt der politische Wille.<\/p>\n<p>Aber im Grunde ist es mit der autogerechten Stadt ein bisschen wie mit dem Rauchen. Vor Sommer 2008 war es in Deutschland selbstverst\u00e4ndlich an \u00f6ffentlichen Orten wie Restaurants, Sportst\u00e4tten, Schulen und Einkaufszentren zu rauchen. F\u00fcr Raucher war es unvorstellbar es nicht zu tun. Heute ist es genau umgekehrt. Rauchen an \u00f6ffentlichen Pl\u00e4tzen ist die die Ausnahme, Nichtrauchen sind die Regel. Die Zahl der Raucher sinkt.<\/p>\n<p>\u00c4hnlich wird es irgendwann mit dem Autoverkehr sein. Es wird immer Menschen geben, die mit dem Auto unterwegs sind. Aber die Zahl derer, die Rad fahren oder andere nachhaltige Verkehrsmittel benutzen wird wachsen und bedeutend gr\u00f6\u00dfer sein als heute. Trotzdem werden die Menschen weiterhin mobil sein. Warum auch nicht. St\u00e4dte wie Amsterdam oder Kopenhagen machen vor, dass es gut geht.<\/p>\n<p>Hinweise auf die kleinen und gro\u00dfen Revolutionen im Stadtverkehr gibt die Ausstellung anhand von verschiedenen Beispielen aus der ganzen Welt. Die eben genannten St\u00e4dte sind dabei, aber auch Sevilla, Montreal, Bogot\u00e1 oder London.<\/p>\n<p><figure id=\"attachment_7353\" aria-describedby=\"caption-attachment-7353\" style=\"width: 640px\" class=\"wp-caption aligncenter\"><img loading=\"lazy\" decoding=\"async\" class=\"size-full wp-image-7353\" src=\"https:\/\/blog.zeit.de\/fahrrad\/files\/2015\/11\/Porterlight-Bicycles-Bringley-The-Cargo-Bike-desert-in-Azerbaijan.jpg\" alt=\"\u00a9 Porterlight Bicycle\" width=\"640\" height=\"360\" srcset=\"https:\/\/blog.zeit.de\/fahrrad\/files\/2015\/11\/Porterlight-Bicycles-Bringley-The-Cargo-Bike-desert-in-Azerbaijan.jpg 640w, https:\/\/blog.zeit.de\/fahrrad\/files\/2015\/11\/Porterlight-Bicycles-Bringley-The-Cargo-Bike-desert-in-Azerbaijan-620x349.jpg 620w\" sizes=\"auto, (max-width: 640px) 100vw, 640px\" \/><figcaption id=\"caption-attachment-7353\" class=\"wp-caption-text\">Lastenrad: stark in der Stadt und auf Reisen \u00a9 Porterlight Bicycle<\/figcaption><\/figure><\/p>\n<p>\u00dcber Fahrradfahren kann man viel sprechen, aber eigentlich muss man es tun. Seine Vorz\u00fcge in der Stadt muss man im Wortsinne erfahren. Deshalb lohnt sich ein Besuch in der britischen Metropole im kommenden Jahr. Schlie\u00dflich sollen dann die Fahrradhighways quer durch die Stadt fertig sein. Au\u00dferdem l\u00e4uft die Ausstellung im Design Museum noch bis zum 30. Juni 2016.\u00a0 Wenn man dort ist, sollte man das nicht verpassen.<\/p>\n","protected":false},"excerpt":{"rendered":"<p>Radfahren ist in. Selbst wer nicht gerne in die Pedale tritt, registriert die zunehmende Zahl an Radfahrern im Stra\u00dfenverkehr. Selbstbewusst fordern sie mehr Platz auf der Stra\u00dfe und nerven damit gerne Verkehrsplaner. Doch derlei Verteilungsk\u00e4mpfe geh\u00f6ren schon fast zum Alltag, die meisten Menschen registrieren sie kaum. Anders ist das bei Kuratoren oder Kulturwissenschaftlern. Sie schenken [&hellip;]<\/p>\n","protected":false},"author":385,"featured_media":0,"comment_status":"open","ping_status":"open","sticky":false,"template":"","format":"standard","meta":{"_jetpack_memberships_contains_paid_content":false,"footnotes":""},"categories":[319,86,1910],"tags":[22,36114,36142,8638,2047],"class_list":["post-7328","post","type-post","status-publish","format-standard","hentry","category-forschung","category-kultur","category-stadt","tag-ausstellung","tag-design-museum","tag-kultur","tag-london","tag-trend"],"yoast_head":"<!-- This site is optimized with the Yoast SEO plugin v21.0 - https:\/\/yoast.com\/wordpress\/plugins\/seo\/ -->\n<title>Wandel im Stadtverkehr ist unaufhaltbar - Velophil<\/title>\n<meta name=\"robots\" content=\"index, follow, max-snippet:-1, max-image-preview:large, max-video-preview:-1\" \/>\n<link rel=\"canonical\" href=\"https:\/\/blog.zeit.de\/fahrrad\/2015\/11\/27\/wandel-im-stadtverkehr-ist-unaufhaltbar\/\" \/>\n<meta property=\"og:locale\" content=\"de_DE\" \/>\n<meta property=\"og:type\" content=\"article\" \/>\n<meta property=\"og:title\" content=\"Wandel im Stadtverkehr ist unaufhaltbar - Velophil\" \/>\n<meta property=\"og:description\" content=\"Radfahren ist in. Selbst wer nicht gerne in die Pedale tritt, registriert die zunehmende Zahl an Radfahrern im Stra\u00dfenverkehr. Selbstbewusst fordern sie mehr Platz auf der Stra\u00dfe und nerven damit gerne Verkehrsplaner. Doch derlei Verteilungsk\u00e4mpfe geh\u00f6ren schon fast zum Alltag, die meisten Menschen registrieren sie kaum. Anders ist das bei Kuratoren oder Kulturwissenschaftlern. Sie schenken [&hellip;]\" \/>\n<meta property=\"og:url\" content=\"https:\/\/blog.zeit.de\/fahrrad\/2015\/11\/27\/wandel-im-stadtverkehr-ist-unaufhaltbar\/\" \/>\n<meta property=\"og:site_name\" content=\"Velophil\" \/>\n<meta property=\"article:published_time\" content=\"2015-11-27T11:01:44+00:00\" \/>\n<meta property=\"og:image\" content=\"https:\/\/blog.zeit.de\/fahrrad\/files\/2015\/11\/halfbike_neu.1jpg1.jpg\" \/>\n<meta name=\"author\" content=\"Andrea Reidl\" \/>\n<meta name=\"twitter:card\" content=\"summary_large_image\" \/>\n<meta name=\"twitter:creator\" content=\"@zeitonline\" \/>\n<meta name=\"twitter:site\" content=\"@zeitonline\" \/>\n<meta name=\"twitter:label1\" content=\"Geschrieben von\" \/>\n\t<meta name=\"twitter:data1\" content=\"Andrea Reidl\" \/>\n\t<meta name=\"twitter:label2\" content=\"Gesch\u00e4tzte Lesezeit\" \/>\n\t<meta name=\"twitter:data2\" content=\"4\u00a0Minuten\" \/>\n<script type=\"application\/ld+json\" class=\"yoast-schema-graph\">{\"@context\":\"https:\/\/schema.org\",\"@graph\":[{\"@type\":\"WebPage\",\"@id\":\"https:\/\/blog.zeit.de\/fahrrad\/2015\/11\/27\/wandel-im-stadtverkehr-ist-unaufhaltbar\/\",\"url\":\"https:\/\/blog.zeit.de\/fahrrad\/2015\/11\/27\/wandel-im-stadtverkehr-ist-unaufhaltbar\/\",\"name\":\"Wandel im Stadtverkehr ist unaufhaltbar - Velophil\",\"isPartOf\":{\"@id\":\"https:\/\/blog.zeit.de\/fahrrad\/#website\"},\"datePublished\":\"2015-11-27T11:01:44+00:00\",\"dateModified\":\"2015-11-27T11:01:44+00:00\",\"author\":{\"@id\":\"https:\/\/blog.zeit.de\/fahrrad\/#\/schema\/person\/9fe49d0d69e31b7d1d311f861f764dfc\"},\"breadcrumb\":{\"@id\":\"https:\/\/blog.zeit.de\/fahrrad\/2015\/11\/27\/wandel-im-stadtverkehr-ist-unaufhaltbar\/#breadcrumb\"},\"inLanguage\":\"de\",\"potentialAction\":[{\"@type\":\"ReadAction\",\"target\":[\"https:\/\/blog.zeit.de\/fahrrad\/2015\/11\/27\/wandel-im-stadtverkehr-ist-unaufhaltbar\/\"]}]},{\"@type\":\"BreadcrumbList\",\"@id\":\"https:\/\/blog.zeit.de\/fahrrad\/2015\/11\/27\/wandel-im-stadtverkehr-ist-unaufhaltbar\/#breadcrumb\",\"itemListElement\":[{\"@type\":\"ListItem\",\"position\":1,\"name\":\"Startseite\",\"item\":\"https:\/\/blog.zeit.de\/fahrrad\/\"},{\"@type\":\"ListItem\",\"position\":2,\"name\":\"Wandel im Stadtverkehr ist unaufhaltbar\"}]},{\"@type\":\"WebSite\",\"@id\":\"https:\/\/blog.zeit.de\/fahrrad\/#website\",\"url\":\"https:\/\/blog.zeit.de\/fahrrad\/\",\"name\":\"Velophil\",\"description\":\"Das Fahrrad-Blog\",\"potentialAction\":[{\"@type\":\"SearchAction\",\"target\":{\"@type\":\"EntryPoint\",\"urlTemplate\":\"https:\/\/blog.zeit.de\/fahrrad\/?s={search_term_string}\"},\"query-input\":\"required name=search_term_string\"}],\"inLanguage\":\"de\"},{\"@type\":\"Person\",\"@id\":\"https:\/\/blog.zeit.de\/fahrrad\/#\/schema\/person\/9fe49d0d69e31b7d1d311f861f764dfc\",\"name\":\"Andrea Reidl\",\"image\":{\"@type\":\"ImageObject\",\"inLanguage\":\"de\",\"@id\":\"https:\/\/blog.zeit.de\/fahrrad\/#\/schema\/person\/image\/\",\"url\":\"https:\/\/secure.gravatar.com\/avatar\/52595868054cdd5e076af9664613db489c74a4ed484ee30b2f82136c624f1797?s=96&d=mm&r=g\",\"contentUrl\":\"https:\/\/secure.gravatar.com\/avatar\/52595868054cdd5e076af9664613db489c74a4ed484ee30b2f82136c624f1797?s=96&d=mm&r=g\",\"caption\":\"Andrea Reidl\"},\"url\":\"https:\/\/blog.zeit.de\/fahrrad\/author\/areidl\/\"}]}<\/script>\n<!-- \/ Yoast SEO plugin. -->","yoast_head_json":{"title":"Wandel im Stadtverkehr ist unaufhaltbar - Velophil","robots":{"index":"index","follow":"follow","max-snippet":"max-snippet:-1","max-image-preview":"max-image-preview:large","max-video-preview":"max-video-preview:-1"},"canonical":"https:\/\/blog.zeit.de\/fahrrad\/2015\/11\/27\/wandel-im-stadtverkehr-ist-unaufhaltbar\/","og_locale":"de_DE","og_type":"article","og_title":"Wandel im Stadtverkehr ist unaufhaltbar - Velophil","og_description":"Radfahren ist in. Selbst wer nicht gerne in die Pedale tritt, registriert die zunehmende Zahl an Radfahrern im Stra\u00dfenverkehr. Selbstbewusst fordern sie mehr Platz auf der Stra\u00dfe und nerven damit gerne Verkehrsplaner. Doch derlei Verteilungsk\u00e4mpfe geh\u00f6ren schon fast zum Alltag, die meisten Menschen registrieren sie kaum. Anders ist das bei Kuratoren oder Kulturwissenschaftlern. Sie schenken [&hellip;]","og_url":"https:\/\/blog.zeit.de\/fahrrad\/2015\/11\/27\/wandel-im-stadtverkehr-ist-unaufhaltbar\/","og_site_name":"Velophil","article_published_time":"2015-11-27T11:01:44+00:00","og_image":[{"url":"https:\/\/blog.zeit.de\/fahrrad\/files\/2015\/11\/halfbike_neu.1jpg1.jpg"}],"author":"Andrea Reidl","twitter_card":"summary_large_image","twitter_creator":"@zeitonline","twitter_site":"@zeitonline","twitter_misc":{"Geschrieben von":"Andrea Reidl","Gesch\u00e4tzte Lesezeit":"4\u00a0Minuten"},"schema":{"@context":"https:\/\/schema.org","@graph":[{"@type":"WebPage","@id":"https:\/\/blog.zeit.de\/fahrrad\/2015\/11\/27\/wandel-im-stadtverkehr-ist-unaufhaltbar\/","url":"https:\/\/blog.zeit.de\/fahrrad\/2015\/11\/27\/wandel-im-stadtverkehr-ist-unaufhaltbar\/","name":"Wandel im Stadtverkehr ist unaufhaltbar - Velophil","isPartOf":{"@id":"https:\/\/blog.zeit.de\/fahrrad\/#website"},"datePublished":"2015-11-27T11:01:44+00:00","dateModified":"2015-11-27T11:01:44+00:00","author":{"@id":"https:\/\/blog.zeit.de\/fahrrad\/#\/schema\/person\/9fe49d0d69e31b7d1d311f861f764dfc"},"breadcrumb":{"@id":"https:\/\/blog.zeit.de\/fahrrad\/2015\/11\/27\/wandel-im-stadtverkehr-ist-unaufhaltbar\/#breadcrumb"},"inLanguage":"de","potentialAction":[{"@type":"ReadAction","target":["https:\/\/blog.zeit.de\/fahrrad\/2015\/11\/27\/wandel-im-stadtverkehr-ist-unaufhaltbar\/"]}]},{"@type":"BreadcrumbList","@id":"https:\/\/blog.zeit.de\/fahrrad\/2015\/11\/27\/wandel-im-stadtverkehr-ist-unaufhaltbar\/#breadcrumb","itemListElement":[{"@type":"ListItem","position":1,"name":"Startseite","item":"https:\/\/blog.zeit.de\/fahrrad\/"},{"@type":"ListItem","position":2,"name":"Wandel im Stadtverkehr ist unaufhaltbar"}]},{"@type":"WebSite","@id":"https:\/\/blog.zeit.de\/fahrrad\/#website","url":"https:\/\/blog.zeit.de\/fahrrad\/","name":"Velophil","description":"Das Fahrrad-Blog","potentialAction":[{"@type":"SearchAction","target":{"@type":"EntryPoint","urlTemplate":"https:\/\/blog.zeit.de\/fahrrad\/?s={search_term_string}"},"query-input":"required name=search_term_string"}],"inLanguage":"de"},{"@type":"Person","@id":"https:\/\/blog.zeit.de\/fahrrad\/#\/schema\/person\/9fe49d0d69e31b7d1d311f861f764dfc","name":"Andrea Reidl","image":{"@type":"ImageObject","inLanguage":"de","@id":"https:\/\/blog.zeit.de\/fahrrad\/#\/schema\/person\/image\/","url":"https:\/\/secure.gravatar.com\/avatar\/52595868054cdd5e076af9664613db489c74a4ed484ee30b2f82136c624f1797?s=96&d=mm&r=g","contentUrl":"https:\/\/secure.gravatar.com\/avatar\/52595868054cdd5e076af9664613db489c74a4ed484ee30b2f82136c624f1797?s=96&d=mm&r=g","caption":"Andrea Reidl"},"url":"https:\/\/blog.zeit.de\/fahrrad\/author\/areidl\/"}]}},"jetpack_featured_media_url":"","jetpack_sharing_enabled":true,"_links":{"self":[{"href":"https:\/\/blog.zeit.de\/fahrrad\/wp-json\/wp\/v2\/posts\/7328","targetHints":{"allow":["GET"]}}],"collection":[{"href":"https:\/\/blog.zeit.de\/fahrrad\/wp-json\/wp\/v2\/posts"}],"about":[{"href":"https:\/\/blog.zeit.de\/fahrrad\/wp-json\/wp\/v2\/types\/post"}],"author":[{"embeddable":true,"href":"https:\/\/blog.zeit.de\/fahrrad\/wp-json\/wp\/v2\/users\/385"}],"replies":[{"embeddable":true,"href":"https:\/\/blog.zeit.de\/fahrrad\/wp-json\/wp\/v2\/comments?post=7328"}],"version-history":[{"count":13,"href":"https:\/\/blog.zeit.de\/fahrrad\/wp-json\/wp\/v2\/posts\/7328\/revisions"}],"predecessor-version":[{"id":7369,"href":"https:\/\/blog.zeit.de\/fahrrad\/wp-json\/wp\/v2\/posts\/7328\/revisions\/7369"}],"wp:attachment":[{"href":"https:\/\/blog.zeit.de\/fahrrad\/wp-json\/wp\/v2\/media?parent=7328"}],"wp:term":[{"taxonomy":"category","embeddable":true,"href":"https:\/\/blog.zeit.de\/fahrrad\/wp-json\/wp\/v2\/categories?post=7328"},{"taxonomy":"post_tag","embeddable":true,"href":"https:\/\/blog.zeit.de\/fahrrad\/wp-json\/wp\/v2\/tags?post=7328"}],"curies":[{"name":"wp","href":"https:\/\/api.w.org\/{rel}","templated":true}]}}