{"id":1783,"date":"2010-11-15T09:59:48","date_gmt":"2010-11-15T08:59:48","guid":{"rendered":"http:\/\/blog.zeit.de\/filter\/?p=1783"},"modified":"2010-11-15T19:30:12","modified_gmt":"2010-11-15T18:30:12","slug":"kammermusik-kolumbianisch","status":"publish","type":"post","link":"https:\/\/blog.zeit.de\/filter\/2010\/11\/15\/kammermusik-kolumbianisch\/","title":{"rendered":"Kammermusik kolumbianisch"},"content":{"rendered":"<p><em><strong><span style=\"font-style: normal;\">Das Orchester der <\/span><\/strong><\/em><strong><a href=\"http:\/\/www.deutscheoperberlin.de\/\" target=\"_blank\">Deutschen Oper<\/a><\/strong><em><strong> <\/strong><\/em><strong>spielt Musik aus Kolumbien.<\/strong><\/p>\n<p>Die Kammermusikreihe <a href=\"http:\/\/www.deutscheoperberlin.de\/index.php?page=haus&amp;subpage=orchester&amp;subsub=klangderwelt\" target=\"_blank\"><em>Klang der Welt<\/em><\/a> geht bereits in die dreizehnte Spielzeit. Diesmal liegt der Schwerpunkt auf Lateinamerika. An sieben Montagen pr\u00e4sentiert das Orchester Musikeindr\u00fccke aus\u00a0Kuba, Kolumbien, Venezuela, Uruguay und Chile. Ein Moderator erkl\u00e4rt jeweils den Kontext.<\/p>\n<p><a href=\"http:\/\/www.deutscheoperberlin.de\/?page=spielplandetail&amp;id_event_date=7107868\" target=\"_blank\"><em>Kolumbien \u2013 Geboren im 20. Jahrhundert<\/em> <\/a>ist das\u00a0zweite Kammerkonzert aus der Reihe\u00a0<em>F\u00fcnf lateinamerikanische L\u00e4nder. <span style=\"font-style: normal;\">Das Orchester spielt St\u00fccke von <\/span><span style=\"font-style: normal;\">Wolfano Alejandro Tobar Garc\u00eda, Amparo \u00c1ngel, Fabio Gonz\u00e1les Zuleta, Alvaro Ram\u00edrez Sierra, Antonio Mar\u00eda Valencia, Blas Emilio Atehort\u00faa und Gabriel Soto M\u00e9ndez. <\/span><\/em><\/p>\n<p>Ein unangestrengtes Konzert f\u00fcr alle, die \u00fcber ihren musikalischen Tellerrand hinaus blicken wollen.<\/p>\n<p><strong>20 Uhr | 15 November 2010<\/strong> | <a href=\"http:\/\/www.deutscheoperberlin.de\/\" target=\"_blank\">Deutsche Oper<\/a> | Bismarckstra\u00dfe 35 | Berlin Charlottenburg<\/p>\n","protected":false},"excerpt":{"rendered":"<p>Das Orchester der Deutschen Oper spielt Musik aus Kolumbien. Die Kammermusikreihe Klang der Welt geht bereits in die dreizehnte Spielzeit. Diesmal liegt der Schwerpunkt auf Lateinamerika. An sieben Montagen pr\u00e4sentiert das Orchester Musikeindr\u00fccke aus\u00a0Kuba, Kolumbien, Venezuela, Uruguay und Chile. Ein Moderator erkl\u00e4rt jeweils den Kontext. Kolumbien \u2013 Geboren im 20. Jahrhundert ist das\u00a0zweite Kammerkonzert aus [&hellip;]<\/p>\n","protected":false},"author":306,"featured_media":0,"comment_status":"open","ping_status":"open","sticky":false,"template":"","format":"standard","meta":{"footnotes":""},"categories":[8177,8168],"tags":[],"class_list":["post-1783","post","type-post","status-publish","format-standard","hentry","category-berlin-charlottenburg","category-konzert"],"yoast_head":"<!-- This site is optimized with the Yoast SEO plugin v21.0 - https:\/\/yoast.com\/wordpress\/plugins\/seo\/ -->\n<title>Kammermusik kolumbianisch - Filter<\/title>\n<meta name=\"robots\" content=\"index, follow, max-snippet:-1, max-image-preview:large, max-video-preview:-1\" \/>\n<link rel=\"canonical\" href=\"https:\/\/blog.zeit.de\/filter\/2010\/11\/15\/kammermusik-kolumbianisch\/\" \/>\n<meta property=\"og:locale\" content=\"de_DE\" \/>\n<meta property=\"og:type\" content=\"article\" \/>\n<meta property=\"og:title\" content=\"Kammermusik kolumbianisch - Filter\" \/>\n<meta property=\"og:description\" content=\"Das Orchester der Deutschen Oper spielt Musik aus Kolumbien. Die Kammermusikreihe Klang der Welt geht bereits in die dreizehnte Spielzeit. Diesmal liegt der Schwerpunkt auf Lateinamerika. An sieben Montagen pr\u00e4sentiert das Orchester Musikeindr\u00fccke aus\u00a0Kuba, Kolumbien, Venezuela, Uruguay und Chile. Ein Moderator erkl\u00e4rt jeweils den Kontext. Kolumbien \u2013 Geboren im 20. Jahrhundert ist das\u00a0zweite Kammerkonzert aus [&hellip;]\" \/>\n<meta property=\"og:url\" content=\"https:\/\/blog.zeit.de\/filter\/2010\/11\/15\/kammermusik-kolumbianisch\/\" \/>\n<meta property=\"og:site_name\" content=\"Filter\" \/>\n<meta property=\"article:published_time\" content=\"2010-11-15T08:59:48+00:00\" \/>\n<meta property=\"article:modified_time\" content=\"2010-11-15T18:30:12+00:00\" \/>\n<meta name=\"author\" content=\"Nele Heinevetter\" \/>\n<meta name=\"twitter:card\" content=\"summary_large_image\" \/>\n<meta name=\"twitter:label1\" content=\"Geschrieben von\" \/>\n\t<meta name=\"twitter:data1\" content=\"Nele Heinevetter\" \/>\n\t<meta name=\"twitter:label2\" content=\"Gesch\u00e4tzte Lesezeit\" \/>\n\t<meta name=\"twitter:data2\" content=\"1\u00a0Minute\" \/>\n<script type=\"application\/ld+json\" class=\"yoast-schema-graph\">{\"@context\":\"https:\/\/schema.org\",\"@graph\":[{\"@type\":\"WebPage\",\"@id\":\"https:\/\/blog.zeit.de\/filter\/2010\/11\/15\/kammermusik-kolumbianisch\/\",\"url\":\"https:\/\/blog.zeit.de\/filter\/2010\/11\/15\/kammermusik-kolumbianisch\/\",\"name\":\"Kammermusik kolumbianisch - Filter\",\"isPartOf\":{\"@id\":\"https:\/\/blog.zeit.de\/filter\/#website\"},\"datePublished\":\"2010-11-15T08:59:48+00:00\",\"dateModified\":\"2010-11-15T18:30:12+00:00\",\"author\":{\"@id\":\"https:\/\/blog.zeit.de\/filter\/#\/schema\/person\/d7928a2c1d5a2125ff00961ba8a0316b\"},\"breadcrumb\":{\"@id\":\"https:\/\/blog.zeit.de\/filter\/2010\/11\/15\/kammermusik-kolumbianisch\/#breadcrumb\"},\"inLanguage\":\"de\",\"potentialAction\":[{\"@type\":\"ReadAction\",\"target\":[\"https:\/\/blog.zeit.de\/filter\/2010\/11\/15\/kammermusik-kolumbianisch\/\"]}]},{\"@type\":\"BreadcrumbList\",\"@id\":\"https:\/\/blog.zeit.de\/filter\/2010\/11\/15\/kammermusik-kolumbianisch\/#breadcrumb\",\"itemListElement\":[{\"@type\":\"ListItem\",\"position\":1,\"name\":\"Startseite\",\"item\":\"https:\/\/blog.zeit.de\/filter\/\"},{\"@type\":\"ListItem\",\"position\":2,\"name\":\"Kammermusik kolumbianisch\"}]},{\"@type\":\"WebSite\",\"@id\":\"https:\/\/blog.zeit.de\/filter\/#website\",\"url\":\"https:\/\/blog.zeit.de\/filter\/\",\"name\":\"Filter\",\"description\":\"Das Kunstblog\",\"potentialAction\":[{\"@type\":\"SearchAction\",\"target\":{\"@type\":\"EntryPoint\",\"urlTemplate\":\"https:\/\/blog.zeit.de\/filter\/?s={search_term_string}\"},\"query-input\":\"required name=search_term_string\"}],\"inLanguage\":\"de\"},{\"@type\":\"Person\",\"@id\":\"https:\/\/blog.zeit.de\/filter\/#\/schema\/person\/d7928a2c1d5a2125ff00961ba8a0316b\",\"name\":\"Nele Heinevetter\",\"image\":{\"@type\":\"ImageObject\",\"inLanguage\":\"de\",\"@id\":\"https:\/\/blog.zeit.de\/filter\/#\/schema\/person\/image\/\",\"url\":\"https:\/\/secure.gravatar.com\/avatar\/aa3bcb0644f77a94d940f671a5eb85819ec45ca2163a2626017a8ccf34686336?s=96&d=mm&r=g\",\"contentUrl\":\"https:\/\/secure.gravatar.com\/avatar\/aa3bcb0644f77a94d940f671a5eb85819ec45ca2163a2626017a8ccf34686336?s=96&d=mm&r=g\",\"caption\":\"Nele Heinevetter\"},\"url\":\"https:\/\/blog.zeit.de\/filter\/author\/nele-heinevetter\/\"}]}<\/script>\n<!-- \/ Yoast SEO plugin. -->","yoast_head_json":{"title":"Kammermusik kolumbianisch - Filter","robots":{"index":"index","follow":"follow","max-snippet":"max-snippet:-1","max-image-preview":"max-image-preview:large","max-video-preview":"max-video-preview:-1"},"canonical":"https:\/\/blog.zeit.de\/filter\/2010\/11\/15\/kammermusik-kolumbianisch\/","og_locale":"de_DE","og_type":"article","og_title":"Kammermusik kolumbianisch - Filter","og_description":"Das Orchester der Deutschen Oper spielt Musik aus Kolumbien. Die Kammermusikreihe Klang der Welt geht bereits in die dreizehnte Spielzeit. Diesmal liegt der Schwerpunkt auf Lateinamerika. An sieben Montagen pr\u00e4sentiert das Orchester Musikeindr\u00fccke aus\u00a0Kuba, Kolumbien, Venezuela, Uruguay und Chile. Ein Moderator erkl\u00e4rt jeweils den Kontext. Kolumbien \u2013 Geboren im 20. Jahrhundert ist das\u00a0zweite Kammerkonzert aus [&hellip;]","og_url":"https:\/\/blog.zeit.de\/filter\/2010\/11\/15\/kammermusik-kolumbianisch\/","og_site_name":"Filter","article_published_time":"2010-11-15T08:59:48+00:00","article_modified_time":"2010-11-15T18:30:12+00:00","author":"Nele Heinevetter","twitter_card":"summary_large_image","twitter_misc":{"Geschrieben von":"Nele Heinevetter","Gesch\u00e4tzte Lesezeit":"1\u00a0Minute"},"schema":{"@context":"https:\/\/schema.org","@graph":[{"@type":"WebPage","@id":"https:\/\/blog.zeit.de\/filter\/2010\/11\/15\/kammermusik-kolumbianisch\/","url":"https:\/\/blog.zeit.de\/filter\/2010\/11\/15\/kammermusik-kolumbianisch\/","name":"Kammermusik kolumbianisch - Filter","isPartOf":{"@id":"https:\/\/blog.zeit.de\/filter\/#website"},"datePublished":"2010-11-15T08:59:48+00:00","dateModified":"2010-11-15T18:30:12+00:00","author":{"@id":"https:\/\/blog.zeit.de\/filter\/#\/schema\/person\/d7928a2c1d5a2125ff00961ba8a0316b"},"breadcrumb":{"@id":"https:\/\/blog.zeit.de\/filter\/2010\/11\/15\/kammermusik-kolumbianisch\/#breadcrumb"},"inLanguage":"de","potentialAction":[{"@type":"ReadAction","target":["https:\/\/blog.zeit.de\/filter\/2010\/11\/15\/kammermusik-kolumbianisch\/"]}]},{"@type":"BreadcrumbList","@id":"https:\/\/blog.zeit.de\/filter\/2010\/11\/15\/kammermusik-kolumbianisch\/#breadcrumb","itemListElement":[{"@type":"ListItem","position":1,"name":"Startseite","item":"https:\/\/blog.zeit.de\/filter\/"},{"@type":"ListItem","position":2,"name":"Kammermusik kolumbianisch"}]},{"@type":"WebSite","@id":"https:\/\/blog.zeit.de\/filter\/#website","url":"https:\/\/blog.zeit.de\/filter\/","name":"Filter","description":"Das Kunstblog","potentialAction":[{"@type":"SearchAction","target":{"@type":"EntryPoint","urlTemplate":"https:\/\/blog.zeit.de\/filter\/?s={search_term_string}"},"query-input":"required name=search_term_string"}],"inLanguage":"de"},{"@type":"Person","@id":"https:\/\/blog.zeit.de\/filter\/#\/schema\/person\/d7928a2c1d5a2125ff00961ba8a0316b","name":"Nele Heinevetter","image":{"@type":"ImageObject","inLanguage":"de","@id":"https:\/\/blog.zeit.de\/filter\/#\/schema\/person\/image\/","url":"https:\/\/secure.gravatar.com\/avatar\/aa3bcb0644f77a94d940f671a5eb85819ec45ca2163a2626017a8ccf34686336?s=96&d=mm&r=g","contentUrl":"https:\/\/secure.gravatar.com\/avatar\/aa3bcb0644f77a94d940f671a5eb85819ec45ca2163a2626017a8ccf34686336?s=96&d=mm&r=g","caption":"Nele Heinevetter"},"url":"https:\/\/blog.zeit.de\/filter\/author\/nele-heinevetter\/"}]}},"jetpack_featured_media_url":"","_links":{"self":[{"href":"https:\/\/blog.zeit.de\/filter\/wp-json\/wp\/v2\/posts\/1783","targetHints":{"allow":["GET"]}}],"collection":[{"href":"https:\/\/blog.zeit.de\/filter\/wp-json\/wp\/v2\/posts"}],"about":[{"href":"https:\/\/blog.zeit.de\/filter\/wp-json\/wp\/v2\/types\/post"}],"author":[{"embeddable":true,"href":"https:\/\/blog.zeit.de\/filter\/wp-json\/wp\/v2\/users\/306"}],"replies":[{"embeddable":true,"href":"https:\/\/blog.zeit.de\/filter\/wp-json\/wp\/v2\/comments?post=1783"}],"version-history":[{"count":15,"href":"https:\/\/blog.zeit.de\/filter\/wp-json\/wp\/v2\/posts\/1783\/revisions"}],"predecessor-version":[{"id":1819,"href":"https:\/\/blog.zeit.de\/filter\/wp-json\/wp\/v2\/posts\/1783\/revisions\/1819"}],"wp:attachment":[{"href":"https:\/\/blog.zeit.de\/filter\/wp-json\/wp\/v2\/media?parent=1783"}],"wp:term":[{"taxonomy":"category","embeddable":true,"href":"https:\/\/blog.zeit.de\/filter\/wp-json\/wp\/v2\/categories?post=1783"},{"taxonomy":"post_tag","embeddable":true,"href":"https:\/\/blog.zeit.de\/filter\/wp-json\/wp\/v2\/tags?post=1783"}],"curies":[{"name":"wp","href":"https:\/\/api.w.org\/{rel}","templated":true}]}}