{"id":1906,"date":"2010-11-19T10:00:03","date_gmt":"2010-11-19T09:00:03","guid":{"rendered":"http:\/\/blog.zeit.de\/filter\/?p=1906"},"modified":"2010-11-19T10:13:15","modified_gmt":"2010-11-19T09:13:15","slug":"aufs-boot-gekommen-kunst-im-spati-international-und-im-historischen-hafen","status":"publish","type":"post","link":"https:\/\/blog.zeit.de\/filter\/2010\/11\/19\/aufs-boot-gekommen-kunst-im-spati-international-und-im-historischen-hafen\/","title":{"rendered":"Aufs Boot gekommen. Kunst im Sp\u00e4ti International und im historischen Hafen"},"content":{"rendered":"<p><strong>Freitag Sp\u00e4tkauf, Samstag Schlepper \u2013 zwei Gruppenausstellungen beziehen ungew\u00f6hnliche Locations.<\/strong><\/p>\n<p><img loading=\"lazy\" decoding=\"async\" class=\"alignleft size-full wp-image-2016\" title=\"\u00a9 Sp\u00e4ti International\" src=\"https:\/\/blog.zeit.de\/filter\/files\/2010\/11\/sp\u00e4ti-international.jpg\" alt=\"\u00a9 Sp\u00e4ti International\" width=\"180\" height=\"240\" \/> <img loading=\"lazy\" decoding=\"async\" class=\"size-full wp-image-2042 alignleft\" title=\"\u00a9 on a boat #1\" src=\"https:\/\/blog.zeit.de\/filter\/files\/2010\/11\/boat1.jpg\" alt=\"\" width=\"180\" height=\"240\" \/> Dieses Wochenende gibt&#8217;s gleich zweimal junge Kunst in abwegigen R\u00e4umen. Sp\u00e4ti International in Neuk\u00f6lln ist bereits ber\u00fchmt-ber\u00fcchtigt f\u00fcr Konzerte, Ausstellungen und seine Partyg\u00e4ste. Das Boot Helene hat sich bisher nicht als Ausstellungsraum hervorgetan. Beide Ausstellungen h\u00f6ren sich charmant und nach zwei lohnenden Ausfl\u00fcgen an.<\/p>\n<p>Im Sp\u00e4ti International residiert die Ausstellung<em> Vor der K\u00fcste von Sri Lanka ist ein Linsenboot gesunken<\/em>. Die Arbeiten von\u00a0Hanna Brandes, Simone Gilges, Jan Molzberger und Alex M\u00fcller sind bis Sonntag zu sehen, w\u00e4hrend der regul\u00e4ren \u00d6ffnungszeiten von 10 &#8211; 02 Uhr. Die Schau er\u00f6ffnet heute Abend mit einer Performance von Voin de Voin und Gesang von Mariechen Danz.<\/p>\n<p>Die Gruppenausstellung<em> <\/em><em><a href=\"http:\/\/staedelschule.blogspot.com\/2010\/11\/re-opening-on-boat-1-20-november.html#links\" target=\"_blank\">on a boat #1<\/a><\/em> pr\u00e4sentiert insgesamt neun K\u00fcnstler, ausgew\u00e4hlt von den Kuratorinnen Clara Br\u00f6rmann und Sandra Teitge. Nach der Er\u00f6ffnung am Samstag, ist die Schau am Sonntag von 12-16 Uhr zug\u00e4nglich.<\/p>\n<p><strong>19 Uhr | 19. November 2010<\/strong> | Sp\u00e4ti International | Weserstrasse 190 | Berlin Neuk\u00f6lln<\/p>\n<p><strong>19 Uhr | 20. November 2010<\/strong> | Boot Helene im Historischen Hafen | M\u00e4rkisches Ufer | Berlin Mitte<\/p>\n","protected":false},"excerpt":{"rendered":"<p>Freitag Sp\u00e4tkauf, Samstag Schlepper \u2013 zwei Gruppenausstellungen beziehen ungew\u00f6hnliche Locations. Dieses Wochenende gibt&#8217;s gleich zweimal junge Kunst in abwegigen R\u00e4umen. Sp\u00e4ti International in Neuk\u00f6lln ist bereits ber\u00fchmt-ber\u00fcchtigt f\u00fcr Konzerte, Ausstellungen und seine Partyg\u00e4ste. Das Boot Helene hat sich bisher nicht als Ausstellungsraum hervorgetan. Beide Ausstellungen h\u00f6ren sich charmant und nach zwei lohnenden Ausfl\u00fcgen an. Im [&hellip;]<\/p>\n","protected":false},"author":306,"featured_media":0,"comment_status":"open","ping_status":"open","sticky":false,"template":"","format":"standard","meta":{"footnotes":""},"categories":[22,8163,8186],"tags":[],"class_list":["post-1906","post","type-post","status-publish","format-standard","hentry","category-ausstellung","category-berlin-mitte","category-berlin-neukolln"],"yoast_head":"<!-- This site is optimized with the Yoast SEO plugin v21.0 - https:\/\/yoast.com\/wordpress\/plugins\/seo\/ -->\n<title>Aufs Boot gekommen. Kunst im Sp\u00e4ti International und im historischen Hafen - Filter<\/title>\n<meta name=\"robots\" content=\"index, follow, max-snippet:-1, max-image-preview:large, max-video-preview:-1\" \/>\n<link rel=\"canonical\" href=\"https:\/\/blog.zeit.de\/filter\/2010\/11\/19\/aufs-boot-gekommen-kunst-im-spati-international-und-im-historischen-hafen\/\" \/>\n<meta property=\"og:locale\" content=\"de_DE\" \/>\n<meta property=\"og:type\" content=\"article\" \/>\n<meta property=\"og:title\" content=\"Aufs Boot gekommen. Kunst im Sp\u00e4ti International und im historischen Hafen - Filter\" \/>\n<meta property=\"og:description\" content=\"Freitag Sp\u00e4tkauf, Samstag Schlepper \u2013 zwei Gruppenausstellungen beziehen ungew\u00f6hnliche Locations. Dieses Wochenende gibt&#8217;s gleich zweimal junge Kunst in abwegigen R\u00e4umen. Sp\u00e4ti International in Neuk\u00f6lln ist bereits ber\u00fchmt-ber\u00fcchtigt f\u00fcr Konzerte, Ausstellungen und seine Partyg\u00e4ste. Das Boot Helene hat sich bisher nicht als Ausstellungsraum hervorgetan. Beide Ausstellungen h\u00f6ren sich charmant und nach zwei lohnenden Ausfl\u00fcgen an. Im [&hellip;]\" \/>\n<meta property=\"og:url\" content=\"https:\/\/blog.zeit.de\/filter\/2010\/11\/19\/aufs-boot-gekommen-kunst-im-spati-international-und-im-historischen-hafen\/\" \/>\n<meta property=\"og:site_name\" content=\"Filter\" \/>\n<meta property=\"article:published_time\" content=\"2010-11-19T09:00:03+00:00\" \/>\n<meta property=\"article:modified_time\" content=\"2010-11-19T09:13:15+00:00\" \/>\n<meta property=\"og:image\" content=\"https:\/\/blog.zeit.de\/filter\/files\/2010\/11\/boat1.jpg\" \/>\n<meta name=\"author\" content=\"Nele Heinevetter\" \/>\n<meta name=\"twitter:card\" content=\"summary_large_image\" \/>\n<meta name=\"twitter:label1\" content=\"Geschrieben von\" \/>\n\t<meta name=\"twitter:data1\" content=\"Nele Heinevetter\" \/>\n\t<meta name=\"twitter:label2\" content=\"Gesch\u00e4tzte Lesezeit\" \/>\n\t<meta name=\"twitter:data2\" content=\"1\u00a0Minute\" \/>\n<script type=\"application\/ld+json\" class=\"yoast-schema-graph\">{\"@context\":\"https:\/\/schema.org\",\"@graph\":[{\"@type\":\"WebPage\",\"@id\":\"https:\/\/blog.zeit.de\/filter\/2010\/11\/19\/aufs-boot-gekommen-kunst-im-spati-international-und-im-historischen-hafen\/\",\"url\":\"https:\/\/blog.zeit.de\/filter\/2010\/11\/19\/aufs-boot-gekommen-kunst-im-spati-international-und-im-historischen-hafen\/\",\"name\":\"Aufs Boot gekommen. Kunst im Sp\u00e4ti International und im historischen Hafen - Filter\",\"isPartOf\":{\"@id\":\"https:\/\/blog.zeit.de\/filter\/#website\"},\"datePublished\":\"2010-11-19T09:00:03+00:00\",\"dateModified\":\"2010-11-19T09:13:15+00:00\",\"author\":{\"@id\":\"https:\/\/blog.zeit.de\/filter\/#\/schema\/person\/d7928a2c1d5a2125ff00961ba8a0316b\"},\"breadcrumb\":{\"@id\":\"https:\/\/blog.zeit.de\/filter\/2010\/11\/19\/aufs-boot-gekommen-kunst-im-spati-international-und-im-historischen-hafen\/#breadcrumb\"},\"inLanguage\":\"de\",\"potentialAction\":[{\"@type\":\"ReadAction\",\"target\":[\"https:\/\/blog.zeit.de\/filter\/2010\/11\/19\/aufs-boot-gekommen-kunst-im-spati-international-und-im-historischen-hafen\/\"]}]},{\"@type\":\"BreadcrumbList\",\"@id\":\"https:\/\/blog.zeit.de\/filter\/2010\/11\/19\/aufs-boot-gekommen-kunst-im-spati-international-und-im-historischen-hafen\/#breadcrumb\",\"itemListElement\":[{\"@type\":\"ListItem\",\"position\":1,\"name\":\"Startseite\",\"item\":\"https:\/\/blog.zeit.de\/filter\/\"},{\"@type\":\"ListItem\",\"position\":2,\"name\":\"Aufs Boot gekommen. Kunst im Sp\u00e4ti International und im historischen Hafen\"}]},{\"@type\":\"WebSite\",\"@id\":\"https:\/\/blog.zeit.de\/filter\/#website\",\"url\":\"https:\/\/blog.zeit.de\/filter\/\",\"name\":\"Filter\",\"description\":\"Das Kunstblog\",\"potentialAction\":[{\"@type\":\"SearchAction\",\"target\":{\"@type\":\"EntryPoint\",\"urlTemplate\":\"https:\/\/blog.zeit.de\/filter\/?s={search_term_string}\"},\"query-input\":\"required name=search_term_string\"}],\"inLanguage\":\"de\"},{\"@type\":\"Person\",\"@id\":\"https:\/\/blog.zeit.de\/filter\/#\/schema\/person\/d7928a2c1d5a2125ff00961ba8a0316b\",\"name\":\"Nele Heinevetter\",\"image\":{\"@type\":\"ImageObject\",\"inLanguage\":\"de\",\"@id\":\"https:\/\/blog.zeit.de\/filter\/#\/schema\/person\/image\/\",\"url\":\"https:\/\/secure.gravatar.com\/avatar\/aa3bcb0644f77a94d940f671a5eb85819ec45ca2163a2626017a8ccf34686336?s=96&d=mm&r=g\",\"contentUrl\":\"https:\/\/secure.gravatar.com\/avatar\/aa3bcb0644f77a94d940f671a5eb85819ec45ca2163a2626017a8ccf34686336?s=96&d=mm&r=g\",\"caption\":\"Nele Heinevetter\"},\"url\":\"https:\/\/blog.zeit.de\/filter\/author\/nele-heinevetter\/\"}]}<\/script>\n<!-- \/ Yoast SEO plugin. -->","yoast_head_json":{"title":"Aufs Boot gekommen. Kunst im Sp\u00e4ti International und im historischen Hafen - Filter","robots":{"index":"index","follow":"follow","max-snippet":"max-snippet:-1","max-image-preview":"max-image-preview:large","max-video-preview":"max-video-preview:-1"},"canonical":"https:\/\/blog.zeit.de\/filter\/2010\/11\/19\/aufs-boot-gekommen-kunst-im-spati-international-und-im-historischen-hafen\/","og_locale":"de_DE","og_type":"article","og_title":"Aufs Boot gekommen. Kunst im Sp\u00e4ti International und im historischen Hafen - Filter","og_description":"Freitag Sp\u00e4tkauf, Samstag Schlepper \u2013 zwei Gruppenausstellungen beziehen ungew\u00f6hnliche Locations. Dieses Wochenende gibt&#8217;s gleich zweimal junge Kunst in abwegigen R\u00e4umen. Sp\u00e4ti International in Neuk\u00f6lln ist bereits ber\u00fchmt-ber\u00fcchtigt f\u00fcr Konzerte, Ausstellungen und seine Partyg\u00e4ste. Das Boot Helene hat sich bisher nicht als Ausstellungsraum hervorgetan. Beide Ausstellungen h\u00f6ren sich charmant und nach zwei lohnenden Ausfl\u00fcgen an. Im [&hellip;]","og_url":"https:\/\/blog.zeit.de\/filter\/2010\/11\/19\/aufs-boot-gekommen-kunst-im-spati-international-und-im-historischen-hafen\/","og_site_name":"Filter","article_published_time":"2010-11-19T09:00:03+00:00","article_modified_time":"2010-11-19T09:13:15+00:00","og_image":[{"url":"https:\/\/blog.zeit.de\/filter\/files\/2010\/11\/boat1.jpg"}],"author":"Nele Heinevetter","twitter_card":"summary_large_image","twitter_misc":{"Geschrieben von":"Nele Heinevetter","Gesch\u00e4tzte Lesezeit":"1\u00a0Minute"},"schema":{"@context":"https:\/\/schema.org","@graph":[{"@type":"WebPage","@id":"https:\/\/blog.zeit.de\/filter\/2010\/11\/19\/aufs-boot-gekommen-kunst-im-spati-international-und-im-historischen-hafen\/","url":"https:\/\/blog.zeit.de\/filter\/2010\/11\/19\/aufs-boot-gekommen-kunst-im-spati-international-und-im-historischen-hafen\/","name":"Aufs Boot gekommen. Kunst im Sp\u00e4ti International und im historischen Hafen - Filter","isPartOf":{"@id":"https:\/\/blog.zeit.de\/filter\/#website"},"datePublished":"2010-11-19T09:00:03+00:00","dateModified":"2010-11-19T09:13:15+00:00","author":{"@id":"https:\/\/blog.zeit.de\/filter\/#\/schema\/person\/d7928a2c1d5a2125ff00961ba8a0316b"},"breadcrumb":{"@id":"https:\/\/blog.zeit.de\/filter\/2010\/11\/19\/aufs-boot-gekommen-kunst-im-spati-international-und-im-historischen-hafen\/#breadcrumb"},"inLanguage":"de","potentialAction":[{"@type":"ReadAction","target":["https:\/\/blog.zeit.de\/filter\/2010\/11\/19\/aufs-boot-gekommen-kunst-im-spati-international-und-im-historischen-hafen\/"]}]},{"@type":"BreadcrumbList","@id":"https:\/\/blog.zeit.de\/filter\/2010\/11\/19\/aufs-boot-gekommen-kunst-im-spati-international-und-im-historischen-hafen\/#breadcrumb","itemListElement":[{"@type":"ListItem","position":1,"name":"Startseite","item":"https:\/\/blog.zeit.de\/filter\/"},{"@type":"ListItem","position":2,"name":"Aufs Boot gekommen. Kunst im Sp\u00e4ti International und im historischen Hafen"}]},{"@type":"WebSite","@id":"https:\/\/blog.zeit.de\/filter\/#website","url":"https:\/\/blog.zeit.de\/filter\/","name":"Filter","description":"Das Kunstblog","potentialAction":[{"@type":"SearchAction","target":{"@type":"EntryPoint","urlTemplate":"https:\/\/blog.zeit.de\/filter\/?s={search_term_string}"},"query-input":"required name=search_term_string"}],"inLanguage":"de"},{"@type":"Person","@id":"https:\/\/blog.zeit.de\/filter\/#\/schema\/person\/d7928a2c1d5a2125ff00961ba8a0316b","name":"Nele Heinevetter","image":{"@type":"ImageObject","inLanguage":"de","@id":"https:\/\/blog.zeit.de\/filter\/#\/schema\/person\/image\/","url":"https:\/\/secure.gravatar.com\/avatar\/aa3bcb0644f77a94d940f671a5eb85819ec45ca2163a2626017a8ccf34686336?s=96&d=mm&r=g","contentUrl":"https:\/\/secure.gravatar.com\/avatar\/aa3bcb0644f77a94d940f671a5eb85819ec45ca2163a2626017a8ccf34686336?s=96&d=mm&r=g","caption":"Nele Heinevetter"},"url":"https:\/\/blog.zeit.de\/filter\/author\/nele-heinevetter\/"}]}},"jetpack_featured_media_url":"","_links":{"self":[{"href":"https:\/\/blog.zeit.de\/filter\/wp-json\/wp\/v2\/posts\/1906","targetHints":{"allow":["GET"]}}],"collection":[{"href":"https:\/\/blog.zeit.de\/filter\/wp-json\/wp\/v2\/posts"}],"about":[{"href":"https:\/\/blog.zeit.de\/filter\/wp-json\/wp\/v2\/types\/post"}],"author":[{"embeddable":true,"href":"https:\/\/blog.zeit.de\/filter\/wp-json\/wp\/v2\/users\/306"}],"replies":[{"embeddable":true,"href":"https:\/\/blog.zeit.de\/filter\/wp-json\/wp\/v2\/comments?post=1906"}],"version-history":[{"count":52,"href":"https:\/\/blog.zeit.de\/filter\/wp-json\/wp\/v2\/posts\/1906\/revisions"}],"predecessor-version":[{"id":2065,"href":"https:\/\/blog.zeit.de\/filter\/wp-json\/wp\/v2\/posts\/1906\/revisions\/2065"}],"wp:attachment":[{"href":"https:\/\/blog.zeit.de\/filter\/wp-json\/wp\/v2\/media?parent=1906"}],"wp:term":[{"taxonomy":"category","embeddable":true,"href":"https:\/\/blog.zeit.de\/filter\/wp-json\/wp\/v2\/categories?post=1906"},{"taxonomy":"post_tag","embeddable":true,"href":"https:\/\/blog.zeit.de\/filter\/wp-json\/wp\/v2\/tags?post=1906"}],"curies":[{"name":"wp","href":"https:\/\/api.w.org\/{rel}","templated":true}]}}