{"id":2795,"date":"2010-12-09T10:13:05","date_gmt":"2010-12-09T09:13:05","guid":{"rendered":"http:\/\/blog.zeit.de\/filter\/?p=2795"},"modified":"2010-12-09T10:13:05","modified_gmt":"2010-12-09T09:13:05","slug":"texte-zum-dokumentarfilm","status":"publish","type":"post","link":"https:\/\/blog.zeit.de\/filter\/2010\/12\/09\/texte-zum-dokumentarfilm\/","title":{"rendered":"Texte zum Dokumentarfilm"},"content":{"rendered":"<p><strong> <\/strong><\/p>\n<p><figure id=\"attachment_2798\" aria-describedby=\"caption-attachment-2798\" style=\"width: 180px\" class=\"wp-caption alignleft\"><img loading=\"lazy\" decoding=\"async\" class=\"size-full wp-image-2798\" title=\"\u00a9 Vorwerk 8\" src=\"https:\/\/blog.zeit.de\/filter\/files\/2010\/12\/Heise.jpg\" alt=\"\" width=\"180\" height=\"240\" \/><figcaption id=\"caption-attachment-2798\" class=\"wp-caption-text\">\u00a9 Vorwerk 8<\/figcaption><\/figure><\/p>\n<p><strong>Tomas Heise pr\u00e4sentiert <\/strong><em><strong><a href=\"http:\/\/www.volksb\u00fchne.com\/praxis\/lesebuehne_thomas_heise_spuren\/?id_datum=3057\" target=\"_blank\">Spuren <\/a><span style=\"font-style: normal;\"><a href=\"http:\/\/www.volksb\u00fchne.com\/praxis\/lesebuehne_thomas_heise_spuren\/?id_datum=3057\" target=\"_blank\">auf der Leseb\u00fchne.<\/a><\/span><\/strong><\/em><\/p>\n<p>In<em> <a href=\"http:\/\/heise-film.de\/?page_id=703\" target=\"_blank\">Spuren- eine Arch\u00e4ologie der realen Existenz<\/a><\/em><a href=\"http:\/\/heise-film.de\/?page_id=703\" target=\"_blank\"> <\/a>arbeitet der Ostberliner seine Arbeit als Dokumentarfilmer auf \u2013 insbesondere w\u00e4hrend  der DDR und der Wendezeit. Seit den siebziger Jahren sammelt Heise das Material seiner Recherchen und dokumentiert das eigene Schaffen. Skurrile Fundst\u00fccke, Anekdoten \u00fcber Notizen und Drehb\u00fccher und Vermerke aus seinen Stasi-Akten hat er zu einer Collage zusammengestellt. Heute Abend liest er aus <em>Spuren<\/em>.\u00a0<a href=\"http:\/\/www.myspace.com\/gerryfranke\" target=\"_blank\"><\/a><\/p>\n<p>Im Anschluss an die Buchvorstellung l\u00e4uft Heises Dokumentarfilm\u00a0<em>Eisenzeit<\/em> (1991) \u00fcber vier verkrachte Existenzen  in Eisenh\u00fcttenstadt.<\/p>\n<p><strong>20 Uhr | 9. Dezember 2010<\/strong> | Roter Salon der <a href=\"http:\/\/www.volksbuehne-berlin.de\/\" target=\"_blank\">Volksb\u00fchne<\/a> | Linienstra\u00dfe 227\u00a0| Berlin Mitte<\/p>\n","protected":false},"excerpt":{"rendered":"<p>Tomas Heise pr\u00e4sentiert Spuren auf der Leseb\u00fchne. In Spuren- eine Arch\u00e4ologie der realen Existenz arbeitet der Ostberliner seine Arbeit als Dokumentarfilmer auf \u2013 insbesondere w\u00e4hrend der DDR und der Wendezeit. Seit den siebziger Jahren sammelt Heise das Material seiner Recherchen und dokumentiert das eigene Schaffen. Skurrile Fundst\u00fccke, Anekdoten \u00fcber Notizen und Drehb\u00fccher und Vermerke aus [&hellip;]<\/p>\n","protected":false},"author":306,"featured_media":0,"comment_status":"open","ping_status":"open","sticky":false,"template":"","format":"standard","meta":{"footnotes":""},"categories":[8163,8166],"tags":[],"class_list":["post-2795","post","type-post","status-publish","format-standard","hentry","category-berlin-mitte","category-lesung"],"yoast_head":"<!-- This site is optimized with the Yoast SEO plugin v21.0 - https:\/\/yoast.com\/wordpress\/plugins\/seo\/ -->\n<title>Texte zum Dokumentarfilm - Filter<\/title>\n<meta name=\"robots\" content=\"index, follow, max-snippet:-1, max-image-preview:large, max-video-preview:-1\" \/>\n<link rel=\"canonical\" href=\"https:\/\/blog.zeit.de\/filter\/2010\/12\/09\/texte-zum-dokumentarfilm\/\" \/>\n<meta property=\"og:locale\" content=\"de_DE\" \/>\n<meta property=\"og:type\" content=\"article\" \/>\n<meta property=\"og:title\" content=\"Texte zum Dokumentarfilm - Filter\" \/>\n<meta property=\"og:description\" content=\"Tomas Heise pr\u00e4sentiert Spuren auf der Leseb\u00fchne. In Spuren- eine Arch\u00e4ologie der realen Existenz arbeitet der Ostberliner seine Arbeit als Dokumentarfilmer auf \u2013 insbesondere w\u00e4hrend der DDR und der Wendezeit. Seit den siebziger Jahren sammelt Heise das Material seiner Recherchen und dokumentiert das eigene Schaffen. Skurrile Fundst\u00fccke, Anekdoten \u00fcber Notizen und Drehb\u00fccher und Vermerke aus [&hellip;]\" \/>\n<meta property=\"og:url\" content=\"https:\/\/blog.zeit.de\/filter\/2010\/12\/09\/texte-zum-dokumentarfilm\/\" \/>\n<meta property=\"og:site_name\" content=\"Filter\" \/>\n<meta property=\"article:published_time\" content=\"2010-12-09T09:13:05+00:00\" \/>\n<meta property=\"og:image\" content=\"https:\/\/blog.zeit.de\/filter\/files\/2010\/12\/Heise.jpg\" \/>\n<meta name=\"author\" content=\"Nele Heinevetter\" \/>\n<meta name=\"twitter:card\" content=\"summary_large_image\" \/>\n<meta name=\"twitter:label1\" content=\"Geschrieben von\" \/>\n\t<meta name=\"twitter:data1\" content=\"Nele Heinevetter\" \/>\n\t<meta name=\"twitter:label2\" content=\"Gesch\u00e4tzte Lesezeit\" \/>\n\t<meta name=\"twitter:data2\" content=\"1\u00a0Minute\" \/>\n<script type=\"application\/ld+json\" class=\"yoast-schema-graph\">{\"@context\":\"https:\/\/schema.org\",\"@graph\":[{\"@type\":\"WebPage\",\"@id\":\"https:\/\/blog.zeit.de\/filter\/2010\/12\/09\/texte-zum-dokumentarfilm\/\",\"url\":\"https:\/\/blog.zeit.de\/filter\/2010\/12\/09\/texte-zum-dokumentarfilm\/\",\"name\":\"Texte zum Dokumentarfilm - Filter\",\"isPartOf\":{\"@id\":\"https:\/\/blog.zeit.de\/filter\/#website\"},\"datePublished\":\"2010-12-09T09:13:05+00:00\",\"dateModified\":\"2010-12-09T09:13:05+00:00\",\"author\":{\"@id\":\"https:\/\/blog.zeit.de\/filter\/#\/schema\/person\/d7928a2c1d5a2125ff00961ba8a0316b\"},\"breadcrumb\":{\"@id\":\"https:\/\/blog.zeit.de\/filter\/2010\/12\/09\/texte-zum-dokumentarfilm\/#breadcrumb\"},\"inLanguage\":\"de\",\"potentialAction\":[{\"@type\":\"ReadAction\",\"target\":[\"https:\/\/blog.zeit.de\/filter\/2010\/12\/09\/texte-zum-dokumentarfilm\/\"]}]},{\"@type\":\"BreadcrumbList\",\"@id\":\"https:\/\/blog.zeit.de\/filter\/2010\/12\/09\/texte-zum-dokumentarfilm\/#breadcrumb\",\"itemListElement\":[{\"@type\":\"ListItem\",\"position\":1,\"name\":\"Startseite\",\"item\":\"https:\/\/blog.zeit.de\/filter\/\"},{\"@type\":\"ListItem\",\"position\":2,\"name\":\"Texte zum Dokumentarfilm\"}]},{\"@type\":\"WebSite\",\"@id\":\"https:\/\/blog.zeit.de\/filter\/#website\",\"url\":\"https:\/\/blog.zeit.de\/filter\/\",\"name\":\"Filter\",\"description\":\"Das Kunstblog\",\"potentialAction\":[{\"@type\":\"SearchAction\",\"target\":{\"@type\":\"EntryPoint\",\"urlTemplate\":\"https:\/\/blog.zeit.de\/filter\/?s={search_term_string}\"},\"query-input\":\"required name=search_term_string\"}],\"inLanguage\":\"de\"},{\"@type\":\"Person\",\"@id\":\"https:\/\/blog.zeit.de\/filter\/#\/schema\/person\/d7928a2c1d5a2125ff00961ba8a0316b\",\"name\":\"Nele Heinevetter\",\"image\":{\"@type\":\"ImageObject\",\"inLanguage\":\"de\",\"@id\":\"https:\/\/blog.zeit.de\/filter\/#\/schema\/person\/image\/\",\"url\":\"https:\/\/secure.gravatar.com\/avatar\/aa3bcb0644f77a94d940f671a5eb85819ec45ca2163a2626017a8ccf34686336?s=96&d=mm&r=g\",\"contentUrl\":\"https:\/\/secure.gravatar.com\/avatar\/aa3bcb0644f77a94d940f671a5eb85819ec45ca2163a2626017a8ccf34686336?s=96&d=mm&r=g\",\"caption\":\"Nele Heinevetter\"},\"url\":\"https:\/\/blog.zeit.de\/filter\/author\/nele-heinevetter\/\"}]}<\/script>\n<!-- \/ Yoast SEO plugin. -->","yoast_head_json":{"title":"Texte zum Dokumentarfilm - Filter","robots":{"index":"index","follow":"follow","max-snippet":"max-snippet:-1","max-image-preview":"max-image-preview:large","max-video-preview":"max-video-preview:-1"},"canonical":"https:\/\/blog.zeit.de\/filter\/2010\/12\/09\/texte-zum-dokumentarfilm\/","og_locale":"de_DE","og_type":"article","og_title":"Texte zum Dokumentarfilm - Filter","og_description":"Tomas Heise pr\u00e4sentiert Spuren auf der Leseb\u00fchne. In Spuren- eine Arch\u00e4ologie der realen Existenz arbeitet der Ostberliner seine Arbeit als Dokumentarfilmer auf \u2013 insbesondere w\u00e4hrend der DDR und der Wendezeit. Seit den siebziger Jahren sammelt Heise das Material seiner Recherchen und dokumentiert das eigene Schaffen. Skurrile Fundst\u00fccke, Anekdoten \u00fcber Notizen und Drehb\u00fccher und Vermerke aus [&hellip;]","og_url":"https:\/\/blog.zeit.de\/filter\/2010\/12\/09\/texte-zum-dokumentarfilm\/","og_site_name":"Filter","article_published_time":"2010-12-09T09:13:05+00:00","og_image":[{"url":"https:\/\/blog.zeit.de\/filter\/files\/2010\/12\/Heise.jpg"}],"author":"Nele Heinevetter","twitter_card":"summary_large_image","twitter_misc":{"Geschrieben von":"Nele Heinevetter","Gesch\u00e4tzte Lesezeit":"1\u00a0Minute"},"schema":{"@context":"https:\/\/schema.org","@graph":[{"@type":"WebPage","@id":"https:\/\/blog.zeit.de\/filter\/2010\/12\/09\/texte-zum-dokumentarfilm\/","url":"https:\/\/blog.zeit.de\/filter\/2010\/12\/09\/texte-zum-dokumentarfilm\/","name":"Texte zum Dokumentarfilm - Filter","isPartOf":{"@id":"https:\/\/blog.zeit.de\/filter\/#website"},"datePublished":"2010-12-09T09:13:05+00:00","dateModified":"2010-12-09T09:13:05+00:00","author":{"@id":"https:\/\/blog.zeit.de\/filter\/#\/schema\/person\/d7928a2c1d5a2125ff00961ba8a0316b"},"breadcrumb":{"@id":"https:\/\/blog.zeit.de\/filter\/2010\/12\/09\/texte-zum-dokumentarfilm\/#breadcrumb"},"inLanguage":"de","potentialAction":[{"@type":"ReadAction","target":["https:\/\/blog.zeit.de\/filter\/2010\/12\/09\/texte-zum-dokumentarfilm\/"]}]},{"@type":"BreadcrumbList","@id":"https:\/\/blog.zeit.de\/filter\/2010\/12\/09\/texte-zum-dokumentarfilm\/#breadcrumb","itemListElement":[{"@type":"ListItem","position":1,"name":"Startseite","item":"https:\/\/blog.zeit.de\/filter\/"},{"@type":"ListItem","position":2,"name":"Texte zum Dokumentarfilm"}]},{"@type":"WebSite","@id":"https:\/\/blog.zeit.de\/filter\/#website","url":"https:\/\/blog.zeit.de\/filter\/","name":"Filter","description":"Das Kunstblog","potentialAction":[{"@type":"SearchAction","target":{"@type":"EntryPoint","urlTemplate":"https:\/\/blog.zeit.de\/filter\/?s={search_term_string}"},"query-input":"required name=search_term_string"}],"inLanguage":"de"},{"@type":"Person","@id":"https:\/\/blog.zeit.de\/filter\/#\/schema\/person\/d7928a2c1d5a2125ff00961ba8a0316b","name":"Nele Heinevetter","image":{"@type":"ImageObject","inLanguage":"de","@id":"https:\/\/blog.zeit.de\/filter\/#\/schema\/person\/image\/","url":"https:\/\/secure.gravatar.com\/avatar\/aa3bcb0644f77a94d940f671a5eb85819ec45ca2163a2626017a8ccf34686336?s=96&d=mm&r=g","contentUrl":"https:\/\/secure.gravatar.com\/avatar\/aa3bcb0644f77a94d940f671a5eb85819ec45ca2163a2626017a8ccf34686336?s=96&d=mm&r=g","caption":"Nele Heinevetter"},"url":"https:\/\/blog.zeit.de\/filter\/author\/nele-heinevetter\/"}]}},"jetpack_featured_media_url":"","_links":{"self":[{"href":"https:\/\/blog.zeit.de\/filter\/wp-json\/wp\/v2\/posts\/2795","targetHints":{"allow":["GET"]}}],"collection":[{"href":"https:\/\/blog.zeit.de\/filter\/wp-json\/wp\/v2\/posts"}],"about":[{"href":"https:\/\/blog.zeit.de\/filter\/wp-json\/wp\/v2\/types\/post"}],"author":[{"embeddable":true,"href":"https:\/\/blog.zeit.de\/filter\/wp-json\/wp\/v2\/users\/306"}],"replies":[{"embeddable":true,"href":"https:\/\/blog.zeit.de\/filter\/wp-json\/wp\/v2\/comments?post=2795"}],"version-history":[{"count":8,"href":"https:\/\/blog.zeit.de\/filter\/wp-json\/wp\/v2\/posts\/2795\/revisions"}],"predecessor-version":[{"id":2833,"href":"https:\/\/blog.zeit.de\/filter\/wp-json\/wp\/v2\/posts\/2795\/revisions\/2833"}],"wp:attachment":[{"href":"https:\/\/blog.zeit.de\/filter\/wp-json\/wp\/v2\/media?parent=2795"}],"wp:term":[{"taxonomy":"category","embeddable":true,"href":"https:\/\/blog.zeit.de\/filter\/wp-json\/wp\/v2\/categories?post=2795"},{"taxonomy":"post_tag","embeddable":true,"href":"https:\/\/blog.zeit.de\/filter\/wp-json\/wp\/v2\/tags?post=2795"}],"curies":[{"name":"wp","href":"https:\/\/api.w.org\/{rel}","templated":true}]}}