{"id":2954,"date":"2010-12-13T10:04:16","date_gmt":"2010-12-13T09:04:16","guid":{"rendered":"http:\/\/blog.zeit.de\/filter\/?p=2954"},"modified":"2011-01-06T21:20:16","modified_gmt":"2011-01-06T20:20:16","slug":"die-kunsthallen-debatte-geht-in-die-nachste-runde","status":"publish","type":"post","link":"https:\/\/blog.zeit.de\/filter\/2010\/12\/13\/die-kunsthallen-debatte-geht-in-die-nachste-runde\/","title":{"rendered":"Die Kunsthallen-Debatte geht in die n\u00e4chste Runde"},"content":{"rendered":"<p><strong>Der Salon Populaire diskutiert in <em>Haben und Brauchen<\/em> Klaus Wowereits <em>Leistungsschau junger Kunst aus Berlin<\/em> am Humboldthafen.<\/strong><\/p>\n<p>Bis Ende der Woche sollen alle jungen Berliner K\u00fcnstler ihr Portfolio an den Senat senden. Ein ebenso junges Kuratorenteam sichtet die Beitr\u00e4ge f\u00fcr die <a href=\"http:\/\/www.berlin.de\/landespressestelle\/archiv\/2010\/10\/26\/316063\/\" target=\"_blank\"><em>Leistungsschau junger Kunst aus Berlin<\/em><\/a> im Sommer 2o11. Ausstellungsort wird eine Kunsthalle am Humboldthafen sein, um deren Raumkonzept 21 Architekturb\u00fcros konkurrieren. Die Auswahl der Kuratoren und Architekten hat ein Beraterteam \u00fcbernommen, das aus niemand Geringerem als Klaus Biesenbach, Christine Macel und Hans Ulrich Obrist besteht.<\/p>\n<p>Die Finanzierung, wie sollte es anders sein, steht indes noch nicht. Der Landeshaushalt finanziert zwar die kuratorische Arbeit mit 600.000 Euro. Aber der Veranstalter <a href=\"http:\/\/www.kulturprojekte-berlin.de\/opencall\" target=\"_blank\">Kulturprojekte Berlin GmbH<\/a> muss sowohl die Mittel f\u00fcr die Produktion der Ausstellung auftreiben als auch f\u00fcr die Errichtung einer tempor\u00e4ren Ausstellungshalle am Humboldthafen. Sofern das Projekt durch den Senat kommt, will die <a href=\"http:\/\/www.lotto-stiftung-berlin.de\/\" target=\"_blank\">Stiftung Deutsche Klassenlotterie Berlin<\/a> eine Million Euro dazugeben; Wowereit sitzt dem Stiftungsrat vor.<\/p>\n<p>Und hier liegt das Problem: Die Debatte um eine st\u00e4ndige Berliner Kunsthalle ist eng an die Person Wowereits gekn\u00fcpft \u2013 und dem B\u00fcrgermeister steht n\u00e4chstes Jahr der Wahlkampf bevor. Den k\u00e4mpft es sich leichter als F\u00f6rderer junger Kunst und als Verb\u00fcndeter von Stararchitekten und \u00a0-kuratoren. Auch klingt Leistungsschau nicht grundlos nach Wirtschaftlichkeit und Stadtmarketing: Wowereit k\u00e4mpft um eine neue Ausstellungshalle am Humboldthafen, weil sie die Brache um den Hauptbahnhof aufwerten und Investoren f\u00fcr die Erschlie\u00dfung des Areals anziehen soll.<\/p>\n<p>Entsprechend zeigt sich der\u00a0<a href=\"http:\/\/www.tagesspiegel.de\/kultur\/wowereit-haelt-an-kunsthalle-fest\/1967358.html\" target=\"_blank\"><em>Tagesspiegel<\/em><\/a><em> <\/em>\u00fcber den Vorsto\u00df des mittellosen Wowereit \u00fcberrascht. <a href=\"http:\/\/www.monopol-magazin.de\/artikel\/20101988\/Kunsthalle-Berlin-Wowereit-Leistungsschau.html\" target=\"_blank\"><em>Monopol<\/em><\/a> begr\u00fc\u00dft indes den Mut des Berliner B\u00fcrgermeisters, gro\u00df zu scheitern, anstatt mittelm\u00e4\u00dfig zu denken. In <em><a href=\"http:\/\/www.art-magazin.de\/szene\/34710\/kunstschau_berlin\" target=\"_blank\">art<\/a> <\/em>echauffiert sich Kito Nedo \u00fcber das &#8222;seelenlose Investorenprojekt&#8220;, was Wowereit mit der Leistungsschau erneut auf den Tisch bringt.<\/p>\n<p>Bleibt die Frage, ob Berlin eine Ausstellungshalle braucht. Die <a href=\"http:\/\/www.zeit.de\/kultur\/2010-08\/kunst-temporaere-kunsthalle\" target=\"_blank\">Tempor\u00e4re Kunsthalle<\/a> hat ihren Betreibern viel \u00c4rger und wenig Resonanz eingebracht. Zuletzt hatte das privat finanzierte Projekt sogar den Eintritt erlassen, um die Besucherzahlen zu steigern. Den bestehenden Institutionen w\u00fcrde eine Aufstockung der Etats mehr n\u00fctzen als die Finanzierung eines neuen Konkurrenten. Und was bitte bringt der Neubau einer kostspieligen Ausstellungsarchitektur?<\/p>\n<p>Um diese Frage zu kl\u00e4ren, versammelt der Salon Populaire die Protagonisten der Kunsthallen-Leistungsschau-Debatte: Von Seiten der mittlerweile geschlossenen Tempor\u00e4ren Kunsthalle sprechen\u00a0Susanne Husse und Tanja Schomaker. F\u00fcr die Leistungsschau argumentieren der Projektleiter Moritz van D\u00fclmen sowie die Kuratoren Magdalena Magiera,\u00a0Jakob Schillinger und Scott Weaver. Au\u00dferdem nehmen an der Diskussion die Kunst-Werke Chefin Gabriele Horn und der Architekt Arno Brandlhuber teil sowie diverse weitere K\u00fcnstler, Kuratoren und Kritiker.<\/p>\n<p><strong>20 Uhr | 13. Dezember 2010 <\/strong>| <a href=\"http:\/\/www.salonpopulaire.de\/\" target=\"_blank\">Salon Populaire <\/a>| B\u00fclowstra\u00dfe 90 | Berlin Sch\u00f6neberg<\/p>\n","protected":false},"excerpt":{"rendered":"<p>Der Salon Populaire diskutiert in Haben und Brauchen Klaus Wowereits Leistungsschau junger Kunst aus Berlin am Humboldthafen. Bis Ende der Woche sollen alle jungen Berliner K\u00fcnstler ihr Portfolio an den Senat senden. Ein ebenso junges Kuratorenteam sichtet die Beitr\u00e4ge f\u00fcr die Leistungsschau junger Kunst aus Berlin im Sommer 2o11. Ausstellungsort wird eine Kunsthalle am Humboldthafen [&hellip;]<\/p>\n","protected":false},"author":306,"featured_media":0,"comment_status":"open","ping_status":"open","sticky":false,"template":"","format":"standard","meta":{"footnotes":""},"categories":[8183,1537],"tags":[],"class_list":["post-2954","post","type-post","status-publish","format-standard","hentry","category-berlin-schoneberg","category-diskussion"],"yoast_head":"<!-- This site is optimized with the Yoast SEO plugin v21.0 - https:\/\/yoast.com\/wordpress\/plugins\/seo\/ -->\n<title>Die Kunsthallen-Debatte geht in die n\u00e4chste Runde - Filter<\/title>\n<meta name=\"robots\" content=\"index, follow, max-snippet:-1, max-image-preview:large, max-video-preview:-1\" \/>\n<link rel=\"canonical\" href=\"https:\/\/blog.zeit.de\/filter\/2010\/12\/13\/die-kunsthallen-debatte-geht-in-die-nachste-runde\/\" \/>\n<meta property=\"og:locale\" content=\"de_DE\" \/>\n<meta property=\"og:type\" content=\"article\" \/>\n<meta property=\"og:title\" content=\"Die Kunsthallen-Debatte geht in die n\u00e4chste Runde - Filter\" \/>\n<meta property=\"og:description\" content=\"Der Salon Populaire diskutiert in Haben und Brauchen Klaus Wowereits Leistungsschau junger Kunst aus Berlin am Humboldthafen. Bis Ende der Woche sollen alle jungen Berliner K\u00fcnstler ihr Portfolio an den Senat senden. Ein ebenso junges Kuratorenteam sichtet die Beitr\u00e4ge f\u00fcr die Leistungsschau junger Kunst aus Berlin im Sommer 2o11. Ausstellungsort wird eine Kunsthalle am Humboldthafen [&hellip;]\" \/>\n<meta property=\"og:url\" content=\"https:\/\/blog.zeit.de\/filter\/2010\/12\/13\/die-kunsthallen-debatte-geht-in-die-nachste-runde\/\" \/>\n<meta property=\"og:site_name\" content=\"Filter\" \/>\n<meta property=\"article:published_time\" content=\"2010-12-13T09:04:16+00:00\" \/>\n<meta property=\"article:modified_time\" content=\"2011-01-06T20:20:16+00:00\" \/>\n<meta name=\"author\" content=\"Nele Heinevetter\" \/>\n<meta name=\"twitter:card\" content=\"summary_large_image\" \/>\n<meta name=\"twitter:label1\" content=\"Geschrieben von\" \/>\n\t<meta name=\"twitter:data1\" content=\"Nele Heinevetter\" \/>\n\t<meta name=\"twitter:label2\" content=\"Gesch\u00e4tzte Lesezeit\" \/>\n\t<meta name=\"twitter:data2\" content=\"2\u00a0Minuten\" \/>\n<script type=\"application\/ld+json\" class=\"yoast-schema-graph\">{\"@context\":\"https:\/\/schema.org\",\"@graph\":[{\"@type\":\"WebPage\",\"@id\":\"https:\/\/blog.zeit.de\/filter\/2010\/12\/13\/die-kunsthallen-debatte-geht-in-die-nachste-runde\/\",\"url\":\"https:\/\/blog.zeit.de\/filter\/2010\/12\/13\/die-kunsthallen-debatte-geht-in-die-nachste-runde\/\",\"name\":\"Die Kunsthallen-Debatte geht in die n\u00e4chste Runde - Filter\",\"isPartOf\":{\"@id\":\"https:\/\/blog.zeit.de\/filter\/#website\"},\"datePublished\":\"2010-12-13T09:04:16+00:00\",\"dateModified\":\"2011-01-06T20:20:16+00:00\",\"author\":{\"@id\":\"https:\/\/blog.zeit.de\/filter\/#\/schema\/person\/d7928a2c1d5a2125ff00961ba8a0316b\"},\"breadcrumb\":{\"@id\":\"https:\/\/blog.zeit.de\/filter\/2010\/12\/13\/die-kunsthallen-debatte-geht-in-die-nachste-runde\/#breadcrumb\"},\"inLanguage\":\"de\",\"potentialAction\":[{\"@type\":\"ReadAction\",\"target\":[\"https:\/\/blog.zeit.de\/filter\/2010\/12\/13\/die-kunsthallen-debatte-geht-in-die-nachste-runde\/\"]}]},{\"@type\":\"BreadcrumbList\",\"@id\":\"https:\/\/blog.zeit.de\/filter\/2010\/12\/13\/die-kunsthallen-debatte-geht-in-die-nachste-runde\/#breadcrumb\",\"itemListElement\":[{\"@type\":\"ListItem\",\"position\":1,\"name\":\"Startseite\",\"item\":\"https:\/\/blog.zeit.de\/filter\/\"},{\"@type\":\"ListItem\",\"position\":2,\"name\":\"Die Kunsthallen-Debatte geht in die n\u00e4chste Runde\"}]},{\"@type\":\"WebSite\",\"@id\":\"https:\/\/blog.zeit.de\/filter\/#website\",\"url\":\"https:\/\/blog.zeit.de\/filter\/\",\"name\":\"Filter\",\"description\":\"Das Kunstblog\",\"potentialAction\":[{\"@type\":\"SearchAction\",\"target\":{\"@type\":\"EntryPoint\",\"urlTemplate\":\"https:\/\/blog.zeit.de\/filter\/?s={search_term_string}\"},\"query-input\":\"required name=search_term_string\"}],\"inLanguage\":\"de\"},{\"@type\":\"Person\",\"@id\":\"https:\/\/blog.zeit.de\/filter\/#\/schema\/person\/d7928a2c1d5a2125ff00961ba8a0316b\",\"name\":\"Nele Heinevetter\",\"image\":{\"@type\":\"ImageObject\",\"inLanguage\":\"de\",\"@id\":\"https:\/\/blog.zeit.de\/filter\/#\/schema\/person\/image\/\",\"url\":\"https:\/\/secure.gravatar.com\/avatar\/aa3bcb0644f77a94d940f671a5eb85819ec45ca2163a2626017a8ccf34686336?s=96&d=mm&r=g\",\"contentUrl\":\"https:\/\/secure.gravatar.com\/avatar\/aa3bcb0644f77a94d940f671a5eb85819ec45ca2163a2626017a8ccf34686336?s=96&d=mm&r=g\",\"caption\":\"Nele Heinevetter\"},\"url\":\"https:\/\/blog.zeit.de\/filter\/author\/nele-heinevetter\/\"}]}<\/script>\n<!-- \/ Yoast SEO plugin. -->","yoast_head_json":{"title":"Die Kunsthallen-Debatte geht in die n\u00e4chste Runde - Filter","robots":{"index":"index","follow":"follow","max-snippet":"max-snippet:-1","max-image-preview":"max-image-preview:large","max-video-preview":"max-video-preview:-1"},"canonical":"https:\/\/blog.zeit.de\/filter\/2010\/12\/13\/die-kunsthallen-debatte-geht-in-die-nachste-runde\/","og_locale":"de_DE","og_type":"article","og_title":"Die Kunsthallen-Debatte geht in die n\u00e4chste Runde - Filter","og_description":"Der Salon Populaire diskutiert in Haben und Brauchen Klaus Wowereits Leistungsschau junger Kunst aus Berlin am Humboldthafen. Bis Ende der Woche sollen alle jungen Berliner K\u00fcnstler ihr Portfolio an den Senat senden. Ein ebenso junges Kuratorenteam sichtet die Beitr\u00e4ge f\u00fcr die Leistungsschau junger Kunst aus Berlin im Sommer 2o11. Ausstellungsort wird eine Kunsthalle am Humboldthafen [&hellip;]","og_url":"https:\/\/blog.zeit.de\/filter\/2010\/12\/13\/die-kunsthallen-debatte-geht-in-die-nachste-runde\/","og_site_name":"Filter","article_published_time":"2010-12-13T09:04:16+00:00","article_modified_time":"2011-01-06T20:20:16+00:00","author":"Nele Heinevetter","twitter_card":"summary_large_image","twitter_misc":{"Geschrieben von":"Nele Heinevetter","Gesch\u00e4tzte Lesezeit":"2\u00a0Minuten"},"schema":{"@context":"https:\/\/schema.org","@graph":[{"@type":"WebPage","@id":"https:\/\/blog.zeit.de\/filter\/2010\/12\/13\/die-kunsthallen-debatte-geht-in-die-nachste-runde\/","url":"https:\/\/blog.zeit.de\/filter\/2010\/12\/13\/die-kunsthallen-debatte-geht-in-die-nachste-runde\/","name":"Die Kunsthallen-Debatte geht in die n\u00e4chste Runde - Filter","isPartOf":{"@id":"https:\/\/blog.zeit.de\/filter\/#website"},"datePublished":"2010-12-13T09:04:16+00:00","dateModified":"2011-01-06T20:20:16+00:00","author":{"@id":"https:\/\/blog.zeit.de\/filter\/#\/schema\/person\/d7928a2c1d5a2125ff00961ba8a0316b"},"breadcrumb":{"@id":"https:\/\/blog.zeit.de\/filter\/2010\/12\/13\/die-kunsthallen-debatte-geht-in-die-nachste-runde\/#breadcrumb"},"inLanguage":"de","potentialAction":[{"@type":"ReadAction","target":["https:\/\/blog.zeit.de\/filter\/2010\/12\/13\/die-kunsthallen-debatte-geht-in-die-nachste-runde\/"]}]},{"@type":"BreadcrumbList","@id":"https:\/\/blog.zeit.de\/filter\/2010\/12\/13\/die-kunsthallen-debatte-geht-in-die-nachste-runde\/#breadcrumb","itemListElement":[{"@type":"ListItem","position":1,"name":"Startseite","item":"https:\/\/blog.zeit.de\/filter\/"},{"@type":"ListItem","position":2,"name":"Die Kunsthallen-Debatte geht in die n\u00e4chste Runde"}]},{"@type":"WebSite","@id":"https:\/\/blog.zeit.de\/filter\/#website","url":"https:\/\/blog.zeit.de\/filter\/","name":"Filter","description":"Das Kunstblog","potentialAction":[{"@type":"SearchAction","target":{"@type":"EntryPoint","urlTemplate":"https:\/\/blog.zeit.de\/filter\/?s={search_term_string}"},"query-input":"required name=search_term_string"}],"inLanguage":"de"},{"@type":"Person","@id":"https:\/\/blog.zeit.de\/filter\/#\/schema\/person\/d7928a2c1d5a2125ff00961ba8a0316b","name":"Nele Heinevetter","image":{"@type":"ImageObject","inLanguage":"de","@id":"https:\/\/blog.zeit.de\/filter\/#\/schema\/person\/image\/","url":"https:\/\/secure.gravatar.com\/avatar\/aa3bcb0644f77a94d940f671a5eb85819ec45ca2163a2626017a8ccf34686336?s=96&d=mm&r=g","contentUrl":"https:\/\/secure.gravatar.com\/avatar\/aa3bcb0644f77a94d940f671a5eb85819ec45ca2163a2626017a8ccf34686336?s=96&d=mm&r=g","caption":"Nele Heinevetter"},"url":"https:\/\/blog.zeit.de\/filter\/author\/nele-heinevetter\/"}]}},"jetpack_featured_media_url":"","_links":{"self":[{"href":"https:\/\/blog.zeit.de\/filter\/wp-json\/wp\/v2\/posts\/2954","targetHints":{"allow":["GET"]}}],"collection":[{"href":"https:\/\/blog.zeit.de\/filter\/wp-json\/wp\/v2\/posts"}],"about":[{"href":"https:\/\/blog.zeit.de\/filter\/wp-json\/wp\/v2\/types\/post"}],"author":[{"embeddable":true,"href":"https:\/\/blog.zeit.de\/filter\/wp-json\/wp\/v2\/users\/306"}],"replies":[{"embeddable":true,"href":"https:\/\/blog.zeit.de\/filter\/wp-json\/wp\/v2\/comments?post=2954"}],"version-history":[{"count":40,"href":"https:\/\/blog.zeit.de\/filter\/wp-json\/wp\/v2\/posts\/2954\/revisions"}],"predecessor-version":[{"id":3653,"href":"https:\/\/blog.zeit.de\/filter\/wp-json\/wp\/v2\/posts\/2954\/revisions\/3653"}],"wp:attachment":[{"href":"https:\/\/blog.zeit.de\/filter\/wp-json\/wp\/v2\/media?parent=2954"}],"wp:term":[{"taxonomy":"category","embeddable":true,"href":"https:\/\/blog.zeit.de\/filter\/wp-json\/wp\/v2\/categories?post=2954"},{"taxonomy":"post_tag","embeddable":true,"href":"https:\/\/blog.zeit.de\/filter\/wp-json\/wp\/v2\/tags?post=2954"}],"curies":[{"name":"wp","href":"https:\/\/api.w.org\/{rel}","templated":true}]}}