{"id":4108,"date":"2011-01-21T10:02:29","date_gmt":"2011-01-21T09:02:29","guid":{"rendered":"http:\/\/blog.zeit.de\/filter\/?p=4108"},"modified":"2011-01-24T12:08:59","modified_gmt":"2011-01-24T11:08:59","slug":"schlechte-angewohnheiten-am-hau","status":"publish","type":"post","link":"https:\/\/blog.zeit.de\/filter\/2011\/01\/21\/schlechte-angewohnheiten-am-hau\/","title":{"rendered":"Schlechte Angewohnheiten am HAU"},"content":{"rendered":"<p><strong> <\/strong><\/p>\n<p><figure id=\"attachment_4208\" aria-describedby=\"caption-attachment-4208\" style=\"width: 180px\" class=\"wp-caption alignleft\"><img loading=\"lazy\" decoding=\"async\" class=\"size-full wp-image-4208\" title=\"\u00a9 Andrea Salzmann\" src=\"https:\/\/blog.zeit.de\/filter\/files\/2011\/01\/Salzmann.jpg\" alt=\"\" width=\"180\" height=\"240\" \/><figcaption id=\"caption-attachment-4208\" class=\"wp-caption-text\">\u00a9 Andrea Salzmann<\/figcaption><\/figure><\/p>\n<p><strong>Das Festival <\/strong><strong>Context <\/strong><strong>hinterfragt Konventionen in Tanz und im Theaterbetrieb.<\/strong><\/p>\n<p>Zur achten Ausgabe des Context-Festivals haben T\u00e4nzer, Choreografen und angehende Wissenschaftler ihre Gewohnheiten und die ihres Umfeldes beobachtet. Ihre Arbeiten reagieren etwa auf Kompositionsweisen von Choreografen, Erwartungshaltungen des Publikums oder Marktmechanismen bei den Veranstaltern \u2013 und bringen damit alle Beteiligten in ungewohnte Situationen.<\/p>\n<p>Im\u00a0<a href=\"http:\/\/www.hebbel-am-ufer.de\/de\/kuenstler\/kuenstler_19696.html?HAU=1\" target=\"_blank\"><em>Silent Ballet<\/em> von Choreograph Emanuel Gat<\/a> tanzen acht T\u00e4nzer zu unh\u00f6rbare Musik. Der\u00a0<a href=\"http:\/\/www.hebbel-am-ufer.de\/de\/kuenstler\/kuenstler_19702.html?HAU=1\" target=\"_blank\"><em>P<\/em><em>eformative Parcours<\/em> von Teresa Isabella Mayer<\/a> verschiebt die Perspektiven. Und die <a href=\"http:\/\/www.hebbel-am-ufer.de\/de\/kuenstler\/kuenstler_19768.html?HAU=2\" target=\"_blank\">Produktion von Xavier Le Roy <\/a>vereint Performer und Publikum in einem Theaterexperiment \u2013 um nur einige Beispiele aus dem <a href=\"http:\/\/www.hebbel-am-ufer.de\/media\/HAU_Programm_Context8_03.pdf\" target=\"_blank\">Programm bis zum 29. Januar<\/a> zu nennen. Sogar ein <a href=\"http:\/\/www.hebbel-am-ufer.de\/de\/kuenstler\/kuenstler_19813.html?HAU=3\" target=\"_blank\">Coaching-Seminar zum Thema Elevator Pitch und Small Talk<\/a> wird angeboten.<\/p>\n<p>Etwas plastischer ist die Darbietung von Doris Uhlich. Die &#8222;korpulente T\u00e4nzerin&#8220;\u00a0setzt\u00a0sich in <em><a href=\"http:\/\/www.hebbel-am-ufer.de\/de\/kuenstler\/kuenstler_19805.html?HAU=3\" target=\"_blank\">mehr als genug<\/a><\/em> mit den k\u00f6rperlichen Idealvorstellungen von T\u00e4nzern auseinander. Dazu interviewt sie Menschen, die ihren K\u00f6rper entgegen der herrschenden Norm zum Markenzeichen gemacht haben.\u00a0Eine echte Alternative zum Kino-Seich.<\/p>\n<p><strong>19 Uhr | 22. &amp; 23. \u00a0Januar 2011<\/strong> | <a href=\"http:\/\/www.hebbel-am-ufer.de\/\" target=\"_blank\">HAU<\/a> 1 | Tempelhofer Ufer 10 | Berlin Kreuzberg<\/p>\n","protected":false},"excerpt":{"rendered":"<p>Das Festival Context hinterfragt Konventionen in Tanz und im Theaterbetrieb. Zur achten Ausgabe des Context-Festivals haben T\u00e4nzer, Choreografen und angehende Wissenschaftler ihre Gewohnheiten und die ihres Umfeldes beobachtet. Ihre Arbeiten reagieren etwa auf Kompositionsweisen von Choreografen, Erwartungshaltungen des Publikums oder Marktmechanismen bei den Veranstaltern \u2013 und bringen damit alle Beteiligten in ungewohnte Situationen. Im\u00a0Silent Ballet [&hellip;]<\/p>\n","protected":false},"author":306,"featured_media":0,"comment_status":"open","ping_status":"open","sticky":false,"template":"","format":"standard","meta":{"footnotes":""},"categories":[8180,8172],"tags":[],"class_list":["post-4108","post","type-post","status-publish","format-standard","hentry","category-ballett","category-berlin-kreuzberg"],"yoast_head":"<!-- This site is optimized with the Yoast SEO plugin v21.0 - https:\/\/yoast.com\/wordpress\/plugins\/seo\/ -->\n<title>Schlechte Angewohnheiten am HAU - Filter<\/title>\n<meta name=\"robots\" content=\"index, follow, max-snippet:-1, max-image-preview:large, max-video-preview:-1\" \/>\n<link rel=\"canonical\" href=\"https:\/\/blog.zeit.de\/filter\/2011\/01\/21\/schlechte-angewohnheiten-am-hau\/\" \/>\n<meta property=\"og:locale\" content=\"de_DE\" \/>\n<meta property=\"og:type\" content=\"article\" \/>\n<meta property=\"og:title\" content=\"Schlechte Angewohnheiten am HAU - Filter\" \/>\n<meta property=\"og:description\" content=\"Das Festival Context hinterfragt Konventionen in Tanz und im Theaterbetrieb. Zur achten Ausgabe des Context-Festivals haben T\u00e4nzer, Choreografen und angehende Wissenschaftler ihre Gewohnheiten und die ihres Umfeldes beobachtet. Ihre Arbeiten reagieren etwa auf Kompositionsweisen von Choreografen, Erwartungshaltungen des Publikums oder Marktmechanismen bei den Veranstaltern \u2013 und bringen damit alle Beteiligten in ungewohnte Situationen. Im\u00a0Silent Ballet [&hellip;]\" \/>\n<meta property=\"og:url\" content=\"https:\/\/blog.zeit.de\/filter\/2011\/01\/21\/schlechte-angewohnheiten-am-hau\/\" \/>\n<meta property=\"og:site_name\" content=\"Filter\" \/>\n<meta property=\"article:published_time\" content=\"2011-01-21T09:02:29+00:00\" \/>\n<meta property=\"article:modified_time\" content=\"2011-01-24T11:08:59+00:00\" \/>\n<meta property=\"og:image\" content=\"https:\/\/blog.zeit.de\/filter\/files\/2011\/01\/Salzmann.jpg\" \/>\n<meta name=\"author\" content=\"Nele Heinevetter\" \/>\n<meta name=\"twitter:card\" content=\"summary_large_image\" \/>\n<meta name=\"twitter:label1\" content=\"Geschrieben von\" \/>\n\t<meta name=\"twitter:data1\" content=\"Nele Heinevetter\" \/>\n\t<meta name=\"twitter:label2\" content=\"Gesch\u00e4tzte Lesezeit\" \/>\n\t<meta name=\"twitter:data2\" content=\"1\u00a0Minute\" \/>\n<script type=\"application\/ld+json\" class=\"yoast-schema-graph\">{\"@context\":\"https:\/\/schema.org\",\"@graph\":[{\"@type\":\"WebPage\",\"@id\":\"https:\/\/blog.zeit.de\/filter\/2011\/01\/21\/schlechte-angewohnheiten-am-hau\/\",\"url\":\"https:\/\/blog.zeit.de\/filter\/2011\/01\/21\/schlechte-angewohnheiten-am-hau\/\",\"name\":\"Schlechte Angewohnheiten am HAU - Filter\",\"isPartOf\":{\"@id\":\"https:\/\/blog.zeit.de\/filter\/#website\"},\"datePublished\":\"2011-01-21T09:02:29+00:00\",\"dateModified\":\"2011-01-24T11:08:59+00:00\",\"author\":{\"@id\":\"https:\/\/blog.zeit.de\/filter\/#\/schema\/person\/d7928a2c1d5a2125ff00961ba8a0316b\"},\"breadcrumb\":{\"@id\":\"https:\/\/blog.zeit.de\/filter\/2011\/01\/21\/schlechte-angewohnheiten-am-hau\/#breadcrumb\"},\"inLanguage\":\"de\",\"potentialAction\":[{\"@type\":\"ReadAction\",\"target\":[\"https:\/\/blog.zeit.de\/filter\/2011\/01\/21\/schlechte-angewohnheiten-am-hau\/\"]}]},{\"@type\":\"BreadcrumbList\",\"@id\":\"https:\/\/blog.zeit.de\/filter\/2011\/01\/21\/schlechte-angewohnheiten-am-hau\/#breadcrumb\",\"itemListElement\":[{\"@type\":\"ListItem\",\"position\":1,\"name\":\"Startseite\",\"item\":\"https:\/\/blog.zeit.de\/filter\/\"},{\"@type\":\"ListItem\",\"position\":2,\"name\":\"Schlechte Angewohnheiten am HAU\"}]},{\"@type\":\"WebSite\",\"@id\":\"https:\/\/blog.zeit.de\/filter\/#website\",\"url\":\"https:\/\/blog.zeit.de\/filter\/\",\"name\":\"Filter\",\"description\":\"Das Kunstblog\",\"potentialAction\":[{\"@type\":\"SearchAction\",\"target\":{\"@type\":\"EntryPoint\",\"urlTemplate\":\"https:\/\/blog.zeit.de\/filter\/?s={search_term_string}\"},\"query-input\":\"required name=search_term_string\"}],\"inLanguage\":\"de\"},{\"@type\":\"Person\",\"@id\":\"https:\/\/blog.zeit.de\/filter\/#\/schema\/person\/d7928a2c1d5a2125ff00961ba8a0316b\",\"name\":\"Nele Heinevetter\",\"image\":{\"@type\":\"ImageObject\",\"inLanguage\":\"de\",\"@id\":\"https:\/\/blog.zeit.de\/filter\/#\/schema\/person\/image\/\",\"url\":\"https:\/\/secure.gravatar.com\/avatar\/aa3bcb0644f77a94d940f671a5eb85819ec45ca2163a2626017a8ccf34686336?s=96&d=mm&r=g\",\"contentUrl\":\"https:\/\/secure.gravatar.com\/avatar\/aa3bcb0644f77a94d940f671a5eb85819ec45ca2163a2626017a8ccf34686336?s=96&d=mm&r=g\",\"caption\":\"Nele Heinevetter\"},\"url\":\"https:\/\/blog.zeit.de\/filter\/author\/nele-heinevetter\/\"}]}<\/script>\n<!-- \/ Yoast SEO plugin. -->","yoast_head_json":{"title":"Schlechte Angewohnheiten am HAU - Filter","robots":{"index":"index","follow":"follow","max-snippet":"max-snippet:-1","max-image-preview":"max-image-preview:large","max-video-preview":"max-video-preview:-1"},"canonical":"https:\/\/blog.zeit.de\/filter\/2011\/01\/21\/schlechte-angewohnheiten-am-hau\/","og_locale":"de_DE","og_type":"article","og_title":"Schlechte Angewohnheiten am HAU - Filter","og_description":"Das Festival Context hinterfragt Konventionen in Tanz und im Theaterbetrieb. Zur achten Ausgabe des Context-Festivals haben T\u00e4nzer, Choreografen und angehende Wissenschaftler ihre Gewohnheiten und die ihres Umfeldes beobachtet. Ihre Arbeiten reagieren etwa auf Kompositionsweisen von Choreografen, Erwartungshaltungen des Publikums oder Marktmechanismen bei den Veranstaltern \u2013 und bringen damit alle Beteiligten in ungewohnte Situationen. Im\u00a0Silent Ballet [&hellip;]","og_url":"https:\/\/blog.zeit.de\/filter\/2011\/01\/21\/schlechte-angewohnheiten-am-hau\/","og_site_name":"Filter","article_published_time":"2011-01-21T09:02:29+00:00","article_modified_time":"2011-01-24T11:08:59+00:00","og_image":[{"url":"https:\/\/blog.zeit.de\/filter\/files\/2011\/01\/Salzmann.jpg"}],"author":"Nele Heinevetter","twitter_card":"summary_large_image","twitter_misc":{"Geschrieben von":"Nele Heinevetter","Gesch\u00e4tzte Lesezeit":"1\u00a0Minute"},"schema":{"@context":"https:\/\/schema.org","@graph":[{"@type":"WebPage","@id":"https:\/\/blog.zeit.de\/filter\/2011\/01\/21\/schlechte-angewohnheiten-am-hau\/","url":"https:\/\/blog.zeit.de\/filter\/2011\/01\/21\/schlechte-angewohnheiten-am-hau\/","name":"Schlechte Angewohnheiten am HAU - Filter","isPartOf":{"@id":"https:\/\/blog.zeit.de\/filter\/#website"},"datePublished":"2011-01-21T09:02:29+00:00","dateModified":"2011-01-24T11:08:59+00:00","author":{"@id":"https:\/\/blog.zeit.de\/filter\/#\/schema\/person\/d7928a2c1d5a2125ff00961ba8a0316b"},"breadcrumb":{"@id":"https:\/\/blog.zeit.de\/filter\/2011\/01\/21\/schlechte-angewohnheiten-am-hau\/#breadcrumb"},"inLanguage":"de","potentialAction":[{"@type":"ReadAction","target":["https:\/\/blog.zeit.de\/filter\/2011\/01\/21\/schlechte-angewohnheiten-am-hau\/"]}]},{"@type":"BreadcrumbList","@id":"https:\/\/blog.zeit.de\/filter\/2011\/01\/21\/schlechte-angewohnheiten-am-hau\/#breadcrumb","itemListElement":[{"@type":"ListItem","position":1,"name":"Startseite","item":"https:\/\/blog.zeit.de\/filter\/"},{"@type":"ListItem","position":2,"name":"Schlechte Angewohnheiten am HAU"}]},{"@type":"WebSite","@id":"https:\/\/blog.zeit.de\/filter\/#website","url":"https:\/\/blog.zeit.de\/filter\/","name":"Filter","description":"Das Kunstblog","potentialAction":[{"@type":"SearchAction","target":{"@type":"EntryPoint","urlTemplate":"https:\/\/blog.zeit.de\/filter\/?s={search_term_string}"},"query-input":"required name=search_term_string"}],"inLanguage":"de"},{"@type":"Person","@id":"https:\/\/blog.zeit.de\/filter\/#\/schema\/person\/d7928a2c1d5a2125ff00961ba8a0316b","name":"Nele Heinevetter","image":{"@type":"ImageObject","inLanguage":"de","@id":"https:\/\/blog.zeit.de\/filter\/#\/schema\/person\/image\/","url":"https:\/\/secure.gravatar.com\/avatar\/aa3bcb0644f77a94d940f671a5eb85819ec45ca2163a2626017a8ccf34686336?s=96&d=mm&r=g","contentUrl":"https:\/\/secure.gravatar.com\/avatar\/aa3bcb0644f77a94d940f671a5eb85819ec45ca2163a2626017a8ccf34686336?s=96&d=mm&r=g","caption":"Nele Heinevetter"},"url":"https:\/\/blog.zeit.de\/filter\/author\/nele-heinevetter\/"}]}},"jetpack_featured_media_url":"","_links":{"self":[{"href":"https:\/\/blog.zeit.de\/filter\/wp-json\/wp\/v2\/posts\/4108","targetHints":{"allow":["GET"]}}],"collection":[{"href":"https:\/\/blog.zeit.de\/filter\/wp-json\/wp\/v2\/posts"}],"about":[{"href":"https:\/\/blog.zeit.de\/filter\/wp-json\/wp\/v2\/types\/post"}],"author":[{"embeddable":true,"href":"https:\/\/blog.zeit.de\/filter\/wp-json\/wp\/v2\/users\/306"}],"replies":[{"embeddable":true,"href":"https:\/\/blog.zeit.de\/filter\/wp-json\/wp\/v2\/comments?post=4108"}],"version-history":[{"count":9,"href":"https:\/\/blog.zeit.de\/filter\/wp-json\/wp\/v2\/posts\/4108\/revisions"}],"predecessor-version":[{"id":4248,"href":"https:\/\/blog.zeit.de\/filter\/wp-json\/wp\/v2\/posts\/4108\/revisions\/4248"}],"wp:attachment":[{"href":"https:\/\/blog.zeit.de\/filter\/wp-json\/wp\/v2\/media?parent=4108"}],"wp:term":[{"taxonomy":"category","embeddable":true,"href":"https:\/\/blog.zeit.de\/filter\/wp-json\/wp\/v2\/categories?post=4108"},{"taxonomy":"post_tag","embeddable":true,"href":"https:\/\/blog.zeit.de\/filter\/wp-json\/wp\/v2\/tags?post=4108"}],"curies":[{"name":"wp","href":"https:\/\/api.w.org\/{rel}","templated":true}]}}