{"id":4772,"date":"2011-02-11T10:00:40","date_gmt":"2011-02-11T09:00:40","guid":{"rendered":"http:\/\/blog.zeit.de\/filter\/?p=4772"},"modified":"2011-02-11T14:20:14","modified_gmt":"2011-02-11T13:20:14","slug":"das-grimmuseum-startet-eine-neue-serie","status":"publish","type":"post","link":"https:\/\/blog.zeit.de\/filter\/2011\/02\/11\/das-grimmuseum-startet-eine-neue-serie\/","title":{"rendered":"Das Grimmuseum startet eine neue Serie"},"content":{"rendered":"<p><strong> <\/strong><\/p>\n<p><figure id=\"attachment_4929\" aria-describedby=\"caption-attachment-4929\" style=\"width: 180px\" class=\"wp-caption alignleft\"><img loading=\"lazy\" decoding=\"async\" class=\"size-full wp-image-4929\" title=\"Installationsansicht \u00a9 Grimmuseum\" src=\"https:\/\/blog.zeit.de\/filter\/files\/2011\/02\/felisa.jpg\" alt=\"\" width=\"180\" height=\"240\" \/><figcaption id=\"caption-attachment-4929\" class=\"wp-caption-text\">Installationsansicht \u00a9 Grimmuseum<\/figcaption><\/figure><\/p>\n<p><strong>Den Anfang macht <\/strong><a href=\"http:\/\/felisafunes.com\/\" target=\"_blank\"><strong>Felisa Funes<\/strong><\/a><strong> mit ihrer Ausstellung <\/strong><em><strong>My Mare is Holding Down the Floor.<\/strong><\/em><\/p>\n<p>&#8222;Grimm Solo&#8220; stellt von nun an im dreiw\u00f6chentlichen Rhythmus junge K\u00fcnstler und ihre neuen Arbeiten vor. F\u00fcr Felisa Funes ist es die erste Soloausstellung in Berlin; sie verwandelt die R\u00e4ume des Grimmuseums in eine Installation aus gro\u00dfformatigen, sakral anmutenden Digitalprints und unwirklichen Objekten.<\/p>\n<p><strong>19 Uhr | 11. Februar 2011<\/strong> | <a href=\"http:\/\/www.grimmuseum.com\/\" target=\"_blank\">Grimmuseum<\/a> | Fichtestra\u00dfe 2 | Berlin Kreuzberg<\/p>\n","protected":false},"excerpt":{"rendered":"<p>Den Anfang macht Felisa Funes mit ihrer Ausstellung My Mare is Holding Down the Floor. &#8222;Grimm Solo&#8220; stellt von nun an im dreiw\u00f6chentlichen Rhythmus junge K\u00fcnstler und ihre neuen Arbeiten vor. F\u00fcr Felisa Funes ist es die erste Soloausstellung in Berlin; sie verwandelt die R\u00e4ume des Grimmuseums in eine Installation aus gro\u00dfformatigen, sakral anmutenden Digitalprints [&hellip;]<\/p>\n","protected":false},"author":306,"featured_media":0,"comment_status":"open","ping_status":"open","sticky":false,"template":"","format":"standard","meta":{"footnotes":""},"categories":[22,8172],"tags":[],"class_list":["post-4772","post","type-post","status-publish","format-standard","hentry","category-ausstellung","category-berlin-kreuzberg"],"yoast_head":"<!-- This site is optimized with the Yoast SEO plugin v21.0 - https:\/\/yoast.com\/wordpress\/plugins\/seo\/ -->\n<title>Das Grimmuseum startet eine neue Serie - Filter<\/title>\n<meta name=\"robots\" content=\"index, follow, max-snippet:-1, max-image-preview:large, max-video-preview:-1\" \/>\n<link rel=\"canonical\" href=\"https:\/\/blog.zeit.de\/filter\/2011\/02\/11\/das-grimmuseum-startet-eine-neue-serie\/\" \/>\n<meta property=\"og:locale\" content=\"de_DE\" \/>\n<meta property=\"og:type\" content=\"article\" \/>\n<meta property=\"og:title\" content=\"Das Grimmuseum startet eine neue Serie - Filter\" \/>\n<meta property=\"og:description\" content=\"Den Anfang macht Felisa Funes mit ihrer Ausstellung My Mare is Holding Down the Floor. &#8222;Grimm Solo&#8220; stellt von nun an im dreiw\u00f6chentlichen Rhythmus junge K\u00fcnstler und ihre neuen Arbeiten vor. F\u00fcr Felisa Funes ist es die erste Soloausstellung in Berlin; sie verwandelt die R\u00e4ume des Grimmuseums in eine Installation aus gro\u00dfformatigen, sakral anmutenden Digitalprints [&hellip;]\" \/>\n<meta property=\"og:url\" content=\"https:\/\/blog.zeit.de\/filter\/2011\/02\/11\/das-grimmuseum-startet-eine-neue-serie\/\" \/>\n<meta property=\"og:site_name\" content=\"Filter\" \/>\n<meta property=\"article:published_time\" content=\"2011-02-11T09:00:40+00:00\" \/>\n<meta property=\"article:modified_time\" content=\"2011-02-11T13:20:14+00:00\" \/>\n<meta property=\"og:image\" content=\"https:\/\/blog.zeit.de\/filter\/files\/2011\/02\/felisa.jpg\" \/>\n<meta name=\"author\" content=\"Nele Heinevetter\" \/>\n<meta name=\"twitter:card\" content=\"summary_large_image\" \/>\n<meta name=\"twitter:label1\" content=\"Geschrieben von\" \/>\n\t<meta name=\"twitter:data1\" content=\"Nele Heinevetter\" \/>\n<script type=\"application\/ld+json\" class=\"yoast-schema-graph\">{\"@context\":\"https:\/\/schema.org\",\"@graph\":[{\"@type\":\"WebPage\",\"@id\":\"https:\/\/blog.zeit.de\/filter\/2011\/02\/11\/das-grimmuseum-startet-eine-neue-serie\/\",\"url\":\"https:\/\/blog.zeit.de\/filter\/2011\/02\/11\/das-grimmuseum-startet-eine-neue-serie\/\",\"name\":\"Das Grimmuseum startet eine neue Serie - Filter\",\"isPartOf\":{\"@id\":\"https:\/\/blog.zeit.de\/filter\/#website\"},\"datePublished\":\"2011-02-11T09:00:40+00:00\",\"dateModified\":\"2011-02-11T13:20:14+00:00\",\"author\":{\"@id\":\"https:\/\/blog.zeit.de\/filter\/#\/schema\/person\/d7928a2c1d5a2125ff00961ba8a0316b\"},\"breadcrumb\":{\"@id\":\"https:\/\/blog.zeit.de\/filter\/2011\/02\/11\/das-grimmuseum-startet-eine-neue-serie\/#breadcrumb\"},\"inLanguage\":\"de\",\"potentialAction\":[{\"@type\":\"ReadAction\",\"target\":[\"https:\/\/blog.zeit.de\/filter\/2011\/02\/11\/das-grimmuseum-startet-eine-neue-serie\/\"]}]},{\"@type\":\"BreadcrumbList\",\"@id\":\"https:\/\/blog.zeit.de\/filter\/2011\/02\/11\/das-grimmuseum-startet-eine-neue-serie\/#breadcrumb\",\"itemListElement\":[{\"@type\":\"ListItem\",\"position\":1,\"name\":\"Startseite\",\"item\":\"https:\/\/blog.zeit.de\/filter\/\"},{\"@type\":\"ListItem\",\"position\":2,\"name\":\"Das Grimmuseum startet eine neue Serie\"}]},{\"@type\":\"WebSite\",\"@id\":\"https:\/\/blog.zeit.de\/filter\/#website\",\"url\":\"https:\/\/blog.zeit.de\/filter\/\",\"name\":\"Filter\",\"description\":\"Das Kunstblog\",\"potentialAction\":[{\"@type\":\"SearchAction\",\"target\":{\"@type\":\"EntryPoint\",\"urlTemplate\":\"https:\/\/blog.zeit.de\/filter\/?s={search_term_string}\"},\"query-input\":\"required name=search_term_string\"}],\"inLanguage\":\"de\"},{\"@type\":\"Person\",\"@id\":\"https:\/\/blog.zeit.de\/filter\/#\/schema\/person\/d7928a2c1d5a2125ff00961ba8a0316b\",\"name\":\"Nele Heinevetter\",\"image\":{\"@type\":\"ImageObject\",\"inLanguage\":\"de\",\"@id\":\"https:\/\/blog.zeit.de\/filter\/#\/schema\/person\/image\/\",\"url\":\"https:\/\/secure.gravatar.com\/avatar\/aa3bcb0644f77a94d940f671a5eb85819ec45ca2163a2626017a8ccf34686336?s=96&d=mm&r=g\",\"contentUrl\":\"https:\/\/secure.gravatar.com\/avatar\/aa3bcb0644f77a94d940f671a5eb85819ec45ca2163a2626017a8ccf34686336?s=96&d=mm&r=g\",\"caption\":\"Nele Heinevetter\"},\"url\":\"https:\/\/blog.zeit.de\/filter\/author\/nele-heinevetter\/\"}]}<\/script>\n<!-- \/ Yoast SEO plugin. -->","yoast_head_json":{"title":"Das Grimmuseum startet eine neue Serie - Filter","robots":{"index":"index","follow":"follow","max-snippet":"max-snippet:-1","max-image-preview":"max-image-preview:large","max-video-preview":"max-video-preview:-1"},"canonical":"https:\/\/blog.zeit.de\/filter\/2011\/02\/11\/das-grimmuseum-startet-eine-neue-serie\/","og_locale":"de_DE","og_type":"article","og_title":"Das Grimmuseum startet eine neue Serie - Filter","og_description":"Den Anfang macht Felisa Funes mit ihrer Ausstellung My Mare is Holding Down the Floor. &#8222;Grimm Solo&#8220; stellt von nun an im dreiw\u00f6chentlichen Rhythmus junge K\u00fcnstler und ihre neuen Arbeiten vor. F\u00fcr Felisa Funes ist es die erste Soloausstellung in Berlin; sie verwandelt die R\u00e4ume des Grimmuseums in eine Installation aus gro\u00dfformatigen, sakral anmutenden Digitalprints [&hellip;]","og_url":"https:\/\/blog.zeit.de\/filter\/2011\/02\/11\/das-grimmuseum-startet-eine-neue-serie\/","og_site_name":"Filter","article_published_time":"2011-02-11T09:00:40+00:00","article_modified_time":"2011-02-11T13:20:14+00:00","og_image":[{"url":"https:\/\/blog.zeit.de\/filter\/files\/2011\/02\/felisa.jpg"}],"author":"Nele Heinevetter","twitter_card":"summary_large_image","twitter_misc":{"Geschrieben von":"Nele Heinevetter"},"schema":{"@context":"https:\/\/schema.org","@graph":[{"@type":"WebPage","@id":"https:\/\/blog.zeit.de\/filter\/2011\/02\/11\/das-grimmuseum-startet-eine-neue-serie\/","url":"https:\/\/blog.zeit.de\/filter\/2011\/02\/11\/das-grimmuseum-startet-eine-neue-serie\/","name":"Das Grimmuseum startet eine neue Serie - Filter","isPartOf":{"@id":"https:\/\/blog.zeit.de\/filter\/#website"},"datePublished":"2011-02-11T09:00:40+00:00","dateModified":"2011-02-11T13:20:14+00:00","author":{"@id":"https:\/\/blog.zeit.de\/filter\/#\/schema\/person\/d7928a2c1d5a2125ff00961ba8a0316b"},"breadcrumb":{"@id":"https:\/\/blog.zeit.de\/filter\/2011\/02\/11\/das-grimmuseum-startet-eine-neue-serie\/#breadcrumb"},"inLanguage":"de","potentialAction":[{"@type":"ReadAction","target":["https:\/\/blog.zeit.de\/filter\/2011\/02\/11\/das-grimmuseum-startet-eine-neue-serie\/"]}]},{"@type":"BreadcrumbList","@id":"https:\/\/blog.zeit.de\/filter\/2011\/02\/11\/das-grimmuseum-startet-eine-neue-serie\/#breadcrumb","itemListElement":[{"@type":"ListItem","position":1,"name":"Startseite","item":"https:\/\/blog.zeit.de\/filter\/"},{"@type":"ListItem","position":2,"name":"Das Grimmuseum startet eine neue Serie"}]},{"@type":"WebSite","@id":"https:\/\/blog.zeit.de\/filter\/#website","url":"https:\/\/blog.zeit.de\/filter\/","name":"Filter","description":"Das Kunstblog","potentialAction":[{"@type":"SearchAction","target":{"@type":"EntryPoint","urlTemplate":"https:\/\/blog.zeit.de\/filter\/?s={search_term_string}"},"query-input":"required name=search_term_string"}],"inLanguage":"de"},{"@type":"Person","@id":"https:\/\/blog.zeit.de\/filter\/#\/schema\/person\/d7928a2c1d5a2125ff00961ba8a0316b","name":"Nele Heinevetter","image":{"@type":"ImageObject","inLanguage":"de","@id":"https:\/\/blog.zeit.de\/filter\/#\/schema\/person\/image\/","url":"https:\/\/secure.gravatar.com\/avatar\/aa3bcb0644f77a94d940f671a5eb85819ec45ca2163a2626017a8ccf34686336?s=96&d=mm&r=g","contentUrl":"https:\/\/secure.gravatar.com\/avatar\/aa3bcb0644f77a94d940f671a5eb85819ec45ca2163a2626017a8ccf34686336?s=96&d=mm&r=g","caption":"Nele Heinevetter"},"url":"https:\/\/blog.zeit.de\/filter\/author\/nele-heinevetter\/"}]}},"jetpack_featured_media_url":"","_links":{"self":[{"href":"https:\/\/blog.zeit.de\/filter\/wp-json\/wp\/v2\/posts\/4772","targetHints":{"allow":["GET"]}}],"collection":[{"href":"https:\/\/blog.zeit.de\/filter\/wp-json\/wp\/v2\/posts"}],"about":[{"href":"https:\/\/blog.zeit.de\/filter\/wp-json\/wp\/v2\/types\/post"}],"author":[{"embeddable":true,"href":"https:\/\/blog.zeit.de\/filter\/wp-json\/wp\/v2\/users\/306"}],"replies":[{"embeddable":true,"href":"https:\/\/blog.zeit.de\/filter\/wp-json\/wp\/v2\/comments?post=4772"}],"version-history":[{"count":18,"href":"https:\/\/blog.zeit.de\/filter\/wp-json\/wp\/v2\/posts\/4772\/revisions"}],"predecessor-version":[{"id":4930,"href":"https:\/\/blog.zeit.de\/filter\/wp-json\/wp\/v2\/posts\/4772\/revisions\/4930"}],"wp:attachment":[{"href":"https:\/\/blog.zeit.de\/filter\/wp-json\/wp\/v2\/media?parent=4772"}],"wp:term":[{"taxonomy":"category","embeddable":true,"href":"https:\/\/blog.zeit.de\/filter\/wp-json\/wp\/v2\/categories?post=4772"},{"taxonomy":"post_tag","embeddable":true,"href":"https:\/\/blog.zeit.de\/filter\/wp-json\/wp\/v2\/tags?post=4772"}],"curies":[{"name":"wp","href":"https:\/\/api.w.org\/{rel}","templated":true}]}}