{"id":4797,"date":"2011-02-11T10:01:59","date_gmt":"2011-02-11T09:01:59","guid":{"rendered":"http:\/\/blog.zeit.de\/filter\/?p=4797"},"modified":"2011-02-11T10:14:34","modified_gmt":"2011-02-11T09:14:34","slug":"das-jahr-des-magischen-denkens","status":"publish","type":"post","link":"https:\/\/blog.zeit.de\/filter\/2011\/02\/11\/das-jahr-des-magischen-denkens\/","title":{"rendered":"Das \u00dcberleben \u00fcberleben"},"content":{"rendered":"<p><em> <\/em><\/p>\n<p><figure id=\"attachment_4808\" aria-describedby=\"caption-attachment-4808\" style=\"width: 540px\" class=\"wp-caption alignleft\"><img loading=\"lazy\" decoding=\"async\" class=\"size-full wp-image-4808\" title=\"Barbara Schnitzler \u00a9 Arno Declair\" src=\"https:\/\/blog.zeit.de\/filter\/files\/2011\/02\/didion-.jpg\" alt=\"\" width=\"540\" height=\"304\" srcset=\"https:\/\/blog.zeit.de\/filter\/files\/2011\/02\/didion-.jpg 540w, https:\/\/blog.zeit.de\/filter\/files\/2011\/02\/didion--300x168.jpg 300w\" sizes=\"auto, (max-width: 540px) 100vw, 540px\" \/><figcaption id=\"caption-attachment-4808\" class=\"wp-caption-text\">Barbara Schnitzler \u00a9 Arno Declair<\/figcaption><\/figure><\/p>\n<p><strong>Gabriele Heinz inszeniert <\/strong><a href=\"http:\/\/www.deutschestheater.de\/home\/the_year_of_magical_thinking\/\" target=\"_blank\"><strong><em>Das Jahr magischen Denkens<\/em><\/strong><\/a><em><strong> <\/strong><\/em><strong>von Joan Didion am <a href=\"http:\/\/www.deutschestheater.de\/home\/\" target=\"_blank\">Deutschen Theater<\/a><\/strong><strong>.<\/strong><\/p>\n<p>Das Anstehen f\u00fcr Restkarten des Box Spezial d\u00fcrfte sich lohnen. Joan Didion hat die B\u00fchnenfassung ihres Buches selbst entwickelt.<\/p>\n<p>In <em>Das Jahr des magischen Denkens<\/em> (2006) schildert die amerikanische Schriftstellerin den Irrsinn ihrer Trauerzeit. Didions Mann stirbt beim Zubereiten des Abendessens an einem Herzinfarkt. Das Ehepaar kommt gerade von der Intensivstation, wo ihre Tochter nach einer Lungenentz\u00fcndung ums \u00dcberleben k\u00e4mpft.<\/p>\n<p>Nach einem neunmonatigem Schock beginnt Didion wieder zu schreiben, \u00fcber ihre Partnerschaft, die Krankengeschichte der Tochter und ihre verzweifelten Versuche die Trauer zu verdr\u00e4ngen. Schonungslos und selbstkritisch beschreibt sie, wie ihr Verstand mit der unbegreiflichen Tatsache k\u00e4mpft. Ihre klugen, pers\u00f6nlichen Schilderungen sind von gro\u00dfer Intensit\u00e4t.<\/p>\n<p>Die Tochter stirbt kurz nach Erscheinen des Buches. Im <a href=\"http:\/\/www.zeit.de\/2006\/38\/Didion-Interview\" target=\"_blank\">Interview mit der <\/a><em><a href=\"http:\/\/www.zeit.de\/2006\/38\/Didion-Interview\" target=\"_blank\">ZEIT<\/a> <\/em>spricht Didion dar\u00fcber, wie sie den \u00a0Schmerz \u00fcberlebt hat.<\/p>\n<p><strong>20.30 Uhr | 12. Februar 2011<\/strong> | <a href=\"http:\/\/www.deutschestheater.de\/home\/\" target=\"_blank\">Deutsches Theater<\/a> | Schumannstra\u00dfe 13a |\u00a0Berlin Mitte<\/p>\n","protected":false},"excerpt":{"rendered":"<p>Gabriele Heinz inszeniert Das Jahr magischen Denkens von Joan Didion am Deutschen Theater. Das Anstehen f\u00fcr Restkarten des Box Spezial d\u00fcrfte sich lohnen. Joan Didion hat die B\u00fchnenfassung ihres Buches selbst entwickelt. In Das Jahr des magischen Denkens (2006) schildert die amerikanische Schriftstellerin den Irrsinn ihrer Trauerzeit. Didions Mann stirbt beim Zubereiten des Abendessens an [&hellip;]<\/p>\n","protected":false},"author":306,"featured_media":0,"comment_status":"open","ping_status":"open","sticky":false,"template":"","format":"standard","meta":{"footnotes":""},"categories":[8163,1915],"tags":[],"class_list":["post-4797","post","type-post","status-publish","format-standard","hentry","category-berlin-mitte","category-theater"],"yoast_head":"<!-- This site is optimized with the Yoast SEO plugin v21.0 - https:\/\/yoast.com\/wordpress\/plugins\/seo\/ -->\n<title>Das \u00dcberleben \u00fcberleben - Filter<\/title>\n<meta name=\"robots\" content=\"index, follow, max-snippet:-1, max-image-preview:large, max-video-preview:-1\" \/>\n<link rel=\"canonical\" href=\"https:\/\/blog.zeit.de\/filter\/2011\/02\/11\/das-jahr-des-magischen-denkens\/\" \/>\n<meta property=\"og:locale\" content=\"de_DE\" \/>\n<meta property=\"og:type\" content=\"article\" \/>\n<meta property=\"og:title\" content=\"Das \u00dcberleben \u00fcberleben - Filter\" \/>\n<meta property=\"og:description\" content=\"Gabriele Heinz inszeniert Das Jahr magischen Denkens von Joan Didion am Deutschen Theater. Das Anstehen f\u00fcr Restkarten des Box Spezial d\u00fcrfte sich lohnen. Joan Didion hat die B\u00fchnenfassung ihres Buches selbst entwickelt. In Das Jahr des magischen Denkens (2006) schildert die amerikanische Schriftstellerin den Irrsinn ihrer Trauerzeit. Didions Mann stirbt beim Zubereiten des Abendessens an [&hellip;]\" \/>\n<meta property=\"og:url\" content=\"https:\/\/blog.zeit.de\/filter\/2011\/02\/11\/das-jahr-des-magischen-denkens\/\" \/>\n<meta property=\"og:site_name\" content=\"Filter\" \/>\n<meta property=\"article:published_time\" content=\"2011-02-11T09:01:59+00:00\" \/>\n<meta property=\"article:modified_time\" content=\"2011-02-11T09:14:34+00:00\" \/>\n<meta property=\"og:image\" content=\"https:\/\/blog.zeit.de\/filter\/files\/2011\/02\/didion-.jpg\" \/>\n<meta name=\"author\" content=\"Nele Heinevetter\" \/>\n<meta name=\"twitter:card\" content=\"summary_large_image\" \/>\n<meta name=\"twitter:label1\" content=\"Geschrieben von\" \/>\n\t<meta name=\"twitter:data1\" content=\"Nele Heinevetter\" \/>\n\t<meta name=\"twitter:label2\" content=\"Gesch\u00e4tzte Lesezeit\" \/>\n\t<meta name=\"twitter:data2\" content=\"1\u00a0Minute\" \/>\n<script type=\"application\/ld+json\" class=\"yoast-schema-graph\">{\"@context\":\"https:\/\/schema.org\",\"@graph\":[{\"@type\":\"WebPage\",\"@id\":\"https:\/\/blog.zeit.de\/filter\/2011\/02\/11\/das-jahr-des-magischen-denkens\/\",\"url\":\"https:\/\/blog.zeit.de\/filter\/2011\/02\/11\/das-jahr-des-magischen-denkens\/\",\"name\":\"Das \u00dcberleben \u00fcberleben - Filter\",\"isPartOf\":{\"@id\":\"https:\/\/blog.zeit.de\/filter\/#website\"},\"datePublished\":\"2011-02-11T09:01:59+00:00\",\"dateModified\":\"2011-02-11T09:14:34+00:00\",\"author\":{\"@id\":\"https:\/\/blog.zeit.de\/filter\/#\/schema\/person\/d7928a2c1d5a2125ff00961ba8a0316b\"},\"breadcrumb\":{\"@id\":\"https:\/\/blog.zeit.de\/filter\/2011\/02\/11\/das-jahr-des-magischen-denkens\/#breadcrumb\"},\"inLanguage\":\"de\",\"potentialAction\":[{\"@type\":\"ReadAction\",\"target\":[\"https:\/\/blog.zeit.de\/filter\/2011\/02\/11\/das-jahr-des-magischen-denkens\/\"]}]},{\"@type\":\"BreadcrumbList\",\"@id\":\"https:\/\/blog.zeit.de\/filter\/2011\/02\/11\/das-jahr-des-magischen-denkens\/#breadcrumb\",\"itemListElement\":[{\"@type\":\"ListItem\",\"position\":1,\"name\":\"Startseite\",\"item\":\"https:\/\/blog.zeit.de\/filter\/\"},{\"@type\":\"ListItem\",\"position\":2,\"name\":\"Das \u00dcberleben \u00fcberleben\"}]},{\"@type\":\"WebSite\",\"@id\":\"https:\/\/blog.zeit.de\/filter\/#website\",\"url\":\"https:\/\/blog.zeit.de\/filter\/\",\"name\":\"Filter\",\"description\":\"Das Kunstblog\",\"potentialAction\":[{\"@type\":\"SearchAction\",\"target\":{\"@type\":\"EntryPoint\",\"urlTemplate\":\"https:\/\/blog.zeit.de\/filter\/?s={search_term_string}\"},\"query-input\":\"required name=search_term_string\"}],\"inLanguage\":\"de\"},{\"@type\":\"Person\",\"@id\":\"https:\/\/blog.zeit.de\/filter\/#\/schema\/person\/d7928a2c1d5a2125ff00961ba8a0316b\",\"name\":\"Nele Heinevetter\",\"image\":{\"@type\":\"ImageObject\",\"inLanguage\":\"de\",\"@id\":\"https:\/\/blog.zeit.de\/filter\/#\/schema\/person\/image\/\",\"url\":\"https:\/\/secure.gravatar.com\/avatar\/aa3bcb0644f77a94d940f671a5eb85819ec45ca2163a2626017a8ccf34686336?s=96&d=mm&r=g\",\"contentUrl\":\"https:\/\/secure.gravatar.com\/avatar\/aa3bcb0644f77a94d940f671a5eb85819ec45ca2163a2626017a8ccf34686336?s=96&d=mm&r=g\",\"caption\":\"Nele Heinevetter\"},\"url\":\"https:\/\/blog.zeit.de\/filter\/author\/nele-heinevetter\/\"}]}<\/script>\n<!-- \/ Yoast SEO plugin. -->","yoast_head_json":{"title":"Das \u00dcberleben \u00fcberleben - Filter","robots":{"index":"index","follow":"follow","max-snippet":"max-snippet:-1","max-image-preview":"max-image-preview:large","max-video-preview":"max-video-preview:-1"},"canonical":"https:\/\/blog.zeit.de\/filter\/2011\/02\/11\/das-jahr-des-magischen-denkens\/","og_locale":"de_DE","og_type":"article","og_title":"Das \u00dcberleben \u00fcberleben - Filter","og_description":"Gabriele Heinz inszeniert Das Jahr magischen Denkens von Joan Didion am Deutschen Theater. Das Anstehen f\u00fcr Restkarten des Box Spezial d\u00fcrfte sich lohnen. Joan Didion hat die B\u00fchnenfassung ihres Buches selbst entwickelt. In Das Jahr des magischen Denkens (2006) schildert die amerikanische Schriftstellerin den Irrsinn ihrer Trauerzeit. Didions Mann stirbt beim Zubereiten des Abendessens an [&hellip;]","og_url":"https:\/\/blog.zeit.de\/filter\/2011\/02\/11\/das-jahr-des-magischen-denkens\/","og_site_name":"Filter","article_published_time":"2011-02-11T09:01:59+00:00","article_modified_time":"2011-02-11T09:14:34+00:00","og_image":[{"url":"https:\/\/blog.zeit.de\/filter\/files\/2011\/02\/didion-.jpg"}],"author":"Nele Heinevetter","twitter_card":"summary_large_image","twitter_misc":{"Geschrieben von":"Nele Heinevetter","Gesch\u00e4tzte Lesezeit":"1\u00a0Minute"},"schema":{"@context":"https:\/\/schema.org","@graph":[{"@type":"WebPage","@id":"https:\/\/blog.zeit.de\/filter\/2011\/02\/11\/das-jahr-des-magischen-denkens\/","url":"https:\/\/blog.zeit.de\/filter\/2011\/02\/11\/das-jahr-des-magischen-denkens\/","name":"Das \u00dcberleben \u00fcberleben - Filter","isPartOf":{"@id":"https:\/\/blog.zeit.de\/filter\/#website"},"datePublished":"2011-02-11T09:01:59+00:00","dateModified":"2011-02-11T09:14:34+00:00","author":{"@id":"https:\/\/blog.zeit.de\/filter\/#\/schema\/person\/d7928a2c1d5a2125ff00961ba8a0316b"},"breadcrumb":{"@id":"https:\/\/blog.zeit.de\/filter\/2011\/02\/11\/das-jahr-des-magischen-denkens\/#breadcrumb"},"inLanguage":"de","potentialAction":[{"@type":"ReadAction","target":["https:\/\/blog.zeit.de\/filter\/2011\/02\/11\/das-jahr-des-magischen-denkens\/"]}]},{"@type":"BreadcrumbList","@id":"https:\/\/blog.zeit.de\/filter\/2011\/02\/11\/das-jahr-des-magischen-denkens\/#breadcrumb","itemListElement":[{"@type":"ListItem","position":1,"name":"Startseite","item":"https:\/\/blog.zeit.de\/filter\/"},{"@type":"ListItem","position":2,"name":"Das \u00dcberleben \u00fcberleben"}]},{"@type":"WebSite","@id":"https:\/\/blog.zeit.de\/filter\/#website","url":"https:\/\/blog.zeit.de\/filter\/","name":"Filter","description":"Das Kunstblog","potentialAction":[{"@type":"SearchAction","target":{"@type":"EntryPoint","urlTemplate":"https:\/\/blog.zeit.de\/filter\/?s={search_term_string}"},"query-input":"required name=search_term_string"}],"inLanguage":"de"},{"@type":"Person","@id":"https:\/\/blog.zeit.de\/filter\/#\/schema\/person\/d7928a2c1d5a2125ff00961ba8a0316b","name":"Nele Heinevetter","image":{"@type":"ImageObject","inLanguage":"de","@id":"https:\/\/blog.zeit.de\/filter\/#\/schema\/person\/image\/","url":"https:\/\/secure.gravatar.com\/avatar\/aa3bcb0644f77a94d940f671a5eb85819ec45ca2163a2626017a8ccf34686336?s=96&d=mm&r=g","contentUrl":"https:\/\/secure.gravatar.com\/avatar\/aa3bcb0644f77a94d940f671a5eb85819ec45ca2163a2626017a8ccf34686336?s=96&d=mm&r=g","caption":"Nele Heinevetter"},"url":"https:\/\/blog.zeit.de\/filter\/author\/nele-heinevetter\/"}]}},"jetpack_featured_media_url":"","_links":{"self":[{"href":"https:\/\/blog.zeit.de\/filter\/wp-json\/wp\/v2\/posts\/4797","targetHints":{"allow":["GET"]}}],"collection":[{"href":"https:\/\/blog.zeit.de\/filter\/wp-json\/wp\/v2\/posts"}],"about":[{"href":"https:\/\/blog.zeit.de\/filter\/wp-json\/wp\/v2\/types\/post"}],"author":[{"embeddable":true,"href":"https:\/\/blog.zeit.de\/filter\/wp-json\/wp\/v2\/users\/306"}],"replies":[{"embeddable":true,"href":"https:\/\/blog.zeit.de\/filter\/wp-json\/wp\/v2\/comments?post=4797"}],"version-history":[{"count":11,"href":"https:\/\/blog.zeit.de\/filter\/wp-json\/wp\/v2\/posts\/4797\/revisions"}],"predecessor-version":[{"id":4861,"href":"https:\/\/blog.zeit.de\/filter\/wp-json\/wp\/v2\/posts\/4797\/revisions\/4861"}],"wp:attachment":[{"href":"https:\/\/blog.zeit.de\/filter\/wp-json\/wp\/v2\/media?parent=4797"}],"wp:term":[{"taxonomy":"category","embeddable":true,"href":"https:\/\/blog.zeit.de\/filter\/wp-json\/wp\/v2\/categories?post=4797"},{"taxonomy":"post_tag","embeddable":true,"href":"https:\/\/blog.zeit.de\/filter\/wp-json\/wp\/v2\/tags?post=4797"}],"curies":[{"name":"wp","href":"https:\/\/api.w.org\/{rel}","templated":true}]}}