{"id":4802,"date":"2011-02-11T10:02:47","date_gmt":"2011-02-11T09:02:47","guid":{"rendered":"http:\/\/blog.zeit.de\/filter\/?p=4802"},"modified":"2011-02-11T12:03:48","modified_gmt":"2011-02-11T11:03:48","slug":"tod-eines-superhelden","status":"publish","type":"post","link":"https:\/\/blog.zeit.de\/filter\/2011\/02\/11\/tod-eines-superhelden\/","title":{"rendered":"Superhelden am Ballhaus Naunynstra\u00dfe"},"content":{"rendered":"<p><figure id=\"attachment_4890\" aria-describedby=\"caption-attachment-4890\" style=\"width: 180px\" class=\"wp-caption alignleft\"><img loading=\"lazy\" decoding=\"async\" class=\"size-full wp-image-4890\" title=\"\u00a9 Ute Langkafel\/Mai.Foto\" src=\"https:\/\/blog.zeit.de\/filter\/files\/2011\/02\/helden.jpg\" alt=\"\" width=\"180\" height=\"240\" \/><figcaption id=\"caption-attachment-4890\" class=\"wp-caption-text\">\u00a9 Ute Langkafel\/Mai.Foto<\/figcaption><\/figure><\/p>\n<p><strong>Die akademie der autodidakten pr\u00e4sentiert<\/strong><em><strong> <\/strong><a href=\"http:\/\/www.ballhausnaunynstrasse.de\/index.php?id=21&amp;evt=348&amp;L=\" target=\"_blank\"><strong>Tod eines Superhelden<\/strong><\/a><strong>.<\/strong><\/em><\/p>\n<p>Das Projekt <em>akademie der autodidakten<\/em> vernetzt meist jugendliche Protagonisten mit lokalen und internationalen K\u00fcnstlern. Im Rahmen des Theaterworkshops entwickeln sie am und f\u00fcr das Ballhaus Naunystra\u00dfe gemeinsam neue Produktionen. Am Wochenende hat der\u00a0<em>Tod eines Superhelden<\/em> Premiere, inszeniert von Cem Sultan Ungan, nach einem St\u00fcck von Marianna Salzmann und Deniz Utlu.<\/p>\n<p>Darum geht&#8217;s: In den Sechzigern war die Welt der Superhelden noch in Ordnung. Heute schimpft man sie unangepasst, die Wirtschaft nutzt sie als Werbetr\u00e4ger. Nachdem den Superhelden A auch noch seine Normalo-Freundin verlassen hat, m\u00f6chte er seinem Leben ein Ende setzen \u2013 was bei Superhelden bekanntlich gar nicht so einfach ist.<\/p>\n<p>Nach der Premiere l\u00e4uft die experimentelle Dokumentation <em><a href=\"http:\/\/www.ballhausnaunynstrasse.de\/index.php?id=21&amp;evt=349\" target=\"_blank\">Fake Fiction Real<\/a><\/em> \u00fcber die &#8222;postmigrantische Identit\u00e4tssuche&#8220; junger t\u00fcrkischst\u00e4mmiger Menschen in Berlin. Der Regisseur Neco \u00c7elik suchte mit Jugendlichen nach Orten in Kreuzberg 36, die sie gepr\u00e4gt haben.<\/p>\n<p><strong>19 Uhr | 12.-14. Februar 2011<\/strong> | <a href=\":\/\/www.ballhausnaunynstrasse.de\/\" target=\"_blank\">Ballhaus Naunynstra\u00dfe<\/a> | Naunynstr. 27 | Berlin Kreuzberg<\/p>\n","protected":false},"excerpt":{"rendered":"<p>Die akademie der autodidakten pr\u00e4sentiert Tod eines Superhelden. Das Projekt akademie der autodidakten vernetzt meist jugendliche Protagonisten mit lokalen und internationalen K\u00fcnstlern. Im Rahmen des Theaterworkshops entwickeln sie am und f\u00fcr das Ballhaus Naunystra\u00dfe gemeinsam neue Produktionen. Am Wochenende hat der\u00a0Tod eines Superhelden Premiere, inszeniert von Cem Sultan Ungan, nach einem St\u00fcck von Marianna Salzmann [&hellip;]<\/p>\n","protected":false},"author":306,"featured_media":0,"comment_status":"open","ping_status":"open","sticky":false,"template":"","format":"standard","meta":{"footnotes":""},"categories":[8172,1915],"tags":[],"class_list":["post-4802","post","type-post","status-publish","format-standard","hentry","category-berlin-kreuzberg","category-theater"],"yoast_head":"<!-- This site is optimized with the Yoast SEO plugin v21.0 - https:\/\/yoast.com\/wordpress\/plugins\/seo\/ -->\n<title>Superhelden am Ballhaus Naunynstra\u00dfe - Filter<\/title>\n<meta name=\"robots\" content=\"index, follow, max-snippet:-1, max-image-preview:large, max-video-preview:-1\" \/>\n<link rel=\"canonical\" href=\"https:\/\/blog.zeit.de\/filter\/2011\/02\/11\/tod-eines-superhelden\/\" \/>\n<meta property=\"og:locale\" content=\"de_DE\" \/>\n<meta property=\"og:type\" content=\"article\" \/>\n<meta property=\"og:title\" content=\"Superhelden am Ballhaus Naunynstra\u00dfe - Filter\" \/>\n<meta property=\"og:description\" content=\"Die akademie der autodidakten pr\u00e4sentiert Tod eines Superhelden. Das Projekt akademie der autodidakten vernetzt meist jugendliche Protagonisten mit lokalen und internationalen K\u00fcnstlern. Im Rahmen des Theaterworkshops entwickeln sie am und f\u00fcr das Ballhaus Naunystra\u00dfe gemeinsam neue Produktionen. Am Wochenende hat der\u00a0Tod eines Superhelden Premiere, inszeniert von Cem Sultan Ungan, nach einem St\u00fcck von Marianna Salzmann [&hellip;]\" \/>\n<meta property=\"og:url\" content=\"https:\/\/blog.zeit.de\/filter\/2011\/02\/11\/tod-eines-superhelden\/\" \/>\n<meta property=\"og:site_name\" content=\"Filter\" \/>\n<meta property=\"article:published_time\" content=\"2011-02-11T09:02:47+00:00\" \/>\n<meta property=\"article:modified_time\" content=\"2011-02-11T11:03:48+00:00\" \/>\n<meta property=\"og:image\" content=\"https:\/\/blog.zeit.de\/filter\/files\/2011\/02\/helden.jpg\" \/>\n<meta name=\"author\" content=\"Nele Heinevetter\" \/>\n<meta name=\"twitter:card\" content=\"summary_large_image\" \/>\n<meta name=\"twitter:label1\" content=\"Geschrieben von\" \/>\n\t<meta name=\"twitter:data1\" content=\"Nele Heinevetter\" \/>\n\t<meta name=\"twitter:label2\" content=\"Gesch\u00e4tzte Lesezeit\" \/>\n\t<meta name=\"twitter:data2\" content=\"1\u00a0Minute\" \/>\n<script type=\"application\/ld+json\" class=\"yoast-schema-graph\">{\"@context\":\"https:\/\/schema.org\",\"@graph\":[{\"@type\":\"WebPage\",\"@id\":\"https:\/\/blog.zeit.de\/filter\/2011\/02\/11\/tod-eines-superhelden\/\",\"url\":\"https:\/\/blog.zeit.de\/filter\/2011\/02\/11\/tod-eines-superhelden\/\",\"name\":\"Superhelden am Ballhaus Naunynstra\u00dfe - Filter\",\"isPartOf\":{\"@id\":\"https:\/\/blog.zeit.de\/filter\/#website\"},\"datePublished\":\"2011-02-11T09:02:47+00:00\",\"dateModified\":\"2011-02-11T11:03:48+00:00\",\"author\":{\"@id\":\"https:\/\/blog.zeit.de\/filter\/#\/schema\/person\/d7928a2c1d5a2125ff00961ba8a0316b\"},\"breadcrumb\":{\"@id\":\"https:\/\/blog.zeit.de\/filter\/2011\/02\/11\/tod-eines-superhelden\/#breadcrumb\"},\"inLanguage\":\"de\",\"potentialAction\":[{\"@type\":\"ReadAction\",\"target\":[\"https:\/\/blog.zeit.de\/filter\/2011\/02\/11\/tod-eines-superhelden\/\"]}]},{\"@type\":\"BreadcrumbList\",\"@id\":\"https:\/\/blog.zeit.de\/filter\/2011\/02\/11\/tod-eines-superhelden\/#breadcrumb\",\"itemListElement\":[{\"@type\":\"ListItem\",\"position\":1,\"name\":\"Startseite\",\"item\":\"https:\/\/blog.zeit.de\/filter\/\"},{\"@type\":\"ListItem\",\"position\":2,\"name\":\"Superhelden am Ballhaus Naunynstra\u00dfe\"}]},{\"@type\":\"WebSite\",\"@id\":\"https:\/\/blog.zeit.de\/filter\/#website\",\"url\":\"https:\/\/blog.zeit.de\/filter\/\",\"name\":\"Filter\",\"description\":\"Das Kunstblog\",\"potentialAction\":[{\"@type\":\"SearchAction\",\"target\":{\"@type\":\"EntryPoint\",\"urlTemplate\":\"https:\/\/blog.zeit.de\/filter\/?s={search_term_string}\"},\"query-input\":\"required name=search_term_string\"}],\"inLanguage\":\"de\"},{\"@type\":\"Person\",\"@id\":\"https:\/\/blog.zeit.de\/filter\/#\/schema\/person\/d7928a2c1d5a2125ff00961ba8a0316b\",\"name\":\"Nele Heinevetter\",\"image\":{\"@type\":\"ImageObject\",\"inLanguage\":\"de\",\"@id\":\"https:\/\/blog.zeit.de\/filter\/#\/schema\/person\/image\/\",\"url\":\"https:\/\/secure.gravatar.com\/avatar\/aa3bcb0644f77a94d940f671a5eb85819ec45ca2163a2626017a8ccf34686336?s=96&d=mm&r=g\",\"contentUrl\":\"https:\/\/secure.gravatar.com\/avatar\/aa3bcb0644f77a94d940f671a5eb85819ec45ca2163a2626017a8ccf34686336?s=96&d=mm&r=g\",\"caption\":\"Nele Heinevetter\"},\"url\":\"https:\/\/blog.zeit.de\/filter\/author\/nele-heinevetter\/\"}]}<\/script>\n<!-- \/ Yoast SEO plugin. -->","yoast_head_json":{"title":"Superhelden am Ballhaus Naunynstra\u00dfe - Filter","robots":{"index":"index","follow":"follow","max-snippet":"max-snippet:-1","max-image-preview":"max-image-preview:large","max-video-preview":"max-video-preview:-1"},"canonical":"https:\/\/blog.zeit.de\/filter\/2011\/02\/11\/tod-eines-superhelden\/","og_locale":"de_DE","og_type":"article","og_title":"Superhelden am Ballhaus Naunynstra\u00dfe - Filter","og_description":"Die akademie der autodidakten pr\u00e4sentiert Tod eines Superhelden. Das Projekt akademie der autodidakten vernetzt meist jugendliche Protagonisten mit lokalen und internationalen K\u00fcnstlern. Im Rahmen des Theaterworkshops entwickeln sie am und f\u00fcr das Ballhaus Naunystra\u00dfe gemeinsam neue Produktionen. Am Wochenende hat der\u00a0Tod eines Superhelden Premiere, inszeniert von Cem Sultan Ungan, nach einem St\u00fcck von Marianna Salzmann [&hellip;]","og_url":"https:\/\/blog.zeit.de\/filter\/2011\/02\/11\/tod-eines-superhelden\/","og_site_name":"Filter","article_published_time":"2011-02-11T09:02:47+00:00","article_modified_time":"2011-02-11T11:03:48+00:00","og_image":[{"url":"https:\/\/blog.zeit.de\/filter\/files\/2011\/02\/helden.jpg"}],"author":"Nele Heinevetter","twitter_card":"summary_large_image","twitter_misc":{"Geschrieben von":"Nele Heinevetter","Gesch\u00e4tzte Lesezeit":"1\u00a0Minute"},"schema":{"@context":"https:\/\/schema.org","@graph":[{"@type":"WebPage","@id":"https:\/\/blog.zeit.de\/filter\/2011\/02\/11\/tod-eines-superhelden\/","url":"https:\/\/blog.zeit.de\/filter\/2011\/02\/11\/tod-eines-superhelden\/","name":"Superhelden am Ballhaus Naunynstra\u00dfe - Filter","isPartOf":{"@id":"https:\/\/blog.zeit.de\/filter\/#website"},"datePublished":"2011-02-11T09:02:47+00:00","dateModified":"2011-02-11T11:03:48+00:00","author":{"@id":"https:\/\/blog.zeit.de\/filter\/#\/schema\/person\/d7928a2c1d5a2125ff00961ba8a0316b"},"breadcrumb":{"@id":"https:\/\/blog.zeit.de\/filter\/2011\/02\/11\/tod-eines-superhelden\/#breadcrumb"},"inLanguage":"de","potentialAction":[{"@type":"ReadAction","target":["https:\/\/blog.zeit.de\/filter\/2011\/02\/11\/tod-eines-superhelden\/"]}]},{"@type":"BreadcrumbList","@id":"https:\/\/blog.zeit.de\/filter\/2011\/02\/11\/tod-eines-superhelden\/#breadcrumb","itemListElement":[{"@type":"ListItem","position":1,"name":"Startseite","item":"https:\/\/blog.zeit.de\/filter\/"},{"@type":"ListItem","position":2,"name":"Superhelden am Ballhaus Naunynstra\u00dfe"}]},{"@type":"WebSite","@id":"https:\/\/blog.zeit.de\/filter\/#website","url":"https:\/\/blog.zeit.de\/filter\/","name":"Filter","description":"Das Kunstblog","potentialAction":[{"@type":"SearchAction","target":{"@type":"EntryPoint","urlTemplate":"https:\/\/blog.zeit.de\/filter\/?s={search_term_string}"},"query-input":"required name=search_term_string"}],"inLanguage":"de"},{"@type":"Person","@id":"https:\/\/blog.zeit.de\/filter\/#\/schema\/person\/d7928a2c1d5a2125ff00961ba8a0316b","name":"Nele Heinevetter","image":{"@type":"ImageObject","inLanguage":"de","@id":"https:\/\/blog.zeit.de\/filter\/#\/schema\/person\/image\/","url":"https:\/\/secure.gravatar.com\/avatar\/aa3bcb0644f77a94d940f671a5eb85819ec45ca2163a2626017a8ccf34686336?s=96&d=mm&r=g","contentUrl":"https:\/\/secure.gravatar.com\/avatar\/aa3bcb0644f77a94d940f671a5eb85819ec45ca2163a2626017a8ccf34686336?s=96&d=mm&r=g","caption":"Nele Heinevetter"},"url":"https:\/\/blog.zeit.de\/filter\/author\/nele-heinevetter\/"}]}},"jetpack_featured_media_url":"","_links":{"self":[{"href":"https:\/\/blog.zeit.de\/filter\/wp-json\/wp\/v2\/posts\/4802","targetHints":{"allow":["GET"]}}],"collection":[{"href":"https:\/\/blog.zeit.de\/filter\/wp-json\/wp\/v2\/posts"}],"about":[{"href":"https:\/\/blog.zeit.de\/filter\/wp-json\/wp\/v2\/types\/post"}],"author":[{"embeddable":true,"href":"https:\/\/blog.zeit.de\/filter\/wp-json\/wp\/v2\/users\/306"}],"replies":[{"embeddable":true,"href":"https:\/\/blog.zeit.de\/filter\/wp-json\/wp\/v2\/comments?post=4802"}],"version-history":[{"count":12,"href":"https:\/\/blog.zeit.de\/filter\/wp-json\/wp\/v2\/posts\/4802\/revisions"}],"predecessor-version":[{"id":4891,"href":"https:\/\/blog.zeit.de\/filter\/wp-json\/wp\/v2\/posts\/4802\/revisions\/4891"}],"wp:attachment":[{"href":"https:\/\/blog.zeit.de\/filter\/wp-json\/wp\/v2\/media?parent=4802"}],"wp:term":[{"taxonomy":"category","embeddable":true,"href":"https:\/\/blog.zeit.de\/filter\/wp-json\/wp\/v2\/categories?post=4802"},{"taxonomy":"post_tag","embeddable":true,"href":"https:\/\/blog.zeit.de\/filter\/wp-json\/wp\/v2\/tags?post=4802"}],"curies":[{"name":"wp","href":"https:\/\/api.w.org\/{rel}","templated":true}]}}