{"id":4968,"date":"2011-02-15T10:00:08","date_gmt":"2011-02-15T09:00:08","guid":{"rendered":"http:\/\/blog.zeit.de\/filter\/?p=4968"},"modified":"2011-02-15T14:37:12","modified_gmt":"2011-02-15T13:37:12","slug":"filmkonzert-waltz-with-bashir","status":"publish","type":"post","link":"https:\/\/blog.zeit.de\/filter\/2011\/02\/15\/filmkonzert-waltz-with-bashir\/","title":{"rendered":"Filmkonzert an der Volksb\u00fchne"},"content":{"rendered":"<p><figure id=\"attachment_4969\" aria-describedby=\"caption-attachment-4969\" style=\"width: 540px\" class=\"wp-caption alignleft\"><img loading=\"lazy\" decoding=\"async\" class=\"size-full wp-image-4969 \" title=\"\u00a9 Promo\" src=\"https:\/\/blog.zeit.de\/filter\/files\/2011\/02\/richter.jpg\" alt=\"\" width=\"540\" height=\"304\" srcset=\"https:\/\/blog.zeit.de\/filter\/files\/2011\/02\/richter.jpg 540w, https:\/\/blog.zeit.de\/filter\/files\/2011\/02\/richter-300x168.jpg 300w\" sizes=\"auto, (max-width: 540px) 100vw, 540px\" \/><figcaption id=\"caption-attachment-4969\" class=\"wp-caption-text\">\u00a9 Promo<\/figcaption><\/figure><\/p>\n<p><a href=\"http:\/\/www.volksb\u00fchne.com\/praxis\/musikbuehne\/?id_datum=3201\" target=\"_blank\"><strong>Max Richter und die Dresdner Sinfoniker spielen <\/strong><em><strong>Waltz with Bashir<\/strong><\/em><strong>. <\/strong><\/a><\/p>\n<p>Der preisgekr\u00f6nte Animationsfilm <em><a href=\"http:\/\/waltz-with-bashir.pandorafilm.de\/\" target=\"_blank\">Waltz With Bashir<\/a> <\/em>(2008)<em> <\/em>dokumentiert den 1982er Libanon-Krieg und insbesondere die Massaker in den pal\u00e4stinensischen Fl\u00fcchtlingslagern Sabra und Shatila. Der israelische Regisseur Ari Folman rekonstruiert\u00a0das Geschehen dabei aus der Erinnerung traumatisierter israelischer Soldaten.\u00a0Die Musik zum Film stammt vom englischen Musiker\u00a0<a href=\"http:\/\/www.maxrichter.com\/\" target=\"_blank\">Max Richter<\/a>.\u00a0Gemeinsam mit den <a href=\"http:\/\/www.dresdner-sinfoniker.de\/flash.php\" target=\"_blank\">Dresdner Sinfonikern<\/a> f\u00fchrt er seine Komposition heute an der Volksb\u00fchne auf; sie verbindet Kammermusik und Ambient.<\/p>\n<p>Als w\u00e4re das nicht schon ausreichend spannend, pr\u00e4sentiert Richter mit seinem Ensemble anschlie\u00dfend aktuelle Arbeiten. Er komponiert n\u00e4mlich nicht nur f\u00fcr Filmproduktionen, sondern auch f\u00fcr Tanztheater oder Installationen \u2013 wenn er nicht gerade Alben ver\u00f6ffentlicht.<\/p>\n<p><strong>20 Uhr | 15. Februar 2011 <\/strong>|\u00a0<a href=\"http:\/\/www.volksb\u00fchne.com\/\" target=\"_blank\">Volksb\u00fchne<\/a> | Linienstra\u00dfe 227 | Berlin Mitte<\/p>\n","protected":false},"excerpt":{"rendered":"<p>Max Richter und die Dresdner Sinfoniker spielen Waltz with Bashir. Der preisgekr\u00f6nte Animationsfilm Waltz With Bashir (2008) dokumentiert den 1982er Libanon-Krieg und insbesondere die Massaker in den pal\u00e4stinensischen Fl\u00fcchtlingslagern Sabra und Shatila. Der israelische Regisseur Ari Folman rekonstruiert\u00a0das Geschehen dabei aus der Erinnerung traumatisierter israelischer Soldaten.\u00a0Die Musik zum Film stammt vom englischen Musiker\u00a0Max Richter.\u00a0Gemeinsam mit [&hellip;]<\/p>\n","protected":false},"author":306,"featured_media":0,"comment_status":"open","ping_status":"open","sticky":false,"template":"","format":"standard","meta":{"footnotes":""},"categories":[8163,8168],"tags":[],"class_list":["post-4968","post","type-post","status-publish","format-standard","hentry","category-berlin-mitte","category-konzert"],"yoast_head":"<!-- This site is optimized with the Yoast SEO plugin v21.0 - https:\/\/yoast.com\/wordpress\/plugins\/seo\/ -->\n<title>Filmkonzert an der Volksb\u00fchne - Filter<\/title>\n<meta name=\"robots\" content=\"index, follow, max-snippet:-1, max-image-preview:large, max-video-preview:-1\" \/>\n<link rel=\"canonical\" href=\"https:\/\/blog.zeit.de\/filter\/2011\/02\/15\/filmkonzert-waltz-with-bashir\/\" \/>\n<meta property=\"og:locale\" content=\"de_DE\" \/>\n<meta property=\"og:type\" content=\"article\" \/>\n<meta property=\"og:title\" content=\"Filmkonzert an der Volksb\u00fchne - Filter\" \/>\n<meta property=\"og:description\" content=\"Max Richter und die Dresdner Sinfoniker spielen Waltz with Bashir. Der preisgekr\u00f6nte Animationsfilm Waltz With Bashir (2008) dokumentiert den 1982er Libanon-Krieg und insbesondere die Massaker in den pal\u00e4stinensischen Fl\u00fcchtlingslagern Sabra und Shatila. Der israelische Regisseur Ari Folman rekonstruiert\u00a0das Geschehen dabei aus der Erinnerung traumatisierter israelischer Soldaten.\u00a0Die Musik zum Film stammt vom englischen Musiker\u00a0Max Richter.\u00a0Gemeinsam mit [&hellip;]\" \/>\n<meta property=\"og:url\" content=\"https:\/\/blog.zeit.de\/filter\/2011\/02\/15\/filmkonzert-waltz-with-bashir\/\" \/>\n<meta property=\"og:site_name\" content=\"Filter\" \/>\n<meta property=\"article:published_time\" content=\"2011-02-15T09:00:08+00:00\" \/>\n<meta property=\"article:modified_time\" content=\"2011-02-15T13:37:12+00:00\" \/>\n<meta property=\"og:image\" content=\"https:\/\/blog.zeit.de\/filter\/files\/2011\/02\/richter.jpg\" \/>\n<meta name=\"author\" content=\"Nele Heinevetter\" \/>\n<meta name=\"twitter:card\" content=\"summary_large_image\" \/>\n<meta name=\"twitter:label1\" content=\"Geschrieben von\" \/>\n\t<meta name=\"twitter:data1\" content=\"Nele Heinevetter\" \/>\n\t<meta name=\"twitter:label2\" content=\"Gesch\u00e4tzte Lesezeit\" \/>\n\t<meta name=\"twitter:data2\" content=\"1\u00a0Minute\" \/>\n<script type=\"application\/ld+json\" class=\"yoast-schema-graph\">{\"@context\":\"https:\/\/schema.org\",\"@graph\":[{\"@type\":\"WebPage\",\"@id\":\"https:\/\/blog.zeit.de\/filter\/2011\/02\/15\/filmkonzert-waltz-with-bashir\/\",\"url\":\"https:\/\/blog.zeit.de\/filter\/2011\/02\/15\/filmkonzert-waltz-with-bashir\/\",\"name\":\"Filmkonzert an der Volksb\u00fchne - Filter\",\"isPartOf\":{\"@id\":\"https:\/\/blog.zeit.de\/filter\/#website\"},\"datePublished\":\"2011-02-15T09:00:08+00:00\",\"dateModified\":\"2011-02-15T13:37:12+00:00\",\"author\":{\"@id\":\"https:\/\/blog.zeit.de\/filter\/#\/schema\/person\/d7928a2c1d5a2125ff00961ba8a0316b\"},\"breadcrumb\":{\"@id\":\"https:\/\/blog.zeit.de\/filter\/2011\/02\/15\/filmkonzert-waltz-with-bashir\/#breadcrumb\"},\"inLanguage\":\"de\",\"potentialAction\":[{\"@type\":\"ReadAction\",\"target\":[\"https:\/\/blog.zeit.de\/filter\/2011\/02\/15\/filmkonzert-waltz-with-bashir\/\"]}]},{\"@type\":\"BreadcrumbList\",\"@id\":\"https:\/\/blog.zeit.de\/filter\/2011\/02\/15\/filmkonzert-waltz-with-bashir\/#breadcrumb\",\"itemListElement\":[{\"@type\":\"ListItem\",\"position\":1,\"name\":\"Startseite\",\"item\":\"https:\/\/blog.zeit.de\/filter\/\"},{\"@type\":\"ListItem\",\"position\":2,\"name\":\"Filmkonzert an der Volksb\u00fchne\"}]},{\"@type\":\"WebSite\",\"@id\":\"https:\/\/blog.zeit.de\/filter\/#website\",\"url\":\"https:\/\/blog.zeit.de\/filter\/\",\"name\":\"Filter\",\"description\":\"Das Kunstblog\",\"potentialAction\":[{\"@type\":\"SearchAction\",\"target\":{\"@type\":\"EntryPoint\",\"urlTemplate\":\"https:\/\/blog.zeit.de\/filter\/?s={search_term_string}\"},\"query-input\":\"required name=search_term_string\"}],\"inLanguage\":\"de\"},{\"@type\":\"Person\",\"@id\":\"https:\/\/blog.zeit.de\/filter\/#\/schema\/person\/d7928a2c1d5a2125ff00961ba8a0316b\",\"name\":\"Nele Heinevetter\",\"image\":{\"@type\":\"ImageObject\",\"inLanguage\":\"de\",\"@id\":\"https:\/\/blog.zeit.de\/filter\/#\/schema\/person\/image\/\",\"url\":\"https:\/\/secure.gravatar.com\/avatar\/aa3bcb0644f77a94d940f671a5eb85819ec45ca2163a2626017a8ccf34686336?s=96&d=mm&r=g\",\"contentUrl\":\"https:\/\/secure.gravatar.com\/avatar\/aa3bcb0644f77a94d940f671a5eb85819ec45ca2163a2626017a8ccf34686336?s=96&d=mm&r=g\",\"caption\":\"Nele Heinevetter\"},\"url\":\"https:\/\/blog.zeit.de\/filter\/author\/nele-heinevetter\/\"}]}<\/script>\n<!-- \/ Yoast SEO plugin. -->","yoast_head_json":{"title":"Filmkonzert an der Volksb\u00fchne - Filter","robots":{"index":"index","follow":"follow","max-snippet":"max-snippet:-1","max-image-preview":"max-image-preview:large","max-video-preview":"max-video-preview:-1"},"canonical":"https:\/\/blog.zeit.de\/filter\/2011\/02\/15\/filmkonzert-waltz-with-bashir\/","og_locale":"de_DE","og_type":"article","og_title":"Filmkonzert an der Volksb\u00fchne - Filter","og_description":"Max Richter und die Dresdner Sinfoniker spielen Waltz with Bashir. Der preisgekr\u00f6nte Animationsfilm Waltz With Bashir (2008) dokumentiert den 1982er Libanon-Krieg und insbesondere die Massaker in den pal\u00e4stinensischen Fl\u00fcchtlingslagern Sabra und Shatila. Der israelische Regisseur Ari Folman rekonstruiert\u00a0das Geschehen dabei aus der Erinnerung traumatisierter israelischer Soldaten.\u00a0Die Musik zum Film stammt vom englischen Musiker\u00a0Max Richter.\u00a0Gemeinsam mit [&hellip;]","og_url":"https:\/\/blog.zeit.de\/filter\/2011\/02\/15\/filmkonzert-waltz-with-bashir\/","og_site_name":"Filter","article_published_time":"2011-02-15T09:00:08+00:00","article_modified_time":"2011-02-15T13:37:12+00:00","og_image":[{"url":"https:\/\/blog.zeit.de\/filter\/files\/2011\/02\/richter.jpg"}],"author":"Nele Heinevetter","twitter_card":"summary_large_image","twitter_misc":{"Geschrieben von":"Nele Heinevetter","Gesch\u00e4tzte Lesezeit":"1\u00a0Minute"},"schema":{"@context":"https:\/\/schema.org","@graph":[{"@type":"WebPage","@id":"https:\/\/blog.zeit.de\/filter\/2011\/02\/15\/filmkonzert-waltz-with-bashir\/","url":"https:\/\/blog.zeit.de\/filter\/2011\/02\/15\/filmkonzert-waltz-with-bashir\/","name":"Filmkonzert an der Volksb\u00fchne - Filter","isPartOf":{"@id":"https:\/\/blog.zeit.de\/filter\/#website"},"datePublished":"2011-02-15T09:00:08+00:00","dateModified":"2011-02-15T13:37:12+00:00","author":{"@id":"https:\/\/blog.zeit.de\/filter\/#\/schema\/person\/d7928a2c1d5a2125ff00961ba8a0316b"},"breadcrumb":{"@id":"https:\/\/blog.zeit.de\/filter\/2011\/02\/15\/filmkonzert-waltz-with-bashir\/#breadcrumb"},"inLanguage":"de","potentialAction":[{"@type":"ReadAction","target":["https:\/\/blog.zeit.de\/filter\/2011\/02\/15\/filmkonzert-waltz-with-bashir\/"]}]},{"@type":"BreadcrumbList","@id":"https:\/\/blog.zeit.de\/filter\/2011\/02\/15\/filmkonzert-waltz-with-bashir\/#breadcrumb","itemListElement":[{"@type":"ListItem","position":1,"name":"Startseite","item":"https:\/\/blog.zeit.de\/filter\/"},{"@type":"ListItem","position":2,"name":"Filmkonzert an der Volksb\u00fchne"}]},{"@type":"WebSite","@id":"https:\/\/blog.zeit.de\/filter\/#website","url":"https:\/\/blog.zeit.de\/filter\/","name":"Filter","description":"Das Kunstblog","potentialAction":[{"@type":"SearchAction","target":{"@type":"EntryPoint","urlTemplate":"https:\/\/blog.zeit.de\/filter\/?s={search_term_string}"},"query-input":"required name=search_term_string"}],"inLanguage":"de"},{"@type":"Person","@id":"https:\/\/blog.zeit.de\/filter\/#\/schema\/person\/d7928a2c1d5a2125ff00961ba8a0316b","name":"Nele Heinevetter","image":{"@type":"ImageObject","inLanguage":"de","@id":"https:\/\/blog.zeit.de\/filter\/#\/schema\/person\/image\/","url":"https:\/\/secure.gravatar.com\/avatar\/aa3bcb0644f77a94d940f671a5eb85819ec45ca2163a2626017a8ccf34686336?s=96&d=mm&r=g","contentUrl":"https:\/\/secure.gravatar.com\/avatar\/aa3bcb0644f77a94d940f671a5eb85819ec45ca2163a2626017a8ccf34686336?s=96&d=mm&r=g","caption":"Nele Heinevetter"},"url":"https:\/\/blog.zeit.de\/filter\/author\/nele-heinevetter\/"}]}},"jetpack_featured_media_url":"","_links":{"self":[{"href":"https:\/\/blog.zeit.de\/filter\/wp-json\/wp\/v2\/posts\/4968","targetHints":{"allow":["GET"]}}],"collection":[{"href":"https:\/\/blog.zeit.de\/filter\/wp-json\/wp\/v2\/posts"}],"about":[{"href":"https:\/\/blog.zeit.de\/filter\/wp-json\/wp\/v2\/types\/post"}],"author":[{"embeddable":true,"href":"https:\/\/blog.zeit.de\/filter\/wp-json\/wp\/v2\/users\/306"}],"replies":[{"embeddable":true,"href":"https:\/\/blog.zeit.de\/filter\/wp-json\/wp\/v2\/comments?post=4968"}],"version-history":[{"count":13,"href":"https:\/\/blog.zeit.de\/filter\/wp-json\/wp\/v2\/posts\/4968\/revisions"}],"predecessor-version":[{"id":4985,"href":"https:\/\/blog.zeit.de\/filter\/wp-json\/wp\/v2\/posts\/4968\/revisions\/4985"}],"wp:attachment":[{"href":"https:\/\/blog.zeit.de\/filter\/wp-json\/wp\/v2\/media?parent=4968"}],"wp:term":[{"taxonomy":"category","embeddable":true,"href":"https:\/\/blog.zeit.de\/filter\/wp-json\/wp\/v2\/categories?post=4968"},{"taxonomy":"post_tag","embeddable":true,"href":"https:\/\/blog.zeit.de\/filter\/wp-json\/wp\/v2\/tags?post=4968"}],"curies":[{"name":"wp","href":"https:\/\/api.w.org\/{rel}","templated":true}]}}