{"id":5010,"date":"2011-02-16T11:00:09","date_gmt":"2011-02-16T10:00:09","guid":{"rendered":"http:\/\/blog.zeit.de\/filter\/?p=5010"},"modified":"2011-02-16T15:12:37","modified_gmt":"2011-02-16T14:12:37","slug":"screen-off-sound-of-cinema","status":"publish","type":"post","link":"https:\/\/blog.zeit.de\/filter\/2011\/02\/16\/screen-off-sound-of-cinema\/","title":{"rendered":"Screen Off (Sound of Cinema)"},"content":{"rendered":"<p><strong> <\/strong><\/p>\n<p><figure id=\"attachment_5015\" aria-describedby=\"caption-attachment-5015\" style=\"width: 180px\" class=\"wp-caption alignleft\"><img loading=\"lazy\" decoding=\"async\" class=\"size-full wp-image-5015 \" title=\"Tony Conrad, Yellow Movie 3\/31-4\/2\/73, 1973 \u00a9 Courtesy Galerie Daniel Buchholz, K\u00f6ln\/Berlin\" src=\"https:\/\/blog.zeit.de\/filter\/files\/2011\/02\/cinema.jpg\" alt=\"\" width=\"180\" height=\"240\" \/><figcaption id=\"caption-attachment-5015\" class=\"wp-caption-text\">Tony Conrad, Yellow Movie 3\/31-4\/2\/73, 1973 \u00a9 Courtesy Galerie Daniel Buchholz, K\u00f6ln\/Berlin<\/figcaption><\/figure><\/p>\n<p><strong>Mit <\/strong><em><a href=\"http:\/\/www.dradio.de\/dkultur\/sendungen\/klangkunst\/1367636\/\" target=\"_blank\"><strong>Action for Cinema on <\/strong><\/a><\/em><em><a href=\"http:\/\/www.dradio.de\/dkultur\/sendungen\/klangkunst\/1367636\/\" target=\"_blank\"><strong>Air (Ursendung)<\/strong><\/a><\/em><strong> versuchen sich Deutschlandradio Kultur und Forum Expanded an einer experimentellen Klangprojektion.<\/strong><\/p>\n<p>F\u00fcr 50 Minuten verwandeln die K\u00fcnstler Tony Conrad, Keren Cytter, Dani Gal\/Achim Lengerer und Natascha Sadr Haghighian\u00a0das Arsenal in den Resonanzraum eines Radioexperimentes zum Thema Klangkunst im Film. Zeigen d\u00fcrfen sie zwar nichts.\u00a0Daf\u00fcr k\u00f6nnen sich die f\u00fcnf K\u00fcnstler aus den Bereichen Audio-, Video- und Medienkunst aber akustisch austoben. Deutschlandradio Kultur \u00fcbertr\u00e4gt seine Klangprojektion ins Radio.<\/p>\n<p>Wer&#8217;s verpasst: Am 28. Februar l\u00e4uft die Wiederholung.<\/p>\n<p><strong>17.30 Uhr | 16. Februar 2011<\/strong> | Arsenal 1 | Potsdamer Stra\u00dfe 2 | Berlin Mitte<\/p>\n","protected":false},"excerpt":{"rendered":"<p>Mit Action for Cinema on Air (Ursendung) versuchen sich Deutschlandradio Kultur und Forum Expanded an einer experimentellen Klangprojektion. F\u00fcr 50 Minuten verwandeln die K\u00fcnstler Tony Conrad, Keren Cytter, Dani Gal\/Achim Lengerer und Natascha Sadr Haghighian\u00a0das Arsenal in den Resonanzraum eines Radioexperimentes zum Thema Klangkunst im Film. Zeigen d\u00fcrfen sie zwar nichts.\u00a0Daf\u00fcr k\u00f6nnen sich die f\u00fcnf [&hellip;]<\/p>\n","protected":false},"author":306,"featured_media":0,"comment_status":"open","ping_status":"open","sticky":false,"template":"","format":"standard","meta":{"footnotes":""},"categories":[8163,8168,8185,752],"tags":[],"class_list":["post-5010","post","type-post","status-publish","format-standard","hentry","category-berlin-mitte","category-konzert","category-performance","category-sonstiges"],"yoast_head":"<!-- This site is optimized with the Yoast SEO plugin v21.0 - https:\/\/yoast.com\/wordpress\/plugins\/seo\/ -->\n<title>Screen Off (Sound of Cinema) - Filter<\/title>\n<meta name=\"robots\" content=\"index, follow, max-snippet:-1, max-image-preview:large, max-video-preview:-1\" \/>\n<link rel=\"canonical\" href=\"https:\/\/blog.zeit.de\/filter\/2011\/02\/16\/screen-off-sound-of-cinema\/\" \/>\n<meta property=\"og:locale\" content=\"de_DE\" \/>\n<meta property=\"og:type\" content=\"article\" \/>\n<meta property=\"og:title\" content=\"Screen Off (Sound of Cinema) - Filter\" \/>\n<meta property=\"og:description\" content=\"Mit Action for Cinema on Air (Ursendung) versuchen sich Deutschlandradio Kultur und Forum Expanded an einer experimentellen Klangprojektion. F\u00fcr 50 Minuten verwandeln die K\u00fcnstler Tony Conrad, Keren Cytter, Dani Gal\/Achim Lengerer und Natascha Sadr Haghighian\u00a0das Arsenal in den Resonanzraum eines Radioexperimentes zum Thema Klangkunst im Film. Zeigen d\u00fcrfen sie zwar nichts.\u00a0Daf\u00fcr k\u00f6nnen sich die f\u00fcnf [&hellip;]\" \/>\n<meta property=\"og:url\" content=\"https:\/\/blog.zeit.de\/filter\/2011\/02\/16\/screen-off-sound-of-cinema\/\" \/>\n<meta property=\"og:site_name\" content=\"Filter\" \/>\n<meta property=\"article:published_time\" content=\"2011-02-16T10:00:09+00:00\" \/>\n<meta property=\"article:modified_time\" content=\"2011-02-16T14:12:37+00:00\" \/>\n<meta property=\"og:image\" content=\"https:\/\/blog.zeit.de\/filter\/files\/2011\/02\/cinema.jpg\" \/>\n<meta name=\"author\" content=\"Nele Heinevetter\" \/>\n<meta name=\"twitter:card\" content=\"summary_large_image\" \/>\n<meta name=\"twitter:label1\" content=\"Geschrieben von\" \/>\n\t<meta name=\"twitter:data1\" content=\"Nele Heinevetter\" \/>\n\t<meta name=\"twitter:label2\" content=\"Gesch\u00e4tzte Lesezeit\" \/>\n\t<meta name=\"twitter:data2\" content=\"1\u00a0Minute\" \/>\n<script type=\"application\/ld+json\" class=\"yoast-schema-graph\">{\"@context\":\"https:\/\/schema.org\",\"@graph\":[{\"@type\":\"WebPage\",\"@id\":\"https:\/\/blog.zeit.de\/filter\/2011\/02\/16\/screen-off-sound-of-cinema\/\",\"url\":\"https:\/\/blog.zeit.de\/filter\/2011\/02\/16\/screen-off-sound-of-cinema\/\",\"name\":\"Screen Off (Sound of Cinema) - Filter\",\"isPartOf\":{\"@id\":\"https:\/\/blog.zeit.de\/filter\/#website\"},\"datePublished\":\"2011-02-16T10:00:09+00:00\",\"dateModified\":\"2011-02-16T14:12:37+00:00\",\"author\":{\"@id\":\"https:\/\/blog.zeit.de\/filter\/#\/schema\/person\/d7928a2c1d5a2125ff00961ba8a0316b\"},\"breadcrumb\":{\"@id\":\"https:\/\/blog.zeit.de\/filter\/2011\/02\/16\/screen-off-sound-of-cinema\/#breadcrumb\"},\"inLanguage\":\"de\",\"potentialAction\":[{\"@type\":\"ReadAction\",\"target\":[\"https:\/\/blog.zeit.de\/filter\/2011\/02\/16\/screen-off-sound-of-cinema\/\"]}]},{\"@type\":\"BreadcrumbList\",\"@id\":\"https:\/\/blog.zeit.de\/filter\/2011\/02\/16\/screen-off-sound-of-cinema\/#breadcrumb\",\"itemListElement\":[{\"@type\":\"ListItem\",\"position\":1,\"name\":\"Startseite\",\"item\":\"https:\/\/blog.zeit.de\/filter\/\"},{\"@type\":\"ListItem\",\"position\":2,\"name\":\"Screen Off (Sound of Cinema)\"}]},{\"@type\":\"WebSite\",\"@id\":\"https:\/\/blog.zeit.de\/filter\/#website\",\"url\":\"https:\/\/blog.zeit.de\/filter\/\",\"name\":\"Filter\",\"description\":\"Das Kunstblog\",\"potentialAction\":[{\"@type\":\"SearchAction\",\"target\":{\"@type\":\"EntryPoint\",\"urlTemplate\":\"https:\/\/blog.zeit.de\/filter\/?s={search_term_string}\"},\"query-input\":\"required name=search_term_string\"}],\"inLanguage\":\"de\"},{\"@type\":\"Person\",\"@id\":\"https:\/\/blog.zeit.de\/filter\/#\/schema\/person\/d7928a2c1d5a2125ff00961ba8a0316b\",\"name\":\"Nele Heinevetter\",\"image\":{\"@type\":\"ImageObject\",\"inLanguage\":\"de\",\"@id\":\"https:\/\/blog.zeit.de\/filter\/#\/schema\/person\/image\/\",\"url\":\"https:\/\/secure.gravatar.com\/avatar\/aa3bcb0644f77a94d940f671a5eb85819ec45ca2163a2626017a8ccf34686336?s=96&d=mm&r=g\",\"contentUrl\":\"https:\/\/secure.gravatar.com\/avatar\/aa3bcb0644f77a94d940f671a5eb85819ec45ca2163a2626017a8ccf34686336?s=96&d=mm&r=g\",\"caption\":\"Nele Heinevetter\"},\"url\":\"https:\/\/blog.zeit.de\/filter\/author\/nele-heinevetter\/\"}]}<\/script>\n<!-- \/ Yoast SEO plugin. -->","yoast_head_json":{"title":"Screen Off (Sound of Cinema) - Filter","robots":{"index":"index","follow":"follow","max-snippet":"max-snippet:-1","max-image-preview":"max-image-preview:large","max-video-preview":"max-video-preview:-1"},"canonical":"https:\/\/blog.zeit.de\/filter\/2011\/02\/16\/screen-off-sound-of-cinema\/","og_locale":"de_DE","og_type":"article","og_title":"Screen Off (Sound of Cinema) - Filter","og_description":"Mit Action for Cinema on Air (Ursendung) versuchen sich Deutschlandradio Kultur und Forum Expanded an einer experimentellen Klangprojektion. F\u00fcr 50 Minuten verwandeln die K\u00fcnstler Tony Conrad, Keren Cytter, Dani Gal\/Achim Lengerer und Natascha Sadr Haghighian\u00a0das Arsenal in den Resonanzraum eines Radioexperimentes zum Thema Klangkunst im Film. Zeigen d\u00fcrfen sie zwar nichts.\u00a0Daf\u00fcr k\u00f6nnen sich die f\u00fcnf [&hellip;]","og_url":"https:\/\/blog.zeit.de\/filter\/2011\/02\/16\/screen-off-sound-of-cinema\/","og_site_name":"Filter","article_published_time":"2011-02-16T10:00:09+00:00","article_modified_time":"2011-02-16T14:12:37+00:00","og_image":[{"url":"https:\/\/blog.zeit.de\/filter\/files\/2011\/02\/cinema.jpg"}],"author":"Nele Heinevetter","twitter_card":"summary_large_image","twitter_misc":{"Geschrieben von":"Nele Heinevetter","Gesch\u00e4tzte Lesezeit":"1\u00a0Minute"},"schema":{"@context":"https:\/\/schema.org","@graph":[{"@type":"WebPage","@id":"https:\/\/blog.zeit.de\/filter\/2011\/02\/16\/screen-off-sound-of-cinema\/","url":"https:\/\/blog.zeit.de\/filter\/2011\/02\/16\/screen-off-sound-of-cinema\/","name":"Screen Off (Sound of Cinema) - Filter","isPartOf":{"@id":"https:\/\/blog.zeit.de\/filter\/#website"},"datePublished":"2011-02-16T10:00:09+00:00","dateModified":"2011-02-16T14:12:37+00:00","author":{"@id":"https:\/\/blog.zeit.de\/filter\/#\/schema\/person\/d7928a2c1d5a2125ff00961ba8a0316b"},"breadcrumb":{"@id":"https:\/\/blog.zeit.de\/filter\/2011\/02\/16\/screen-off-sound-of-cinema\/#breadcrumb"},"inLanguage":"de","potentialAction":[{"@type":"ReadAction","target":["https:\/\/blog.zeit.de\/filter\/2011\/02\/16\/screen-off-sound-of-cinema\/"]}]},{"@type":"BreadcrumbList","@id":"https:\/\/blog.zeit.de\/filter\/2011\/02\/16\/screen-off-sound-of-cinema\/#breadcrumb","itemListElement":[{"@type":"ListItem","position":1,"name":"Startseite","item":"https:\/\/blog.zeit.de\/filter\/"},{"@type":"ListItem","position":2,"name":"Screen Off (Sound of Cinema)"}]},{"@type":"WebSite","@id":"https:\/\/blog.zeit.de\/filter\/#website","url":"https:\/\/blog.zeit.de\/filter\/","name":"Filter","description":"Das Kunstblog","potentialAction":[{"@type":"SearchAction","target":{"@type":"EntryPoint","urlTemplate":"https:\/\/blog.zeit.de\/filter\/?s={search_term_string}"},"query-input":"required name=search_term_string"}],"inLanguage":"de"},{"@type":"Person","@id":"https:\/\/blog.zeit.de\/filter\/#\/schema\/person\/d7928a2c1d5a2125ff00961ba8a0316b","name":"Nele Heinevetter","image":{"@type":"ImageObject","inLanguage":"de","@id":"https:\/\/blog.zeit.de\/filter\/#\/schema\/person\/image\/","url":"https:\/\/secure.gravatar.com\/avatar\/aa3bcb0644f77a94d940f671a5eb85819ec45ca2163a2626017a8ccf34686336?s=96&d=mm&r=g","contentUrl":"https:\/\/secure.gravatar.com\/avatar\/aa3bcb0644f77a94d940f671a5eb85819ec45ca2163a2626017a8ccf34686336?s=96&d=mm&r=g","caption":"Nele Heinevetter"},"url":"https:\/\/blog.zeit.de\/filter\/author\/nele-heinevetter\/"}]}},"jetpack_featured_media_url":"","_links":{"self":[{"href":"https:\/\/blog.zeit.de\/filter\/wp-json\/wp\/v2\/posts\/5010","targetHints":{"allow":["GET"]}}],"collection":[{"href":"https:\/\/blog.zeit.de\/filter\/wp-json\/wp\/v2\/posts"}],"about":[{"href":"https:\/\/blog.zeit.de\/filter\/wp-json\/wp\/v2\/types\/post"}],"author":[{"embeddable":true,"href":"https:\/\/blog.zeit.de\/filter\/wp-json\/wp\/v2\/users\/306"}],"replies":[{"embeddable":true,"href":"https:\/\/blog.zeit.de\/filter\/wp-json\/wp\/v2\/comments?post=5010"}],"version-history":[{"count":14,"href":"https:\/\/blog.zeit.de\/filter\/wp-json\/wp\/v2\/posts\/5010\/revisions"}],"predecessor-version":[{"id":5028,"href":"https:\/\/blog.zeit.de\/filter\/wp-json\/wp\/v2\/posts\/5010\/revisions\/5028"}],"wp:attachment":[{"href":"https:\/\/blog.zeit.de\/filter\/wp-json\/wp\/v2\/media?parent=5010"}],"wp:term":[{"taxonomy":"category","embeddable":true,"href":"https:\/\/blog.zeit.de\/filter\/wp-json\/wp\/v2\/categories?post=5010"},{"taxonomy":"post_tag","embeddable":true,"href":"https:\/\/blog.zeit.de\/filter\/wp-json\/wp\/v2\/tags?post=5010"}],"curies":[{"name":"wp","href":"https:\/\/api.w.org\/{rel}","templated":true}]}}