{"id":5283,"date":"2011-03-03T10:10:55","date_gmt":"2011-03-03T09:10:55","guid":{"rendered":"http:\/\/blog.zeit.de\/filter\/?p=5283"},"modified":"2011-03-04T12:34:14","modified_gmt":"2011-03-04T11:34:14","slug":"der-traum-vom-fliege","status":"publish","type":"post","link":"https:\/\/blog.zeit.de\/filter\/2011\/03\/03\/der-traum-vom-fliege\/","title":{"rendered":"Der Traum vom Fliegen"},"content":{"rendered":"<p><figure id=\"attachment_5589\" aria-describedby=\"caption-attachment-5589\" style=\"width: 540px\" class=\"wp-caption alignleft\"><img loading=\"lazy\" decoding=\"async\" class=\"size-full wp-image-5589\" title=\"Andy Hope 130, Epic Imperial. The Long Tomorrow (Detail), 2003, Privatbesitz M\u00fcnchen \u00a9 Foto: Roman M\u00e4rz\" src=\"https:\/\/blog.zeit.de\/filter\/files\/2011\/03\/bird.jpg\" alt=\"\" width=\"540\" height=\"304\" srcset=\"https:\/\/blog.zeit.de\/filter\/files\/2011\/03\/bird.jpg 540w, https:\/\/blog.zeit.de\/filter\/files\/2011\/03\/bird-300x168.jpg 300w\" sizes=\"auto, (max-width: 540px) 100vw, 540px\" \/><figcaption id=\"caption-attachment-5589\" class=\"wp-caption-text\">Andy Hope 130, Epic Imperial. The Long Tomorrow (Detail), 2003, Privatbesitz M\u00fcnchen \u00a9 Foto: Roman M\u00e4rz<\/figcaption><\/figure><\/p>\n<p><strong>Die Ausstellung <\/strong><em><strong><a href=\"http:\/\/www.hkw.de\/de\/programm\/2011\/der_traum_vom_fliegen\/veranstaltungen_53779\/Veranstaltungsdetail_55028.php\" target=\"_blank\">Der Traum vom Fliegen<\/a><\/strong><\/em><strong> am <a href=\"http:\/\/www.hkw.de\/de\/index.php\" target=\"_blank\">HKW<\/a> besch\u00e4ftigt sich mit der Kulturgeschichte des Fliegens.<\/strong><\/p>\n<p>Die Kuratoren Thomas Hauschild und Britta N. Heinrich haben eine dieser \u00dcberblicksschauen zusammengestellt, bei der f\u00fcr jeden etwas dabei ist und es Exponate zum Spielen gibt. Die Ausstellung handelt von der Entwicklung des gr\u00f6\u00dften Menschheitstraums \u00fcberhaupt. Sie geht aus von der archaischen Flugmystik und endet mit der aktuellen Klimadebatte, zeigt die verschiedenen Bildwelten und erkl\u00e4rt die technologischen Entwicklungen. Entsprechend bunt fallen die Exponate aus, vom pr\u00e4historischen Bumerang \u00fcber einen Wolkenwagen aus dem Barocktheater bis hin zum Space-Trainer. Nat\u00fcrlich gibt es auch zeitgen\u00f6ssische Kunst.<\/p>\n<p>Heute Abend er\u00f6ffnet die Ausstellung mit einem Barockfeuerwerk. W\u00e4hrenddessen spielt Jeffrey Bossin auf dem Carillon, dem Konzertglockenspiel-Koloss im Tiergarten, die minimalistische Komposition\u00a0<em>Berlin Fireworks Music<\/em> von Richard Felciano.<\/p>\n<p><strong>19 Uhr | 3. M\u00e4rz 2011<\/strong> | <a href=\"http:\/\/www.hkw.de\/de\/index.php\" target=\"_blank\">Haus der Kulturen der Welt<\/a> | John-Foster-Dulles-Allee 10 | Berlin Tiergarten<\/p>\n","protected":false},"excerpt":{"rendered":"<p>Die Ausstellung Der Traum vom Fliegen am HKW besch\u00e4ftigt sich mit der Kulturgeschichte des Fliegens. Die Kuratoren Thomas Hauschild und Britta N. Heinrich haben eine dieser \u00dcberblicksschauen zusammengestellt, bei der f\u00fcr jeden etwas dabei ist und es Exponate zum Spielen gibt. Die Ausstellung handelt von der Entwicklung des gr\u00f6\u00dften Menschheitstraums \u00fcberhaupt. Sie geht aus von [&hellip;]<\/p>\n","protected":false},"author":306,"featured_media":0,"comment_status":"open","ping_status":"open","sticky":false,"template":"","format":"standard","meta":{"footnotes":""},"categories":[22,8170,8168],"tags":[],"class_list":["post-5283","post","type-post","status-publish","format-standard","hentry","category-ausstellung","category-berlin-tiergarten","category-konzert"],"yoast_head":"<!-- This site is optimized with the Yoast SEO plugin v21.0 - https:\/\/yoast.com\/wordpress\/plugins\/seo\/ -->\n<title>Der Traum vom Fliegen - Filter<\/title>\n<meta name=\"robots\" content=\"index, follow, max-snippet:-1, max-image-preview:large, max-video-preview:-1\" \/>\n<link rel=\"canonical\" href=\"https:\/\/blog.zeit.de\/filter\/2011\/03\/03\/der-traum-vom-fliege\/\" \/>\n<meta property=\"og:locale\" content=\"de_DE\" \/>\n<meta property=\"og:type\" content=\"article\" \/>\n<meta property=\"og:title\" content=\"Der Traum vom Fliegen - Filter\" \/>\n<meta property=\"og:description\" content=\"Die Ausstellung Der Traum vom Fliegen am HKW besch\u00e4ftigt sich mit der Kulturgeschichte des Fliegens. Die Kuratoren Thomas Hauschild und Britta N. Heinrich haben eine dieser \u00dcberblicksschauen zusammengestellt, bei der f\u00fcr jeden etwas dabei ist und es Exponate zum Spielen gibt. Die Ausstellung handelt von der Entwicklung des gr\u00f6\u00dften Menschheitstraums \u00fcberhaupt. Sie geht aus von [&hellip;]\" \/>\n<meta property=\"og:url\" content=\"https:\/\/blog.zeit.de\/filter\/2011\/03\/03\/der-traum-vom-fliege\/\" \/>\n<meta property=\"og:site_name\" content=\"Filter\" \/>\n<meta property=\"article:published_time\" content=\"2011-03-03T09:10:55+00:00\" \/>\n<meta property=\"article:modified_time\" content=\"2011-03-04T11:34:14+00:00\" \/>\n<meta property=\"og:image\" content=\"https:\/\/blog.zeit.de\/filter\/files\/2011\/03\/bird.jpg\" \/>\n<meta name=\"author\" content=\"Nele Heinevetter\" \/>\n<meta name=\"twitter:card\" content=\"summary_large_image\" \/>\n<meta name=\"twitter:label1\" content=\"Geschrieben von\" \/>\n\t<meta name=\"twitter:data1\" content=\"Nele Heinevetter\" \/>\n\t<meta name=\"twitter:label2\" content=\"Gesch\u00e4tzte Lesezeit\" \/>\n\t<meta name=\"twitter:data2\" content=\"1\u00a0Minute\" \/>\n<script type=\"application\/ld+json\" class=\"yoast-schema-graph\">{\"@context\":\"https:\/\/schema.org\",\"@graph\":[{\"@type\":\"WebPage\",\"@id\":\"https:\/\/blog.zeit.de\/filter\/2011\/03\/03\/der-traum-vom-fliege\/\",\"url\":\"https:\/\/blog.zeit.de\/filter\/2011\/03\/03\/der-traum-vom-fliege\/\",\"name\":\"Der Traum vom Fliegen - Filter\",\"isPartOf\":{\"@id\":\"https:\/\/blog.zeit.de\/filter\/#website\"},\"datePublished\":\"2011-03-03T09:10:55+00:00\",\"dateModified\":\"2011-03-04T11:34:14+00:00\",\"author\":{\"@id\":\"https:\/\/blog.zeit.de\/filter\/#\/schema\/person\/d7928a2c1d5a2125ff00961ba8a0316b\"},\"breadcrumb\":{\"@id\":\"https:\/\/blog.zeit.de\/filter\/2011\/03\/03\/der-traum-vom-fliege\/#breadcrumb\"},\"inLanguage\":\"de\",\"potentialAction\":[{\"@type\":\"ReadAction\",\"target\":[\"https:\/\/blog.zeit.de\/filter\/2011\/03\/03\/der-traum-vom-fliege\/\"]}]},{\"@type\":\"BreadcrumbList\",\"@id\":\"https:\/\/blog.zeit.de\/filter\/2011\/03\/03\/der-traum-vom-fliege\/#breadcrumb\",\"itemListElement\":[{\"@type\":\"ListItem\",\"position\":1,\"name\":\"Startseite\",\"item\":\"https:\/\/blog.zeit.de\/filter\/\"},{\"@type\":\"ListItem\",\"position\":2,\"name\":\"Der Traum vom Fliegen\"}]},{\"@type\":\"WebSite\",\"@id\":\"https:\/\/blog.zeit.de\/filter\/#website\",\"url\":\"https:\/\/blog.zeit.de\/filter\/\",\"name\":\"Filter\",\"description\":\"Das Kunstblog\",\"potentialAction\":[{\"@type\":\"SearchAction\",\"target\":{\"@type\":\"EntryPoint\",\"urlTemplate\":\"https:\/\/blog.zeit.de\/filter\/?s={search_term_string}\"},\"query-input\":\"required name=search_term_string\"}],\"inLanguage\":\"de\"},{\"@type\":\"Person\",\"@id\":\"https:\/\/blog.zeit.de\/filter\/#\/schema\/person\/d7928a2c1d5a2125ff00961ba8a0316b\",\"name\":\"Nele Heinevetter\",\"image\":{\"@type\":\"ImageObject\",\"inLanguage\":\"de\",\"@id\":\"https:\/\/blog.zeit.de\/filter\/#\/schema\/person\/image\/\",\"url\":\"https:\/\/secure.gravatar.com\/avatar\/aa3bcb0644f77a94d940f671a5eb85819ec45ca2163a2626017a8ccf34686336?s=96&d=mm&r=g\",\"contentUrl\":\"https:\/\/secure.gravatar.com\/avatar\/aa3bcb0644f77a94d940f671a5eb85819ec45ca2163a2626017a8ccf34686336?s=96&d=mm&r=g\",\"caption\":\"Nele Heinevetter\"},\"url\":\"https:\/\/blog.zeit.de\/filter\/author\/nele-heinevetter\/\"}]}<\/script>\n<!-- \/ Yoast SEO plugin. -->","yoast_head_json":{"title":"Der Traum vom Fliegen - Filter","robots":{"index":"index","follow":"follow","max-snippet":"max-snippet:-1","max-image-preview":"max-image-preview:large","max-video-preview":"max-video-preview:-1"},"canonical":"https:\/\/blog.zeit.de\/filter\/2011\/03\/03\/der-traum-vom-fliege\/","og_locale":"de_DE","og_type":"article","og_title":"Der Traum vom Fliegen - Filter","og_description":"Die Ausstellung Der Traum vom Fliegen am HKW besch\u00e4ftigt sich mit der Kulturgeschichte des Fliegens. Die Kuratoren Thomas Hauschild und Britta N. Heinrich haben eine dieser \u00dcberblicksschauen zusammengestellt, bei der f\u00fcr jeden etwas dabei ist und es Exponate zum Spielen gibt. Die Ausstellung handelt von der Entwicklung des gr\u00f6\u00dften Menschheitstraums \u00fcberhaupt. Sie geht aus von [&hellip;]","og_url":"https:\/\/blog.zeit.de\/filter\/2011\/03\/03\/der-traum-vom-fliege\/","og_site_name":"Filter","article_published_time":"2011-03-03T09:10:55+00:00","article_modified_time":"2011-03-04T11:34:14+00:00","og_image":[{"url":"https:\/\/blog.zeit.de\/filter\/files\/2011\/03\/bird.jpg"}],"author":"Nele Heinevetter","twitter_card":"summary_large_image","twitter_misc":{"Geschrieben von":"Nele Heinevetter","Gesch\u00e4tzte Lesezeit":"1\u00a0Minute"},"schema":{"@context":"https:\/\/schema.org","@graph":[{"@type":"WebPage","@id":"https:\/\/blog.zeit.de\/filter\/2011\/03\/03\/der-traum-vom-fliege\/","url":"https:\/\/blog.zeit.de\/filter\/2011\/03\/03\/der-traum-vom-fliege\/","name":"Der Traum vom Fliegen - Filter","isPartOf":{"@id":"https:\/\/blog.zeit.de\/filter\/#website"},"datePublished":"2011-03-03T09:10:55+00:00","dateModified":"2011-03-04T11:34:14+00:00","author":{"@id":"https:\/\/blog.zeit.de\/filter\/#\/schema\/person\/d7928a2c1d5a2125ff00961ba8a0316b"},"breadcrumb":{"@id":"https:\/\/blog.zeit.de\/filter\/2011\/03\/03\/der-traum-vom-fliege\/#breadcrumb"},"inLanguage":"de","potentialAction":[{"@type":"ReadAction","target":["https:\/\/blog.zeit.de\/filter\/2011\/03\/03\/der-traum-vom-fliege\/"]}]},{"@type":"BreadcrumbList","@id":"https:\/\/blog.zeit.de\/filter\/2011\/03\/03\/der-traum-vom-fliege\/#breadcrumb","itemListElement":[{"@type":"ListItem","position":1,"name":"Startseite","item":"https:\/\/blog.zeit.de\/filter\/"},{"@type":"ListItem","position":2,"name":"Der Traum vom Fliegen"}]},{"@type":"WebSite","@id":"https:\/\/blog.zeit.de\/filter\/#website","url":"https:\/\/blog.zeit.de\/filter\/","name":"Filter","description":"Das Kunstblog","potentialAction":[{"@type":"SearchAction","target":{"@type":"EntryPoint","urlTemplate":"https:\/\/blog.zeit.de\/filter\/?s={search_term_string}"},"query-input":"required name=search_term_string"}],"inLanguage":"de"},{"@type":"Person","@id":"https:\/\/blog.zeit.de\/filter\/#\/schema\/person\/d7928a2c1d5a2125ff00961ba8a0316b","name":"Nele Heinevetter","image":{"@type":"ImageObject","inLanguage":"de","@id":"https:\/\/blog.zeit.de\/filter\/#\/schema\/person\/image\/","url":"https:\/\/secure.gravatar.com\/avatar\/aa3bcb0644f77a94d940f671a5eb85819ec45ca2163a2626017a8ccf34686336?s=96&d=mm&r=g","contentUrl":"https:\/\/secure.gravatar.com\/avatar\/aa3bcb0644f77a94d940f671a5eb85819ec45ca2163a2626017a8ccf34686336?s=96&d=mm&r=g","caption":"Nele Heinevetter"},"url":"https:\/\/blog.zeit.de\/filter\/author\/nele-heinevetter\/"}]}},"jetpack_featured_media_url":"","_links":{"self":[{"href":"https:\/\/blog.zeit.de\/filter\/wp-json\/wp\/v2\/posts\/5283","targetHints":{"allow":["GET"]}}],"collection":[{"href":"https:\/\/blog.zeit.de\/filter\/wp-json\/wp\/v2\/posts"}],"about":[{"href":"https:\/\/blog.zeit.de\/filter\/wp-json\/wp\/v2\/types\/post"}],"author":[{"embeddable":true,"href":"https:\/\/blog.zeit.de\/filter\/wp-json\/wp\/v2\/users\/306"}],"replies":[{"embeddable":true,"href":"https:\/\/blog.zeit.de\/filter\/wp-json\/wp\/v2\/comments?post=5283"}],"version-history":[{"count":8,"href":"https:\/\/blog.zeit.de\/filter\/wp-json\/wp\/v2\/posts\/5283\/revisions"}],"predecessor-version":[{"id":5664,"href":"https:\/\/blog.zeit.de\/filter\/wp-json\/wp\/v2\/posts\/5283\/revisions\/5664"}],"wp:attachment":[{"href":"https:\/\/blog.zeit.de\/filter\/wp-json\/wp\/v2\/media?parent=5283"}],"wp:term":[{"taxonomy":"category","embeddable":true,"href":"https:\/\/blog.zeit.de\/filter\/wp-json\/wp\/v2\/categories?post=5283"},{"taxonomy":"post_tag","embeddable":true,"href":"https:\/\/blog.zeit.de\/filter\/wp-json\/wp\/v2\/tags?post=5283"}],"curies":[{"name":"wp","href":"https:\/\/api.w.org\/{rel}","templated":true}]}}