{"id":5424,"date":"2011-02-25T10:01:09","date_gmt":"2011-02-25T09:01:09","guid":{"rendered":"http:\/\/blog.zeit.de\/filter\/?p=5424"},"modified":"2011-02-25T18:06:32","modified_gmt":"2011-02-25T17:06:32","slug":"die-wohngemeinschaft","status":"publish","type":"post","link":"https:\/\/blog.zeit.de\/filter\/2011\/02\/25\/die-wohngemeinschaft\/","title":{"rendered":"Urauff\u00fchrung einer Farce"},"content":{"rendered":"<p><figure id=\"attachment_5442\" aria-describedby=\"caption-attachment-5442\" style=\"width: 540px\" class=\"wp-caption alignleft\"><img loading=\"lazy\" decoding=\"async\" class=\"size-full wp-image-5442\" title=\"\u00a9 Kalle Koponen\" src=\"https:\/\/blog.zeit.de\/filter\/files\/2011\/02\/Wg.jpg\" alt=\"\" width=\"540\" height=\"304\" srcset=\"https:\/\/blog.zeit.de\/filter\/files\/2011\/02\/Wg.jpg 540w, https:\/\/blog.zeit.de\/filter\/files\/2011\/02\/Wg-300x168.jpg 300w\" sizes=\"auto, (max-width: 540px) 100vw, 540px\" \/><figcaption id=\"caption-attachment-5442\" class=\"wp-caption-text\">\u00a9 Kalle Koponen<\/figcaption><\/figure><\/p>\n<p><strong>Die Regisseurin Christin K\u00f6nig persifliert mit <\/strong><em><a href=\"http:\/\/www.gorki.de\/de_DE\/calendar\/repertoire\/658853\" target=\"_blank\"><strong>Die Wohngemeinschaft<\/strong><\/a><strong> <span style=\"font-style: normal;\">eine<\/span><\/strong><strong><span style=\"font-style: normal;\"> selbstbezogene Gesellschaft.<\/span><\/strong><\/em><\/p>\n<p>Zum Leben zu bl\u00f6de und zum Sterben zu feige: Katrina, Steffie und Julia leben jahrelang von der Au\u00dfenwelt abgeschirmt in einer WG zusammen, als ihnen pl\u00f6tzlich das Geld ausgeht. In Anna sehen sie die Chance, ihre Hintern zu retten. Ist die bis zu ihrem 36. Lebensjahr schwanger, bekommt sie n\u00e4mlich eine Million. Noch ist Anna Jungfrau und der 35. Geburtstag in vier Wochen&#8230;<\/p>\n<p><strong><span style=\"font-weight: normal;\"> <\/span><\/strong><\/p>\n<p><span style=\"font-weight: normal;\">Der Plot klingt nach einem Film, bei dem man im Fernsehen wegschaltet. Doch ob und was K\u00f6nig dem Publikum zumutet, zeigt erst die Urauff\u00fchrung. Immerhin gibt&#8217;s einen Mord.<\/span><\/p>\n<p><span style=\"font-weight: normal;\"><strong>20.15 Uhr | 26. Februar 2011<\/strong> | <\/span><a href=\"http:\/\/www.gorki.de\/de_DE\/home\" target=\"_blank\"><span style=\"font-weight: normal;\">Maxim Gorki Studio<\/span><\/a><span style=\"font-weight: normal;\"> | Hinter dem Gie\u00dfhaus 2 | Berlin Mitte<\/span><\/p>\n","protected":false},"excerpt":{"rendered":"<p>Die Regisseurin Christin K\u00f6nig persifliert mit Die Wohngemeinschaft eine selbstbezogene Gesellschaft. Zum Leben zu bl\u00f6de und zum Sterben zu feige: Katrina, Steffie und Julia leben jahrelang von der Au\u00dfenwelt abgeschirmt in einer WG zusammen, als ihnen pl\u00f6tzlich das Geld ausgeht. In Anna sehen sie die Chance, ihre Hintern zu retten. Ist die bis zu ihrem [&hellip;]<\/p>\n","protected":false},"author":306,"featured_media":0,"comment_status":"open","ping_status":"open","sticky":false,"template":"","format":"standard","meta":{"footnotes":""},"categories":[8163,1915],"tags":[],"class_list":["post-5424","post","type-post","status-publish","format-standard","hentry","category-berlin-mitte","category-theater"],"yoast_head":"<!-- This site is optimized with the Yoast SEO plugin v21.0 - https:\/\/yoast.com\/wordpress\/plugins\/seo\/ -->\n<title>Urauff\u00fchrung einer Farce - Filter<\/title>\n<meta name=\"robots\" content=\"index, follow, max-snippet:-1, max-image-preview:large, max-video-preview:-1\" \/>\n<link rel=\"canonical\" href=\"https:\/\/blog.zeit.de\/filter\/2011\/02\/25\/die-wohngemeinschaft\/\" \/>\n<meta property=\"og:locale\" content=\"de_DE\" \/>\n<meta property=\"og:type\" content=\"article\" \/>\n<meta property=\"og:title\" content=\"Urauff\u00fchrung einer Farce - Filter\" \/>\n<meta property=\"og:description\" content=\"Die Regisseurin Christin K\u00f6nig persifliert mit Die Wohngemeinschaft eine selbstbezogene Gesellschaft. Zum Leben zu bl\u00f6de und zum Sterben zu feige: Katrina, Steffie und Julia leben jahrelang von der Au\u00dfenwelt abgeschirmt in einer WG zusammen, als ihnen pl\u00f6tzlich das Geld ausgeht. In Anna sehen sie die Chance, ihre Hintern zu retten. Ist die bis zu ihrem [&hellip;]\" \/>\n<meta property=\"og:url\" content=\"https:\/\/blog.zeit.de\/filter\/2011\/02\/25\/die-wohngemeinschaft\/\" \/>\n<meta property=\"og:site_name\" content=\"Filter\" \/>\n<meta property=\"article:published_time\" content=\"2011-02-25T09:01:09+00:00\" \/>\n<meta property=\"article:modified_time\" content=\"2011-02-25T17:06:32+00:00\" \/>\n<meta property=\"og:image\" content=\"https:\/\/blog.zeit.de\/filter\/files\/2011\/02\/Wg.jpg\" \/>\n<meta name=\"author\" content=\"Nele Heinevetter\" \/>\n<meta name=\"twitter:card\" content=\"summary_large_image\" \/>\n<meta name=\"twitter:label1\" content=\"Geschrieben von\" \/>\n\t<meta name=\"twitter:data1\" content=\"Nele Heinevetter\" \/>\n\t<meta name=\"twitter:label2\" content=\"Gesch\u00e4tzte Lesezeit\" \/>\n\t<meta name=\"twitter:data2\" content=\"1\u00a0Minute\" \/>\n<script type=\"application\/ld+json\" class=\"yoast-schema-graph\">{\"@context\":\"https:\/\/schema.org\",\"@graph\":[{\"@type\":\"WebPage\",\"@id\":\"https:\/\/blog.zeit.de\/filter\/2011\/02\/25\/die-wohngemeinschaft\/\",\"url\":\"https:\/\/blog.zeit.de\/filter\/2011\/02\/25\/die-wohngemeinschaft\/\",\"name\":\"Urauff\u00fchrung einer Farce - Filter\",\"isPartOf\":{\"@id\":\"https:\/\/blog.zeit.de\/filter\/#website\"},\"datePublished\":\"2011-02-25T09:01:09+00:00\",\"dateModified\":\"2011-02-25T17:06:32+00:00\",\"author\":{\"@id\":\"https:\/\/blog.zeit.de\/filter\/#\/schema\/person\/d7928a2c1d5a2125ff00961ba8a0316b\"},\"breadcrumb\":{\"@id\":\"https:\/\/blog.zeit.de\/filter\/2011\/02\/25\/die-wohngemeinschaft\/#breadcrumb\"},\"inLanguage\":\"de\",\"potentialAction\":[{\"@type\":\"ReadAction\",\"target\":[\"https:\/\/blog.zeit.de\/filter\/2011\/02\/25\/die-wohngemeinschaft\/\"]}]},{\"@type\":\"BreadcrumbList\",\"@id\":\"https:\/\/blog.zeit.de\/filter\/2011\/02\/25\/die-wohngemeinschaft\/#breadcrumb\",\"itemListElement\":[{\"@type\":\"ListItem\",\"position\":1,\"name\":\"Startseite\",\"item\":\"https:\/\/blog.zeit.de\/filter\/\"},{\"@type\":\"ListItem\",\"position\":2,\"name\":\"Urauff\u00fchrung einer Farce\"}]},{\"@type\":\"WebSite\",\"@id\":\"https:\/\/blog.zeit.de\/filter\/#website\",\"url\":\"https:\/\/blog.zeit.de\/filter\/\",\"name\":\"Filter\",\"description\":\"Das Kunstblog\",\"potentialAction\":[{\"@type\":\"SearchAction\",\"target\":{\"@type\":\"EntryPoint\",\"urlTemplate\":\"https:\/\/blog.zeit.de\/filter\/?s={search_term_string}\"},\"query-input\":\"required name=search_term_string\"}],\"inLanguage\":\"de\"},{\"@type\":\"Person\",\"@id\":\"https:\/\/blog.zeit.de\/filter\/#\/schema\/person\/d7928a2c1d5a2125ff00961ba8a0316b\",\"name\":\"Nele Heinevetter\",\"image\":{\"@type\":\"ImageObject\",\"inLanguage\":\"de\",\"@id\":\"https:\/\/blog.zeit.de\/filter\/#\/schema\/person\/image\/\",\"url\":\"https:\/\/secure.gravatar.com\/avatar\/aa3bcb0644f77a94d940f671a5eb85819ec45ca2163a2626017a8ccf34686336?s=96&d=mm&r=g\",\"contentUrl\":\"https:\/\/secure.gravatar.com\/avatar\/aa3bcb0644f77a94d940f671a5eb85819ec45ca2163a2626017a8ccf34686336?s=96&d=mm&r=g\",\"caption\":\"Nele Heinevetter\"},\"url\":\"https:\/\/blog.zeit.de\/filter\/author\/nele-heinevetter\/\"}]}<\/script>\n<!-- \/ Yoast SEO plugin. -->","yoast_head_json":{"title":"Urauff\u00fchrung einer Farce - Filter","robots":{"index":"index","follow":"follow","max-snippet":"max-snippet:-1","max-image-preview":"max-image-preview:large","max-video-preview":"max-video-preview:-1"},"canonical":"https:\/\/blog.zeit.de\/filter\/2011\/02\/25\/die-wohngemeinschaft\/","og_locale":"de_DE","og_type":"article","og_title":"Urauff\u00fchrung einer Farce - Filter","og_description":"Die Regisseurin Christin K\u00f6nig persifliert mit Die Wohngemeinschaft eine selbstbezogene Gesellschaft. Zum Leben zu bl\u00f6de und zum Sterben zu feige: Katrina, Steffie und Julia leben jahrelang von der Au\u00dfenwelt abgeschirmt in einer WG zusammen, als ihnen pl\u00f6tzlich das Geld ausgeht. In Anna sehen sie die Chance, ihre Hintern zu retten. Ist die bis zu ihrem [&hellip;]","og_url":"https:\/\/blog.zeit.de\/filter\/2011\/02\/25\/die-wohngemeinschaft\/","og_site_name":"Filter","article_published_time":"2011-02-25T09:01:09+00:00","article_modified_time":"2011-02-25T17:06:32+00:00","og_image":[{"url":"https:\/\/blog.zeit.de\/filter\/files\/2011\/02\/Wg.jpg"}],"author":"Nele Heinevetter","twitter_card":"summary_large_image","twitter_misc":{"Geschrieben von":"Nele Heinevetter","Gesch\u00e4tzte Lesezeit":"1\u00a0Minute"},"schema":{"@context":"https:\/\/schema.org","@graph":[{"@type":"WebPage","@id":"https:\/\/blog.zeit.de\/filter\/2011\/02\/25\/die-wohngemeinschaft\/","url":"https:\/\/blog.zeit.de\/filter\/2011\/02\/25\/die-wohngemeinschaft\/","name":"Urauff\u00fchrung einer Farce - Filter","isPartOf":{"@id":"https:\/\/blog.zeit.de\/filter\/#website"},"datePublished":"2011-02-25T09:01:09+00:00","dateModified":"2011-02-25T17:06:32+00:00","author":{"@id":"https:\/\/blog.zeit.de\/filter\/#\/schema\/person\/d7928a2c1d5a2125ff00961ba8a0316b"},"breadcrumb":{"@id":"https:\/\/blog.zeit.de\/filter\/2011\/02\/25\/die-wohngemeinschaft\/#breadcrumb"},"inLanguage":"de","potentialAction":[{"@type":"ReadAction","target":["https:\/\/blog.zeit.de\/filter\/2011\/02\/25\/die-wohngemeinschaft\/"]}]},{"@type":"BreadcrumbList","@id":"https:\/\/blog.zeit.de\/filter\/2011\/02\/25\/die-wohngemeinschaft\/#breadcrumb","itemListElement":[{"@type":"ListItem","position":1,"name":"Startseite","item":"https:\/\/blog.zeit.de\/filter\/"},{"@type":"ListItem","position":2,"name":"Urauff\u00fchrung einer Farce"}]},{"@type":"WebSite","@id":"https:\/\/blog.zeit.de\/filter\/#website","url":"https:\/\/blog.zeit.de\/filter\/","name":"Filter","description":"Das Kunstblog","potentialAction":[{"@type":"SearchAction","target":{"@type":"EntryPoint","urlTemplate":"https:\/\/blog.zeit.de\/filter\/?s={search_term_string}"},"query-input":"required name=search_term_string"}],"inLanguage":"de"},{"@type":"Person","@id":"https:\/\/blog.zeit.de\/filter\/#\/schema\/person\/d7928a2c1d5a2125ff00961ba8a0316b","name":"Nele Heinevetter","image":{"@type":"ImageObject","inLanguage":"de","@id":"https:\/\/blog.zeit.de\/filter\/#\/schema\/person\/image\/","url":"https:\/\/secure.gravatar.com\/avatar\/aa3bcb0644f77a94d940f671a5eb85819ec45ca2163a2626017a8ccf34686336?s=96&d=mm&r=g","contentUrl":"https:\/\/secure.gravatar.com\/avatar\/aa3bcb0644f77a94d940f671a5eb85819ec45ca2163a2626017a8ccf34686336?s=96&d=mm&r=g","caption":"Nele Heinevetter"},"url":"https:\/\/blog.zeit.de\/filter\/author\/nele-heinevetter\/"}]}},"jetpack_featured_media_url":"","_links":{"self":[{"href":"https:\/\/blog.zeit.de\/filter\/wp-json\/wp\/v2\/posts\/5424","targetHints":{"allow":["GET"]}}],"collection":[{"href":"https:\/\/blog.zeit.de\/filter\/wp-json\/wp\/v2\/posts"}],"about":[{"href":"https:\/\/blog.zeit.de\/filter\/wp-json\/wp\/v2\/types\/post"}],"author":[{"embeddable":true,"href":"https:\/\/blog.zeit.de\/filter\/wp-json\/wp\/v2\/users\/306"}],"replies":[{"embeddable":true,"href":"https:\/\/blog.zeit.de\/filter\/wp-json\/wp\/v2\/comments?post=5424"}],"version-history":[{"count":13,"href":"https:\/\/blog.zeit.de\/filter\/wp-json\/wp\/v2\/posts\/5424\/revisions"}],"predecessor-version":[{"id":5517,"href":"https:\/\/blog.zeit.de\/filter\/wp-json\/wp\/v2\/posts\/5424\/revisions\/5517"}],"wp:attachment":[{"href":"https:\/\/blog.zeit.de\/filter\/wp-json\/wp\/v2\/media?parent=5424"}],"wp:term":[{"taxonomy":"category","embeddable":true,"href":"https:\/\/blog.zeit.de\/filter\/wp-json\/wp\/v2\/categories?post=5424"},{"taxonomy":"post_tag","embeddable":true,"href":"https:\/\/blog.zeit.de\/filter\/wp-json\/wp\/v2\/tags?post=5424"}],"curies":[{"name":"wp","href":"https:\/\/api.w.org\/{rel}","templated":true}]}}