{"id":5912,"date":"2011-03-18T10:00:39","date_gmt":"2011-03-18T09:00:39","guid":{"rendered":"http:\/\/blog.zeit.de\/filter\/?p=5912"},"modified":"2011-03-18T12:40:48","modified_gmt":"2011-03-18T11:40:48","slug":"fur-ohren-und-augen-eine-woche-marzmusik","status":"publish","type":"post","link":"https:\/\/blog.zeit.de\/filter\/2011\/03\/18\/fur-ohren-und-augen-eine-woche-marzmusik\/","title":{"rendered":"F\u00fcr Ohren und Augen: eine Woche M\u00e4rzMusik"},"content":{"rendered":"<p><figure id=\"attachment_5938\" aria-describedby=\"caption-attachment-5938\" style=\"width: 540px\" class=\"wp-caption alignleft\"><img loading=\"lazy\" decoding=\"async\" class=\"size-full wp-image-5938\" title=\"Intonarumori, Transart, 2010 \u00a9 Gregor Kuehn\" src=\"https:\/\/blog.zeit.de\/filter\/files\/2011\/03\/Intonarumori-Transart-2010\u00a9-Gregor-Kuehn.jpg\" alt=\"\" width=\"540\" height=\"304\" \/><figcaption id=\"caption-attachment-5938\" class=\"wp-caption-text\">Intonarumori, Transart, 2010 \u00a9 Gregor Kuehn<\/figcaption><\/figure><\/p>\n<p><strong>Das <a href=\"http:\/\/www.berlinerfestspiele.de\/de\/aktuell\/festivals\/02_maerzmusik\/mm11_info\/mm11_info.php\" target=\"_blank\">Festival f\u00fcr aktuelle Musik<\/a><\/strong><strong> feiert sein 10-j\u00e4hriges Jubil\u00e4um. Das Leitmotiv 2011 lautet &#8222;Klang Bild Bewegung&#8220;.<\/strong><\/p>\n<p>Die digitalen Medien haben die technische Umsetzung des Gesamtkunstwerkes vereinfacht. Nur macht das intermediale Arbeiten noch lange nicht zu Kunstwerken. Mit dem Festival M\u00e4rzMusik pr\u00e4sentieren die Berliner Festspiele sowie diverse Kooperationspartner gelungene oder zumindest erfolgsversprechende Projekte. Bei den Beitr\u00e4gen handelt es sich n\u00e4mlich oft um Auftragsarbeiten, erkl\u00e4rt der Festivalleiter <a href=\"http:\/\/www.tagesspiegel.de\/kultur\/wir-muessen-unsere-sinne-schaerfen\/3957718.html\" target=\"_blank\">Matthias Osterwold im Interview mit dem <\/a><em><a href=\"http:\/\/www.tagesspiegel.de\/kultur\/wir-muessen-unsere-sinne-schaerfen\/3957718.html\" target=\"_blank\">Tagesspiegel<\/a><\/em><em>.<\/em><\/p>\n<p>F\u00fcr dieses Jahr haben sich die Musiker und K\u00fcnstler mit dem Verh\u00e4ltnis von Musik und bewegten Bildern auseinandergesetzt. Und so reicht das einw\u00f6chige Programm von neuer Musik zu alten Filmen \u00fcber musikalische Videokunst bis hin zu Performance-Installationen.<\/p>\n<p>Weil\u00a0das Festpielhaus wegen Renovierung derzeit geschlossen hat, befinden sich die Spielst\u00e4tten \u00fcber die Stadt verteilt. Rebecca Sander er\u00f6ffnet das Festival heute Abend im Caf\u00e9 Moskau. Musiker und Zuh\u00f6rer erlaufen sich dort ihre Komposition <a href=\"http:\/\/www.berlinerfestspiele.de\/de\/aktuell\/festivals\/02_maerzmusik\/mm11_programm\/mm11_programm_gesamt\/mm11_ProgrammlisteDetailSeite_18134.php\" target=\"_blank\">Chroma<\/a>. Au\u00dferdem gedenkt Michael Vorfeld der Gl\u00fchlampe mit seiner Klanginstallation <em><a href=\"http:\/\/www.berlinerfestspiele.de\/de\/aktuell\/festivals\/02_maerzmusik\/mm11_programm\/mm11_programm_gesamt\/mm11_ProgrammlisteDetailSeite_18135.php\" target=\"_blank\">Light Bulb Music<\/a><\/em>.<\/p>\n<p>Am Samstag begleitet dann das Ensemble Modern in der Volksb\u00fchne die restaurierte Fassung von\u00a0<a href=\"http:\/\/www.berlinerfestspiele.de\/de\/aktuell\/festivals\/02_maerzmusik\/mm11_programm\/mm11_programm_gesamt\/mm11_ProgrammlisteDetailSeite_18135.php\" target=\"_blank\">Metropolis<\/a> (1927) mit Musik von Martin Matalon. Und im Babylon Mitte vertont die Komponistin Misato Mochizuki das proto-feministische Drama <em><a href=\"http:\/\/www.berlinerfestspiele.de\/de\/aktuell\/festivals\/02_maerzmusik\/mm11_programm\/mm11_programm_gesamt\/mm11_ProgrammlisteDetailSeite_18139.php\" target=\"_blank\">Taki no shirato<\/a><\/em><a href=\"http:\/\/www.berlinerfestspiele.de\/de\/aktuell\/festivals\/02_maerzmusik\/mm11_programm\/mm11_programm_gesamt\/mm11_ProgrammlisteDetailSeite_18139.php\" target=\"_blank\"> <\/a>(1933)\u00a0von Kenji Mizoguchi. (Im Babylon finden w\u00e4hrend des Festivals \u00fcbrigens auch die Mitternachtscreenings von <em>Filme h\u00f6ren<\/em> statt. Dort werden Filme gezeigt, die nicht zuletzt aufgrund ihrer au\u00dfergew\u00f6hnlichen Tonspur Bedeutung erlangt haben.)<\/p>\n<p>Im Radialsystem V l\u00e4rmt am Sonntag\u00a0<a href=\"http:\/\/www.berlinerfestspiele.de\/de\/aktuell\/festivals\/02_maerzmusik\/mm11_programm\/mm11_programm_gesamt\/mm11_ProgrammlisteDetailSeite_18144.php\" target=\"_blank\">Das Orchester der Futuristischen Ger\u00e4uscherzeuger oder kurz: der\u00a0Intonarumori<\/a>. Die Intonarumori gehen zur\u00fcck auf einen Entwurf von Luigi Russolo (1885\u20131947). Der futuristische Maler und Komponist pr\u00e4sentierte\u00a01913 Instrumente f\u00fcr die Musik eines von Gro\u00dfst\u00e4dten und Maschinen gepr\u00e4gten 20. Jahrhunderts. Zwar gingen die Originale verloren. Aber die italienische Komponistin\u00a0Luciano Chessa hat f\u00fcr das\u00a0Performa Festival in New York 16 der Ger\u00e4uscherzeuger rekonstruiert und zeitgen\u00f6ssische Komponisten wie Blixa Bargeld und Mike Patton um neue Werke gebeten\u00a0&#8211; und das sind nur einige der vielen Optionen f\u00fcr dieses Wochenende.<\/p>\n<p>Falls das ohnehin schon verplant sein sollte:\u00a0In der Philharmonie tritt Montag das New Yorker Ensemble <a href=\"http:\/\/www.berlinerfestspiele.de\/de\/aktuell\/festivals\/02_maerzmusik\/mm11_programm\/mm11_programm_gesamt\/mm11_ProgrammlisteDetailSeite_18149.php\" target=\"_blank\">Alarm Will Sound<\/a> auf. Die 20-k\u00f6pfige Truppe hat sich auf die Bearbeitung elektronischer Musik f\u00fcr akustische Instrumente spezialisiert. Und im Hamburger Bahnhof findet <a href=\"http:\/\/www.berlinerfestspiele.de\/de\/aktuell\/festivals\/02_maerzmusik\/mm11_programm\/mm11_programm_gesamt\/mm11_ProgrammlisteDetailSeite_18150.php\" target=\"_blank\">What Got You Here, Won\u2019t Get You There<\/a> statt, eine Performance-Installation des isl\u00e4ndischen K\u00fcnstlers und Musikers Egill S\u00e6bj\u00f6rnsson und der brasilianischen Regisseurin und Schauspielerin Marcia Moraes.<\/p>\n<p>Nein, kein Aufatmen. Der Rest der Woche wird \u00e4hnlich turbulent; der <a href=\"http:\/\/www.berlinerfestspiele.de\/media\/2011_1\/maerzmusik_7\/download\/mm11_programmbroschuere.pdf\" target=\"_blank\">Download des Festivalprogramms<\/a> lohnt sich also.<\/p>\n<p><strong>18.-24 M\u00e4rz 2011<\/strong> |<a href=\"http:\/\/www.berlinerfestspiele.de\/de\/aktuell\/festivals\/02_maerzmusik\/mm11_programm\/mm11_programm_gesamt\/mm11_ProgrammlisteUebersicht.php\" target=\"_blank\"> siehe Programm<\/a><\/p>\n","protected":false},"excerpt":{"rendered":"<p>Das Festival f\u00fcr aktuelle Musik feiert sein 10-j\u00e4hriges Jubil\u00e4um. Das Leitmotiv 2011 lautet &#8222;Klang Bild Bewegung&#8220;. Die digitalen Medien haben die technische Umsetzung des Gesamtkunstwerkes vereinfacht. Nur macht das intermediale Arbeiten noch lange nicht zu Kunstwerken. Mit dem Festival M\u00e4rzMusik pr\u00e4sentieren die Berliner Festspiele sowie diverse Kooperationspartner gelungene oder zumindest erfolgsversprechende Projekte. Bei den Beitr\u00e4gen [&hellip;]<\/p>\n","protected":false},"author":306,"featured_media":0,"comment_status":"open","ping_status":"open","sticky":false,"template":"","format":"standard","meta":{"footnotes":""},"categories":[8177,8176,8172,8163,8181,8168,8185],"tags":[],"class_list":["post-5912","post","type-post","status-publish","format-standard","hentry","category-berlin-charlottenburg","category-berlin-friedrichshain","category-berlin-kreuzberg","category-berlin-mitte","category-berlin-prenzlauer-berg","category-konzert","category-performance"],"yoast_head":"<!-- This site is optimized with the Yoast SEO plugin v21.0 - https:\/\/yoast.com\/wordpress\/plugins\/seo\/ -->\n<title>F\u00fcr Ohren und Augen: eine Woche M\u00e4rzMusik - Filter<\/title>\n<meta name=\"robots\" content=\"index, follow, max-snippet:-1, max-image-preview:large, max-video-preview:-1\" \/>\n<link rel=\"canonical\" href=\"https:\/\/blog.zeit.de\/filter\/2011\/03\/18\/fur-ohren-und-augen-eine-woche-marzmusik\/\" \/>\n<meta property=\"og:locale\" content=\"de_DE\" \/>\n<meta property=\"og:type\" content=\"article\" \/>\n<meta property=\"og:title\" content=\"F\u00fcr Ohren und Augen: eine Woche M\u00e4rzMusik - Filter\" \/>\n<meta property=\"og:description\" content=\"Das Festival f\u00fcr aktuelle Musik feiert sein 10-j\u00e4hriges Jubil\u00e4um. Das Leitmotiv 2011 lautet &#8222;Klang Bild Bewegung&#8220;. Die digitalen Medien haben die technische Umsetzung des Gesamtkunstwerkes vereinfacht. Nur macht das intermediale Arbeiten noch lange nicht zu Kunstwerken. Mit dem Festival M\u00e4rzMusik pr\u00e4sentieren die Berliner Festspiele sowie diverse Kooperationspartner gelungene oder zumindest erfolgsversprechende Projekte. Bei den Beitr\u00e4gen [&hellip;]\" \/>\n<meta property=\"og:url\" content=\"https:\/\/blog.zeit.de\/filter\/2011\/03\/18\/fur-ohren-und-augen-eine-woche-marzmusik\/\" \/>\n<meta property=\"og:site_name\" content=\"Filter\" \/>\n<meta property=\"article:published_time\" content=\"2011-03-18T09:00:39+00:00\" \/>\n<meta property=\"article:modified_time\" content=\"2011-03-18T11:40:48+00:00\" \/>\n<meta name=\"author\" content=\"Nele Heinevetter\" \/>\n<meta name=\"twitter:card\" content=\"summary_large_image\" \/>\n<meta name=\"twitter:label1\" content=\"Geschrieben von\" \/>\n\t<meta name=\"twitter:data1\" content=\"Nele Heinevetter\" \/>\n\t<meta name=\"twitter:label2\" content=\"Gesch\u00e4tzte Lesezeit\" \/>\n\t<meta name=\"twitter:data2\" content=\"2\u00a0Minuten\" \/>\n<script type=\"application\/ld+json\" class=\"yoast-schema-graph\">{\"@context\":\"https:\/\/schema.org\",\"@graph\":[{\"@type\":\"WebPage\",\"@id\":\"https:\/\/blog.zeit.de\/filter\/2011\/03\/18\/fur-ohren-und-augen-eine-woche-marzmusik\/\",\"url\":\"https:\/\/blog.zeit.de\/filter\/2011\/03\/18\/fur-ohren-und-augen-eine-woche-marzmusik\/\",\"name\":\"F\u00fcr Ohren und Augen: eine Woche M\u00e4rzMusik - Filter\",\"isPartOf\":{\"@id\":\"https:\/\/blog.zeit.de\/filter\/#website\"},\"datePublished\":\"2011-03-18T09:00:39+00:00\",\"dateModified\":\"2011-03-18T11:40:48+00:00\",\"author\":{\"@id\":\"https:\/\/blog.zeit.de\/filter\/#\/schema\/person\/d7928a2c1d5a2125ff00961ba8a0316b\"},\"breadcrumb\":{\"@id\":\"https:\/\/blog.zeit.de\/filter\/2011\/03\/18\/fur-ohren-und-augen-eine-woche-marzmusik\/#breadcrumb\"},\"inLanguage\":\"de\",\"potentialAction\":[{\"@type\":\"ReadAction\",\"target\":[\"https:\/\/blog.zeit.de\/filter\/2011\/03\/18\/fur-ohren-und-augen-eine-woche-marzmusik\/\"]}]},{\"@type\":\"BreadcrumbList\",\"@id\":\"https:\/\/blog.zeit.de\/filter\/2011\/03\/18\/fur-ohren-und-augen-eine-woche-marzmusik\/#breadcrumb\",\"itemListElement\":[{\"@type\":\"ListItem\",\"position\":1,\"name\":\"Startseite\",\"item\":\"https:\/\/blog.zeit.de\/filter\/\"},{\"@type\":\"ListItem\",\"position\":2,\"name\":\"F\u00fcr Ohren und Augen: eine Woche M\u00e4rzMusik\"}]},{\"@type\":\"WebSite\",\"@id\":\"https:\/\/blog.zeit.de\/filter\/#website\",\"url\":\"https:\/\/blog.zeit.de\/filter\/\",\"name\":\"Filter\",\"description\":\"Das Kunstblog\",\"potentialAction\":[{\"@type\":\"SearchAction\",\"target\":{\"@type\":\"EntryPoint\",\"urlTemplate\":\"https:\/\/blog.zeit.de\/filter\/?s={search_term_string}\"},\"query-input\":\"required name=search_term_string\"}],\"inLanguage\":\"de\"},{\"@type\":\"Person\",\"@id\":\"https:\/\/blog.zeit.de\/filter\/#\/schema\/person\/d7928a2c1d5a2125ff00961ba8a0316b\",\"name\":\"Nele Heinevetter\",\"image\":{\"@type\":\"ImageObject\",\"inLanguage\":\"de\",\"@id\":\"https:\/\/blog.zeit.de\/filter\/#\/schema\/person\/image\/\",\"url\":\"https:\/\/secure.gravatar.com\/avatar\/aa3bcb0644f77a94d940f671a5eb85819ec45ca2163a2626017a8ccf34686336?s=96&d=mm&r=g\",\"contentUrl\":\"https:\/\/secure.gravatar.com\/avatar\/aa3bcb0644f77a94d940f671a5eb85819ec45ca2163a2626017a8ccf34686336?s=96&d=mm&r=g\",\"caption\":\"Nele Heinevetter\"},\"url\":\"https:\/\/blog.zeit.de\/filter\/author\/nele-heinevetter\/\"}]}<\/script>\n<!-- \/ Yoast SEO plugin. -->","yoast_head_json":{"title":"F\u00fcr Ohren und Augen: eine Woche M\u00e4rzMusik - Filter","robots":{"index":"index","follow":"follow","max-snippet":"max-snippet:-1","max-image-preview":"max-image-preview:large","max-video-preview":"max-video-preview:-1"},"canonical":"https:\/\/blog.zeit.de\/filter\/2011\/03\/18\/fur-ohren-und-augen-eine-woche-marzmusik\/","og_locale":"de_DE","og_type":"article","og_title":"F\u00fcr Ohren und Augen: eine Woche M\u00e4rzMusik - Filter","og_description":"Das Festival f\u00fcr aktuelle Musik feiert sein 10-j\u00e4hriges Jubil\u00e4um. Das Leitmotiv 2011 lautet &#8222;Klang Bild Bewegung&#8220;. Die digitalen Medien haben die technische Umsetzung des Gesamtkunstwerkes vereinfacht. Nur macht das intermediale Arbeiten noch lange nicht zu Kunstwerken. Mit dem Festival M\u00e4rzMusik pr\u00e4sentieren die Berliner Festspiele sowie diverse Kooperationspartner gelungene oder zumindest erfolgsversprechende Projekte. Bei den Beitr\u00e4gen [&hellip;]","og_url":"https:\/\/blog.zeit.de\/filter\/2011\/03\/18\/fur-ohren-und-augen-eine-woche-marzmusik\/","og_site_name":"Filter","article_published_time":"2011-03-18T09:00:39+00:00","article_modified_time":"2011-03-18T11:40:48+00:00","author":"Nele Heinevetter","twitter_card":"summary_large_image","twitter_misc":{"Geschrieben von":"Nele Heinevetter","Gesch\u00e4tzte Lesezeit":"2\u00a0Minuten"},"schema":{"@context":"https:\/\/schema.org","@graph":[{"@type":"WebPage","@id":"https:\/\/blog.zeit.de\/filter\/2011\/03\/18\/fur-ohren-und-augen-eine-woche-marzmusik\/","url":"https:\/\/blog.zeit.de\/filter\/2011\/03\/18\/fur-ohren-und-augen-eine-woche-marzmusik\/","name":"F\u00fcr Ohren und Augen: eine Woche M\u00e4rzMusik - Filter","isPartOf":{"@id":"https:\/\/blog.zeit.de\/filter\/#website"},"datePublished":"2011-03-18T09:00:39+00:00","dateModified":"2011-03-18T11:40:48+00:00","author":{"@id":"https:\/\/blog.zeit.de\/filter\/#\/schema\/person\/d7928a2c1d5a2125ff00961ba8a0316b"},"breadcrumb":{"@id":"https:\/\/blog.zeit.de\/filter\/2011\/03\/18\/fur-ohren-und-augen-eine-woche-marzmusik\/#breadcrumb"},"inLanguage":"de","potentialAction":[{"@type":"ReadAction","target":["https:\/\/blog.zeit.de\/filter\/2011\/03\/18\/fur-ohren-und-augen-eine-woche-marzmusik\/"]}]},{"@type":"BreadcrumbList","@id":"https:\/\/blog.zeit.de\/filter\/2011\/03\/18\/fur-ohren-und-augen-eine-woche-marzmusik\/#breadcrumb","itemListElement":[{"@type":"ListItem","position":1,"name":"Startseite","item":"https:\/\/blog.zeit.de\/filter\/"},{"@type":"ListItem","position":2,"name":"F\u00fcr Ohren und Augen: eine Woche M\u00e4rzMusik"}]},{"@type":"WebSite","@id":"https:\/\/blog.zeit.de\/filter\/#website","url":"https:\/\/blog.zeit.de\/filter\/","name":"Filter","description":"Das Kunstblog","potentialAction":[{"@type":"SearchAction","target":{"@type":"EntryPoint","urlTemplate":"https:\/\/blog.zeit.de\/filter\/?s={search_term_string}"},"query-input":"required name=search_term_string"}],"inLanguage":"de"},{"@type":"Person","@id":"https:\/\/blog.zeit.de\/filter\/#\/schema\/person\/d7928a2c1d5a2125ff00961ba8a0316b","name":"Nele Heinevetter","image":{"@type":"ImageObject","inLanguage":"de","@id":"https:\/\/blog.zeit.de\/filter\/#\/schema\/person\/image\/","url":"https:\/\/secure.gravatar.com\/avatar\/aa3bcb0644f77a94d940f671a5eb85819ec45ca2163a2626017a8ccf34686336?s=96&d=mm&r=g","contentUrl":"https:\/\/secure.gravatar.com\/avatar\/aa3bcb0644f77a94d940f671a5eb85819ec45ca2163a2626017a8ccf34686336?s=96&d=mm&r=g","caption":"Nele Heinevetter"},"url":"https:\/\/blog.zeit.de\/filter\/author\/nele-heinevetter\/"}]}},"jetpack_featured_media_url":"","_links":{"self":[{"href":"https:\/\/blog.zeit.de\/filter\/wp-json\/wp\/v2\/posts\/5912","targetHints":{"allow":["GET"]}}],"collection":[{"href":"https:\/\/blog.zeit.de\/filter\/wp-json\/wp\/v2\/posts"}],"about":[{"href":"https:\/\/blog.zeit.de\/filter\/wp-json\/wp\/v2\/types\/post"}],"author":[{"embeddable":true,"href":"https:\/\/blog.zeit.de\/filter\/wp-json\/wp\/v2\/users\/306"}],"replies":[{"embeddable":true,"href":"https:\/\/blog.zeit.de\/filter\/wp-json\/wp\/v2\/comments?post=5912"}],"version-history":[{"count":26,"href":"https:\/\/blog.zeit.de\/filter\/wp-json\/wp\/v2\/posts\/5912\/revisions"}],"predecessor-version":[{"id":6014,"href":"https:\/\/blog.zeit.de\/filter\/wp-json\/wp\/v2\/posts\/5912\/revisions\/6014"}],"wp:attachment":[{"href":"https:\/\/blog.zeit.de\/filter\/wp-json\/wp\/v2\/media?parent=5912"}],"wp:term":[{"taxonomy":"category","embeddable":true,"href":"https:\/\/blog.zeit.de\/filter\/wp-json\/wp\/v2\/categories?post=5912"},{"taxonomy":"post_tag","embeddable":true,"href":"https:\/\/blog.zeit.de\/filter\/wp-json\/wp\/v2\/tags?post=5912"}],"curies":[{"name":"wp","href":"https:\/\/api.w.org\/{rel}","templated":true}]}}