{"id":5963,"date":"2011-03-18T10:01:11","date_gmt":"2011-03-18T09:01:11","guid":{"rendered":"http:\/\/blog.zeit.de\/filter\/?p=5963"},"modified":"2011-03-18T12:36:32","modified_gmt":"2011-03-18T11:36:32","slug":"johann-konig-capitain-petzel-eigenart","status":"publish","type":"post","link":"https:\/\/blog.zeit.de\/filter\/2011\/03\/18\/johann-konig-capitain-petzel-eigenart\/","title":{"rendered":"Von wegen selbsterkl\u00e4rend"},"content":{"rendered":"<p><strong> <\/strong><\/p>\n<p><strong> <\/strong><\/p>\n<p><strong> <\/strong><\/p>\n<p><figure id=\"attachment_5969\" aria-describedby=\"caption-attachment-5969\" style=\"width: 180px\" class=\"wp-caption alignleft\"><img loading=\"lazy\" decoding=\"async\" class=\"size-full wp-image-5969\" title=\"Andreas Zybach, o.T., 2011 \u00a9 Foto: Roman M\u00e4rz, Courtesy Galerie Johann K\u00f6nig\" src=\"https:\/\/blog.zeit.de\/filter\/files\/2011\/03\/Andreas-Zybach-o.T.-2011-\u00a9-Roman-M\u00e4rz-.jpg\" alt=\"\" width=\"180\" height=\"240\" \/><figcaption id=\"caption-attachment-5969\" class=\"wp-caption-text\">Andreas Zybach, o.T., 2011 \u00a9 Foto: Roman M\u00e4rz, Courtesy Galerie Johann K\u00f6nig<\/figcaption><\/figure><\/p>\n<p><strong>Am Samstag gibt&#8217;s viel Konzept und Referenzen zu sehen.<\/strong><\/p>\n<p>Wie jedes Wochenende kommt viel neue Kunst in die hiesigen Galerien. Interessanterweise er\u00f6ffnen aber gleich drei Einzelausstellungen mit K\u00fcnstlern, deren Arbeiten mit mehr oder weniger komplexen Bez\u00fcgen operieren.<\/p>\n<p>Anl\u00e4sslich seiner Einzelausstellung <em>Carve out a Space of Intimacy<\/em> spricht der amerikanische K\u00fcnstler und Musiker Stephen Prina in der\u00a0<a href=\"http:\/\/www.capitainpetzel.de\/\" target=\"_blank\">Galerie Capitain Petzel<\/a> \u00fcber seine Arbeitsweise.\u00a0Prina verwendet stets ein dichtes Referenzsystem; seine Werke greifen Motive und Themen aus Kunst, Musik sowie Literatur oder Theorie auf.<\/p>\n<p>Bei der <a href=\"http:\/\/cgi.eigen-art.com\/user-cgi-bin\/index.php\" target=\"_blank\">Galerie Eigen + Art<\/a> pr\u00e4sentiert <a href=\"http:\/\/cgi.eigen-art.com\/user-cgi-bin\/index.php?article_id=82&amp;clang=0\" target=\"_blank\">Olaf Nicolai<\/a> seine Einzelausstellung\u00a0<em>Warum Frauen gerne Stoffe kaufen, die sich gut anf\u00fchlen. <\/em>Die Schau besteht aus zwei Bl\u00fctenstickereien sowie einem raumf\u00fcllenden Vorhang aus gewebter Seide. Au\u00dferdem geh\u00f6rt dazu nicht weniger als ein ganzer Anmerkungsapparat. In sieben Kapiteln assoziert Nicolai frei \u00fcber die unterschiedliche Bez\u00fcge, wie Textilindustrie, Meinungsforschung oder Studien zur taktilen Wahrnehmung von Stoffen.<\/p>\n<p>In der\u00a0<a href=\"http:\/\/www.johannkoenig.de\/\" target=\"_blank\">Galerie Johann K\u00f6nig<\/a> arbeitet sich\u00a0<a href=\"http:\/\/www.johannkoenig.de\/145\/8\/andreas_zybach\/exhibitions\/andreas_zybach.html\" target=\"_blank\">Andreas Zybach<\/a> am Organismus des Baumes ab. Seine Skulpturen aus Rohren und Kompressoren, Leitungen und Ventilen sowie Luftballons erinnern nicht nur formal an B\u00e4ume. Au\u00dferdem saugen sie mittels einer elektronischen Steuerung Luft aus dem Ausstellungsraum und geben diese intervallweise an Ballons ab, die nach und nach platzen. Weiter zitieren auch die ausliegende Poster Aufrufe zur Aufforstung, um den CO2 Aussto\u00df zu kompensieren.<\/p>\n<p><strong>18 Uhr | 19. M\u00e4rz 2011<\/strong> | <a href=\"http:\/\/www.capitainpetzel.de\/\" target=\"_blank\">Capitain Petzel<\/a> | Karl Marx Allee 45 | Berlin Friedrichshain<\/p>\n<p><strong>17 Uhr | 19. M\u00e4rz 2011<\/strong> | <a href=\"http:\/\/www.eigen-art.com\/\" target=\"_blank\">Galerie Eigen + Art Berlin<\/a> | Auguststra\u00dfe 26 | Berlin Mitte<\/p>\n<p><strong>18 Uhr | 19. M\u00e4rz 2011<\/strong> | <a href=\"http:\/\/www.johannkoenig.de\/\" target=\"_blank\">Galerie Johann K\u00f6nig<\/a> | Dessauer Stra\u00dfe 6-7 | Berlin Mitte<\/p>\n","protected":false},"excerpt":{"rendered":"<p>Am Samstag gibt&#8217;s viel Konzept und Referenzen zu sehen. Wie jedes Wochenende kommt viel neue Kunst in die hiesigen Galerien. Interessanterweise er\u00f6ffnen aber gleich drei Einzelausstellungen mit K\u00fcnstlern, deren Arbeiten mit mehr oder weniger komplexen Bez\u00fcgen operieren. Anl\u00e4sslich seiner Einzelausstellung Carve out a Space of Intimacy spricht der amerikanische K\u00fcnstler und Musiker Stephen Prina in [&hellip;]<\/p>\n","protected":false},"author":306,"featured_media":0,"comment_status":"open","ping_status":"open","sticky":false,"template":"","format":"standard","meta":{"footnotes":""},"categories":[22,8176,8172,8163],"tags":[],"class_list":["post-5963","post","type-post","status-publish","format-standard","hentry","category-ausstellung","category-berlin-friedrichshain","category-berlin-kreuzberg","category-berlin-mitte"],"yoast_head":"<!-- This site is optimized with the Yoast SEO plugin v21.0 - https:\/\/yoast.com\/wordpress\/plugins\/seo\/ -->\n<title>Von wegen selbsterkl\u00e4rend - Filter<\/title>\n<meta name=\"robots\" content=\"index, follow, max-snippet:-1, max-image-preview:large, max-video-preview:-1\" \/>\n<link rel=\"canonical\" href=\"https:\/\/blog.zeit.de\/filter\/2011\/03\/18\/johann-konig-capitain-petzel-eigenart\/\" \/>\n<meta property=\"og:locale\" content=\"de_DE\" \/>\n<meta property=\"og:type\" content=\"article\" \/>\n<meta property=\"og:title\" content=\"Von wegen selbsterkl\u00e4rend - Filter\" \/>\n<meta property=\"og:description\" content=\"Am Samstag gibt&#8217;s viel Konzept und Referenzen zu sehen. Wie jedes Wochenende kommt viel neue Kunst in die hiesigen Galerien. Interessanterweise er\u00f6ffnen aber gleich drei Einzelausstellungen mit K\u00fcnstlern, deren Arbeiten mit mehr oder weniger komplexen Bez\u00fcgen operieren. Anl\u00e4sslich seiner Einzelausstellung Carve out a Space of Intimacy spricht der amerikanische K\u00fcnstler und Musiker Stephen Prina in [&hellip;]\" \/>\n<meta property=\"og:url\" content=\"https:\/\/blog.zeit.de\/filter\/2011\/03\/18\/johann-konig-capitain-petzel-eigenart\/\" \/>\n<meta property=\"og:site_name\" content=\"Filter\" \/>\n<meta property=\"article:published_time\" content=\"2011-03-18T09:01:11+00:00\" \/>\n<meta property=\"article:modified_time\" content=\"2011-03-18T11:36:32+00:00\" \/>\n<meta name=\"author\" content=\"Nele Heinevetter\" \/>\n<meta name=\"twitter:card\" content=\"summary_large_image\" \/>\n<meta name=\"twitter:label1\" content=\"Geschrieben von\" \/>\n\t<meta name=\"twitter:data1\" content=\"Nele Heinevetter\" \/>\n\t<meta name=\"twitter:label2\" content=\"Gesch\u00e4tzte Lesezeit\" \/>\n\t<meta name=\"twitter:data2\" content=\"1\u00a0Minute\" \/>\n<script type=\"application\/ld+json\" class=\"yoast-schema-graph\">{\"@context\":\"https:\/\/schema.org\",\"@graph\":[{\"@type\":\"WebPage\",\"@id\":\"https:\/\/blog.zeit.de\/filter\/2011\/03\/18\/johann-konig-capitain-petzel-eigenart\/\",\"url\":\"https:\/\/blog.zeit.de\/filter\/2011\/03\/18\/johann-konig-capitain-petzel-eigenart\/\",\"name\":\"Von wegen selbsterkl\u00e4rend - Filter\",\"isPartOf\":{\"@id\":\"https:\/\/blog.zeit.de\/filter\/#website\"},\"datePublished\":\"2011-03-18T09:01:11+00:00\",\"dateModified\":\"2011-03-18T11:36:32+00:00\",\"author\":{\"@id\":\"https:\/\/blog.zeit.de\/filter\/#\/schema\/person\/d7928a2c1d5a2125ff00961ba8a0316b\"},\"breadcrumb\":{\"@id\":\"https:\/\/blog.zeit.de\/filter\/2011\/03\/18\/johann-konig-capitain-petzel-eigenart\/#breadcrumb\"},\"inLanguage\":\"de\",\"potentialAction\":[{\"@type\":\"ReadAction\",\"target\":[\"https:\/\/blog.zeit.de\/filter\/2011\/03\/18\/johann-konig-capitain-petzel-eigenart\/\"]}]},{\"@type\":\"BreadcrumbList\",\"@id\":\"https:\/\/blog.zeit.de\/filter\/2011\/03\/18\/johann-konig-capitain-petzel-eigenart\/#breadcrumb\",\"itemListElement\":[{\"@type\":\"ListItem\",\"position\":1,\"name\":\"Startseite\",\"item\":\"https:\/\/blog.zeit.de\/filter\/\"},{\"@type\":\"ListItem\",\"position\":2,\"name\":\"Von wegen selbsterkl\u00e4rend\"}]},{\"@type\":\"WebSite\",\"@id\":\"https:\/\/blog.zeit.de\/filter\/#website\",\"url\":\"https:\/\/blog.zeit.de\/filter\/\",\"name\":\"Filter\",\"description\":\"Das Kunstblog\",\"potentialAction\":[{\"@type\":\"SearchAction\",\"target\":{\"@type\":\"EntryPoint\",\"urlTemplate\":\"https:\/\/blog.zeit.de\/filter\/?s={search_term_string}\"},\"query-input\":\"required name=search_term_string\"}],\"inLanguage\":\"de\"},{\"@type\":\"Person\",\"@id\":\"https:\/\/blog.zeit.de\/filter\/#\/schema\/person\/d7928a2c1d5a2125ff00961ba8a0316b\",\"name\":\"Nele Heinevetter\",\"image\":{\"@type\":\"ImageObject\",\"inLanguage\":\"de\",\"@id\":\"https:\/\/blog.zeit.de\/filter\/#\/schema\/person\/image\/\",\"url\":\"https:\/\/secure.gravatar.com\/avatar\/aa3bcb0644f77a94d940f671a5eb85819ec45ca2163a2626017a8ccf34686336?s=96&d=mm&r=g\",\"contentUrl\":\"https:\/\/secure.gravatar.com\/avatar\/aa3bcb0644f77a94d940f671a5eb85819ec45ca2163a2626017a8ccf34686336?s=96&d=mm&r=g\",\"caption\":\"Nele Heinevetter\"},\"url\":\"https:\/\/blog.zeit.de\/filter\/author\/nele-heinevetter\/\"}]}<\/script>\n<!-- \/ Yoast SEO plugin. -->","yoast_head_json":{"title":"Von wegen selbsterkl\u00e4rend - Filter","robots":{"index":"index","follow":"follow","max-snippet":"max-snippet:-1","max-image-preview":"max-image-preview:large","max-video-preview":"max-video-preview:-1"},"canonical":"https:\/\/blog.zeit.de\/filter\/2011\/03\/18\/johann-konig-capitain-petzel-eigenart\/","og_locale":"de_DE","og_type":"article","og_title":"Von wegen selbsterkl\u00e4rend - Filter","og_description":"Am Samstag gibt&#8217;s viel Konzept und Referenzen zu sehen. Wie jedes Wochenende kommt viel neue Kunst in die hiesigen Galerien. Interessanterweise er\u00f6ffnen aber gleich drei Einzelausstellungen mit K\u00fcnstlern, deren Arbeiten mit mehr oder weniger komplexen Bez\u00fcgen operieren. Anl\u00e4sslich seiner Einzelausstellung Carve out a Space of Intimacy spricht der amerikanische K\u00fcnstler und Musiker Stephen Prina in [&hellip;]","og_url":"https:\/\/blog.zeit.de\/filter\/2011\/03\/18\/johann-konig-capitain-petzel-eigenart\/","og_site_name":"Filter","article_published_time":"2011-03-18T09:01:11+00:00","article_modified_time":"2011-03-18T11:36:32+00:00","author":"Nele Heinevetter","twitter_card":"summary_large_image","twitter_misc":{"Geschrieben von":"Nele Heinevetter","Gesch\u00e4tzte Lesezeit":"1\u00a0Minute"},"schema":{"@context":"https:\/\/schema.org","@graph":[{"@type":"WebPage","@id":"https:\/\/blog.zeit.de\/filter\/2011\/03\/18\/johann-konig-capitain-petzel-eigenart\/","url":"https:\/\/blog.zeit.de\/filter\/2011\/03\/18\/johann-konig-capitain-petzel-eigenart\/","name":"Von wegen selbsterkl\u00e4rend - Filter","isPartOf":{"@id":"https:\/\/blog.zeit.de\/filter\/#website"},"datePublished":"2011-03-18T09:01:11+00:00","dateModified":"2011-03-18T11:36:32+00:00","author":{"@id":"https:\/\/blog.zeit.de\/filter\/#\/schema\/person\/d7928a2c1d5a2125ff00961ba8a0316b"},"breadcrumb":{"@id":"https:\/\/blog.zeit.de\/filter\/2011\/03\/18\/johann-konig-capitain-petzel-eigenart\/#breadcrumb"},"inLanguage":"de","potentialAction":[{"@type":"ReadAction","target":["https:\/\/blog.zeit.de\/filter\/2011\/03\/18\/johann-konig-capitain-petzel-eigenart\/"]}]},{"@type":"BreadcrumbList","@id":"https:\/\/blog.zeit.de\/filter\/2011\/03\/18\/johann-konig-capitain-petzel-eigenart\/#breadcrumb","itemListElement":[{"@type":"ListItem","position":1,"name":"Startseite","item":"https:\/\/blog.zeit.de\/filter\/"},{"@type":"ListItem","position":2,"name":"Von wegen selbsterkl\u00e4rend"}]},{"@type":"WebSite","@id":"https:\/\/blog.zeit.de\/filter\/#website","url":"https:\/\/blog.zeit.de\/filter\/","name":"Filter","description":"Das Kunstblog","potentialAction":[{"@type":"SearchAction","target":{"@type":"EntryPoint","urlTemplate":"https:\/\/blog.zeit.de\/filter\/?s={search_term_string}"},"query-input":"required name=search_term_string"}],"inLanguage":"de"},{"@type":"Person","@id":"https:\/\/blog.zeit.de\/filter\/#\/schema\/person\/d7928a2c1d5a2125ff00961ba8a0316b","name":"Nele Heinevetter","image":{"@type":"ImageObject","inLanguage":"de","@id":"https:\/\/blog.zeit.de\/filter\/#\/schema\/person\/image\/","url":"https:\/\/secure.gravatar.com\/avatar\/aa3bcb0644f77a94d940f671a5eb85819ec45ca2163a2626017a8ccf34686336?s=96&d=mm&r=g","contentUrl":"https:\/\/secure.gravatar.com\/avatar\/aa3bcb0644f77a94d940f671a5eb85819ec45ca2163a2626017a8ccf34686336?s=96&d=mm&r=g","caption":"Nele Heinevetter"},"url":"https:\/\/blog.zeit.de\/filter\/author\/nele-heinevetter\/"}]}},"jetpack_featured_media_url":"","_links":{"self":[{"href":"https:\/\/blog.zeit.de\/filter\/wp-json\/wp\/v2\/posts\/5963","targetHints":{"allow":["GET"]}}],"collection":[{"href":"https:\/\/blog.zeit.de\/filter\/wp-json\/wp\/v2\/posts"}],"about":[{"href":"https:\/\/blog.zeit.de\/filter\/wp-json\/wp\/v2\/types\/post"}],"author":[{"embeddable":true,"href":"https:\/\/blog.zeit.de\/filter\/wp-json\/wp\/v2\/users\/306"}],"replies":[{"embeddable":true,"href":"https:\/\/blog.zeit.de\/filter\/wp-json\/wp\/v2\/comments?post=5963"}],"version-history":[{"count":14,"href":"https:\/\/blog.zeit.de\/filter\/wp-json\/wp\/v2\/posts\/5963\/revisions"}],"predecessor-version":[{"id":6011,"href":"https:\/\/blog.zeit.de\/filter\/wp-json\/wp\/v2\/posts\/5963\/revisions\/6011"}],"wp:attachment":[{"href":"https:\/\/blog.zeit.de\/filter\/wp-json\/wp\/v2\/media?parent=5963"}],"wp:term":[{"taxonomy":"category","embeddable":true,"href":"https:\/\/blog.zeit.de\/filter\/wp-json\/wp\/v2\/categories?post=5963"},{"taxonomy":"post_tag","embeddable":true,"href":"https:\/\/blog.zeit.de\/filter\/wp-json\/wp\/v2\/tags?post=5963"}],"curies":[{"name":"wp","href":"https:\/\/api.w.org\/{rel}","templated":true}]}}