{"id":6071,"date":"2011-03-23T10:00:36","date_gmt":"2011-03-23T09:00:36","guid":{"rendered":"http:\/\/blog.zeit.de\/filter\/?p=6071"},"modified":"2011-03-23T11:53:29","modified_gmt":"2011-03-23T10:53:29","slug":"david-levine-salon-populaire","status":"publish","type":"post","link":"https:\/\/blog.zeit.de\/filter\/2011\/03\/23\/david-levine-salon-populaire\/","title":{"rendered":"Musik statt Theorie"},"content":{"rendered":"<p><figure id=\"attachment_6072\" aria-describedby=\"caption-attachment-6072\" style=\"width: 540px\" class=\"wp-caption alignleft\"><img loading=\"lazy\" decoding=\"async\" class=\"size-full wp-image-6072\" title=\"David Levine &amp; Band \u00a9 The Office\" src=\"https:\/\/blog.zeit.de\/filter\/files\/2011\/03\/Konzert.jpg\" alt=\"\" width=\"540\" height=\"304\" srcset=\"https:\/\/blog.zeit.de\/filter\/files\/2011\/03\/Konzert.jpg 540w, https:\/\/blog.zeit.de\/filter\/files\/2011\/03\/Konzert-300x168.jpg 300w\" sizes=\"auto, (max-width: 540px) 100vw, 540px\" \/><figcaption id=\"caption-attachment-6072\" class=\"wp-caption-text\">David Levine &amp; Band \u00a9 The Office<\/figcaption><\/figure><\/p>\n<p><strong>Im <a href=\"http:\/\/www.salonpopulaire.de\/\" target=\"_blank\">Salon Populaire<\/a><\/strong><strong> gibt&#8217;s heute mal keine schlauen Konversationen, sondern ein Konzert.<\/strong><\/p>\n<p>Mit<em> From the department of bad moods #2: Places <\/em>sind der K\u00fcnstler\u00a0<a href=\"http:\/\/ghebaly.com\/artists\/david-levine\" target=\"_blank\">David Levine<\/a> &amp; seine K\u00fcnstlerkollegen bereits zum zweiten Mal zu Gast in den <a href=\"http:\/\/www.kunstsaele.org\/\" target=\"_blank\">Kunstsaelen<\/a>. Der Abend steht unter dem Motto &#8222;the deleterious effects of travel&#8220; \u2013 und darin d\u00fcrften sich die vier vielbesch\u00e4ftigten Jungs auskennen. Der Fotograf\u00a0<a href=\"http:\/\/www.joedilworth.com\/\" target=\"_blank\">Joe Dilworth<\/a> und der K\u00fcnstler\u00a0<a href=\"http:\/\/www.viktortimofeev.com\/\" target=\"_blank\">Viktor Timofeev<\/a> machen zwar nebenher &#8217;nur&#8216; Musik. Aber der Maler\u00a0<a href=\"http:\/\/www.danielkingery.com\/\" target=\"_blank\">Daniel Kingery<\/a> kuratiert au\u00dferdem und Levine dreht Filme.\u00a0Drinks gibt&#8217;s nat\u00fcrlich auch.<\/p>\n<p>Und wenn man schon mal da ist: Im gegen\u00fcberliegenden Raum zeigt die Galerie<a href=\"http:\/\/www.aanantzoo.de\/index.php?Lang=DE?com=home\" target=\"_blank\"> Aanant &amp; Zoo<\/a> Michael Dreyer und Sven-Ole Frahm.<\/p>\n<p><strong>20 Uhr | 23. M\u00e4rz 2011<\/strong> | <a href=\"http:\/\/www.salonpopulaire.de\/\" target=\"_blank\">Salon Populaire<\/a> | B\u00fclowstra\u00dfe 90 | Berlin Sch\u00f6neberg<\/p>\n","protected":false},"excerpt":{"rendered":"<p>Im Salon Populaire gibt&#8217;s heute mal keine schlauen Konversationen, sondern ein Konzert. Mit From the department of bad moods #2: Places sind der K\u00fcnstler\u00a0David Levine &amp; seine K\u00fcnstlerkollegen bereits zum zweiten Mal zu Gast in den Kunstsaelen. Der Abend steht unter dem Motto &#8222;the deleterious effects of travel&#8220; \u2013 und darin d\u00fcrften sich die vier [&hellip;]<\/p>\n","protected":false},"author":306,"featured_media":0,"comment_status":"open","ping_status":"open","sticky":false,"template":"","format":"standard","meta":{"footnotes":""},"categories":[8183,8168],"tags":[],"class_list":["post-6071","post","type-post","status-publish","format-standard","hentry","category-berlin-schoneberg","category-konzert"],"yoast_head":"<!-- This site is optimized with the Yoast SEO plugin v21.0 - https:\/\/yoast.com\/wordpress\/plugins\/seo\/ -->\n<title>Musik statt Theorie - Filter<\/title>\n<meta name=\"robots\" content=\"index, follow, max-snippet:-1, max-image-preview:large, max-video-preview:-1\" \/>\n<link rel=\"canonical\" href=\"https:\/\/blog.zeit.de\/filter\/2011\/03\/23\/david-levine-salon-populaire\/\" \/>\n<meta property=\"og:locale\" content=\"de_DE\" \/>\n<meta property=\"og:type\" content=\"article\" \/>\n<meta property=\"og:title\" content=\"Musik statt Theorie - Filter\" \/>\n<meta property=\"og:description\" content=\"Im Salon Populaire gibt&#8217;s heute mal keine schlauen Konversationen, sondern ein Konzert. Mit From the department of bad moods #2: Places sind der K\u00fcnstler\u00a0David Levine &amp; seine K\u00fcnstlerkollegen bereits zum zweiten Mal zu Gast in den Kunstsaelen. Der Abend steht unter dem Motto &#8222;the deleterious effects of travel&#8220; \u2013 und darin d\u00fcrften sich die vier [&hellip;]\" \/>\n<meta property=\"og:url\" content=\"https:\/\/blog.zeit.de\/filter\/2011\/03\/23\/david-levine-salon-populaire\/\" \/>\n<meta property=\"og:site_name\" content=\"Filter\" \/>\n<meta property=\"article:published_time\" content=\"2011-03-23T09:00:36+00:00\" \/>\n<meta property=\"article:modified_time\" content=\"2011-03-23T10:53:29+00:00\" \/>\n<meta property=\"og:image\" content=\"https:\/\/blog.zeit.de\/filter\/files\/2011\/03\/Konzert.jpg\" \/>\n<meta name=\"author\" content=\"Nele Heinevetter\" \/>\n<meta name=\"twitter:card\" content=\"summary_large_image\" \/>\n<meta name=\"twitter:label1\" content=\"Geschrieben von\" \/>\n\t<meta name=\"twitter:data1\" content=\"Nele Heinevetter\" \/>\n\t<meta name=\"twitter:label2\" content=\"Gesch\u00e4tzte Lesezeit\" \/>\n\t<meta name=\"twitter:data2\" content=\"1\u00a0Minute\" \/>\n<script type=\"application\/ld+json\" class=\"yoast-schema-graph\">{\"@context\":\"https:\/\/schema.org\",\"@graph\":[{\"@type\":\"WebPage\",\"@id\":\"https:\/\/blog.zeit.de\/filter\/2011\/03\/23\/david-levine-salon-populaire\/\",\"url\":\"https:\/\/blog.zeit.de\/filter\/2011\/03\/23\/david-levine-salon-populaire\/\",\"name\":\"Musik statt Theorie - Filter\",\"isPartOf\":{\"@id\":\"https:\/\/blog.zeit.de\/filter\/#website\"},\"datePublished\":\"2011-03-23T09:00:36+00:00\",\"dateModified\":\"2011-03-23T10:53:29+00:00\",\"author\":{\"@id\":\"https:\/\/blog.zeit.de\/filter\/#\/schema\/person\/d7928a2c1d5a2125ff00961ba8a0316b\"},\"breadcrumb\":{\"@id\":\"https:\/\/blog.zeit.de\/filter\/2011\/03\/23\/david-levine-salon-populaire\/#breadcrumb\"},\"inLanguage\":\"de\",\"potentialAction\":[{\"@type\":\"ReadAction\",\"target\":[\"https:\/\/blog.zeit.de\/filter\/2011\/03\/23\/david-levine-salon-populaire\/\"]}]},{\"@type\":\"BreadcrumbList\",\"@id\":\"https:\/\/blog.zeit.de\/filter\/2011\/03\/23\/david-levine-salon-populaire\/#breadcrumb\",\"itemListElement\":[{\"@type\":\"ListItem\",\"position\":1,\"name\":\"Startseite\",\"item\":\"https:\/\/blog.zeit.de\/filter\/\"},{\"@type\":\"ListItem\",\"position\":2,\"name\":\"Musik statt Theorie\"}]},{\"@type\":\"WebSite\",\"@id\":\"https:\/\/blog.zeit.de\/filter\/#website\",\"url\":\"https:\/\/blog.zeit.de\/filter\/\",\"name\":\"Filter\",\"description\":\"Das Kunstblog\",\"potentialAction\":[{\"@type\":\"SearchAction\",\"target\":{\"@type\":\"EntryPoint\",\"urlTemplate\":\"https:\/\/blog.zeit.de\/filter\/?s={search_term_string}\"},\"query-input\":\"required name=search_term_string\"}],\"inLanguage\":\"de\"},{\"@type\":\"Person\",\"@id\":\"https:\/\/blog.zeit.de\/filter\/#\/schema\/person\/d7928a2c1d5a2125ff00961ba8a0316b\",\"name\":\"Nele Heinevetter\",\"image\":{\"@type\":\"ImageObject\",\"inLanguage\":\"de\",\"@id\":\"https:\/\/blog.zeit.de\/filter\/#\/schema\/person\/image\/\",\"url\":\"https:\/\/secure.gravatar.com\/avatar\/aa3bcb0644f77a94d940f671a5eb85819ec45ca2163a2626017a8ccf34686336?s=96&d=mm&r=g\",\"contentUrl\":\"https:\/\/secure.gravatar.com\/avatar\/aa3bcb0644f77a94d940f671a5eb85819ec45ca2163a2626017a8ccf34686336?s=96&d=mm&r=g\",\"caption\":\"Nele Heinevetter\"},\"url\":\"https:\/\/blog.zeit.de\/filter\/author\/nele-heinevetter\/\"}]}<\/script>\n<!-- \/ Yoast SEO plugin. -->","yoast_head_json":{"title":"Musik statt Theorie - Filter","robots":{"index":"index","follow":"follow","max-snippet":"max-snippet:-1","max-image-preview":"max-image-preview:large","max-video-preview":"max-video-preview:-1"},"canonical":"https:\/\/blog.zeit.de\/filter\/2011\/03\/23\/david-levine-salon-populaire\/","og_locale":"de_DE","og_type":"article","og_title":"Musik statt Theorie - Filter","og_description":"Im Salon Populaire gibt&#8217;s heute mal keine schlauen Konversationen, sondern ein Konzert. Mit From the department of bad moods #2: Places sind der K\u00fcnstler\u00a0David Levine &amp; seine K\u00fcnstlerkollegen bereits zum zweiten Mal zu Gast in den Kunstsaelen. Der Abend steht unter dem Motto &#8222;the deleterious effects of travel&#8220; \u2013 und darin d\u00fcrften sich die vier [&hellip;]","og_url":"https:\/\/blog.zeit.de\/filter\/2011\/03\/23\/david-levine-salon-populaire\/","og_site_name":"Filter","article_published_time":"2011-03-23T09:00:36+00:00","article_modified_time":"2011-03-23T10:53:29+00:00","og_image":[{"url":"https:\/\/blog.zeit.de\/filter\/files\/2011\/03\/Konzert.jpg"}],"author":"Nele Heinevetter","twitter_card":"summary_large_image","twitter_misc":{"Geschrieben von":"Nele Heinevetter","Gesch\u00e4tzte Lesezeit":"1\u00a0Minute"},"schema":{"@context":"https:\/\/schema.org","@graph":[{"@type":"WebPage","@id":"https:\/\/blog.zeit.de\/filter\/2011\/03\/23\/david-levine-salon-populaire\/","url":"https:\/\/blog.zeit.de\/filter\/2011\/03\/23\/david-levine-salon-populaire\/","name":"Musik statt Theorie - Filter","isPartOf":{"@id":"https:\/\/blog.zeit.de\/filter\/#website"},"datePublished":"2011-03-23T09:00:36+00:00","dateModified":"2011-03-23T10:53:29+00:00","author":{"@id":"https:\/\/blog.zeit.de\/filter\/#\/schema\/person\/d7928a2c1d5a2125ff00961ba8a0316b"},"breadcrumb":{"@id":"https:\/\/blog.zeit.de\/filter\/2011\/03\/23\/david-levine-salon-populaire\/#breadcrumb"},"inLanguage":"de","potentialAction":[{"@type":"ReadAction","target":["https:\/\/blog.zeit.de\/filter\/2011\/03\/23\/david-levine-salon-populaire\/"]}]},{"@type":"BreadcrumbList","@id":"https:\/\/blog.zeit.de\/filter\/2011\/03\/23\/david-levine-salon-populaire\/#breadcrumb","itemListElement":[{"@type":"ListItem","position":1,"name":"Startseite","item":"https:\/\/blog.zeit.de\/filter\/"},{"@type":"ListItem","position":2,"name":"Musik statt Theorie"}]},{"@type":"WebSite","@id":"https:\/\/blog.zeit.de\/filter\/#website","url":"https:\/\/blog.zeit.de\/filter\/","name":"Filter","description":"Das Kunstblog","potentialAction":[{"@type":"SearchAction","target":{"@type":"EntryPoint","urlTemplate":"https:\/\/blog.zeit.de\/filter\/?s={search_term_string}"},"query-input":"required name=search_term_string"}],"inLanguage":"de"},{"@type":"Person","@id":"https:\/\/blog.zeit.de\/filter\/#\/schema\/person\/d7928a2c1d5a2125ff00961ba8a0316b","name":"Nele Heinevetter","image":{"@type":"ImageObject","inLanguage":"de","@id":"https:\/\/blog.zeit.de\/filter\/#\/schema\/person\/image\/","url":"https:\/\/secure.gravatar.com\/avatar\/aa3bcb0644f77a94d940f671a5eb85819ec45ca2163a2626017a8ccf34686336?s=96&d=mm&r=g","contentUrl":"https:\/\/secure.gravatar.com\/avatar\/aa3bcb0644f77a94d940f671a5eb85819ec45ca2163a2626017a8ccf34686336?s=96&d=mm&r=g","caption":"Nele Heinevetter"},"url":"https:\/\/blog.zeit.de\/filter\/author\/nele-heinevetter\/"}]}},"jetpack_featured_media_url":"","_links":{"self":[{"href":"https:\/\/blog.zeit.de\/filter\/wp-json\/wp\/v2\/posts\/6071","targetHints":{"allow":["GET"]}}],"collection":[{"href":"https:\/\/blog.zeit.de\/filter\/wp-json\/wp\/v2\/posts"}],"about":[{"href":"https:\/\/blog.zeit.de\/filter\/wp-json\/wp\/v2\/types\/post"}],"author":[{"embeddable":true,"href":"https:\/\/blog.zeit.de\/filter\/wp-json\/wp\/v2\/users\/306"}],"replies":[{"embeddable":true,"href":"https:\/\/blog.zeit.de\/filter\/wp-json\/wp\/v2\/comments?post=6071"}],"version-history":[{"count":16,"href":"https:\/\/blog.zeit.de\/filter\/wp-json\/wp\/v2\/posts\/6071\/revisions"}],"predecessor-version":[{"id":6084,"href":"https:\/\/blog.zeit.de\/filter\/wp-json\/wp\/v2\/posts\/6071\/revisions\/6084"}],"wp:attachment":[{"href":"https:\/\/blog.zeit.de\/filter\/wp-json\/wp\/v2\/media?parent=6071"}],"wp:term":[{"taxonomy":"category","embeddable":true,"href":"https:\/\/blog.zeit.de\/filter\/wp-json\/wp\/v2\/categories?post=6071"},{"taxonomy":"post_tag","embeddable":true,"href":"https:\/\/blog.zeit.de\/filter\/wp-json\/wp\/v2\/tags?post=6071"}],"curies":[{"name":"wp","href":"https:\/\/api.w.org\/{rel}","templated":true}]}}