{"id":618,"date":"2010-10-23T10:30:38","date_gmt":"2010-10-23T08:30:38","guid":{"rendered":"http:\/\/blog.zeit.de\/filter\/?p=618"},"modified":"2010-10-23T13:55:48","modified_gmt":"2010-10-23T11:55:48","slug":"berlin-haut-in-die-tasten","status":"publish","type":"post","link":"https:\/\/blog.zeit.de\/filter\/2010\/10\/23\/berlin-haut-in-die-tasten\/","title":{"rendered":"Berlin haut in die Tasten"},"content":{"rendered":"<p><strong> <\/strong><\/p>\n<p><figure id=\"attachment_627\" aria-describedby=\"caption-attachment-627\" style=\"width: 540px\" class=\"wp-caption alignleft\"><a rel=\"attachment wp-att-627\" href=\"https:\/\/blog.zeit.de\/filter\/2010\/10\/23\/berlin-haut-in-die-tasten\/klavier\/\"><img loading=\"lazy\" decoding=\"async\" class=\"size-full wp-image-627\" title=\"\u00a9 Jana-Milena\/Photocase.com\" src=\"https:\/\/blog.zeit.de\/filter\/files\/2010\/10\/Klavier.jpg\" alt=\"\u00a9 Jana-Milena\/Photocase.com\" width=\"540\" height=\"304\" srcset=\"https:\/\/blog.zeit.de\/filter\/files\/2010\/10\/Klavier.jpg 540w, https:\/\/blog.zeit.de\/filter\/files\/2010\/10\/Klavier-300x168.jpg 300w\" sizes=\"auto, (max-width: 540px) 100vw, 540px\" \/><\/a><figcaption id=\"caption-attachment-627\" class=\"wp-caption-text\">\u00a9 Jana-Milena\/Photocase.com<\/figcaption><\/figure><\/p>\n<p><strong>Mehr als 70 Wohnzimmerklavierkonzerte, 20 Partnerkonzerte und eine Lange Nacht der Klaviermusik im Radialsystem V machen Berlin am Wochenende zur Piano City.<\/strong><\/p>\n<p>Das <a href=\"http:\/\/www.pianocity-berlin.com\/\" target=\"_blank\">Festival Piano City<\/a> hat Berlins Wohnzimmerpianisten aufgerufen, sich per Video zu bewerben. Die Gewinner sind zwei Tage lang live zu erleben, bei mal mehr, mal weniger intimen Hauskonzerten. Neben dem <a href=\"http:\/\/www.pianocity-berlin.com\/programm\" target=\"_blank\">Konzertprogramm<\/a> f\u00fcr Wohnzimmer- und Partnerkonzerte sind im Internet die <a href=\"http:\/\/il.youtube.com\/user\/PianoCityBerlin\" target=\"_blank\">Bewerbungsvideos<\/a> einzusehen.<\/p>\n<p><strong>11-23 Uhr | 23-24. Oktober |<\/strong> Berlin<\/p>\n<p>Wer tags\u00fcber noch nicht genug geh\u00f6rt hat, geht ins <a href=\"http:\/\/www.radialsystem.de\/rebrush\/\" target=\"_blank\">Radialsystem V<\/a>. Dort findet die <em><a href=\"http:\/\/www.radialsystem.de\/rebrush\/rs-programme-detailansicht.php?id=585\" target=\"_blank\">L<\/a><\/em><em><a href=\"http:\/\/www.radialsystem.de\/rebrush\/rs-programme-detailansicht.php?id=585\" target=\"_blank\">ange Nacht der Klaviermusik<\/a><\/em> statt. Ob bei einem &#8222;Piano Battle&#8220;, &#8222;Musik im Liegen&#8220; oder einfach nur einem der vielen Konzerte im Haus \u2013 den Zuh\u00f6rer erwarten &#8222;ungew\u00f6hnliche H\u00f6rpositionen&#8220; etwa von Kazumasa Matsumoto, Paul Cibis, Uri Caine, Louis Rastig. Mehr verr\u00e4t Pianist Andreas Kern im\u00a0<a href=\"http:\/\/www.tip-berlin.de\/kultur-und-freizeit-theater-und-buehne\/interview-mit-andreas-kern-zur-piano-city-berlin\" target=\"_blank\">Interview<\/a>.<\/p>\n<p><strong>19 Uhr | 23. Oktober |<\/strong> <a href=\"http:\/\/www.radialsystem.de\/rebrush\/index.php\" target=\"_blank\">RADIALSYSTEM V<\/a> |\u00a0Holzmarktstra\u00dfe 33 | Berlin Friedrichshain<\/p>\n","protected":false},"excerpt":{"rendered":"<p>Mehr als 70 Wohnzimmerklavierkonzerte, 20 Partnerkonzerte und eine Lange Nacht der Klaviermusik im Radialsystem V machen Berlin am Wochenende zur Piano City. Das Festival Piano City hat Berlins Wohnzimmerpianisten aufgerufen, sich per Video zu bewerben. Die Gewinner sind zwei Tage lang live zu erleben, bei mal mehr, mal weniger intimen Hauskonzerten. Neben dem Konzertprogramm f\u00fcr [&hellip;]<\/p>\n","protected":false},"author":306,"featured_media":0,"comment_status":"open","ping_status":"open","sticky":false,"template":"","format":"standard","meta":{"footnotes":""},"categories":[8168],"tags":[],"class_list":["post-618","post","type-post","status-publish","format-standard","hentry","category-konzert"],"yoast_head":"<!-- This site is optimized with the Yoast SEO plugin v21.0 - https:\/\/yoast.com\/wordpress\/plugins\/seo\/ -->\n<title>Berlin haut in die Tasten - Filter<\/title>\n<meta name=\"robots\" content=\"index, follow, max-snippet:-1, max-image-preview:large, max-video-preview:-1\" \/>\n<link rel=\"canonical\" href=\"https:\/\/blog.zeit.de\/filter\/2010\/10\/23\/berlin-haut-in-die-tasten\/\" \/>\n<meta property=\"og:locale\" content=\"de_DE\" \/>\n<meta property=\"og:type\" content=\"article\" \/>\n<meta property=\"og:title\" content=\"Berlin haut in die Tasten - Filter\" \/>\n<meta property=\"og:description\" content=\"Mehr als 70 Wohnzimmerklavierkonzerte, 20 Partnerkonzerte und eine Lange Nacht der Klaviermusik im Radialsystem V machen Berlin am Wochenende zur Piano City. Das Festival Piano City hat Berlins Wohnzimmerpianisten aufgerufen, sich per Video zu bewerben. Die Gewinner sind zwei Tage lang live zu erleben, bei mal mehr, mal weniger intimen Hauskonzerten. Neben dem Konzertprogramm f\u00fcr [&hellip;]\" \/>\n<meta property=\"og:url\" content=\"https:\/\/blog.zeit.de\/filter\/2010\/10\/23\/berlin-haut-in-die-tasten\/\" \/>\n<meta property=\"og:site_name\" content=\"Filter\" \/>\n<meta property=\"article:published_time\" content=\"2010-10-23T08:30:38+00:00\" \/>\n<meta property=\"article:modified_time\" content=\"2010-10-23T11:55:48+00:00\" \/>\n<meta property=\"og:image\" content=\"https:\/\/blog.zeit.de\/filter\/files\/2010\/10\/Klavier.jpg\" \/>\n<meta name=\"author\" content=\"Nele Heinevetter\" \/>\n<meta name=\"twitter:card\" content=\"summary_large_image\" \/>\n<meta name=\"twitter:label1\" content=\"Geschrieben von\" \/>\n\t<meta name=\"twitter:data1\" content=\"Nele Heinevetter\" \/>\n\t<meta name=\"twitter:label2\" content=\"Gesch\u00e4tzte Lesezeit\" \/>\n\t<meta name=\"twitter:data2\" content=\"1\u00a0Minute\" \/>\n<script type=\"application\/ld+json\" class=\"yoast-schema-graph\">{\"@context\":\"https:\/\/schema.org\",\"@graph\":[{\"@type\":\"WebPage\",\"@id\":\"https:\/\/blog.zeit.de\/filter\/2010\/10\/23\/berlin-haut-in-die-tasten\/\",\"url\":\"https:\/\/blog.zeit.de\/filter\/2010\/10\/23\/berlin-haut-in-die-tasten\/\",\"name\":\"Berlin haut in die Tasten - Filter\",\"isPartOf\":{\"@id\":\"https:\/\/blog.zeit.de\/filter\/#website\"},\"datePublished\":\"2010-10-23T08:30:38+00:00\",\"dateModified\":\"2010-10-23T11:55:48+00:00\",\"author\":{\"@id\":\"https:\/\/blog.zeit.de\/filter\/#\/schema\/person\/d7928a2c1d5a2125ff00961ba8a0316b\"},\"breadcrumb\":{\"@id\":\"https:\/\/blog.zeit.de\/filter\/2010\/10\/23\/berlin-haut-in-die-tasten\/#breadcrumb\"},\"inLanguage\":\"de\",\"potentialAction\":[{\"@type\":\"ReadAction\",\"target\":[\"https:\/\/blog.zeit.de\/filter\/2010\/10\/23\/berlin-haut-in-die-tasten\/\"]}]},{\"@type\":\"BreadcrumbList\",\"@id\":\"https:\/\/blog.zeit.de\/filter\/2010\/10\/23\/berlin-haut-in-die-tasten\/#breadcrumb\",\"itemListElement\":[{\"@type\":\"ListItem\",\"position\":1,\"name\":\"Startseite\",\"item\":\"https:\/\/blog.zeit.de\/filter\/\"},{\"@type\":\"ListItem\",\"position\":2,\"name\":\"Berlin haut in die Tasten\"}]},{\"@type\":\"WebSite\",\"@id\":\"https:\/\/blog.zeit.de\/filter\/#website\",\"url\":\"https:\/\/blog.zeit.de\/filter\/\",\"name\":\"Filter\",\"description\":\"Das Kunstblog\",\"potentialAction\":[{\"@type\":\"SearchAction\",\"target\":{\"@type\":\"EntryPoint\",\"urlTemplate\":\"https:\/\/blog.zeit.de\/filter\/?s={search_term_string}\"},\"query-input\":\"required name=search_term_string\"}],\"inLanguage\":\"de\"},{\"@type\":\"Person\",\"@id\":\"https:\/\/blog.zeit.de\/filter\/#\/schema\/person\/d7928a2c1d5a2125ff00961ba8a0316b\",\"name\":\"Nele Heinevetter\",\"image\":{\"@type\":\"ImageObject\",\"inLanguage\":\"de\",\"@id\":\"https:\/\/blog.zeit.de\/filter\/#\/schema\/person\/image\/\",\"url\":\"https:\/\/secure.gravatar.com\/avatar\/aa3bcb0644f77a94d940f671a5eb85819ec45ca2163a2626017a8ccf34686336?s=96&d=mm&r=g\",\"contentUrl\":\"https:\/\/secure.gravatar.com\/avatar\/aa3bcb0644f77a94d940f671a5eb85819ec45ca2163a2626017a8ccf34686336?s=96&d=mm&r=g\",\"caption\":\"Nele Heinevetter\"},\"url\":\"https:\/\/blog.zeit.de\/filter\/author\/nele-heinevetter\/\"}]}<\/script>\n<!-- \/ Yoast SEO plugin. -->","yoast_head_json":{"title":"Berlin haut in die Tasten - Filter","robots":{"index":"index","follow":"follow","max-snippet":"max-snippet:-1","max-image-preview":"max-image-preview:large","max-video-preview":"max-video-preview:-1"},"canonical":"https:\/\/blog.zeit.de\/filter\/2010\/10\/23\/berlin-haut-in-die-tasten\/","og_locale":"de_DE","og_type":"article","og_title":"Berlin haut in die Tasten - Filter","og_description":"Mehr als 70 Wohnzimmerklavierkonzerte, 20 Partnerkonzerte und eine Lange Nacht der Klaviermusik im Radialsystem V machen Berlin am Wochenende zur Piano City. Das Festival Piano City hat Berlins Wohnzimmerpianisten aufgerufen, sich per Video zu bewerben. Die Gewinner sind zwei Tage lang live zu erleben, bei mal mehr, mal weniger intimen Hauskonzerten. Neben dem Konzertprogramm f\u00fcr [&hellip;]","og_url":"https:\/\/blog.zeit.de\/filter\/2010\/10\/23\/berlin-haut-in-die-tasten\/","og_site_name":"Filter","article_published_time":"2010-10-23T08:30:38+00:00","article_modified_time":"2010-10-23T11:55:48+00:00","og_image":[{"url":"https:\/\/blog.zeit.de\/filter\/files\/2010\/10\/Klavier.jpg"}],"author":"Nele Heinevetter","twitter_card":"summary_large_image","twitter_misc":{"Geschrieben von":"Nele Heinevetter","Gesch\u00e4tzte Lesezeit":"1\u00a0Minute"},"schema":{"@context":"https:\/\/schema.org","@graph":[{"@type":"WebPage","@id":"https:\/\/blog.zeit.de\/filter\/2010\/10\/23\/berlin-haut-in-die-tasten\/","url":"https:\/\/blog.zeit.de\/filter\/2010\/10\/23\/berlin-haut-in-die-tasten\/","name":"Berlin haut in die Tasten - Filter","isPartOf":{"@id":"https:\/\/blog.zeit.de\/filter\/#website"},"datePublished":"2010-10-23T08:30:38+00:00","dateModified":"2010-10-23T11:55:48+00:00","author":{"@id":"https:\/\/blog.zeit.de\/filter\/#\/schema\/person\/d7928a2c1d5a2125ff00961ba8a0316b"},"breadcrumb":{"@id":"https:\/\/blog.zeit.de\/filter\/2010\/10\/23\/berlin-haut-in-die-tasten\/#breadcrumb"},"inLanguage":"de","potentialAction":[{"@type":"ReadAction","target":["https:\/\/blog.zeit.de\/filter\/2010\/10\/23\/berlin-haut-in-die-tasten\/"]}]},{"@type":"BreadcrumbList","@id":"https:\/\/blog.zeit.de\/filter\/2010\/10\/23\/berlin-haut-in-die-tasten\/#breadcrumb","itemListElement":[{"@type":"ListItem","position":1,"name":"Startseite","item":"https:\/\/blog.zeit.de\/filter\/"},{"@type":"ListItem","position":2,"name":"Berlin haut in die Tasten"}]},{"@type":"WebSite","@id":"https:\/\/blog.zeit.de\/filter\/#website","url":"https:\/\/blog.zeit.de\/filter\/","name":"Filter","description":"Das Kunstblog","potentialAction":[{"@type":"SearchAction","target":{"@type":"EntryPoint","urlTemplate":"https:\/\/blog.zeit.de\/filter\/?s={search_term_string}"},"query-input":"required name=search_term_string"}],"inLanguage":"de"},{"@type":"Person","@id":"https:\/\/blog.zeit.de\/filter\/#\/schema\/person\/d7928a2c1d5a2125ff00961ba8a0316b","name":"Nele Heinevetter","image":{"@type":"ImageObject","inLanguage":"de","@id":"https:\/\/blog.zeit.de\/filter\/#\/schema\/person\/image\/","url":"https:\/\/secure.gravatar.com\/avatar\/aa3bcb0644f77a94d940f671a5eb85819ec45ca2163a2626017a8ccf34686336?s=96&d=mm&r=g","contentUrl":"https:\/\/secure.gravatar.com\/avatar\/aa3bcb0644f77a94d940f671a5eb85819ec45ca2163a2626017a8ccf34686336?s=96&d=mm&r=g","caption":"Nele Heinevetter"},"url":"https:\/\/blog.zeit.de\/filter\/author\/nele-heinevetter\/"}]}},"jetpack_featured_media_url":"","_links":{"self":[{"href":"https:\/\/blog.zeit.de\/filter\/wp-json\/wp\/v2\/posts\/618","targetHints":{"allow":["GET"]}}],"collection":[{"href":"https:\/\/blog.zeit.de\/filter\/wp-json\/wp\/v2\/posts"}],"about":[{"href":"https:\/\/blog.zeit.de\/filter\/wp-json\/wp\/v2\/types\/post"}],"author":[{"embeddable":true,"href":"https:\/\/blog.zeit.de\/filter\/wp-json\/wp\/v2\/users\/306"}],"replies":[{"embeddable":true,"href":"https:\/\/blog.zeit.de\/filter\/wp-json\/wp\/v2\/comments?post=618"}],"version-history":[{"count":23,"href":"https:\/\/blog.zeit.de\/filter\/wp-json\/wp\/v2\/posts\/618\/revisions"}],"predecessor-version":[{"id":683,"href":"https:\/\/blog.zeit.de\/filter\/wp-json\/wp\/v2\/posts\/618\/revisions\/683"}],"wp:attachment":[{"href":"https:\/\/blog.zeit.de\/filter\/wp-json\/wp\/v2\/media?parent=618"}],"wp:term":[{"taxonomy":"category","embeddable":true,"href":"https:\/\/blog.zeit.de\/filter\/wp-json\/wp\/v2\/categories?post=618"},{"taxonomy":"post_tag","embeddable":true,"href":"https:\/\/blog.zeit.de\/filter\/wp-json\/wp\/v2\/tags?post=618"}],"curies":[{"name":"wp","href":"https:\/\/api.w.org\/{rel}","templated":true}]}}