{"id":6597,"date":"2011-04-22T09:01:00","date_gmt":"2011-04-22T07:01:00","guid":{"rendered":"http:\/\/blog.zeit.de\/filter\/?p=6597"},"modified":"2011-04-22T12:12:25","modified_gmt":"2011-04-22T10:12:25","slug":"staatsoper-wozzeck","status":"publish","type":"post","link":"https:\/\/blog.zeit.de\/filter\/2011\/04\/22\/staatsoper-wozzeck\/","title":{"rendered":"Schonungslos und direkt"},"content":{"rendered":"<p><figure id=\"attachment_6909\" aria-describedby=\"caption-attachment-6909\" style=\"width: 540px\" class=\"wp-caption alignleft\"><img loading=\"lazy\" decoding=\"async\" class=\"size-full wp-image-6909 \" title=\"Wozzeck (Roman Trekel) &amp; DOKTOR (Pavlo Hunka) \u00a9 Foto Bernd Uhlig \" src=\"https:\/\/blog.zeit.de\/filter\/files\/2011\/04\/Wozzeckkkk.jpg\" alt=\"\" width=\"540\" height=\"304\" srcset=\"https:\/\/blog.zeit.de\/filter\/files\/2011\/04\/Wozzeckkkk.jpg 540w, https:\/\/blog.zeit.de\/filter\/files\/2011\/04\/Wozzeckkkk-300x168.jpg 300w\" sizes=\"auto, (max-width: 540px) 100vw, 540px\" \/><figcaption id=\"caption-attachment-6909\" class=\"wp-caption-text\">Wozzeck (Roman Trekel), Doktor (Pavlo Hunka) \u00a9 Foto Bernd Uhlig <\/figcaption><\/figure><\/p>\n<p><strong>Daniel Barenboim und Andrea Breth bringen ein letztes Mal <\/strong><a href=\"http:\/\/www.staatsoper-berlin.org\/de_DE\/calendar\/7298500\" target=\"_blank\"><em><strong>Wozzeck<\/strong><\/em><\/a><strong> auf die B\u00fchne.<\/strong><\/p>\n<p>Barenboim hat Alban Bergs (1885-1935) atonale Oper bereits 1994 mit der Staatskapelle Berlin aufgef\u00fchrt. Diesmal hat die Regisseurin Andrea Breth das Kriegsdrama inszeniert \u2013 und schafft beklemmende Bilder f\u00fcr das Elend auf der B\u00fchne. Die letzte Auff\u00fchrung in dieser Spielzeit ist unbedingt sehenswert.<\/p>\n<p>An der Produktion fasziniert, dass sie in jeder Hinsicht ein Konzentrat ist: die Handlung bedr\u00fcckend, die Musik fordernd, die Bilder grausam.\u00a0Wozzeck rackert sich f\u00fcr den Unterhalt des uneheliches Kindes ab. Vom Umfeld schikaniert und von der Freundin mit einem Tier von Mann betrogen, sieht er keinen anderen Ausweg als Marie zu erstechen. Seine Misere spielt sich vor minimalistischer Kulisse ab. Ob klaustrophobische Kammer, gespenstisches Karussell oder angedeuteter Waldsee \u2013 immer zeichnen sich die Figuren gestochen scharf vor der Dunkelheit ab. Die Kontraste sind so hart wie die Handlung und vor allem st\u00fcrzt dazu diese ungewohnt komplexe Komposition von Alban Berg auf einen ein. Und so verl\u00e4sst man das Schillertheater nach nicht einmal zwei Stunden sichtlich mitgenommen \u2013 und um eine wichtige Erfahrung bereichert.<\/p>\n<p>P.S.:\u00a0<a href=\"http:\/\/www.zeit.de\/2011\/17\/Oper-Wozzek\" target=\"_blank\">Der ZEIT fehlt bei der Premiere trotz aller Abgr\u00fcnde der Schwindel<\/a>:\u00a0Breth habe sich bei der Inszenierung zu wenig eingemischt, Barenboim m\u00fcsse noch an den Details feilen. Die <em>Sueddeutsche Zeitung<\/em> (N\u00b0 90) spricht hingegen &#8222;von volumin\u00f6ser musikaler Intensit\u00e4t&#8220; und einer Inszenierung, die &#8222;Mitf\u00fchlen szenisch glaubhaft&#8220; macht. In jedem Fall lohnt sich der Besuch.<\/p>\n<p><strong>18 Uhr | 24. April 2011<\/strong> | <a href=\"http:\/\/www.staatsoper-berlin.org\/\" target=\"_blank\">Staatsoper im Schillertheater <\/a>| Bismarkstra\u00dfe 110 | Berlin Charlottenburg<\/p>\n","protected":false},"excerpt":{"rendered":"<p>Daniel Barenboim und Andrea Breth bringen ein letztes Mal Wozzeck auf die B\u00fchne. Barenboim hat Alban Bergs (1885-1935) atonale Oper bereits 1994 mit der Staatskapelle Berlin aufgef\u00fchrt. Diesmal hat die Regisseurin Andrea Breth das Kriegsdrama inszeniert \u2013 und schafft beklemmende Bilder f\u00fcr das Elend auf der B\u00fchne. Die letzte Auff\u00fchrung in dieser Spielzeit ist unbedingt [&hellip;]<\/p>\n","protected":false},"author":306,"featured_media":0,"comment_status":"open","ping_status":"open","sticky":false,"template":"","format":"standard","meta":{"footnotes":""},"categories":[16,8177],"tags":[],"class_list":["post-6597","post","type-post","status-publish","format-standard","hentry","category-allgemein","category-berlin-charlottenburg"],"yoast_head":"<!-- This site is optimized with the Yoast SEO plugin v21.0 - https:\/\/yoast.com\/wordpress\/plugins\/seo\/ -->\n<title>Schonungslos und direkt - Filter<\/title>\n<meta name=\"robots\" content=\"index, follow, max-snippet:-1, max-image-preview:large, max-video-preview:-1\" \/>\n<link rel=\"canonical\" href=\"https:\/\/blog.zeit.de\/filter\/2011\/04\/22\/staatsoper-wozzeck\/\" \/>\n<meta property=\"og:locale\" content=\"de_DE\" \/>\n<meta property=\"og:type\" content=\"article\" \/>\n<meta property=\"og:title\" content=\"Schonungslos und direkt - Filter\" \/>\n<meta property=\"og:description\" content=\"Daniel Barenboim und Andrea Breth bringen ein letztes Mal Wozzeck auf die B\u00fchne. Barenboim hat Alban Bergs (1885-1935) atonale Oper bereits 1994 mit der Staatskapelle Berlin aufgef\u00fchrt. Diesmal hat die Regisseurin Andrea Breth das Kriegsdrama inszeniert \u2013 und schafft beklemmende Bilder f\u00fcr das Elend auf der B\u00fchne. Die letzte Auff\u00fchrung in dieser Spielzeit ist unbedingt [&hellip;]\" \/>\n<meta property=\"og:url\" content=\"https:\/\/blog.zeit.de\/filter\/2011\/04\/22\/staatsoper-wozzeck\/\" \/>\n<meta property=\"og:site_name\" content=\"Filter\" \/>\n<meta property=\"article:published_time\" content=\"2011-04-22T07:01:00+00:00\" \/>\n<meta property=\"article:modified_time\" content=\"2011-04-22T10:12:25+00:00\" \/>\n<meta property=\"og:image\" content=\"https:\/\/blog.zeit.de\/filter\/files\/2011\/04\/Wozzeckkkk.jpg\" \/>\n<meta name=\"author\" content=\"Nele Heinevetter\" \/>\n<meta name=\"twitter:card\" content=\"summary_large_image\" \/>\n<meta name=\"twitter:label1\" content=\"Geschrieben von\" \/>\n\t<meta name=\"twitter:data1\" content=\"Nele Heinevetter\" \/>\n\t<meta name=\"twitter:label2\" content=\"Gesch\u00e4tzte Lesezeit\" \/>\n\t<meta name=\"twitter:data2\" content=\"1\u00a0Minute\" \/>\n<script type=\"application\/ld+json\" class=\"yoast-schema-graph\">{\"@context\":\"https:\/\/schema.org\",\"@graph\":[{\"@type\":\"WebPage\",\"@id\":\"https:\/\/blog.zeit.de\/filter\/2011\/04\/22\/staatsoper-wozzeck\/\",\"url\":\"https:\/\/blog.zeit.de\/filter\/2011\/04\/22\/staatsoper-wozzeck\/\",\"name\":\"Schonungslos und direkt - Filter\",\"isPartOf\":{\"@id\":\"https:\/\/blog.zeit.de\/filter\/#website\"},\"datePublished\":\"2011-04-22T07:01:00+00:00\",\"dateModified\":\"2011-04-22T10:12:25+00:00\",\"author\":{\"@id\":\"https:\/\/blog.zeit.de\/filter\/#\/schema\/person\/d7928a2c1d5a2125ff00961ba8a0316b\"},\"breadcrumb\":{\"@id\":\"https:\/\/blog.zeit.de\/filter\/2011\/04\/22\/staatsoper-wozzeck\/#breadcrumb\"},\"inLanguage\":\"de\",\"potentialAction\":[{\"@type\":\"ReadAction\",\"target\":[\"https:\/\/blog.zeit.de\/filter\/2011\/04\/22\/staatsoper-wozzeck\/\"]}]},{\"@type\":\"BreadcrumbList\",\"@id\":\"https:\/\/blog.zeit.de\/filter\/2011\/04\/22\/staatsoper-wozzeck\/#breadcrumb\",\"itemListElement\":[{\"@type\":\"ListItem\",\"position\":1,\"name\":\"Startseite\",\"item\":\"https:\/\/blog.zeit.de\/filter\/\"},{\"@type\":\"ListItem\",\"position\":2,\"name\":\"Schonungslos und direkt\"}]},{\"@type\":\"WebSite\",\"@id\":\"https:\/\/blog.zeit.de\/filter\/#website\",\"url\":\"https:\/\/blog.zeit.de\/filter\/\",\"name\":\"Filter\",\"description\":\"Das Kunstblog\",\"potentialAction\":[{\"@type\":\"SearchAction\",\"target\":{\"@type\":\"EntryPoint\",\"urlTemplate\":\"https:\/\/blog.zeit.de\/filter\/?s={search_term_string}\"},\"query-input\":\"required name=search_term_string\"}],\"inLanguage\":\"de\"},{\"@type\":\"Person\",\"@id\":\"https:\/\/blog.zeit.de\/filter\/#\/schema\/person\/d7928a2c1d5a2125ff00961ba8a0316b\",\"name\":\"Nele Heinevetter\",\"image\":{\"@type\":\"ImageObject\",\"inLanguage\":\"de\",\"@id\":\"https:\/\/blog.zeit.de\/filter\/#\/schema\/person\/image\/\",\"url\":\"https:\/\/secure.gravatar.com\/avatar\/aa3bcb0644f77a94d940f671a5eb85819ec45ca2163a2626017a8ccf34686336?s=96&d=mm&r=g\",\"contentUrl\":\"https:\/\/secure.gravatar.com\/avatar\/aa3bcb0644f77a94d940f671a5eb85819ec45ca2163a2626017a8ccf34686336?s=96&d=mm&r=g\",\"caption\":\"Nele Heinevetter\"},\"url\":\"https:\/\/blog.zeit.de\/filter\/author\/nele-heinevetter\/\"}]}<\/script>\n<!-- \/ Yoast SEO plugin. -->","yoast_head_json":{"title":"Schonungslos und direkt - Filter","robots":{"index":"index","follow":"follow","max-snippet":"max-snippet:-1","max-image-preview":"max-image-preview:large","max-video-preview":"max-video-preview:-1"},"canonical":"https:\/\/blog.zeit.de\/filter\/2011\/04\/22\/staatsoper-wozzeck\/","og_locale":"de_DE","og_type":"article","og_title":"Schonungslos und direkt - Filter","og_description":"Daniel Barenboim und Andrea Breth bringen ein letztes Mal Wozzeck auf die B\u00fchne. Barenboim hat Alban Bergs (1885-1935) atonale Oper bereits 1994 mit der Staatskapelle Berlin aufgef\u00fchrt. Diesmal hat die Regisseurin Andrea Breth das Kriegsdrama inszeniert \u2013 und schafft beklemmende Bilder f\u00fcr das Elend auf der B\u00fchne. Die letzte Auff\u00fchrung in dieser Spielzeit ist unbedingt [&hellip;]","og_url":"https:\/\/blog.zeit.de\/filter\/2011\/04\/22\/staatsoper-wozzeck\/","og_site_name":"Filter","article_published_time":"2011-04-22T07:01:00+00:00","article_modified_time":"2011-04-22T10:12:25+00:00","og_image":[{"url":"https:\/\/blog.zeit.de\/filter\/files\/2011\/04\/Wozzeckkkk.jpg"}],"author":"Nele Heinevetter","twitter_card":"summary_large_image","twitter_misc":{"Geschrieben von":"Nele Heinevetter","Gesch\u00e4tzte Lesezeit":"1\u00a0Minute"},"schema":{"@context":"https:\/\/schema.org","@graph":[{"@type":"WebPage","@id":"https:\/\/blog.zeit.de\/filter\/2011\/04\/22\/staatsoper-wozzeck\/","url":"https:\/\/blog.zeit.de\/filter\/2011\/04\/22\/staatsoper-wozzeck\/","name":"Schonungslos und direkt - Filter","isPartOf":{"@id":"https:\/\/blog.zeit.de\/filter\/#website"},"datePublished":"2011-04-22T07:01:00+00:00","dateModified":"2011-04-22T10:12:25+00:00","author":{"@id":"https:\/\/blog.zeit.de\/filter\/#\/schema\/person\/d7928a2c1d5a2125ff00961ba8a0316b"},"breadcrumb":{"@id":"https:\/\/blog.zeit.de\/filter\/2011\/04\/22\/staatsoper-wozzeck\/#breadcrumb"},"inLanguage":"de","potentialAction":[{"@type":"ReadAction","target":["https:\/\/blog.zeit.de\/filter\/2011\/04\/22\/staatsoper-wozzeck\/"]}]},{"@type":"BreadcrumbList","@id":"https:\/\/blog.zeit.de\/filter\/2011\/04\/22\/staatsoper-wozzeck\/#breadcrumb","itemListElement":[{"@type":"ListItem","position":1,"name":"Startseite","item":"https:\/\/blog.zeit.de\/filter\/"},{"@type":"ListItem","position":2,"name":"Schonungslos und direkt"}]},{"@type":"WebSite","@id":"https:\/\/blog.zeit.de\/filter\/#website","url":"https:\/\/blog.zeit.de\/filter\/","name":"Filter","description":"Das Kunstblog","potentialAction":[{"@type":"SearchAction","target":{"@type":"EntryPoint","urlTemplate":"https:\/\/blog.zeit.de\/filter\/?s={search_term_string}"},"query-input":"required name=search_term_string"}],"inLanguage":"de"},{"@type":"Person","@id":"https:\/\/blog.zeit.de\/filter\/#\/schema\/person\/d7928a2c1d5a2125ff00961ba8a0316b","name":"Nele Heinevetter","image":{"@type":"ImageObject","inLanguage":"de","@id":"https:\/\/blog.zeit.de\/filter\/#\/schema\/person\/image\/","url":"https:\/\/secure.gravatar.com\/avatar\/aa3bcb0644f77a94d940f671a5eb85819ec45ca2163a2626017a8ccf34686336?s=96&d=mm&r=g","contentUrl":"https:\/\/secure.gravatar.com\/avatar\/aa3bcb0644f77a94d940f671a5eb85819ec45ca2163a2626017a8ccf34686336?s=96&d=mm&r=g","caption":"Nele Heinevetter"},"url":"https:\/\/blog.zeit.de\/filter\/author\/nele-heinevetter\/"}]}},"jetpack_featured_media_url":"","_links":{"self":[{"href":"https:\/\/blog.zeit.de\/filter\/wp-json\/wp\/v2\/posts\/6597","targetHints":{"allow":["GET"]}}],"collection":[{"href":"https:\/\/blog.zeit.de\/filter\/wp-json\/wp\/v2\/posts"}],"about":[{"href":"https:\/\/blog.zeit.de\/filter\/wp-json\/wp\/v2\/types\/post"}],"author":[{"embeddable":true,"href":"https:\/\/blog.zeit.de\/filter\/wp-json\/wp\/v2\/users\/306"}],"replies":[{"embeddable":true,"href":"https:\/\/blog.zeit.de\/filter\/wp-json\/wp\/v2\/comments?post=6597"}],"version-history":[{"count":20,"href":"https:\/\/blog.zeit.de\/filter\/wp-json\/wp\/v2\/posts\/6597\/revisions"}],"predecessor-version":[{"id":6919,"href":"https:\/\/blog.zeit.de\/filter\/wp-json\/wp\/v2\/posts\/6597\/revisions\/6919"}],"wp:attachment":[{"href":"https:\/\/blog.zeit.de\/filter\/wp-json\/wp\/v2\/media?parent=6597"}],"wp:term":[{"taxonomy":"category","embeddable":true,"href":"https:\/\/blog.zeit.de\/filter\/wp-json\/wp\/v2\/categories?post=6597"},{"taxonomy":"post_tag","embeddable":true,"href":"https:\/\/blog.zeit.de\/filter\/wp-json\/wp\/v2\/tags?post=6597"}],"curies":[{"name":"wp","href":"https:\/\/api.w.org\/{rel}","templated":true}]}}