{"id":6776,"date":"2011-04-19T16:00:55","date_gmt":"2011-04-19T14:00:55","guid":{"rendered":"http:\/\/blog.zeit.de\/filter\/?p=6776"},"modified":"2011-05-18T15:53:39","modified_gmt":"2011-05-18T13:53:39","slug":"egill-s%c3%a6bjornsson","status":"publish","type":"post","link":"https:\/\/blog.zeit.de\/filter\/2011\/04\/19\/egill-s%c3%a6bjornsson\/","title":{"rendered":"Lecture in der Performance"},"content":{"rendered":"<p><span style=\"font-size: 12.96px;\"><strong>Egill S\u00e6bj\u00f6rnsson\u00a0\u00fcbernimmt mit <\/strong><em><strong><a href=\"http:\/\/www.johannkoenig.de\/147\/79\/performancelectureseries_4_\/exhibitions\/egill_saebj\u00f6rnsson_-_recreating_the_world_at_the_speech_desk\/press_release.html\" target=\"_blank\">Recreating the world at the speech desk<\/a> <span style=\"font-style: normal;\">spontan <\/span><\/strong><strong><span style=\"font-style: normal;\">#4 <\/span><span style=\"font-style: normal;\"><span style=\"font-style: normal;\">d<\/span><\/span><span style=\"font-style: normal;\">er<\/span><\/strong><\/em><strong> performancelectureseries bei Johann K\u00f6nig.<\/strong><\/span><\/p>\n<p>Der isl\u00e4ndische K\u00fcnstler und Musiker macht herrlich verr\u00fcckte Arbeiten; seine absurden Szenerien collagiert S\u00e6bj\u00f6rnsson aus\u00a0Performance, Video, Grafik und Musik. Dabei funktionieren seine Installationen wie Kulissen, Alltagsgegenst\u00e4nde\u00a0nutzt er f\u00fcr Spezialeffekte und die Protagonisten mimt er gerne pers\u00f6nlich.<\/p>\n<p>S\u00e6bj\u00f6rnsson hat ein besonderes\u00a0Faible f\u00fcr das Spiel mit Realit\u00e4tsebenen und performt auch heute zum Thema K\u00fcnstler und Welt \u2013 in seiner eigenen Arbeit.<\/p>\n<p><strong>19.30 Uhr | 19. April 2011<\/strong> | <a href=\"http:\/\/www.johannkoenig.de\/\" target=\"_blank\">Galerie Johann K\u00f6nig<\/a> | Dessauer Stra\u00dfe 6-7 | Berlin Mitte<\/p>\n","protected":false},"excerpt":{"rendered":"<p>Egill S\u00e6bj\u00f6rnsson\u00a0\u00fcbernimmt mit Recreating the world at the speech desk spontan #4 der performancelectureseries bei Johann K\u00f6nig. Der isl\u00e4ndische K\u00fcnstler und Musiker macht herrlich verr\u00fcckte Arbeiten; seine absurden Szenerien collagiert S\u00e6bj\u00f6rnsson aus\u00a0Performance, Video, Grafik und Musik. Dabei funktionieren seine Installationen wie Kulissen, Alltagsgegenst\u00e4nde\u00a0nutzt er f\u00fcr Spezialeffekte und die Protagonisten mimt er gerne pers\u00f6nlich. S\u00e6bj\u00f6rnsson hat [&hellip;]<\/p>\n","protected":false},"author":306,"featured_media":0,"comment_status":"open","ping_status":"open","sticky":false,"template":"","format":"standard","meta":{"footnotes":""},"categories":[8163,8185],"tags":[],"class_list":["post-6776","post","type-post","status-publish","format-standard","hentry","category-berlin-mitte","category-performance"],"yoast_head":"<!-- This site is optimized with the Yoast SEO plugin v21.0 - https:\/\/yoast.com\/wordpress\/plugins\/seo\/ -->\n<title>Lecture in der Performance - Filter<\/title>\n<meta name=\"robots\" content=\"index, follow, max-snippet:-1, max-image-preview:large, max-video-preview:-1\" \/>\n<link rel=\"canonical\" href=\"https:\/\/blog.zeit.de\/filter\/2011\/04\/19\/egill-s\u00e6bjornsson\/\" \/>\n<meta property=\"og:locale\" content=\"de_DE\" \/>\n<meta property=\"og:type\" content=\"article\" \/>\n<meta property=\"og:title\" content=\"Lecture in der Performance - Filter\" \/>\n<meta property=\"og:description\" content=\"Egill S\u00e6bj\u00f6rnsson\u00a0\u00fcbernimmt mit Recreating the world at the speech desk spontan #4 der performancelectureseries bei Johann K\u00f6nig. Der isl\u00e4ndische K\u00fcnstler und Musiker macht herrlich verr\u00fcckte Arbeiten; seine absurden Szenerien collagiert S\u00e6bj\u00f6rnsson aus\u00a0Performance, Video, Grafik und Musik. Dabei funktionieren seine Installationen wie Kulissen, Alltagsgegenst\u00e4nde\u00a0nutzt er f\u00fcr Spezialeffekte und die Protagonisten mimt er gerne pers\u00f6nlich. S\u00e6bj\u00f6rnsson hat [&hellip;]\" \/>\n<meta property=\"og:url\" content=\"https:\/\/blog.zeit.de\/filter\/2011\/04\/19\/egill-s\u00e6bjornsson\/\" \/>\n<meta property=\"og:site_name\" content=\"Filter\" \/>\n<meta property=\"article:published_time\" content=\"2011-04-19T14:00:55+00:00\" \/>\n<meta property=\"article:modified_time\" content=\"2011-05-18T13:53:39+00:00\" \/>\n<meta name=\"author\" content=\"Nele Heinevetter\" \/>\n<meta name=\"twitter:card\" content=\"summary_large_image\" \/>\n<meta name=\"twitter:label1\" content=\"Geschrieben von\" \/>\n\t<meta name=\"twitter:data1\" content=\"Nele Heinevetter\" \/>\n\t<meta name=\"twitter:label2\" content=\"Gesch\u00e4tzte Lesezeit\" \/>\n\t<meta name=\"twitter:data2\" content=\"1\u00a0Minute\" \/>\n<script type=\"application\/ld+json\" class=\"yoast-schema-graph\">{\"@context\":\"https:\/\/schema.org\",\"@graph\":[{\"@type\":\"WebPage\",\"@id\":\"https:\/\/blog.zeit.de\/filter\/2011\/04\/19\/egill-s%c3%a6bjornsson\/\",\"url\":\"https:\/\/blog.zeit.de\/filter\/2011\/04\/19\/egill-s%c3%a6bjornsson\/\",\"name\":\"Lecture in der Performance - Filter\",\"isPartOf\":{\"@id\":\"https:\/\/blog.zeit.de\/filter\/#website\"},\"datePublished\":\"2011-04-19T14:00:55+00:00\",\"dateModified\":\"2011-05-18T13:53:39+00:00\",\"author\":{\"@id\":\"https:\/\/blog.zeit.de\/filter\/#\/schema\/person\/d7928a2c1d5a2125ff00961ba8a0316b\"},\"breadcrumb\":{\"@id\":\"https:\/\/blog.zeit.de\/filter\/2011\/04\/19\/egill-s%c3%a6bjornsson\/#breadcrumb\"},\"inLanguage\":\"de\",\"potentialAction\":[{\"@type\":\"ReadAction\",\"target\":[\"https:\/\/blog.zeit.de\/filter\/2011\/04\/19\/egill-s%c3%a6bjornsson\/\"]}]},{\"@type\":\"BreadcrumbList\",\"@id\":\"https:\/\/blog.zeit.de\/filter\/2011\/04\/19\/egill-s%c3%a6bjornsson\/#breadcrumb\",\"itemListElement\":[{\"@type\":\"ListItem\",\"position\":1,\"name\":\"Startseite\",\"item\":\"https:\/\/blog.zeit.de\/filter\/\"},{\"@type\":\"ListItem\",\"position\":2,\"name\":\"Lecture in der Performance\"}]},{\"@type\":\"WebSite\",\"@id\":\"https:\/\/blog.zeit.de\/filter\/#website\",\"url\":\"https:\/\/blog.zeit.de\/filter\/\",\"name\":\"Filter\",\"description\":\"Das Kunstblog\",\"potentialAction\":[{\"@type\":\"SearchAction\",\"target\":{\"@type\":\"EntryPoint\",\"urlTemplate\":\"https:\/\/blog.zeit.de\/filter\/?s={search_term_string}\"},\"query-input\":\"required name=search_term_string\"}],\"inLanguage\":\"de\"},{\"@type\":\"Person\",\"@id\":\"https:\/\/blog.zeit.de\/filter\/#\/schema\/person\/d7928a2c1d5a2125ff00961ba8a0316b\",\"name\":\"Nele Heinevetter\",\"image\":{\"@type\":\"ImageObject\",\"inLanguage\":\"de\",\"@id\":\"https:\/\/blog.zeit.de\/filter\/#\/schema\/person\/image\/\",\"url\":\"https:\/\/secure.gravatar.com\/avatar\/aa3bcb0644f77a94d940f671a5eb85819ec45ca2163a2626017a8ccf34686336?s=96&d=mm&r=g\",\"contentUrl\":\"https:\/\/secure.gravatar.com\/avatar\/aa3bcb0644f77a94d940f671a5eb85819ec45ca2163a2626017a8ccf34686336?s=96&d=mm&r=g\",\"caption\":\"Nele Heinevetter\"},\"url\":\"https:\/\/blog.zeit.de\/filter\/author\/nele-heinevetter\/\"}]}<\/script>\n<!-- \/ Yoast SEO plugin. -->","yoast_head_json":{"title":"Lecture in der Performance - Filter","robots":{"index":"index","follow":"follow","max-snippet":"max-snippet:-1","max-image-preview":"max-image-preview:large","max-video-preview":"max-video-preview:-1"},"canonical":"https:\/\/blog.zeit.de\/filter\/2011\/04\/19\/egill-s\u00e6bjornsson\/","og_locale":"de_DE","og_type":"article","og_title":"Lecture in der Performance - Filter","og_description":"Egill S\u00e6bj\u00f6rnsson\u00a0\u00fcbernimmt mit Recreating the world at the speech desk spontan #4 der performancelectureseries bei Johann K\u00f6nig. Der isl\u00e4ndische K\u00fcnstler und Musiker macht herrlich verr\u00fcckte Arbeiten; seine absurden Szenerien collagiert S\u00e6bj\u00f6rnsson aus\u00a0Performance, Video, Grafik und Musik. Dabei funktionieren seine Installationen wie Kulissen, Alltagsgegenst\u00e4nde\u00a0nutzt er f\u00fcr Spezialeffekte und die Protagonisten mimt er gerne pers\u00f6nlich. S\u00e6bj\u00f6rnsson hat [&hellip;]","og_url":"https:\/\/blog.zeit.de\/filter\/2011\/04\/19\/egill-s\u00e6bjornsson\/","og_site_name":"Filter","article_published_time":"2011-04-19T14:00:55+00:00","article_modified_time":"2011-05-18T13:53:39+00:00","author":"Nele Heinevetter","twitter_card":"summary_large_image","twitter_misc":{"Geschrieben von":"Nele Heinevetter","Gesch\u00e4tzte Lesezeit":"1\u00a0Minute"},"schema":{"@context":"https:\/\/schema.org","@graph":[{"@type":"WebPage","@id":"https:\/\/blog.zeit.de\/filter\/2011\/04\/19\/egill-s%c3%a6bjornsson\/","url":"https:\/\/blog.zeit.de\/filter\/2011\/04\/19\/egill-s%c3%a6bjornsson\/","name":"Lecture in der Performance - Filter","isPartOf":{"@id":"https:\/\/blog.zeit.de\/filter\/#website"},"datePublished":"2011-04-19T14:00:55+00:00","dateModified":"2011-05-18T13:53:39+00:00","author":{"@id":"https:\/\/blog.zeit.de\/filter\/#\/schema\/person\/d7928a2c1d5a2125ff00961ba8a0316b"},"breadcrumb":{"@id":"https:\/\/blog.zeit.de\/filter\/2011\/04\/19\/egill-s%c3%a6bjornsson\/#breadcrumb"},"inLanguage":"de","potentialAction":[{"@type":"ReadAction","target":["https:\/\/blog.zeit.de\/filter\/2011\/04\/19\/egill-s%c3%a6bjornsson\/"]}]},{"@type":"BreadcrumbList","@id":"https:\/\/blog.zeit.de\/filter\/2011\/04\/19\/egill-s%c3%a6bjornsson\/#breadcrumb","itemListElement":[{"@type":"ListItem","position":1,"name":"Startseite","item":"https:\/\/blog.zeit.de\/filter\/"},{"@type":"ListItem","position":2,"name":"Lecture in der Performance"}]},{"@type":"WebSite","@id":"https:\/\/blog.zeit.de\/filter\/#website","url":"https:\/\/blog.zeit.de\/filter\/","name":"Filter","description":"Das Kunstblog","potentialAction":[{"@type":"SearchAction","target":{"@type":"EntryPoint","urlTemplate":"https:\/\/blog.zeit.de\/filter\/?s={search_term_string}"},"query-input":"required name=search_term_string"}],"inLanguage":"de"},{"@type":"Person","@id":"https:\/\/blog.zeit.de\/filter\/#\/schema\/person\/d7928a2c1d5a2125ff00961ba8a0316b","name":"Nele Heinevetter","image":{"@type":"ImageObject","inLanguage":"de","@id":"https:\/\/blog.zeit.de\/filter\/#\/schema\/person\/image\/","url":"https:\/\/secure.gravatar.com\/avatar\/aa3bcb0644f77a94d940f671a5eb85819ec45ca2163a2626017a8ccf34686336?s=96&d=mm&r=g","contentUrl":"https:\/\/secure.gravatar.com\/avatar\/aa3bcb0644f77a94d940f671a5eb85819ec45ca2163a2626017a8ccf34686336?s=96&d=mm&r=g","caption":"Nele Heinevetter"},"url":"https:\/\/blog.zeit.de\/filter\/author\/nele-heinevetter\/"}]}},"jetpack_featured_media_url":"","_links":{"self":[{"href":"https:\/\/blog.zeit.de\/filter\/wp-json\/wp\/v2\/posts\/6776","targetHints":{"allow":["GET"]}}],"collection":[{"href":"https:\/\/blog.zeit.de\/filter\/wp-json\/wp\/v2\/posts"}],"about":[{"href":"https:\/\/blog.zeit.de\/filter\/wp-json\/wp\/v2\/types\/post"}],"author":[{"embeddable":true,"href":"https:\/\/blog.zeit.de\/filter\/wp-json\/wp\/v2\/users\/306"}],"replies":[{"embeddable":true,"href":"https:\/\/blog.zeit.de\/filter\/wp-json\/wp\/v2\/comments?post=6776"}],"version-history":[{"count":20,"href":"https:\/\/blog.zeit.de\/filter\/wp-json\/wp\/v2\/posts\/6776\/revisions"}],"predecessor-version":[{"id":6796,"href":"https:\/\/blog.zeit.de\/filter\/wp-json\/wp\/v2\/posts\/6776\/revisions\/6796"}],"wp:attachment":[{"href":"https:\/\/blog.zeit.de\/filter\/wp-json\/wp\/v2\/media?parent=6776"}],"wp:term":[{"taxonomy":"category","embeddable":true,"href":"https:\/\/blog.zeit.de\/filter\/wp-json\/wp\/v2\/categories?post=6776"},{"taxonomy":"post_tag","embeddable":true,"href":"https:\/\/blog.zeit.de\/filter\/wp-json\/wp\/v2\/tags?post=6776"}],"curies":[{"name":"wp","href":"https:\/\/api.w.org\/{rel}","templated":true}]}}