{"id":6803,"date":"2011-04-20T16:00:46","date_gmt":"2011-04-20T14:00:46","guid":{"rendered":"http:\/\/blog.zeit.de\/filter\/?p=6803"},"modified":"2011-05-18T15:52:29","modified_gmt":"2011-05-18T13:52:29","slug":"tina-winkhaus-direktorenhaus","status":"publish","type":"post","link":"https:\/\/blog.zeit.de\/filter\/2011\/04\/20\/tina-winkhaus-direktorenhaus\/","title":{"rendered":"Apokalyptischer Kitsch"},"content":{"rendered":"<p><strong> <\/strong><\/p>\n<p><strong>Das Direktorenhaus zeigt theatralische Fotogem\u00e4lde von <\/strong><a href=\"http:\/\/www.tinawinkhaus.de\/\" target=\"_blank\"><strong>Tina Winkhaus<\/strong><\/a><strong>.<\/strong><\/p>\n<p>Warum die Ausstellung  <a href=\"http:\/\/www.direktorenhaus.com\/program\/current\/tina-winkhaus\/\" target=\"_blank\"><em>Unter Tage<\/em><\/a> sowohl <a href=\"http:\/\/privatecurators.com\/ausstellung-berlin-tina-winkhaus-direktorenhaus-berlin\/\" target=\"_blank\">Must-See der Private Curators<\/a> als auch bei den <a href=\"http:\/\/privatecurators.com\/ausstellung-berlin-tina-winkhaus-direktorenhaus-berlin\/\" target=\"_blank\">Osterwochen-Tipps von IHeartBerlin<\/a> ist? K\u00f6nnte an der mageren Konkurrenz diese Woche liegen. Wer dem Sommerwetter H\u00f6hlenlandschaften vorzieht, ist hier richtig aufgehoben.<\/p>\n<p><strong>19 Uhr | 20. April 2011<\/strong> | <a href=\"http:\/\/www.direktorenhaus.com\/\" target=\"_blank\">Direktorenhaus<\/a> | Am Kr\u00f6gel 2 | Berlin Mitte<\/p>\n","protected":false},"excerpt":{"rendered":"<p>Das Direktorenhaus zeigt theatralische Fotogem\u00e4lde von Tina Winkhaus. Warum die Ausstellung Unter Tage sowohl Must-See der Private Curators als auch bei den Osterwochen-Tipps von IHeartBerlin ist? K\u00f6nnte an der mageren Konkurrenz diese Woche liegen. Wer dem Sommerwetter H\u00f6hlenlandschaften vorzieht, ist hier richtig aufgehoben. 19 Uhr | 20. April 2011 | Direktorenhaus | Am Kr\u00f6gel 2 [&hellip;]<\/p>\n","protected":false},"author":306,"featured_media":0,"comment_status":"open","ping_status":"open","sticky":false,"template":"","format":"standard","meta":{"footnotes":""},"categories":[22,8163],"tags":[],"class_list":["post-6803","post","type-post","status-publish","format-standard","hentry","category-ausstellung","category-berlin-mitte"],"yoast_head":"<!-- This site is optimized with the Yoast SEO plugin v21.0 - https:\/\/yoast.com\/wordpress\/plugins\/seo\/ -->\n<title>Apokalyptischer Kitsch - Filter<\/title>\n<meta name=\"robots\" content=\"index, follow, max-snippet:-1, max-image-preview:large, max-video-preview:-1\" \/>\n<link rel=\"canonical\" href=\"https:\/\/blog.zeit.de\/filter\/2011\/04\/20\/tina-winkhaus-direktorenhaus\/\" \/>\n<meta property=\"og:locale\" content=\"de_DE\" \/>\n<meta property=\"og:type\" content=\"article\" \/>\n<meta property=\"og:title\" content=\"Apokalyptischer Kitsch - Filter\" \/>\n<meta property=\"og:description\" content=\"Das Direktorenhaus zeigt theatralische Fotogem\u00e4lde von Tina Winkhaus. Warum die Ausstellung Unter Tage sowohl Must-See der Private Curators als auch bei den Osterwochen-Tipps von IHeartBerlin ist? K\u00f6nnte an der mageren Konkurrenz diese Woche liegen. Wer dem Sommerwetter H\u00f6hlenlandschaften vorzieht, ist hier richtig aufgehoben. 19 Uhr | 20. April 2011 | Direktorenhaus | Am Kr\u00f6gel 2 [&hellip;]\" \/>\n<meta property=\"og:url\" content=\"https:\/\/blog.zeit.de\/filter\/2011\/04\/20\/tina-winkhaus-direktorenhaus\/\" \/>\n<meta property=\"og:site_name\" content=\"Filter\" \/>\n<meta property=\"article:published_time\" content=\"2011-04-20T14:00:46+00:00\" \/>\n<meta property=\"article:modified_time\" content=\"2011-05-18T13:52:29+00:00\" \/>\n<meta name=\"author\" content=\"Nele Heinevetter\" \/>\n<meta name=\"twitter:card\" content=\"summary_large_image\" \/>\n<meta name=\"twitter:label1\" content=\"Geschrieben von\" \/>\n\t<meta name=\"twitter:data1\" content=\"Nele Heinevetter\" \/>\n<script type=\"application\/ld+json\" class=\"yoast-schema-graph\">{\"@context\":\"https:\/\/schema.org\",\"@graph\":[{\"@type\":\"WebPage\",\"@id\":\"https:\/\/blog.zeit.de\/filter\/2011\/04\/20\/tina-winkhaus-direktorenhaus\/\",\"url\":\"https:\/\/blog.zeit.de\/filter\/2011\/04\/20\/tina-winkhaus-direktorenhaus\/\",\"name\":\"Apokalyptischer Kitsch - Filter\",\"isPartOf\":{\"@id\":\"https:\/\/blog.zeit.de\/filter\/#website\"},\"datePublished\":\"2011-04-20T14:00:46+00:00\",\"dateModified\":\"2011-05-18T13:52:29+00:00\",\"author\":{\"@id\":\"https:\/\/blog.zeit.de\/filter\/#\/schema\/person\/d7928a2c1d5a2125ff00961ba8a0316b\"},\"breadcrumb\":{\"@id\":\"https:\/\/blog.zeit.de\/filter\/2011\/04\/20\/tina-winkhaus-direktorenhaus\/#breadcrumb\"},\"inLanguage\":\"de\",\"potentialAction\":[{\"@type\":\"ReadAction\",\"target\":[\"https:\/\/blog.zeit.de\/filter\/2011\/04\/20\/tina-winkhaus-direktorenhaus\/\"]}]},{\"@type\":\"BreadcrumbList\",\"@id\":\"https:\/\/blog.zeit.de\/filter\/2011\/04\/20\/tina-winkhaus-direktorenhaus\/#breadcrumb\",\"itemListElement\":[{\"@type\":\"ListItem\",\"position\":1,\"name\":\"Startseite\",\"item\":\"https:\/\/blog.zeit.de\/filter\/\"},{\"@type\":\"ListItem\",\"position\":2,\"name\":\"Apokalyptischer Kitsch\"}]},{\"@type\":\"WebSite\",\"@id\":\"https:\/\/blog.zeit.de\/filter\/#website\",\"url\":\"https:\/\/blog.zeit.de\/filter\/\",\"name\":\"Filter\",\"description\":\"Das Kunstblog\",\"potentialAction\":[{\"@type\":\"SearchAction\",\"target\":{\"@type\":\"EntryPoint\",\"urlTemplate\":\"https:\/\/blog.zeit.de\/filter\/?s={search_term_string}\"},\"query-input\":\"required name=search_term_string\"}],\"inLanguage\":\"de\"},{\"@type\":\"Person\",\"@id\":\"https:\/\/blog.zeit.de\/filter\/#\/schema\/person\/d7928a2c1d5a2125ff00961ba8a0316b\",\"name\":\"Nele Heinevetter\",\"image\":{\"@type\":\"ImageObject\",\"inLanguage\":\"de\",\"@id\":\"https:\/\/blog.zeit.de\/filter\/#\/schema\/person\/image\/\",\"url\":\"https:\/\/secure.gravatar.com\/avatar\/aa3bcb0644f77a94d940f671a5eb85819ec45ca2163a2626017a8ccf34686336?s=96&d=mm&r=g\",\"contentUrl\":\"https:\/\/secure.gravatar.com\/avatar\/aa3bcb0644f77a94d940f671a5eb85819ec45ca2163a2626017a8ccf34686336?s=96&d=mm&r=g\",\"caption\":\"Nele Heinevetter\"},\"url\":\"https:\/\/blog.zeit.de\/filter\/author\/nele-heinevetter\/\"}]}<\/script>\n<!-- \/ Yoast SEO plugin. -->","yoast_head_json":{"title":"Apokalyptischer Kitsch - Filter","robots":{"index":"index","follow":"follow","max-snippet":"max-snippet:-1","max-image-preview":"max-image-preview:large","max-video-preview":"max-video-preview:-1"},"canonical":"https:\/\/blog.zeit.de\/filter\/2011\/04\/20\/tina-winkhaus-direktorenhaus\/","og_locale":"de_DE","og_type":"article","og_title":"Apokalyptischer Kitsch - Filter","og_description":"Das Direktorenhaus zeigt theatralische Fotogem\u00e4lde von Tina Winkhaus. Warum die Ausstellung Unter Tage sowohl Must-See der Private Curators als auch bei den Osterwochen-Tipps von IHeartBerlin ist? K\u00f6nnte an der mageren Konkurrenz diese Woche liegen. Wer dem Sommerwetter H\u00f6hlenlandschaften vorzieht, ist hier richtig aufgehoben. 19 Uhr | 20. April 2011 | Direktorenhaus | Am Kr\u00f6gel 2 [&hellip;]","og_url":"https:\/\/blog.zeit.de\/filter\/2011\/04\/20\/tina-winkhaus-direktorenhaus\/","og_site_name":"Filter","article_published_time":"2011-04-20T14:00:46+00:00","article_modified_time":"2011-05-18T13:52:29+00:00","author":"Nele Heinevetter","twitter_card":"summary_large_image","twitter_misc":{"Geschrieben von":"Nele Heinevetter"},"schema":{"@context":"https:\/\/schema.org","@graph":[{"@type":"WebPage","@id":"https:\/\/blog.zeit.de\/filter\/2011\/04\/20\/tina-winkhaus-direktorenhaus\/","url":"https:\/\/blog.zeit.de\/filter\/2011\/04\/20\/tina-winkhaus-direktorenhaus\/","name":"Apokalyptischer Kitsch - Filter","isPartOf":{"@id":"https:\/\/blog.zeit.de\/filter\/#website"},"datePublished":"2011-04-20T14:00:46+00:00","dateModified":"2011-05-18T13:52:29+00:00","author":{"@id":"https:\/\/blog.zeit.de\/filter\/#\/schema\/person\/d7928a2c1d5a2125ff00961ba8a0316b"},"breadcrumb":{"@id":"https:\/\/blog.zeit.de\/filter\/2011\/04\/20\/tina-winkhaus-direktorenhaus\/#breadcrumb"},"inLanguage":"de","potentialAction":[{"@type":"ReadAction","target":["https:\/\/blog.zeit.de\/filter\/2011\/04\/20\/tina-winkhaus-direktorenhaus\/"]}]},{"@type":"BreadcrumbList","@id":"https:\/\/blog.zeit.de\/filter\/2011\/04\/20\/tina-winkhaus-direktorenhaus\/#breadcrumb","itemListElement":[{"@type":"ListItem","position":1,"name":"Startseite","item":"https:\/\/blog.zeit.de\/filter\/"},{"@type":"ListItem","position":2,"name":"Apokalyptischer Kitsch"}]},{"@type":"WebSite","@id":"https:\/\/blog.zeit.de\/filter\/#website","url":"https:\/\/blog.zeit.de\/filter\/","name":"Filter","description":"Das Kunstblog","potentialAction":[{"@type":"SearchAction","target":{"@type":"EntryPoint","urlTemplate":"https:\/\/blog.zeit.de\/filter\/?s={search_term_string}"},"query-input":"required name=search_term_string"}],"inLanguage":"de"},{"@type":"Person","@id":"https:\/\/blog.zeit.de\/filter\/#\/schema\/person\/d7928a2c1d5a2125ff00961ba8a0316b","name":"Nele Heinevetter","image":{"@type":"ImageObject","inLanguage":"de","@id":"https:\/\/blog.zeit.de\/filter\/#\/schema\/person\/image\/","url":"https:\/\/secure.gravatar.com\/avatar\/aa3bcb0644f77a94d940f671a5eb85819ec45ca2163a2626017a8ccf34686336?s=96&d=mm&r=g","contentUrl":"https:\/\/secure.gravatar.com\/avatar\/aa3bcb0644f77a94d940f671a5eb85819ec45ca2163a2626017a8ccf34686336?s=96&d=mm&r=g","caption":"Nele Heinevetter"},"url":"https:\/\/blog.zeit.de\/filter\/author\/nele-heinevetter\/"}]}},"jetpack_featured_media_url":"","_links":{"self":[{"href":"https:\/\/blog.zeit.de\/filter\/wp-json\/wp\/v2\/posts\/6803","targetHints":{"allow":["GET"]}}],"collection":[{"href":"https:\/\/blog.zeit.de\/filter\/wp-json\/wp\/v2\/posts"}],"about":[{"href":"https:\/\/blog.zeit.de\/filter\/wp-json\/wp\/v2\/types\/post"}],"author":[{"embeddable":true,"href":"https:\/\/blog.zeit.de\/filter\/wp-json\/wp\/v2\/users\/306"}],"replies":[{"embeddable":true,"href":"https:\/\/blog.zeit.de\/filter\/wp-json\/wp\/v2\/comments?post=6803"}],"version-history":[{"count":12,"href":"https:\/\/blog.zeit.de\/filter\/wp-json\/wp\/v2\/posts\/6803\/revisions"}],"predecessor-version":[{"id":6814,"href":"https:\/\/blog.zeit.de\/filter\/wp-json\/wp\/v2\/posts\/6803\/revisions\/6814"}],"wp:attachment":[{"href":"https:\/\/blog.zeit.de\/filter\/wp-json\/wp\/v2\/media?parent=6803"}],"wp:term":[{"taxonomy":"category","embeddable":true,"href":"https:\/\/blog.zeit.de\/filter\/wp-json\/wp\/v2\/categories?post=6803"},{"taxonomy":"post_tag","embeddable":true,"href":"https:\/\/blog.zeit.de\/filter\/wp-json\/wp\/v2\/tags?post=6803"}],"curies":[{"name":"wp","href":"https:\/\/api.w.org\/{rel}","templated":true}]}}