{"id":7,"date":"2010-10-16T09:00:19","date_gmt":"2010-10-16T07:00:19","guid":{"rendered":"http:\/\/blog.zeit.de\/filter\/?p=7"},"modified":"2011-05-18T16:32:18","modified_gmt":"2011-05-18T14:32:18","slug":"fur-fruhe-vogel","status":"publish","type":"post","link":"https:\/\/blog.zeit.de\/filter\/2010\/10\/16\/fur-fruhe-vogel\/","title":{"rendered":"F\u00fcr fr\u00fche V\u00f6gel"},"content":{"rendered":"<p><strong> <\/strong><\/p>\n<p><strong>Jonathan Franzen referiert im Naturkundemuseum \u00fcber sein liebstes Hobby, die Ornithologie.<\/strong><\/p>\n<p>Am Sonntag gibt\u2019s im Naturkundemuseum, abgesehen vom gr\u00f6\u00dften Dinosaurierskelett der Welt, einen weltber\u00fchmten Hobbyornithologen zu bewundern: Der Bestsellerautor Jonathan Franzen ist gerade auf Lesereise und pr\u00e4sentiert <em><a href=\"http:\/\/www.zeit.de\/2010\/37\/L-B-Franzen\" target=\"_blank\">Freiheit<\/a><\/em> in Berlin. Darin geht es nicht nur um die amerikanische Gesellschaft, sondern auch um Vogelbeobachtung. Darum hat das <a href=\"http:\/\/www.lfbrecht.de\/content\/\" target=\"_blank\">Literaturforum im Brechthaus<\/a>, unterst\u00fctzt von Naturkundemuseum und Saarl\u00e4ndischem Rundfunk, Franzen zur Matinee geladen, um \u00fcber V\u00f6gel im Berliner Umland und ihre Beobachter im Allgemeinen zu sprechen. Offiziell ist der Vortrag ausverkauft, aber Fr\u00fchaufsteher haben Chancen auf Restpl\u00e4tze.<\/p>\n<p><strong>17. Oktober 2010 | 11 Uhr <\/strong>| <a href=\"http:\/\/www.naturkundemuseum-berlin.de\/index.html\" target=\"_blank\">Museum f\u00fcr Naturkunde<\/a> | Invalidenstra\u00dfe 43\u2028| Berlin\u2028Mitte<\/p>\n","protected":false},"excerpt":{"rendered":"<p>Jonathan Franzen referiert im Naturkundemuseum \u00fcber sein liebstes Hobby, die Ornithologie. Am Sonntag gibt\u2019s im Naturkundemuseum, abgesehen vom gr\u00f6\u00dften Dinosaurierskelett der Welt, einen weltber\u00fchmten Hobbyornithologen zu bewundern: Der Bestsellerautor Jonathan Franzen ist gerade auf Lesereise und pr\u00e4sentiert Freiheit in Berlin. Darin geht es nicht nur um die amerikanische Gesellschaft, sondern auch um Vogelbeobachtung. Darum hat [&hellip;]<\/p>\n","protected":false},"author":306,"featured_media":0,"comment_status":"open","ping_status":"open","sticky":false,"template":"","format":"standard","meta":{"footnotes":""},"categories":[8163,1393],"tags":[1585,8161,8192],"class_list":["post-7","post","type-post","status-publish","format-standard","hentry","category-berlin-mitte","category-vortrag","tag-gesellschaft","tag-mitte","tag-vortrag"],"yoast_head":"<!-- This site is optimized with the Yoast SEO plugin v21.0 - https:\/\/yoast.com\/wordpress\/plugins\/seo\/ -->\n<title>F\u00fcr fr\u00fche V\u00f6gel - Filter<\/title>\n<meta name=\"robots\" content=\"index, follow, max-snippet:-1, max-image-preview:large, max-video-preview:-1\" \/>\n<link rel=\"canonical\" href=\"https:\/\/blog.zeit.de\/filter\/2010\/10\/16\/fur-fruhe-vogel\/\" \/>\n<meta property=\"og:locale\" content=\"de_DE\" \/>\n<meta property=\"og:type\" content=\"article\" \/>\n<meta property=\"og:title\" content=\"F\u00fcr fr\u00fche V\u00f6gel - Filter\" \/>\n<meta property=\"og:description\" content=\"Jonathan Franzen referiert im Naturkundemuseum \u00fcber sein liebstes Hobby, die Ornithologie. Am Sonntag gibt\u2019s im Naturkundemuseum, abgesehen vom gr\u00f6\u00dften Dinosaurierskelett der Welt, einen weltber\u00fchmten Hobbyornithologen zu bewundern: Der Bestsellerautor Jonathan Franzen ist gerade auf Lesereise und pr\u00e4sentiert Freiheit in Berlin. Darin geht es nicht nur um die amerikanische Gesellschaft, sondern auch um Vogelbeobachtung. Darum hat [&hellip;]\" \/>\n<meta property=\"og:url\" content=\"https:\/\/blog.zeit.de\/filter\/2010\/10\/16\/fur-fruhe-vogel\/\" \/>\n<meta property=\"og:site_name\" content=\"Filter\" \/>\n<meta property=\"article:published_time\" content=\"2010-10-16T07:00:19+00:00\" \/>\n<meta property=\"article:modified_time\" content=\"2011-05-18T14:32:18+00:00\" \/>\n<meta name=\"author\" content=\"Nele Heinevetter\" \/>\n<meta name=\"twitter:card\" content=\"summary_large_image\" \/>\n<meta name=\"twitter:label1\" content=\"Geschrieben von\" \/>\n\t<meta name=\"twitter:data1\" content=\"Nele Heinevetter\" \/>\n\t<meta name=\"twitter:label2\" content=\"Gesch\u00e4tzte Lesezeit\" \/>\n\t<meta name=\"twitter:data2\" content=\"1\u00a0Minute\" \/>\n<script type=\"application\/ld+json\" class=\"yoast-schema-graph\">{\"@context\":\"https:\/\/schema.org\",\"@graph\":[{\"@type\":\"WebPage\",\"@id\":\"https:\/\/blog.zeit.de\/filter\/2010\/10\/16\/fur-fruhe-vogel\/\",\"url\":\"https:\/\/blog.zeit.de\/filter\/2010\/10\/16\/fur-fruhe-vogel\/\",\"name\":\"F\u00fcr fr\u00fche V\u00f6gel - Filter\",\"isPartOf\":{\"@id\":\"https:\/\/blog.zeit.de\/filter\/#website\"},\"datePublished\":\"2010-10-16T07:00:19+00:00\",\"dateModified\":\"2011-05-18T14:32:18+00:00\",\"author\":{\"@id\":\"https:\/\/blog.zeit.de\/filter\/#\/schema\/person\/d7928a2c1d5a2125ff00961ba8a0316b\"},\"breadcrumb\":{\"@id\":\"https:\/\/blog.zeit.de\/filter\/2010\/10\/16\/fur-fruhe-vogel\/#breadcrumb\"},\"inLanguage\":\"de\",\"potentialAction\":[{\"@type\":\"ReadAction\",\"target\":[\"https:\/\/blog.zeit.de\/filter\/2010\/10\/16\/fur-fruhe-vogel\/\"]}]},{\"@type\":\"BreadcrumbList\",\"@id\":\"https:\/\/blog.zeit.de\/filter\/2010\/10\/16\/fur-fruhe-vogel\/#breadcrumb\",\"itemListElement\":[{\"@type\":\"ListItem\",\"position\":1,\"name\":\"Startseite\",\"item\":\"https:\/\/blog.zeit.de\/filter\/\"},{\"@type\":\"ListItem\",\"position\":2,\"name\":\"F\u00fcr fr\u00fche V\u00f6gel\"}]},{\"@type\":\"WebSite\",\"@id\":\"https:\/\/blog.zeit.de\/filter\/#website\",\"url\":\"https:\/\/blog.zeit.de\/filter\/\",\"name\":\"Filter\",\"description\":\"Das Kunstblog\",\"potentialAction\":[{\"@type\":\"SearchAction\",\"target\":{\"@type\":\"EntryPoint\",\"urlTemplate\":\"https:\/\/blog.zeit.de\/filter\/?s={search_term_string}\"},\"query-input\":\"required name=search_term_string\"}],\"inLanguage\":\"de\"},{\"@type\":\"Person\",\"@id\":\"https:\/\/blog.zeit.de\/filter\/#\/schema\/person\/d7928a2c1d5a2125ff00961ba8a0316b\",\"name\":\"Nele Heinevetter\",\"image\":{\"@type\":\"ImageObject\",\"inLanguage\":\"de\",\"@id\":\"https:\/\/blog.zeit.de\/filter\/#\/schema\/person\/image\/\",\"url\":\"https:\/\/secure.gravatar.com\/avatar\/aa3bcb0644f77a94d940f671a5eb85819ec45ca2163a2626017a8ccf34686336?s=96&d=mm&r=g\",\"contentUrl\":\"https:\/\/secure.gravatar.com\/avatar\/aa3bcb0644f77a94d940f671a5eb85819ec45ca2163a2626017a8ccf34686336?s=96&d=mm&r=g\",\"caption\":\"Nele Heinevetter\"},\"url\":\"https:\/\/blog.zeit.de\/filter\/author\/nele-heinevetter\/\"}]}<\/script>\n<!-- \/ Yoast SEO plugin. -->","yoast_head_json":{"title":"F\u00fcr fr\u00fche V\u00f6gel - Filter","robots":{"index":"index","follow":"follow","max-snippet":"max-snippet:-1","max-image-preview":"max-image-preview:large","max-video-preview":"max-video-preview:-1"},"canonical":"https:\/\/blog.zeit.de\/filter\/2010\/10\/16\/fur-fruhe-vogel\/","og_locale":"de_DE","og_type":"article","og_title":"F\u00fcr fr\u00fche V\u00f6gel - Filter","og_description":"Jonathan Franzen referiert im Naturkundemuseum \u00fcber sein liebstes Hobby, die Ornithologie. Am Sonntag gibt\u2019s im Naturkundemuseum, abgesehen vom gr\u00f6\u00dften Dinosaurierskelett der Welt, einen weltber\u00fchmten Hobbyornithologen zu bewundern: Der Bestsellerautor Jonathan Franzen ist gerade auf Lesereise und pr\u00e4sentiert Freiheit in Berlin. Darin geht es nicht nur um die amerikanische Gesellschaft, sondern auch um Vogelbeobachtung. Darum hat [&hellip;]","og_url":"https:\/\/blog.zeit.de\/filter\/2010\/10\/16\/fur-fruhe-vogel\/","og_site_name":"Filter","article_published_time":"2010-10-16T07:00:19+00:00","article_modified_time":"2011-05-18T14:32:18+00:00","author":"Nele Heinevetter","twitter_card":"summary_large_image","twitter_misc":{"Geschrieben von":"Nele Heinevetter","Gesch\u00e4tzte Lesezeit":"1\u00a0Minute"},"schema":{"@context":"https:\/\/schema.org","@graph":[{"@type":"WebPage","@id":"https:\/\/blog.zeit.de\/filter\/2010\/10\/16\/fur-fruhe-vogel\/","url":"https:\/\/blog.zeit.de\/filter\/2010\/10\/16\/fur-fruhe-vogel\/","name":"F\u00fcr fr\u00fche V\u00f6gel - Filter","isPartOf":{"@id":"https:\/\/blog.zeit.de\/filter\/#website"},"datePublished":"2010-10-16T07:00:19+00:00","dateModified":"2011-05-18T14:32:18+00:00","author":{"@id":"https:\/\/blog.zeit.de\/filter\/#\/schema\/person\/d7928a2c1d5a2125ff00961ba8a0316b"},"breadcrumb":{"@id":"https:\/\/blog.zeit.de\/filter\/2010\/10\/16\/fur-fruhe-vogel\/#breadcrumb"},"inLanguage":"de","potentialAction":[{"@type":"ReadAction","target":["https:\/\/blog.zeit.de\/filter\/2010\/10\/16\/fur-fruhe-vogel\/"]}]},{"@type":"BreadcrumbList","@id":"https:\/\/blog.zeit.de\/filter\/2010\/10\/16\/fur-fruhe-vogel\/#breadcrumb","itemListElement":[{"@type":"ListItem","position":1,"name":"Startseite","item":"https:\/\/blog.zeit.de\/filter\/"},{"@type":"ListItem","position":2,"name":"F\u00fcr fr\u00fche V\u00f6gel"}]},{"@type":"WebSite","@id":"https:\/\/blog.zeit.de\/filter\/#website","url":"https:\/\/blog.zeit.de\/filter\/","name":"Filter","description":"Das Kunstblog","potentialAction":[{"@type":"SearchAction","target":{"@type":"EntryPoint","urlTemplate":"https:\/\/blog.zeit.de\/filter\/?s={search_term_string}"},"query-input":"required name=search_term_string"}],"inLanguage":"de"},{"@type":"Person","@id":"https:\/\/blog.zeit.de\/filter\/#\/schema\/person\/d7928a2c1d5a2125ff00961ba8a0316b","name":"Nele Heinevetter","image":{"@type":"ImageObject","inLanguage":"de","@id":"https:\/\/blog.zeit.de\/filter\/#\/schema\/person\/image\/","url":"https:\/\/secure.gravatar.com\/avatar\/aa3bcb0644f77a94d940f671a5eb85819ec45ca2163a2626017a8ccf34686336?s=96&d=mm&r=g","contentUrl":"https:\/\/secure.gravatar.com\/avatar\/aa3bcb0644f77a94d940f671a5eb85819ec45ca2163a2626017a8ccf34686336?s=96&d=mm&r=g","caption":"Nele Heinevetter"},"url":"https:\/\/blog.zeit.de\/filter\/author\/nele-heinevetter\/"}]}},"jetpack_featured_media_url":"","_links":{"self":[{"href":"https:\/\/blog.zeit.de\/filter\/wp-json\/wp\/v2\/posts\/7","targetHints":{"allow":["GET"]}}],"collection":[{"href":"https:\/\/blog.zeit.de\/filter\/wp-json\/wp\/v2\/posts"}],"about":[{"href":"https:\/\/blog.zeit.de\/filter\/wp-json\/wp\/v2\/types\/post"}],"author":[{"embeddable":true,"href":"https:\/\/blog.zeit.de\/filter\/wp-json\/wp\/v2\/users\/306"}],"replies":[{"embeddable":true,"href":"https:\/\/blog.zeit.de\/filter\/wp-json\/wp\/v2\/comments?post=7"}],"version-history":[{"count":38,"href":"https:\/\/blog.zeit.de\/filter\/wp-json\/wp\/v2\/posts\/7\/revisions"}],"predecessor-version":[{"id":7697,"href":"https:\/\/blog.zeit.de\/filter\/wp-json\/wp\/v2\/posts\/7\/revisions\/7697"}],"wp:attachment":[{"href":"https:\/\/blog.zeit.de\/filter\/wp-json\/wp\/v2\/media?parent=7"}],"wp:term":[{"taxonomy":"category","embeddable":true,"href":"https:\/\/blog.zeit.de\/filter\/wp-json\/wp\/v2\/categories?post=7"},{"taxonomy":"post_tag","embeddable":true,"href":"https:\/\/blog.zeit.de\/filter\/wp-json\/wp\/v2\/tags?post=7"}],"curies":[{"name":"wp","href":"https:\/\/api.w.org\/{rel}","templated":true}]}}