{"id":7370,"date":"2011-05-11T12:00:12","date_gmt":"2011-05-11T10:00:12","guid":{"rendered":"http:\/\/blog.zeit.de\/filter\/?p=7370"},"modified":"2011-05-12T10:22:50","modified_gmt":"2011-05-12T08:22:50","slug":"rudolf-steiner-kunstmuseum-stuttgart","status":"publish","type":"post","link":"https:\/\/blog.zeit.de\/filter\/2011\/05\/11\/rudolf-steiner-kunstmuseum-stuttgart\/","title":{"rendered":"Beliebige Kunst unter anthroposophischem Deckmantel"},"content":{"rendered":"<p><figure id=\"attachment_7376\" aria-describedby=\"caption-attachment-7376\" style=\"width: 540px\" class=\"wp-caption alignnone\"><img loading=\"lazy\" decoding=\"async\" class=\"size-full wp-image-7376\" title=\"Rudolf Steiner, Wandtafelzeichnung &quot;Je weiter sich der Mensch von der Erde entfernt&quot;, 1923 \u00a9 Rudolf Steiner Archiv Dornach\" src=\"https:\/\/blog.zeit.de\/filter\/files\/2011\/05\/Steiner.jpg\" alt=\"\" width=\"540\" height=\"304\" srcset=\"https:\/\/blog.zeit.de\/filter\/files\/2011\/05\/Steiner.jpg 540w, https:\/\/blog.zeit.de\/filter\/files\/2011\/05\/Steiner-300x168.jpg 300w\" sizes=\"auto, (max-width: 540px) 100vw, 540px\" \/><figcaption id=\"caption-attachment-7376\" class=\"wp-caption-text\">Rudolf Steiner, Wandtafelzeichnung &quot;Je weiter sich der Mensch von der Erde entfernt&quot;, 1923 \u00a9 Rudolf Steiner Archiv Dornach<\/figcaption><\/figure><\/p>\n<p><strong>Das Kunstmuseum Stuttgart pr\u00e4sentiert Rudolf Steiner aus\u00a0einer eigenwilligen Perspektive.<\/strong><\/p>\n<p>Bei einem Trip in die \u00e4sthetische Provinz \u2013 aber dazu sp\u00e4ter mehr \u2013 stand unter anderem ein Ausflug ins <a href=\"http:\/\/www.kunstmuseum-stuttgart.de\/index.php?site=Home\" target=\"_blank\">Kunstmusem Stuttgart<\/a> auf dem Programm. Die Erkenntnis aus der Schau <em><a href=\"http:\/\/www.kunstmuseum-stuttgart.de\/index.php?site=Ausstellungen;Aktuell&amp;id=44&amp;bereich=Kosmos_Rudolf_Steiner\" target=\"_blank\">Kosmos Rudolf Steiner:<\/a><\/em> Die<em> <\/em><a href=\"http:\/\/www.katharinagrosse.com\/work.php?id=1493\" target=\"_blank\">Farbexplosionen von Katharina Grosse <\/a> passen verdammt gut in die Ausstellung \u00fcber Steiners anthroposophische Vision. Ob das jetzt f\u00fcr Rudolf Steiners ganzheitliche Lehre oder gegen die Werke der Berliner K\u00fcnstlerin spricht, konnte die Ausstellung leider nicht kl\u00e4ren.<br \/>\n<!--more--><\/p>\n<p><em>Kosmos Rudolf Steiner<\/em> ist ein Gemeinschaftsprojekt der Kunstmuseen Stuttgart und Wolfsburg sowie des Vitra Design Museum. Gemeinsam haben die Kuratoren Ulrike Groos, Simone Schimpf und Mateo Kries satte 500 Exponate zusammengetragen, um ein Schlaglicht auf das gestalterische Werk Steiners zu werfen. Leider ist das Ergebnis so anschaulich, wie platt. Und die Organisation der Ausstellung betont auch noch den fehlenden Bezug zu den Kunstwerken. Der &#8222;Kosmos&#8220; setzt sich n\u00e4mlich zusammen aus der kulturhistorischen Retrospektive\u00a0<em>Rudolf Steiner &#8211; Die Alchemie des Alltags<\/em> in den oberen Geschossen des Museums sowie der \u00fcbers Haus versprengten Gruppenausstellung\u00a0<em>Rudolf Steiner und die Kunst der Gegenwart.<\/em><\/p>\n<p><figure id=\"attachment_7426\" aria-describedby=\"caption-attachment-7426\" style=\"width: 540px\" class=\"wp-caption alignnone\"><img loading=\"lazy\" decoding=\"async\" class=\"size-full wp-image-7426\" title=\"Westfassade des zweiten Goetheanums \u00a9 Vitra Design Museum (Foto: Deidi von Schaewen)\" src=\"https:\/\/blog.zeit.de\/filter\/files\/2011\/05\/Goethe.jpg\" alt=\"\" width=\"540\" height=\"304\" srcset=\"https:\/\/blog.zeit.de\/filter\/files\/2011\/05\/Goethe.jpg 540w, https:\/\/blog.zeit.de\/filter\/files\/2011\/05\/Goethe-300x168.jpg 300w\" sizes=\"auto, (max-width: 540px) 100vw, 540px\" \/><figcaption id=\"caption-attachment-7426\" class=\"wp-caption-text\">Westfassade des zweiten Goetheanums \u00a9 Vitra Design Museum (Foto: Deidi von Schaewen)<\/figcaption><\/figure><\/p>\n<p>Die von Mattheo Kries kuratierte Retrospektive zeigt vor allem, wie sich <a href=\"http:\/\/www.zeit.de\/2011\/08\/C-Waldorfschule-Steiner?page=1\" target=\"_blank\">Steiners esoterische Geisteslehre<\/a> in Kunst, Design und Architektur konkretisiert. Sie umfasst Originalzeichnungen und Skulpturen, M\u00f6bel und Modelle von ihm, seinen Zeitgenossen aber auch Nachfolgern. Dazu kommen zahlreiche Dokumente, wie Briefwechsel mit Franz Kafka oder Original-Plakate. Aus Kries designtheoretischer Perspektive tritt Steiner als \u00e4sthetischer Vision\u00e4r auf, der im Kontext von Jugendstil, Kubismus und Expressionismus eigenwillige M\u00f6bel entwirft und im skulpturalen Betonkoloss des\u00a0<em>Goetheanums<\/em> (1928) seine organische Architektursprache\u00a0verewigt. Zur Illustration stellt Kries ihm beispielsweise den M\u00f6beldesigner Konstantin Grcic gegen\u00fcber, den Architekten Richard Neutra oder den K\u00fcnstler Piet Mondrian. Und ja, diese Begegnungen sind spannend, informativ und gut gemacht.<\/p>\n<p>Was als Designausstellung funktioniert, misslingt jedoch bei der Kunst: F\u00fcr den Komplex\u00a0<em>Rudolf Steiner und die Kunst der Gegenwart <\/em>setzen\u00a0die Kuratoren eine Steiner-Rezeption voraus und machen sie an vierzehn K\u00fcnstlern fest.\u00a0Dass auch Olafur Eliasson oder Carsten Nicolai naturwissenschaftliche Ph\u00e4nomene und \u00e4sthetische Anschauung verbinden, leuchtet ein.\u00a0Fantastisch ist, wie die Videoarbeit\u00a0<em>Stehtanz<\/em> von Kalin Lindena den Themenkomplex der Eurythmie aufgreift. Aber eine schwangere Wand von Anish Kapoor mit dem Motiv der geistigen Befruchtung zu deuten, wirkt beliebig. \u00dcberhaupt sind die anthroposophischen Werkdeutungen schmerzhaft banal.<\/p>\n<p><figure id=\"attachment_7427\" aria-describedby=\"caption-attachment-7427\" style=\"width: 540px\" class=\"wp-caption alignnone\"><img loading=\"lazy\" decoding=\"async\" class=\"size-full wp-image-7427\" title=\"Katharina Grosse, ohne Titel, 2010 (Installationsansicht) \u00a9 VG Bild-Kunst, Bonn 2011\" src=\"https:\/\/blog.zeit.de\/filter\/files\/2011\/05\/Grosse.jpg\" alt=\"\" width=\"540\" height=\"304\" srcset=\"https:\/\/blog.zeit.de\/filter\/files\/2011\/05\/Grosse.jpg 540w, https:\/\/blog.zeit.de\/filter\/files\/2011\/05\/Grosse-300x168.jpg 300w\" sizes=\"auto, (max-width: 540px) 100vw, 540px\" \/><figcaption id=\"caption-attachment-7427\" class=\"wp-caption-text\">Katharina Grosse, ohne Titel, 2010 (Installationsansicht) \u00a9 VG Bild-Kunst, Bonn 2011<\/figcaption><\/figure><\/p>\n<p>Wer\u00a0Katharina Grosses monumentalen Seidenmalerei-Skulpturen etwas abgewinnen kann, kommt dennoch auf seine Kosten. Ansonsten\u00a0sollte diese Oberfl\u00e4chlichkeit wohl hippe Gro\u00dfst\u00e4dter ansprechen. Immerhin sch\u00e4tzen die nicht nur zeitgen\u00f6ssisches Design und interessieren sich f\u00fcr Kunst, sondern entdecken auch seit geraumer Zeit ihre alternative Seite. Weil die Anschaulichkeit dieser modischen Auseinandersetzung mit Rudolf Steiner zu Kosten der im Grunde spannenden Substanz geht, bleibt es im Ganzen nur eine &#8222;interessante&#8220; Ausstellung.<\/p>\n<p><strong>noch bis zum 22. Juni 2011<\/strong> | <a href=\"http:\/\/www.kunstmuseum-stuttgart.de\/index.php?site=Home\" target=\"_blank\">Kunstmuseum Stuttgart<\/a> | Kleiner Schlossplatz 13 | Stuttgart<\/p>\n","protected":false},"excerpt":{"rendered":"<p>Das Kunstmuseum Stuttgart pr\u00e4sentiert Rudolf Steiner aus\u00a0einer eigenwilligen Perspektive. Bei einem Trip in die \u00e4sthetische Provinz \u2013 aber dazu sp\u00e4ter mehr \u2013 stand unter anderem ein Ausflug ins Kunstmusem Stuttgart auf dem Programm. Die Erkenntnis aus der Schau Kosmos Rudolf Steiner: Die Farbexplosionen von Katharina Grosse passen verdammt gut in die Ausstellung \u00fcber Steiners anthroposophische [&hellip;]<\/p>\n","protected":false},"author":306,"featured_media":0,"comment_status":"open","ping_status":"open","sticky":false,"template":"","format":"standard","meta":{"footnotes":""},"categories":[22],"tags":[],"class_list":["post-7370","post","type-post","status-publish","format-standard","hentry","category-ausstellung"],"yoast_head":"<!-- This site is optimized with the Yoast SEO plugin v21.0 - https:\/\/yoast.com\/wordpress\/plugins\/seo\/ -->\n<title>Beliebige Kunst unter anthroposophischem Deckmantel - Filter<\/title>\n<meta name=\"robots\" content=\"index, follow, max-snippet:-1, max-image-preview:large, max-video-preview:-1\" \/>\n<link rel=\"canonical\" href=\"https:\/\/blog.zeit.de\/filter\/2011\/05\/11\/rudolf-steiner-kunstmuseum-stuttgart\/\" \/>\n<meta property=\"og:locale\" content=\"de_DE\" \/>\n<meta property=\"og:type\" content=\"article\" \/>\n<meta property=\"og:title\" content=\"Beliebige Kunst unter anthroposophischem Deckmantel - Filter\" \/>\n<meta property=\"og:description\" content=\"Das Kunstmuseum Stuttgart pr\u00e4sentiert Rudolf Steiner aus\u00a0einer eigenwilligen Perspektive. Bei einem Trip in die \u00e4sthetische Provinz \u2013 aber dazu sp\u00e4ter mehr \u2013 stand unter anderem ein Ausflug ins Kunstmusem Stuttgart auf dem Programm. Die Erkenntnis aus der Schau Kosmos Rudolf Steiner: Die Farbexplosionen von Katharina Grosse passen verdammt gut in die Ausstellung \u00fcber Steiners anthroposophische [&hellip;]\" \/>\n<meta property=\"og:url\" content=\"https:\/\/blog.zeit.de\/filter\/2011\/05\/11\/rudolf-steiner-kunstmuseum-stuttgart\/\" \/>\n<meta property=\"og:site_name\" content=\"Filter\" \/>\n<meta property=\"article:published_time\" content=\"2011-05-11T10:00:12+00:00\" \/>\n<meta property=\"article:modified_time\" content=\"2011-05-12T08:22:50+00:00\" \/>\n<meta property=\"og:image\" content=\"https:\/\/blog.zeit.de\/filter\/files\/2011\/05\/Steiner.jpg\" \/>\n<meta name=\"author\" content=\"Nele Heinevetter\" \/>\n<meta name=\"twitter:card\" content=\"summary_large_image\" \/>\n<meta name=\"twitter:label1\" content=\"Geschrieben von\" \/>\n\t<meta name=\"twitter:data1\" content=\"Nele Heinevetter\" \/>\n\t<meta name=\"twitter:label2\" content=\"Gesch\u00e4tzte Lesezeit\" \/>\n\t<meta name=\"twitter:data2\" content=\"3\u00a0Minuten\" \/>\n<script type=\"application\/ld+json\" class=\"yoast-schema-graph\">{\"@context\":\"https:\/\/schema.org\",\"@graph\":[{\"@type\":\"WebPage\",\"@id\":\"https:\/\/blog.zeit.de\/filter\/2011\/05\/11\/rudolf-steiner-kunstmuseum-stuttgart\/\",\"url\":\"https:\/\/blog.zeit.de\/filter\/2011\/05\/11\/rudolf-steiner-kunstmuseum-stuttgart\/\",\"name\":\"Beliebige Kunst unter anthroposophischem Deckmantel - Filter\",\"isPartOf\":{\"@id\":\"https:\/\/blog.zeit.de\/filter\/#website\"},\"datePublished\":\"2011-05-11T10:00:12+00:00\",\"dateModified\":\"2011-05-12T08:22:50+00:00\",\"author\":{\"@id\":\"https:\/\/blog.zeit.de\/filter\/#\/schema\/person\/d7928a2c1d5a2125ff00961ba8a0316b\"},\"breadcrumb\":{\"@id\":\"https:\/\/blog.zeit.de\/filter\/2011\/05\/11\/rudolf-steiner-kunstmuseum-stuttgart\/#breadcrumb\"},\"inLanguage\":\"de\",\"potentialAction\":[{\"@type\":\"ReadAction\",\"target\":[\"https:\/\/blog.zeit.de\/filter\/2011\/05\/11\/rudolf-steiner-kunstmuseum-stuttgart\/\"]}]},{\"@type\":\"BreadcrumbList\",\"@id\":\"https:\/\/blog.zeit.de\/filter\/2011\/05\/11\/rudolf-steiner-kunstmuseum-stuttgart\/#breadcrumb\",\"itemListElement\":[{\"@type\":\"ListItem\",\"position\":1,\"name\":\"Startseite\",\"item\":\"https:\/\/blog.zeit.de\/filter\/\"},{\"@type\":\"ListItem\",\"position\":2,\"name\":\"Beliebige Kunst unter anthroposophischem Deckmantel\"}]},{\"@type\":\"WebSite\",\"@id\":\"https:\/\/blog.zeit.de\/filter\/#website\",\"url\":\"https:\/\/blog.zeit.de\/filter\/\",\"name\":\"Filter\",\"description\":\"Das Kunstblog\",\"potentialAction\":[{\"@type\":\"SearchAction\",\"target\":{\"@type\":\"EntryPoint\",\"urlTemplate\":\"https:\/\/blog.zeit.de\/filter\/?s={search_term_string}\"},\"query-input\":\"required name=search_term_string\"}],\"inLanguage\":\"de\"},{\"@type\":\"Person\",\"@id\":\"https:\/\/blog.zeit.de\/filter\/#\/schema\/person\/d7928a2c1d5a2125ff00961ba8a0316b\",\"name\":\"Nele Heinevetter\",\"image\":{\"@type\":\"ImageObject\",\"inLanguage\":\"de\",\"@id\":\"https:\/\/blog.zeit.de\/filter\/#\/schema\/person\/image\/\",\"url\":\"https:\/\/secure.gravatar.com\/avatar\/aa3bcb0644f77a94d940f671a5eb85819ec45ca2163a2626017a8ccf34686336?s=96&d=mm&r=g\",\"contentUrl\":\"https:\/\/secure.gravatar.com\/avatar\/aa3bcb0644f77a94d940f671a5eb85819ec45ca2163a2626017a8ccf34686336?s=96&d=mm&r=g\",\"caption\":\"Nele Heinevetter\"},\"url\":\"https:\/\/blog.zeit.de\/filter\/author\/nele-heinevetter\/\"}]}<\/script>\n<!-- \/ Yoast SEO plugin. -->","yoast_head_json":{"title":"Beliebige Kunst unter anthroposophischem Deckmantel - Filter","robots":{"index":"index","follow":"follow","max-snippet":"max-snippet:-1","max-image-preview":"max-image-preview:large","max-video-preview":"max-video-preview:-1"},"canonical":"https:\/\/blog.zeit.de\/filter\/2011\/05\/11\/rudolf-steiner-kunstmuseum-stuttgart\/","og_locale":"de_DE","og_type":"article","og_title":"Beliebige Kunst unter anthroposophischem Deckmantel - Filter","og_description":"Das Kunstmuseum Stuttgart pr\u00e4sentiert Rudolf Steiner aus\u00a0einer eigenwilligen Perspektive. Bei einem Trip in die \u00e4sthetische Provinz \u2013 aber dazu sp\u00e4ter mehr \u2013 stand unter anderem ein Ausflug ins Kunstmusem Stuttgart auf dem Programm. Die Erkenntnis aus der Schau Kosmos Rudolf Steiner: Die Farbexplosionen von Katharina Grosse passen verdammt gut in die Ausstellung \u00fcber Steiners anthroposophische [&hellip;]","og_url":"https:\/\/blog.zeit.de\/filter\/2011\/05\/11\/rudolf-steiner-kunstmuseum-stuttgart\/","og_site_name":"Filter","article_published_time":"2011-05-11T10:00:12+00:00","article_modified_time":"2011-05-12T08:22:50+00:00","og_image":[{"url":"https:\/\/blog.zeit.de\/filter\/files\/2011\/05\/Steiner.jpg"}],"author":"Nele Heinevetter","twitter_card":"summary_large_image","twitter_misc":{"Geschrieben von":"Nele Heinevetter","Gesch\u00e4tzte Lesezeit":"3\u00a0Minuten"},"schema":{"@context":"https:\/\/schema.org","@graph":[{"@type":"WebPage","@id":"https:\/\/blog.zeit.de\/filter\/2011\/05\/11\/rudolf-steiner-kunstmuseum-stuttgart\/","url":"https:\/\/blog.zeit.de\/filter\/2011\/05\/11\/rudolf-steiner-kunstmuseum-stuttgart\/","name":"Beliebige Kunst unter anthroposophischem Deckmantel - Filter","isPartOf":{"@id":"https:\/\/blog.zeit.de\/filter\/#website"},"datePublished":"2011-05-11T10:00:12+00:00","dateModified":"2011-05-12T08:22:50+00:00","author":{"@id":"https:\/\/blog.zeit.de\/filter\/#\/schema\/person\/d7928a2c1d5a2125ff00961ba8a0316b"},"breadcrumb":{"@id":"https:\/\/blog.zeit.de\/filter\/2011\/05\/11\/rudolf-steiner-kunstmuseum-stuttgart\/#breadcrumb"},"inLanguage":"de","potentialAction":[{"@type":"ReadAction","target":["https:\/\/blog.zeit.de\/filter\/2011\/05\/11\/rudolf-steiner-kunstmuseum-stuttgart\/"]}]},{"@type":"BreadcrumbList","@id":"https:\/\/blog.zeit.de\/filter\/2011\/05\/11\/rudolf-steiner-kunstmuseum-stuttgart\/#breadcrumb","itemListElement":[{"@type":"ListItem","position":1,"name":"Startseite","item":"https:\/\/blog.zeit.de\/filter\/"},{"@type":"ListItem","position":2,"name":"Beliebige Kunst unter anthroposophischem Deckmantel"}]},{"@type":"WebSite","@id":"https:\/\/blog.zeit.de\/filter\/#website","url":"https:\/\/blog.zeit.de\/filter\/","name":"Filter","description":"Das Kunstblog","potentialAction":[{"@type":"SearchAction","target":{"@type":"EntryPoint","urlTemplate":"https:\/\/blog.zeit.de\/filter\/?s={search_term_string}"},"query-input":"required name=search_term_string"}],"inLanguage":"de"},{"@type":"Person","@id":"https:\/\/blog.zeit.de\/filter\/#\/schema\/person\/d7928a2c1d5a2125ff00961ba8a0316b","name":"Nele Heinevetter","image":{"@type":"ImageObject","inLanguage":"de","@id":"https:\/\/blog.zeit.de\/filter\/#\/schema\/person\/image\/","url":"https:\/\/secure.gravatar.com\/avatar\/aa3bcb0644f77a94d940f671a5eb85819ec45ca2163a2626017a8ccf34686336?s=96&d=mm&r=g","contentUrl":"https:\/\/secure.gravatar.com\/avatar\/aa3bcb0644f77a94d940f671a5eb85819ec45ca2163a2626017a8ccf34686336?s=96&d=mm&r=g","caption":"Nele Heinevetter"},"url":"https:\/\/blog.zeit.de\/filter\/author\/nele-heinevetter\/"}]}},"jetpack_featured_media_url":"","_links":{"self":[{"href":"https:\/\/blog.zeit.de\/filter\/wp-json\/wp\/v2\/posts\/7370","targetHints":{"allow":["GET"]}}],"collection":[{"href":"https:\/\/blog.zeit.de\/filter\/wp-json\/wp\/v2\/posts"}],"about":[{"href":"https:\/\/blog.zeit.de\/filter\/wp-json\/wp\/v2\/types\/post"}],"author":[{"embeddable":true,"href":"https:\/\/blog.zeit.de\/filter\/wp-json\/wp\/v2\/users\/306"}],"replies":[{"embeddable":true,"href":"https:\/\/blog.zeit.de\/filter\/wp-json\/wp\/v2\/comments?post=7370"}],"version-history":[{"count":53,"href":"https:\/\/blog.zeit.de\/filter\/wp-json\/wp\/v2\/posts\/7370\/revisions"}],"predecessor-version":[{"id":7424,"href":"https:\/\/blog.zeit.de\/filter\/wp-json\/wp\/v2\/posts\/7370\/revisions\/7424"}],"wp:attachment":[{"href":"https:\/\/blog.zeit.de\/filter\/wp-json\/wp\/v2\/media?parent=7370"}],"wp:term":[{"taxonomy":"category","embeddable":true,"href":"https:\/\/blog.zeit.de\/filter\/wp-json\/wp\/v2\/categories?post=7370"},{"taxonomy":"post_tag","embeddable":true,"href":"https:\/\/blog.zeit.de\/filter\/wp-json\/wp\/v2\/tags?post=7370"}],"curies":[{"name":"wp","href":"https:\/\/api.w.org\/{rel}","templated":true}]}}