{"id":7644,"date":"2011-05-18T12:00:56","date_gmt":"2011-05-18T10:00:56","guid":{"rendered":"http:\/\/blog.zeit.de\/filter\/?p=7644"},"modified":"2011-05-20T10:40:31","modified_gmt":"2011-05-20T08:40:31","slug":"mitchell-hau-1-historical-uncann","status":"publish","type":"post","link":"https:\/\/blog.zeit.de\/filter\/2011\/05\/18\/mitchell-hau-1-historical-uncann\/","title":{"rendered":"Terror im \u00fcbertragenen Sinne"},"content":{"rendered":"<p><figure id=\"attachment_7702\" aria-describedby=\"caption-attachment-7702\" style=\"width: 540px\" class=\"wp-caption alignnone\"><img loading=\"lazy\" decoding=\"async\" class=\"size-full wp-image-7702\" title=\"William J.T. Mitchell \u00a9 Foto: Am\u00e9lie Losier\" src=\"https:\/\/blog.zeit.de\/filter\/files\/2011\/05\/Mitchell.jpg\" alt=\"\" width=\"540\" height=\"304\" srcset=\"https:\/\/blog.zeit.de\/filter\/files\/2011\/05\/Mitchell.jpg 540w, https:\/\/blog.zeit.de\/filter\/files\/2011\/05\/Mitchell-300x168.jpg 300w\" sizes=\"auto, (max-width: 540px) 100vw, 540px\" \/><figcaption id=\"caption-attachment-7702\" class=\"wp-caption-text\">William J.T. Mitchell \u00a9 Foto: Am\u00e9lie Losier<\/figcaption><\/figure><\/p>\n<p><strong>Klingt nach einem ungew\u00f6hnlichen Vortrag: Der Bildwissenschaftler William J.T. Mitchell referiert am <\/strong><a href=\"http:\/\/www.hebbel-am-ufer.de\/de\/spielplan_1_hau1.html?HAU=1\" target=\"_blank\"><strong>HAU1 <\/strong><\/a><strong>\u00fcber das Konzept des historisch Unheimlichen.<\/strong><\/p>\n<p>Den Mittwochsvortrag des <a href=\"http:\/\/www.zfl.gwz-berlin.de\/\" target=\"_blank\">Zentrum f\u00fcr Literatur- und Kulturforschung<\/a> \u00fcbernimmt heute William J.T.\u00a0Mitchell. Der hat das Konzept des historisch Unheimlichen an der Schnittstelle von Literatur und Geschichtsdiskurs untersucht. Er versteht darunter einen Grenzbereich von Realit\u00e4t und Fantasie. In der Literatur hat das historisch Unheimliche seinen festen Platz in Detektivgeschichten und dem fantastischen Roman. Die Geschichte aber bek\u00e4mpft es \u2013 vorzugsweise mit dem Motiv der Wiederholung.<!--more--><\/p>\n<p>Mitchell hat das historisch Unheimliche anhand aktueller Metaphern untersucht\u00a0wie dem &#8222;Krieg gegen den Terrorismus&#8220;. Der Vortrag <em><a href=\"http:\/\/www.hebbel-am-ufer.de\/de\/kuenstler\/kuenstler_20683.html?HAU=1\" target=\"_blank\">The historical uncanny. Phantoms, doubles, and repetition in the war on terror<\/a> <\/em>illustriert, wie das historische Unheimliche die\u00a0zentralen Bilder und Diskurse der \u00c4ra nach 9\/11 pr\u00e4gt.<\/p>\n<p>Das ist doch mal eine interessante\u00a0Erg\u00e4nzung zu den derzeit herrschenden Bilddebatten, oder?<\/p>\n<p><strong>19.30 Uhr | 18. Mai 2011<\/strong> | <a href=\"http:\/\/www.hebbel-am-ufer.de\/de\/spielplan_1_hau1.html?HAU=1\" target=\"_blank\">HAU 1<\/a> | Stresemannstra\u00dfe 29 | Berlin Kreuzberg<\/p>\n","protected":false},"excerpt":{"rendered":"<p>Klingt nach einem ungew\u00f6hnlichen Vortrag: Der Bildwissenschaftler William J.T. Mitchell referiert am HAU1 \u00fcber das Konzept des historisch Unheimlichen. Den Mittwochsvortrag des Zentrum f\u00fcr Literatur- und Kulturforschung \u00fcbernimmt heute William J.T.\u00a0Mitchell. Der hat das Konzept des historisch Unheimlichen an der Schnittstelle von Literatur und Geschichtsdiskurs untersucht. Er versteht darunter einen Grenzbereich von Realit\u00e4t und Fantasie. [&hellip;]<\/p>\n","protected":false},"author":306,"featured_media":0,"comment_status":"open","ping_status":"open","sticky":false,"template":"","format":"standard","meta":{"footnotes":""},"categories":[8172,1393],"tags":[],"class_list":["post-7644","post","type-post","status-publish","format-standard","hentry","category-berlin-kreuzberg","category-vortrag"],"yoast_head":"<!-- This site is optimized with the Yoast SEO plugin v21.0 - https:\/\/yoast.com\/wordpress\/plugins\/seo\/ -->\n<title>Terror im \u00fcbertragenen Sinne  - Filter<\/title>\n<meta name=\"robots\" content=\"index, follow, max-snippet:-1, max-image-preview:large, max-video-preview:-1\" \/>\n<link rel=\"canonical\" href=\"https:\/\/blog.zeit.de\/filter\/2011\/05\/18\/mitchell-hau-1-historical-uncann\/\" \/>\n<meta property=\"og:locale\" content=\"de_DE\" \/>\n<meta property=\"og:type\" content=\"article\" \/>\n<meta property=\"og:title\" content=\"Terror im \u00fcbertragenen Sinne  - Filter\" \/>\n<meta property=\"og:description\" content=\"Klingt nach einem ungew\u00f6hnlichen Vortrag: Der Bildwissenschaftler William J.T. Mitchell referiert am HAU1 \u00fcber das Konzept des historisch Unheimlichen. Den Mittwochsvortrag des Zentrum f\u00fcr Literatur- und Kulturforschung \u00fcbernimmt heute William J.T.\u00a0Mitchell. Der hat das Konzept des historisch Unheimlichen an der Schnittstelle von Literatur und Geschichtsdiskurs untersucht. Er versteht darunter einen Grenzbereich von Realit\u00e4t und Fantasie. [&hellip;]\" \/>\n<meta property=\"og:url\" content=\"https:\/\/blog.zeit.de\/filter\/2011\/05\/18\/mitchell-hau-1-historical-uncann\/\" \/>\n<meta property=\"og:site_name\" content=\"Filter\" \/>\n<meta property=\"article:published_time\" content=\"2011-05-18T10:00:56+00:00\" \/>\n<meta property=\"article:modified_time\" content=\"2011-05-20T08:40:31+00:00\" \/>\n<meta property=\"og:image\" content=\"https:\/\/blog.zeit.de\/filter\/files\/2011\/05\/Mitchell.jpg\" \/>\n<meta name=\"author\" content=\"Nele Heinevetter\" \/>\n<meta name=\"twitter:card\" content=\"summary_large_image\" \/>\n<meta name=\"twitter:label1\" content=\"Geschrieben von\" \/>\n\t<meta name=\"twitter:data1\" content=\"Nele Heinevetter\" \/>\n\t<meta name=\"twitter:label2\" content=\"Gesch\u00e4tzte Lesezeit\" \/>\n\t<meta name=\"twitter:data2\" content=\"1\u00a0Minute\" \/>\n<script type=\"application\/ld+json\" class=\"yoast-schema-graph\">{\"@context\":\"https:\/\/schema.org\",\"@graph\":[{\"@type\":\"WebPage\",\"@id\":\"https:\/\/blog.zeit.de\/filter\/2011\/05\/18\/mitchell-hau-1-historical-uncann\/\",\"url\":\"https:\/\/blog.zeit.de\/filter\/2011\/05\/18\/mitchell-hau-1-historical-uncann\/\",\"name\":\"Terror im \u00fcbertragenen Sinne - Filter\",\"isPartOf\":{\"@id\":\"https:\/\/blog.zeit.de\/filter\/#website\"},\"datePublished\":\"2011-05-18T10:00:56+00:00\",\"dateModified\":\"2011-05-20T08:40:31+00:00\",\"author\":{\"@id\":\"https:\/\/blog.zeit.de\/filter\/#\/schema\/person\/d7928a2c1d5a2125ff00961ba8a0316b\"},\"breadcrumb\":{\"@id\":\"https:\/\/blog.zeit.de\/filter\/2011\/05\/18\/mitchell-hau-1-historical-uncann\/#breadcrumb\"},\"inLanguage\":\"de\",\"potentialAction\":[{\"@type\":\"ReadAction\",\"target\":[\"https:\/\/blog.zeit.de\/filter\/2011\/05\/18\/mitchell-hau-1-historical-uncann\/\"]}]},{\"@type\":\"BreadcrumbList\",\"@id\":\"https:\/\/blog.zeit.de\/filter\/2011\/05\/18\/mitchell-hau-1-historical-uncann\/#breadcrumb\",\"itemListElement\":[{\"@type\":\"ListItem\",\"position\":1,\"name\":\"Startseite\",\"item\":\"https:\/\/blog.zeit.de\/filter\/\"},{\"@type\":\"ListItem\",\"position\":2,\"name\":\"Terror im \u00fcbertragenen Sinne\"}]},{\"@type\":\"WebSite\",\"@id\":\"https:\/\/blog.zeit.de\/filter\/#website\",\"url\":\"https:\/\/blog.zeit.de\/filter\/\",\"name\":\"Filter\",\"description\":\"Das Kunstblog\",\"potentialAction\":[{\"@type\":\"SearchAction\",\"target\":{\"@type\":\"EntryPoint\",\"urlTemplate\":\"https:\/\/blog.zeit.de\/filter\/?s={search_term_string}\"},\"query-input\":\"required name=search_term_string\"}],\"inLanguage\":\"de\"},{\"@type\":\"Person\",\"@id\":\"https:\/\/blog.zeit.de\/filter\/#\/schema\/person\/d7928a2c1d5a2125ff00961ba8a0316b\",\"name\":\"Nele Heinevetter\",\"image\":{\"@type\":\"ImageObject\",\"inLanguage\":\"de\",\"@id\":\"https:\/\/blog.zeit.de\/filter\/#\/schema\/person\/image\/\",\"url\":\"https:\/\/secure.gravatar.com\/avatar\/aa3bcb0644f77a94d940f671a5eb85819ec45ca2163a2626017a8ccf34686336?s=96&d=mm&r=g\",\"contentUrl\":\"https:\/\/secure.gravatar.com\/avatar\/aa3bcb0644f77a94d940f671a5eb85819ec45ca2163a2626017a8ccf34686336?s=96&d=mm&r=g\",\"caption\":\"Nele Heinevetter\"},\"url\":\"https:\/\/blog.zeit.de\/filter\/author\/nele-heinevetter\/\"}]}<\/script>\n<!-- \/ Yoast SEO plugin. -->","yoast_head_json":{"title":"Terror im \u00fcbertragenen Sinne  - Filter","robots":{"index":"index","follow":"follow","max-snippet":"max-snippet:-1","max-image-preview":"max-image-preview:large","max-video-preview":"max-video-preview:-1"},"canonical":"https:\/\/blog.zeit.de\/filter\/2011\/05\/18\/mitchell-hau-1-historical-uncann\/","og_locale":"de_DE","og_type":"article","og_title":"Terror im \u00fcbertragenen Sinne  - Filter","og_description":"Klingt nach einem ungew\u00f6hnlichen Vortrag: Der Bildwissenschaftler William J.T. Mitchell referiert am HAU1 \u00fcber das Konzept des historisch Unheimlichen. Den Mittwochsvortrag des Zentrum f\u00fcr Literatur- und Kulturforschung \u00fcbernimmt heute William J.T.\u00a0Mitchell. Der hat das Konzept des historisch Unheimlichen an der Schnittstelle von Literatur und Geschichtsdiskurs untersucht. Er versteht darunter einen Grenzbereich von Realit\u00e4t und Fantasie. [&hellip;]","og_url":"https:\/\/blog.zeit.de\/filter\/2011\/05\/18\/mitchell-hau-1-historical-uncann\/","og_site_name":"Filter","article_published_time":"2011-05-18T10:00:56+00:00","article_modified_time":"2011-05-20T08:40:31+00:00","og_image":[{"url":"https:\/\/blog.zeit.de\/filter\/files\/2011\/05\/Mitchell.jpg"}],"author":"Nele Heinevetter","twitter_card":"summary_large_image","twitter_misc":{"Geschrieben von":"Nele Heinevetter","Gesch\u00e4tzte Lesezeit":"1\u00a0Minute"},"schema":{"@context":"https:\/\/schema.org","@graph":[{"@type":"WebPage","@id":"https:\/\/blog.zeit.de\/filter\/2011\/05\/18\/mitchell-hau-1-historical-uncann\/","url":"https:\/\/blog.zeit.de\/filter\/2011\/05\/18\/mitchell-hau-1-historical-uncann\/","name":"Terror im \u00fcbertragenen Sinne - Filter","isPartOf":{"@id":"https:\/\/blog.zeit.de\/filter\/#website"},"datePublished":"2011-05-18T10:00:56+00:00","dateModified":"2011-05-20T08:40:31+00:00","author":{"@id":"https:\/\/blog.zeit.de\/filter\/#\/schema\/person\/d7928a2c1d5a2125ff00961ba8a0316b"},"breadcrumb":{"@id":"https:\/\/blog.zeit.de\/filter\/2011\/05\/18\/mitchell-hau-1-historical-uncann\/#breadcrumb"},"inLanguage":"de","potentialAction":[{"@type":"ReadAction","target":["https:\/\/blog.zeit.de\/filter\/2011\/05\/18\/mitchell-hau-1-historical-uncann\/"]}]},{"@type":"BreadcrumbList","@id":"https:\/\/blog.zeit.de\/filter\/2011\/05\/18\/mitchell-hau-1-historical-uncann\/#breadcrumb","itemListElement":[{"@type":"ListItem","position":1,"name":"Startseite","item":"https:\/\/blog.zeit.de\/filter\/"},{"@type":"ListItem","position":2,"name":"Terror im \u00fcbertragenen Sinne"}]},{"@type":"WebSite","@id":"https:\/\/blog.zeit.de\/filter\/#website","url":"https:\/\/blog.zeit.de\/filter\/","name":"Filter","description":"Das Kunstblog","potentialAction":[{"@type":"SearchAction","target":{"@type":"EntryPoint","urlTemplate":"https:\/\/blog.zeit.de\/filter\/?s={search_term_string}"},"query-input":"required name=search_term_string"}],"inLanguage":"de"},{"@type":"Person","@id":"https:\/\/blog.zeit.de\/filter\/#\/schema\/person\/d7928a2c1d5a2125ff00961ba8a0316b","name":"Nele Heinevetter","image":{"@type":"ImageObject","inLanguage":"de","@id":"https:\/\/blog.zeit.de\/filter\/#\/schema\/person\/image\/","url":"https:\/\/secure.gravatar.com\/avatar\/aa3bcb0644f77a94d940f671a5eb85819ec45ca2163a2626017a8ccf34686336?s=96&d=mm&r=g","contentUrl":"https:\/\/secure.gravatar.com\/avatar\/aa3bcb0644f77a94d940f671a5eb85819ec45ca2163a2626017a8ccf34686336?s=96&d=mm&r=g","caption":"Nele Heinevetter"},"url":"https:\/\/blog.zeit.de\/filter\/author\/nele-heinevetter\/"}]}},"jetpack_featured_media_url":"","_links":{"self":[{"href":"https:\/\/blog.zeit.de\/filter\/wp-json\/wp\/v2\/posts\/7644","targetHints":{"allow":["GET"]}}],"collection":[{"href":"https:\/\/blog.zeit.de\/filter\/wp-json\/wp\/v2\/posts"}],"about":[{"href":"https:\/\/blog.zeit.de\/filter\/wp-json\/wp\/v2\/types\/post"}],"author":[{"embeddable":true,"href":"https:\/\/blog.zeit.de\/filter\/wp-json\/wp\/v2\/users\/306"}],"replies":[{"embeddable":true,"href":"https:\/\/blog.zeit.de\/filter\/wp-json\/wp\/v2\/comments?post=7644"}],"version-history":[{"count":14,"href":"https:\/\/blog.zeit.de\/filter\/wp-json\/wp\/v2\/posts\/7644\/revisions"}],"predecessor-version":[{"id":7758,"href":"https:\/\/blog.zeit.de\/filter\/wp-json\/wp\/v2\/posts\/7644\/revisions\/7758"}],"wp:attachment":[{"href":"https:\/\/blog.zeit.de\/filter\/wp-json\/wp\/v2\/media?parent=7644"}],"wp:term":[{"taxonomy":"category","embeddable":true,"href":"https:\/\/blog.zeit.de\/filter\/wp-json\/wp\/v2\/categories?post=7644"},{"taxonomy":"post_tag","embeddable":true,"href":"https:\/\/blog.zeit.de\/filter\/wp-json\/wp\/v2\/tags?post=7644"}],"curies":[{"name":"wp","href":"https:\/\/api.w.org\/{rel}","templated":true}]}}