{"id":851,"date":"2010-10-28T10:00:51","date_gmt":"2010-10-28T08:00:51","guid":{"rendered":"http:\/\/blog.zeit.de\/filter\/?p=851"},"modified":"2010-10-29T11:11:41","modified_gmt":"2010-10-29T09:11:41","slug":"zu-schade-fur-den-sofatisch","status":"publish","type":"post","link":"https:\/\/blog.zeit.de\/filter\/2010\/10\/28\/zu-schade-fur-den-sofatisch\/","title":{"rendered":"Kunstb\u00fccher und ihre Macher"},"content":{"rendered":"<p><figure id=\"attachment_921\" aria-describedby=\"caption-attachment-921\" style=\"width: 540px\" class=\"wp-caption alignleft\"><img loading=\"lazy\" decoding=\"async\" class=\"size-full wp-image-921\" title=\"\u00a9 The Office\" src=\"https:\/\/blog.zeit.de\/filter\/files\/2010\/10\/Linernotes-2.jpg\" alt=\"\" width=\"540\" height=\"304\" srcset=\"https:\/\/blog.zeit.de\/filter\/files\/2010\/10\/Linernotes-2.jpg 540w, https:\/\/blog.zeit.de\/filter\/files\/2010\/10\/Linernotes-2-300x168.jpg 300w\" sizes=\"auto, (max-width: 540px) 100vw, 540px\" \/><figcaption id=\"caption-attachment-921\" class=\"wp-caption-text\">\u00a9 The Office<\/figcaption><\/figure><\/p>\n<p><strong>Der <a href=\"http:\/\/www.salonpopulaire.de\/\" target=\"_blank\">Salon Populaire<\/a><\/strong><strong> stellt Verleger von Kunstb\u00fcchern vor.<\/strong><\/p>\n<p>Jan Wenzel vom Leipziger Verlag\u00a0<a href=\"http:\/\/www.spectorbooks.com\/\" target=\"_blank\">Spector Books<\/a> er\u00f6ffnet die neue Vortragsreihe.<strong> <span style=\"font-weight: normal;\">In seinem Vortrag\u00a0<em>Gegeben sei: 1. Das Buch, 2. Eine B\u00fchne<\/em> <em> <\/em>spricht Wenzel \u00fcber das B\u00fcchermachen. Er erkl\u00e4rt, warum ein fesselndes Buch einer B\u00fchne gleicht und was das zu tun hat mit Improvisation und Austausch.<\/span><\/strong><\/p>\n<p>Salon Populaire ist ein Projekt von <a href=\"http:\/\/www.theoffice.li\/\" target=\"_blank\">The Office<\/a> und <a href=\"http:\/\/www.arthur-berlin.de\/\" target=\"_blank\">Arthur Berlin<\/a>. In dem halb\u00f6ffentlichen Raum finden w\u00f6chentlich Diskussionen, Vortr\u00e4ge, Filmabende und Performances statt. Das Programm kreist um Kunst und angrenzende Themen. Das Unglaubliche: Jede Veranstaltung ist gut! Die Themen sind interessant, die G\u00e4ste spannend und die Diskussionen ergiebig.<\/p>\n<p>P.S.: Anfang Dezember ist <a href=\"http:\/\/www.sternberg-press.com\/\" target=\"_blank\">Sternberg Press<\/a> zu Gast.<\/p>\n<p><strong>20 Uhr | 28. Oktober 2010<\/strong> | <a href=\"http:\/\/www.salonpopulaire.de\/\" target=\"_blank\">Salon Populaire<\/a> |B\u00fclowstra\u00dfe 90 | Berlin Sch\u00f6neberg<\/p>\n","protected":false},"excerpt":{"rendered":"<p>Der Salon Populaire stellt Verleger von Kunstb\u00fcchern vor. Jan Wenzel vom Leipziger Verlag\u00a0Spector Books er\u00f6ffnet die neue Vortragsreihe. In seinem Vortrag\u00a0Gegeben sei: 1. Das Buch, 2. Eine B\u00fchne spricht Wenzel \u00fcber das B\u00fcchermachen. Er erkl\u00e4rt, warum ein fesselndes Buch einer B\u00fchne gleicht und was das zu tun hat mit Improvisation und Austausch. Salon Populaire ist [&hellip;]<\/p>\n","protected":false},"author":306,"featured_media":0,"comment_status":"open","ping_status":"open","sticky":false,"template":"","format":"standard","meta":{"footnotes":""},"categories":[8183,1393],"tags":[],"class_list":["post-851","post","type-post","status-publish","format-standard","hentry","category-berlin-schoneberg","category-vortrag"],"yoast_head":"<!-- This site is optimized with the Yoast SEO plugin v21.0 - https:\/\/yoast.com\/wordpress\/plugins\/seo\/ -->\n<title>Kunstb\u00fccher und ihre Macher - Filter<\/title>\n<meta name=\"robots\" content=\"index, follow, max-snippet:-1, max-image-preview:large, max-video-preview:-1\" \/>\n<link rel=\"canonical\" href=\"https:\/\/blog.zeit.de\/filter\/2010\/10\/28\/zu-schade-fur-den-sofatisch\/\" \/>\n<meta property=\"og:locale\" content=\"de_DE\" \/>\n<meta property=\"og:type\" content=\"article\" \/>\n<meta property=\"og:title\" content=\"Kunstb\u00fccher und ihre Macher - Filter\" \/>\n<meta property=\"og:description\" content=\"Der Salon Populaire stellt Verleger von Kunstb\u00fcchern vor. Jan Wenzel vom Leipziger Verlag\u00a0Spector Books er\u00f6ffnet die neue Vortragsreihe. In seinem Vortrag\u00a0Gegeben sei: 1. Das Buch, 2. Eine B\u00fchne spricht Wenzel \u00fcber das B\u00fcchermachen. Er erkl\u00e4rt, warum ein fesselndes Buch einer B\u00fchne gleicht und was das zu tun hat mit Improvisation und Austausch. Salon Populaire ist [&hellip;]\" \/>\n<meta property=\"og:url\" content=\"https:\/\/blog.zeit.de\/filter\/2010\/10\/28\/zu-schade-fur-den-sofatisch\/\" \/>\n<meta property=\"og:site_name\" content=\"Filter\" \/>\n<meta property=\"article:published_time\" content=\"2010-10-28T08:00:51+00:00\" \/>\n<meta property=\"article:modified_time\" content=\"2010-10-29T09:11:41+00:00\" \/>\n<meta property=\"og:image\" content=\"https:\/\/blog.zeit.de\/filter\/files\/2010\/10\/Linernotes-2.jpg\" \/>\n<meta name=\"author\" content=\"Nele Heinevetter\" \/>\n<meta name=\"twitter:card\" content=\"summary_large_image\" \/>\n<meta name=\"twitter:label1\" content=\"Geschrieben von\" \/>\n\t<meta name=\"twitter:data1\" content=\"Nele Heinevetter\" \/>\n\t<meta name=\"twitter:label2\" content=\"Gesch\u00e4tzte Lesezeit\" \/>\n\t<meta name=\"twitter:data2\" content=\"1\u00a0Minute\" \/>\n<script type=\"application\/ld+json\" class=\"yoast-schema-graph\">{\"@context\":\"https:\/\/schema.org\",\"@graph\":[{\"@type\":\"WebPage\",\"@id\":\"https:\/\/blog.zeit.de\/filter\/2010\/10\/28\/zu-schade-fur-den-sofatisch\/\",\"url\":\"https:\/\/blog.zeit.de\/filter\/2010\/10\/28\/zu-schade-fur-den-sofatisch\/\",\"name\":\"Kunstb\u00fccher und ihre Macher - Filter\",\"isPartOf\":{\"@id\":\"https:\/\/blog.zeit.de\/filter\/#website\"},\"datePublished\":\"2010-10-28T08:00:51+00:00\",\"dateModified\":\"2010-10-29T09:11:41+00:00\",\"author\":{\"@id\":\"https:\/\/blog.zeit.de\/filter\/#\/schema\/person\/d7928a2c1d5a2125ff00961ba8a0316b\"},\"breadcrumb\":{\"@id\":\"https:\/\/blog.zeit.de\/filter\/2010\/10\/28\/zu-schade-fur-den-sofatisch\/#breadcrumb\"},\"inLanguage\":\"de\",\"potentialAction\":[{\"@type\":\"ReadAction\",\"target\":[\"https:\/\/blog.zeit.de\/filter\/2010\/10\/28\/zu-schade-fur-den-sofatisch\/\"]}]},{\"@type\":\"BreadcrumbList\",\"@id\":\"https:\/\/blog.zeit.de\/filter\/2010\/10\/28\/zu-schade-fur-den-sofatisch\/#breadcrumb\",\"itemListElement\":[{\"@type\":\"ListItem\",\"position\":1,\"name\":\"Startseite\",\"item\":\"https:\/\/blog.zeit.de\/filter\/\"},{\"@type\":\"ListItem\",\"position\":2,\"name\":\"Kunstb\u00fccher und ihre Macher\"}]},{\"@type\":\"WebSite\",\"@id\":\"https:\/\/blog.zeit.de\/filter\/#website\",\"url\":\"https:\/\/blog.zeit.de\/filter\/\",\"name\":\"Filter\",\"description\":\"Das Kunstblog\",\"potentialAction\":[{\"@type\":\"SearchAction\",\"target\":{\"@type\":\"EntryPoint\",\"urlTemplate\":\"https:\/\/blog.zeit.de\/filter\/?s={search_term_string}\"},\"query-input\":\"required name=search_term_string\"}],\"inLanguage\":\"de\"},{\"@type\":\"Person\",\"@id\":\"https:\/\/blog.zeit.de\/filter\/#\/schema\/person\/d7928a2c1d5a2125ff00961ba8a0316b\",\"name\":\"Nele Heinevetter\",\"image\":{\"@type\":\"ImageObject\",\"inLanguage\":\"de\",\"@id\":\"https:\/\/blog.zeit.de\/filter\/#\/schema\/person\/image\/\",\"url\":\"https:\/\/secure.gravatar.com\/avatar\/aa3bcb0644f77a94d940f671a5eb85819ec45ca2163a2626017a8ccf34686336?s=96&d=mm&r=g\",\"contentUrl\":\"https:\/\/secure.gravatar.com\/avatar\/aa3bcb0644f77a94d940f671a5eb85819ec45ca2163a2626017a8ccf34686336?s=96&d=mm&r=g\",\"caption\":\"Nele Heinevetter\"},\"url\":\"https:\/\/blog.zeit.de\/filter\/author\/nele-heinevetter\/\"}]}<\/script>\n<!-- \/ Yoast SEO plugin. -->","yoast_head_json":{"title":"Kunstb\u00fccher und ihre Macher - Filter","robots":{"index":"index","follow":"follow","max-snippet":"max-snippet:-1","max-image-preview":"max-image-preview:large","max-video-preview":"max-video-preview:-1"},"canonical":"https:\/\/blog.zeit.de\/filter\/2010\/10\/28\/zu-schade-fur-den-sofatisch\/","og_locale":"de_DE","og_type":"article","og_title":"Kunstb\u00fccher und ihre Macher - Filter","og_description":"Der Salon Populaire stellt Verleger von Kunstb\u00fcchern vor. Jan Wenzel vom Leipziger Verlag\u00a0Spector Books er\u00f6ffnet die neue Vortragsreihe. In seinem Vortrag\u00a0Gegeben sei: 1. Das Buch, 2. Eine B\u00fchne spricht Wenzel \u00fcber das B\u00fcchermachen. Er erkl\u00e4rt, warum ein fesselndes Buch einer B\u00fchne gleicht und was das zu tun hat mit Improvisation und Austausch. Salon Populaire ist [&hellip;]","og_url":"https:\/\/blog.zeit.de\/filter\/2010\/10\/28\/zu-schade-fur-den-sofatisch\/","og_site_name":"Filter","article_published_time":"2010-10-28T08:00:51+00:00","article_modified_time":"2010-10-29T09:11:41+00:00","og_image":[{"url":"https:\/\/blog.zeit.de\/filter\/files\/2010\/10\/Linernotes-2.jpg"}],"author":"Nele Heinevetter","twitter_card":"summary_large_image","twitter_misc":{"Geschrieben von":"Nele Heinevetter","Gesch\u00e4tzte Lesezeit":"1\u00a0Minute"},"schema":{"@context":"https:\/\/schema.org","@graph":[{"@type":"WebPage","@id":"https:\/\/blog.zeit.de\/filter\/2010\/10\/28\/zu-schade-fur-den-sofatisch\/","url":"https:\/\/blog.zeit.de\/filter\/2010\/10\/28\/zu-schade-fur-den-sofatisch\/","name":"Kunstb\u00fccher und ihre Macher - Filter","isPartOf":{"@id":"https:\/\/blog.zeit.de\/filter\/#website"},"datePublished":"2010-10-28T08:00:51+00:00","dateModified":"2010-10-29T09:11:41+00:00","author":{"@id":"https:\/\/blog.zeit.de\/filter\/#\/schema\/person\/d7928a2c1d5a2125ff00961ba8a0316b"},"breadcrumb":{"@id":"https:\/\/blog.zeit.de\/filter\/2010\/10\/28\/zu-schade-fur-den-sofatisch\/#breadcrumb"},"inLanguage":"de","potentialAction":[{"@type":"ReadAction","target":["https:\/\/blog.zeit.de\/filter\/2010\/10\/28\/zu-schade-fur-den-sofatisch\/"]}]},{"@type":"BreadcrumbList","@id":"https:\/\/blog.zeit.de\/filter\/2010\/10\/28\/zu-schade-fur-den-sofatisch\/#breadcrumb","itemListElement":[{"@type":"ListItem","position":1,"name":"Startseite","item":"https:\/\/blog.zeit.de\/filter\/"},{"@type":"ListItem","position":2,"name":"Kunstb\u00fccher und ihre Macher"}]},{"@type":"WebSite","@id":"https:\/\/blog.zeit.de\/filter\/#website","url":"https:\/\/blog.zeit.de\/filter\/","name":"Filter","description":"Das Kunstblog","potentialAction":[{"@type":"SearchAction","target":{"@type":"EntryPoint","urlTemplate":"https:\/\/blog.zeit.de\/filter\/?s={search_term_string}"},"query-input":"required name=search_term_string"}],"inLanguage":"de"},{"@type":"Person","@id":"https:\/\/blog.zeit.de\/filter\/#\/schema\/person\/d7928a2c1d5a2125ff00961ba8a0316b","name":"Nele Heinevetter","image":{"@type":"ImageObject","inLanguage":"de","@id":"https:\/\/blog.zeit.de\/filter\/#\/schema\/person\/image\/","url":"https:\/\/secure.gravatar.com\/avatar\/aa3bcb0644f77a94d940f671a5eb85819ec45ca2163a2626017a8ccf34686336?s=96&d=mm&r=g","contentUrl":"https:\/\/secure.gravatar.com\/avatar\/aa3bcb0644f77a94d940f671a5eb85819ec45ca2163a2626017a8ccf34686336?s=96&d=mm&r=g","caption":"Nele Heinevetter"},"url":"https:\/\/blog.zeit.de\/filter\/author\/nele-heinevetter\/"}]}},"jetpack_featured_media_url":"","_links":{"self":[{"href":"https:\/\/blog.zeit.de\/filter\/wp-json\/wp\/v2\/posts\/851","targetHints":{"allow":["GET"]}}],"collection":[{"href":"https:\/\/blog.zeit.de\/filter\/wp-json\/wp\/v2\/posts"}],"about":[{"href":"https:\/\/blog.zeit.de\/filter\/wp-json\/wp\/v2\/types\/post"}],"author":[{"embeddable":true,"href":"https:\/\/blog.zeit.de\/filter\/wp-json\/wp\/v2\/users\/306"}],"replies":[{"embeddable":true,"href":"https:\/\/blog.zeit.de\/filter\/wp-json\/wp\/v2\/comments?post=851"}],"version-history":[{"count":22,"href":"https:\/\/blog.zeit.de\/filter\/wp-json\/wp\/v2\/posts\/851\/revisions"}],"predecessor-version":[{"id":1061,"href":"https:\/\/blog.zeit.de\/filter\/wp-json\/wp\/v2\/posts\/851\/revisions\/1061"}],"wp:attachment":[{"href":"https:\/\/blog.zeit.de\/filter\/wp-json\/wp\/v2\/media?parent=851"}],"wp:term":[{"taxonomy":"category","embeddable":true,"href":"https:\/\/blog.zeit.de\/filter\/wp-json\/wp\/v2\/categories?post=851"},{"taxonomy":"post_tag","embeddable":true,"href":"https:\/\/blog.zeit.de\/filter\/wp-json\/wp\/v2\/tags?post=851"}],"curies":[{"name":"wp","href":"https:\/\/api.w.org\/{rel}","templated":true}]}}