{"id":194,"date":"2014-10-08T23:39:08","date_gmt":"2014-10-08T21:39:08","guid":{"rendered":"http:\/\/www.zeit.de\/freitext\/?p=194"},"modified":"2014-10-09T15:55:14","modified_gmt":"2014-10-09T13:55:14","slug":"karen-koehler-buchmesse-fotos","status":"publish","type":"post","link":"https:\/\/blog.zeit.de\/freitext\/2014\/10\/08\/karen-koehler-buchmesse-fotos\/","title":{"rendered":"Mein erstes Mal (Tag 1)"},"content":{"rendered":"<p><strong>Karen K\u00f6hler war noch nie auf der Buchmesse. Diesmal muss sie hin. Seit ihrem Deb\u00fct &#8222;Wir haben Raketen geangelt&#8220; rei\u00dfen sich alle um sie. Ihre Abenteuer in Frankfurt dokumentiert sie f\u00fcr uns mit diesen Fotos.<\/strong><\/p>\n<p><figure id=\"attachment_195\" aria-describedby=\"caption-attachment-195\" style=\"width: 580px\" class=\"wp-caption aligncenter\"><a href=\"http:\/\/blog.zeit.de\/freitext\/freitext\/wp-content\/blogs.dir\/84\/files\/2014\/10\/KK-1.jpg\"><img loading=\"lazy\" decoding=\"async\" class=\"size-large wp-image-195\" src=\"http:\/\/blog.zeit.de\/freitext\/freitext\/wp-content\/blogs.dir\/84\/files\/2014\/10\/KK-1-1024x731.jpg\" alt=\"1) &quot;Ich packe meine Handtasche&quot;\" width=\"580\" height=\"414\" srcset=\"https:\/\/blog.zeit.de\/freitext\/files\/2014\/10\/KK-1-1024x731.jpg 1024w, https:\/\/blog.zeit.de\/freitext\/files\/2014\/10\/KK-1-300x214.jpg 300w, https:\/\/blog.zeit.de\/freitext\/files\/2014\/10\/KK-1.jpg 1969w\" sizes=\"auto, (max-width: 580px) 100vw, 580px\" \/><\/a><figcaption id=\"caption-attachment-195\" class=\"wp-caption-text\">&#8222;Ich packe meine Handtasche&#8220;<\/figcaption><\/figure><\/p>\n<p><!--more--><\/p>\n<p><figure id=\"attachment_196\" aria-describedby=\"caption-attachment-196\" style=\"width: 580px\" class=\"wp-caption aligncenter\"><a href=\"http:\/\/blog.zeit.de\/freitext\/freitext\/wp-content\/blogs.dir\/84\/files\/2014\/10\/KK-2.jpg\"><img loading=\"lazy\" decoding=\"async\" class=\"size-large wp-image-196\" src=\"http:\/\/blog.zeit.de\/freitext\/freitext\/wp-content\/blogs.dir\/84\/files\/2014\/10\/KK-2-1024x765.jpg\" alt=\"Gar nicht meine Zeit: Byebye Hamburg \" width=\"580\" height=\"433\" srcset=\"https:\/\/blog.zeit.de\/freitext\/files\/2014\/10\/KK-2-1024x765.jpg 1024w, https:\/\/blog.zeit.de\/freitext\/files\/2014\/10\/KK-2-300x224.jpg 300w, https:\/\/blog.zeit.de\/freitext\/files\/2014\/10\/KK-2.jpg 2048w\" sizes=\"auto, (max-width: 580px) 100vw, 580px\" \/><\/a><figcaption id=\"caption-attachment-196\" class=\"wp-caption-text\">Gar nicht meine Zeit: Byebye Hamburg!<\/figcaption><\/figure><\/p>\n<p><figure id=\"attachment_197\" aria-describedby=\"caption-attachment-197\" style=\"width: 580px\" class=\"wp-caption aligncenter\"><a href=\"http:\/\/blog.zeit.de\/freitext\/freitext\/wp-content\/blogs.dir\/84\/files\/2014\/10\/KK3.jpg\"><img loading=\"lazy\" decoding=\"async\" class=\"size-large wp-image-197\" src=\"http:\/\/blog.zeit.de\/freitext\/freitext\/wp-content\/blogs.dir\/84\/files\/2014\/10\/KK3-765x1024.jpg\" alt=\"Hello Frankfurt: Hayatullah Hayat bringt mich ins Hotel. In Afghanistan war er Lehrer. In Deutschland f\u00e4hrt er Taxi. Er hat drei Kinder und drei Enkel.\" width=\"580\" height=\"776\" srcset=\"https:\/\/blog.zeit.de\/freitext\/files\/2014\/10\/KK3-765x1024.jpg 765w, https:\/\/blog.zeit.de\/freitext\/files\/2014\/10\/KK3-224x300.jpg 224w, https:\/\/blog.zeit.de\/freitext\/files\/2014\/10\/KK3.jpg 1530w\" sizes=\"auto, (max-width: 580px) 100vw, 580px\" \/><\/a><figcaption id=\"caption-attachment-197\" class=\"wp-caption-text\">Hello Frankfurt: Hayatullah Hayat bringt mich ins Hotel. In Afghanistan war er Lehrer. In Deutschland f\u00e4hrt er Taxi. Er hat drei Kinder und drei Enkel.<\/figcaption><\/figure><\/p>\n<p><figure id=\"attachment_198\" aria-describedby=\"caption-attachment-198\" style=\"width: 580px\" class=\"wp-caption aligncenter\"><a href=\"http:\/\/blog.zeit.de\/freitext\/freitext\/wp-content\/blogs.dir\/84\/files\/2014\/10\/KK4.jpg\"><img loading=\"lazy\" decoding=\"async\" class=\"size-large wp-image-198\" src=\"http:\/\/blog.zeit.de\/freitext\/freitext\/wp-content\/blogs.dir\/84\/files\/2014\/10\/KK4-765x1024.jpg\" alt=\"The future was confusing already.\" width=\"580\" height=\"776\" srcset=\"https:\/\/blog.zeit.de\/freitext\/files\/2014\/10\/KK4-765x1024.jpg 765w, https:\/\/blog.zeit.de\/freitext\/files\/2014\/10\/KK4-224x300.jpg 224w, https:\/\/blog.zeit.de\/freitext\/files\/2014\/10\/KK4.jpg 1530w\" sizes=\"auto, (max-width: 580px) 100vw, 580px\" \/><\/a><figcaption id=\"caption-attachment-198\" class=\"wp-caption-text\">The future was confusing already.<\/figcaption><\/figure><\/p>\n<p><figure id=\"attachment_199\" aria-describedby=\"caption-attachment-199\" style=\"width: 580px\" class=\"wp-caption aligncenter\"><a href=\"http:\/\/blog.zeit.de\/freitext\/freitext\/wp-content\/blogs.dir\/84\/files\/2014\/10\/KK5.jpg\"><img loading=\"lazy\" decoding=\"async\" class=\"size-large wp-image-199\" src=\"http:\/\/blog.zeit.de\/freitext\/freitext\/wp-content\/blogs.dir\/84\/files\/2014\/10\/KK5-765x1024.jpg\" alt=\"Notfalltelefon in Halle 3.0\" width=\"580\" height=\"776\" srcset=\"https:\/\/blog.zeit.de\/freitext\/files\/2014\/10\/KK5-765x1024.jpg 765w, https:\/\/blog.zeit.de\/freitext\/files\/2014\/10\/KK5-224x300.jpg 224w, https:\/\/blog.zeit.de\/freitext\/files\/2014\/10\/KK5.jpg 1530w\" sizes=\"auto, (max-width: 580px) 100vw, 580px\" \/><\/a><figcaption id=\"caption-attachment-199\" class=\"wp-caption-text\">Notfalltelefon in Halle 3.0<\/figcaption><\/figure><\/p>\n<p><figure id=\"attachment_200\" aria-describedby=\"caption-attachment-200\" style=\"width: 580px\" class=\"wp-caption aligncenter\"><a href=\"http:\/\/blog.zeit.de\/freitext\/freitext\/wp-content\/blogs.dir\/84\/files\/2014\/10\/KK6.jpg\"><img loading=\"lazy\" decoding=\"async\" class=\"size-large wp-image-200\" src=\"http:\/\/blog.zeit.de\/freitext\/freitext\/wp-content\/blogs.dir\/84\/files\/2014\/10\/KK6-764x1024.jpg\" alt=\"Messelfie (hinterm Blauen Sofa bzw. davor)\" width=\"580\" height=\"777\" srcset=\"https:\/\/blog.zeit.de\/freitext\/files\/2014\/10\/KK6-764x1024.jpg 764w, https:\/\/blog.zeit.de\/freitext\/files\/2014\/10\/KK6-224x300.jpg 224w, https:\/\/blog.zeit.de\/freitext\/files\/2014\/10\/KK6.jpg 1139w\" sizes=\"auto, (max-width: 580px) 100vw, 580px\" \/><\/a><figcaption id=\"caption-attachment-200\" class=\"wp-caption-text\">Messelfie (hinterm Blauen Sofa bzw. davor)<\/figcaption><\/figure><\/p>\n<p><figure id=\"attachment_207\" aria-describedby=\"caption-attachment-207\" style=\"width: 580px\" class=\"wp-caption aligncenter\"><a href=\"http:\/\/blog.zeit.de\/freitext\/freitext\/wp-content\/blogs.dir\/84\/files\/2014\/10\/Foto-1.jpg\"><img loading=\"lazy\" decoding=\"async\" class=\"size-large wp-image-207\" src=\"http:\/\/blog.zeit.de\/freitext\/freitext\/wp-content\/blogs.dir\/84\/files\/2014\/10\/Foto-1-1024x765.jpg\" alt=\"Hello Darmstadt. Da drinnen mit Marion Brasch gelesen. Long live Martin Schneider.\" width=\"580\" height=\"433\" srcset=\"https:\/\/blog.zeit.de\/freitext\/files\/2014\/10\/Foto-1-1024x765.jpg 1024w, https:\/\/blog.zeit.de\/freitext\/files\/2014\/10\/Foto-1-300x224.jpg 300w, https:\/\/blog.zeit.de\/freitext\/files\/2014\/10\/Foto-1.jpg 2048w\" sizes=\"auto, (max-width: 580px) 100vw, 580px\" \/><\/a><figcaption id=\"caption-attachment-207\" class=\"wp-caption-text\">Hello Darmstadt. Da drinnen mit Marion Brasch gelesen. Long live Martin Schneider.<\/figcaption><\/figure><\/p>\n<p><figure id=\"attachment_208\" aria-describedby=\"caption-attachment-208\" style=\"width: 580px\" class=\"wp-caption aligncenter\"><a href=\"http:\/\/blog.zeit.de\/freitext\/freitext\/wp-content\/blogs.dir\/84\/files\/2014\/10\/Foto-2.jpg\"><img loading=\"lazy\" decoding=\"async\" class=\"size-large wp-image-208\" src=\"http:\/\/blog.zeit.de\/freitext\/freitext\/wp-content\/blogs.dir\/84\/files\/2014\/10\/Foto-2-765x1024.jpg\" alt=\"Ich seh den Sternenhimmel...\" width=\"580\" height=\"776\" srcset=\"https:\/\/blog.zeit.de\/freitext\/files\/2014\/10\/Foto-2-765x1024.jpg 765w, https:\/\/blog.zeit.de\/freitext\/files\/2014\/10\/Foto-2-224x300.jpg 224w, https:\/\/blog.zeit.de\/freitext\/files\/2014\/10\/Foto-2.jpg 1530w\" sizes=\"auto, (max-width: 580px) 100vw, 580px\" \/><\/a><figcaption id=\"caption-attachment-208\" class=\"wp-caption-text\">Ich seh den Sternenhimmel&#8230;<\/figcaption><\/figure><\/p>\n<p><figure id=\"attachment_209\" aria-describedby=\"caption-attachment-209\" style=\"width: 580px\" class=\"wp-caption aligncenter\"><a href=\"http:\/\/blog.zeit.de\/freitext\/freitext\/wp-content\/blogs.dir\/84\/files\/2014\/10\/Foto-3.jpg\"><img loading=\"lazy\" decoding=\"async\" class=\"size-large wp-image-209\" src=\"http:\/\/blog.zeit.de\/freitext\/freitext\/wp-content\/blogs.dir\/84\/files\/2014\/10\/Foto-3-765x1024.jpg\" alt=\"Vollmond.\" width=\"580\" height=\"776\" srcset=\"https:\/\/blog.zeit.de\/freitext\/files\/2014\/10\/Foto-3-765x1024.jpg 765w, https:\/\/blog.zeit.de\/freitext\/files\/2014\/10\/Foto-3-224x300.jpg 224w, https:\/\/blog.zeit.de\/freitext\/files\/2014\/10\/Foto-3.jpg 1530w\" sizes=\"auto, (max-width: 580px) 100vw, 580px\" \/><\/a><figcaption id=\"caption-attachment-209\" class=\"wp-caption-text\">Vollmond.<\/figcaption><\/figure><\/p>\n<p><figure id=\"attachment_210\" aria-describedby=\"caption-attachment-210\" style=\"width: 580px\" class=\"wp-caption aligncenter\"><a href=\"http:\/\/blog.zeit.de\/freitext\/freitext\/wp-content\/blogs.dir\/84\/files\/2014\/10\/Foto-4.jpg\"><img loading=\"lazy\" decoding=\"async\" class=\"size-large wp-image-210\" src=\"http:\/\/blog.zeit.de\/freitext\/freitext\/wp-content\/blogs.dir\/84\/files\/2014\/10\/Foto-4-765x1024.jpg\" alt=\"Frankfurt am Abend\" width=\"580\" height=\"776\" srcset=\"https:\/\/blog.zeit.de\/freitext\/files\/2014\/10\/Foto-4-765x1024.jpg 765w, https:\/\/blog.zeit.de\/freitext\/files\/2014\/10\/Foto-4-224x300.jpg 224w, https:\/\/blog.zeit.de\/freitext\/files\/2014\/10\/Foto-4.jpg 1530w\" sizes=\"auto, (max-width: 580px) 100vw, 580px\" \/><\/a><figcaption id=\"caption-attachment-210\" class=\"wp-caption-text\">Frankfurt am Abend<\/figcaption><\/figure><\/p>\n<p><figure id=\"attachment_211\" aria-describedby=\"caption-attachment-211\" style=\"width: 580px\" class=\"wp-caption aligncenter\"><a href=\"http:\/\/blog.zeit.de\/freitext\/freitext\/wp-content\/blogs.dir\/84\/files\/2014\/10\/Foto-5.jpg\"><img loading=\"lazy\" decoding=\"async\" class=\"size-large wp-image-211\" src=\"http:\/\/blog.zeit.de\/freitext\/freitext\/wp-content\/blogs.dir\/84\/files\/2014\/10\/Foto-5-1024x764.jpg\" alt=\"Marion Brasch hinten im Auto\" width=\"580\" height=\"432\" srcset=\"https:\/\/blog.zeit.de\/freitext\/files\/2014\/10\/Foto-5-1024x764.jpg 1024w, https:\/\/blog.zeit.de\/freitext\/files\/2014\/10\/Foto-5-300x224.jpg 300w\" sizes=\"auto, (max-width: 580px) 100vw, 580px\" \/><\/a><figcaption id=\"caption-attachment-211\" class=\"wp-caption-text\">Marion Brasch hinten im Auto<\/figcaption><\/figure><\/p>\n<p><figure id=\"attachment_212\" aria-describedby=\"caption-attachment-212\" style=\"width: 580px\" class=\"wp-caption aligncenter\"><a href=\"http:\/\/blog.zeit.de\/freitext\/freitext\/wp-content\/blogs.dir\/84\/files\/2014\/10\/Foto-6.jpg\"><img loading=\"lazy\" decoding=\"async\" class=\"size-large wp-image-212\" src=\"http:\/\/blog.zeit.de\/freitext\/freitext\/wp-content\/blogs.dir\/84\/files\/2014\/10\/Foto-6-765x1024.jpg\" alt=\"Gud Nait.\" width=\"580\" height=\"776\" srcset=\"https:\/\/blog.zeit.de\/freitext\/files\/2014\/10\/Foto-6-765x1024.jpg 765w, https:\/\/blog.zeit.de\/freitext\/files\/2014\/10\/Foto-6-224x300.jpg 224w, https:\/\/blog.zeit.de\/freitext\/files\/2014\/10\/Foto-6.jpg 1530w\" sizes=\"auto, (max-width: 580px) 100vw, 580px\" \/><\/a><figcaption id=\"caption-attachment-212\" class=\"wp-caption-text\">Gud Nait.<\/figcaption><\/figure><\/p>\n","protected":false},"excerpt":{"rendered":"<p>Karen K\u00f6hler war noch nie auf der Buchmesse. Diesmal muss sie hin. Seit ihrem Deb\u00fct &#8222;Wir haben Raketen geangelt&#8220; rei\u00dfen sich alle um sie. [\u2026]<\/p>\n","protected":false},"author":1008,"featured_media":0,"comment_status":"open","ping_status":"open","sticky":false,"template":"","format":"standard","meta":{"_jetpack_memberships_contains_paid_content":false,"footnotes":""},"categories":[5],"tags":[],"class_list":["post-194","post","type-post","status-publish","format-standard","hentry","category-schriftstellerleben"],"yoast_head":"<!-- This site is optimized with the Yoast SEO plugin v21.0 - https:\/\/yoast.com\/wordpress\/plugins\/seo\/ -->\n<title>Buchmesse: Mein erstes Mal (Tag 1)<\/title>\n<meta name=\"description\" content=\"Karen K\u00f6hler war noch nie auf der Buchmesse. Diesmal muss sie hin. Ihre Abenteuer in Frankfurt dokumentiert sie f\u00fcr Freitext mit Fotos.\" \/>\n<meta name=\"robots\" content=\"index, follow, max-snippet:-1, max-image-preview:large, max-video-preview:-1\" \/>\n<link rel=\"canonical\" href=\"https:\/\/blog.zeit.de\/freitext\/2014\/10\/08\/karen-koehler-buchmesse-fotos\/\" \/>\n<meta property=\"og:locale\" content=\"de_DE\" \/>\n<meta property=\"og:type\" content=\"article\" \/>\n<meta property=\"og:title\" content=\"Buchmesse: Mein erstes Mal (Tag 1)\" \/>\n<meta property=\"og:description\" content=\"Karen K\u00f6hler war noch nie auf der Buchmesse. Diesmal muss sie hin. Ihre Abenteuer in Frankfurt dokumentiert sie f\u00fcr Freitext mit Fotos.\" \/>\n<meta property=\"og:url\" content=\"https:\/\/blog.zeit.de\/freitext\/2014\/10\/08\/karen-koehler-buchmesse-fotos\/\" \/>\n<meta property=\"og:site_name\" content=\"Freitext\" \/>\n<meta property=\"article:published_time\" content=\"2014-10-08T21:39:08+00:00\" \/>\n<meta property=\"article:modified_time\" content=\"2014-10-09T13:55:14+00:00\" \/>\n<meta property=\"og:image\" content=\"http:\/\/blog.zeit.de\/freitext\/freitext\/wp-content\/blogs.dir\/84\/files\/2014\/10\/KK-1-1024x731.jpg\" \/>\n<meta name=\"author\" content=\"Karen K\u00f6hler\" \/>\n<meta name=\"twitter:card\" content=\"summary_large_image\" \/>\n<meta name=\"twitter:label1\" content=\"Geschrieben von\" \/>\n\t<meta name=\"twitter:data1\" content=\"Karen K\u00f6hler\" \/>\n\t<meta name=\"twitter:label2\" content=\"Gesch\u00e4tzte Lesezeit\" \/>\n\t<meta name=\"twitter:data2\" content=\"1\u00a0Minute\" \/>\n<script type=\"application\/ld+json\" class=\"yoast-schema-graph\">{\"@context\":\"https:\/\/schema.org\",\"@graph\":[{\"@type\":\"WebPage\",\"@id\":\"https:\/\/blog.zeit.de\/freitext\/2014\/10\/08\/karen-koehler-buchmesse-fotos\/\",\"url\":\"https:\/\/blog.zeit.de\/freitext\/2014\/10\/08\/karen-koehler-buchmesse-fotos\/\",\"name\":\"Buchmesse: Mein erstes Mal (Tag 1)\",\"isPartOf\":{\"@id\":\"https:\/\/blog.zeit.de\/freitext\/#website\"},\"datePublished\":\"2014-10-08T21:39:08+00:00\",\"dateModified\":\"2014-10-09T13:55:14+00:00\",\"author\":{\"@id\":\"https:\/\/blog.zeit.de\/freitext\/#\/schema\/person\/cad56c4fc22c5691f612f317402e0b95\"},\"description\":\"Karen K\u00f6hler war noch nie auf der Buchmesse. Diesmal muss sie hin. Ihre Abenteuer in Frankfurt dokumentiert sie f\u00fcr Freitext mit Fotos.\",\"breadcrumb\":{\"@id\":\"https:\/\/blog.zeit.de\/freitext\/2014\/10\/08\/karen-koehler-buchmesse-fotos\/#breadcrumb\"},\"inLanguage\":\"de\",\"potentialAction\":[{\"@type\":\"ReadAction\",\"target\":[\"https:\/\/blog.zeit.de\/freitext\/2014\/10\/08\/karen-koehler-buchmesse-fotos\/\"]}]},{\"@type\":\"BreadcrumbList\",\"@id\":\"https:\/\/blog.zeit.de\/freitext\/2014\/10\/08\/karen-koehler-buchmesse-fotos\/#breadcrumb\",\"itemListElement\":[{\"@type\":\"ListItem\",\"position\":1,\"name\":\"Startseite\",\"item\":\"https:\/\/blog.zeit.de\/freitext\/\"},{\"@type\":\"ListItem\",\"position\":2,\"name\":\"Mein erstes Mal (Tag 1)\"}]},{\"@type\":\"WebSite\",\"@id\":\"https:\/\/blog.zeit.de\/freitext\/#website\",\"url\":\"https:\/\/blog.zeit.de\/freitext\/\",\"name\":\"Freitext\",\"description\":\"Feld f\u00fcr literarisches Denken\",\"potentialAction\":[{\"@type\":\"SearchAction\",\"target\":{\"@type\":\"EntryPoint\",\"urlTemplate\":\"https:\/\/blog.zeit.de\/freitext\/?s={search_term_string}\"},\"query-input\":\"required name=search_term_string\"}],\"inLanguage\":\"de\"},{\"@type\":\"Person\",\"@id\":\"https:\/\/blog.zeit.de\/freitext\/#\/schema\/person\/cad56c4fc22c5691f612f317402e0b95\",\"name\":\"Karen K\u00f6hler\",\"image\":{\"@type\":\"ImageObject\",\"inLanguage\":\"de\",\"@id\":\"https:\/\/blog.zeit.de\/freitext\/#\/schema\/person\/image\/\",\"url\":\"https:\/\/secure.gravatar.com\/avatar\/1001685ce6ebe98849515a99e9ce82358d6ee76d12f7eda5b23ff7f62f6f6bea?s=96&d=mm&r=g\",\"contentUrl\":\"https:\/\/secure.gravatar.com\/avatar\/1001685ce6ebe98849515a99e9ce82358d6ee76d12f7eda5b23ff7f62f6f6bea?s=96&d=mm&r=g\",\"caption\":\"Karen K\u00f6hler\"},\"description\":\"Karen K\u00f6hler wurde 1974 in Hamburg geboren und studierte Schauspiel an der Hochschule fu\u0308r Musik und Theater in Bern. Sie lebt in Hamburg, wo sie als Theaterautorin und Illustratorin arbeitet. Sie erhielt verschiedene Preise, unter anderem 2011 den Hamburger Literaturf\u00f6rderpreis. Ihr erstes Buch \\\"Wir haben Raketen geangelt\\\" (Hanser, 2014) ist fu\u0308r den \\\"Aspekte\\\" Literaturpreis 2014 nominiert.\",\"url\":\"https:\/\/blog.zeit.de\/freitext\/author\/karen-koehler\/\"}]}<\/script>\n<!-- \/ Yoast SEO plugin. -->","yoast_head_json":{"title":"Buchmesse: Mein erstes Mal (Tag 1)","description":"Karen K\u00f6hler war noch nie auf der Buchmesse. Diesmal muss sie hin. Ihre Abenteuer in Frankfurt dokumentiert sie f\u00fcr Freitext mit Fotos.","robots":{"index":"index","follow":"follow","max-snippet":"max-snippet:-1","max-image-preview":"max-image-preview:large","max-video-preview":"max-video-preview:-1"},"canonical":"https:\/\/blog.zeit.de\/freitext\/2014\/10\/08\/karen-koehler-buchmesse-fotos\/","og_locale":"de_DE","og_type":"article","og_title":"Buchmesse: Mein erstes Mal (Tag 1)","og_description":"Karen K\u00f6hler war noch nie auf der Buchmesse. Diesmal muss sie hin. Ihre Abenteuer in Frankfurt dokumentiert sie f\u00fcr Freitext mit Fotos.","og_url":"https:\/\/blog.zeit.de\/freitext\/2014\/10\/08\/karen-koehler-buchmesse-fotos\/","og_site_name":"Freitext","article_published_time":"2014-10-08T21:39:08+00:00","article_modified_time":"2014-10-09T13:55:14+00:00","og_image":[{"url":"http:\/\/blog.zeit.de\/freitext\/freitext\/wp-content\/blogs.dir\/84\/files\/2014\/10\/KK-1-1024x731.jpg"}],"author":"Karen K\u00f6hler","twitter_card":"summary_large_image","twitter_misc":{"Geschrieben von":"Karen K\u00f6hler","Gesch\u00e4tzte Lesezeit":"1\u00a0Minute"},"schema":{"@context":"https:\/\/schema.org","@graph":[{"@type":"WebPage","@id":"https:\/\/blog.zeit.de\/freitext\/2014\/10\/08\/karen-koehler-buchmesse-fotos\/","url":"https:\/\/blog.zeit.de\/freitext\/2014\/10\/08\/karen-koehler-buchmesse-fotos\/","name":"Buchmesse: Mein erstes Mal (Tag 1)","isPartOf":{"@id":"https:\/\/blog.zeit.de\/freitext\/#website"},"datePublished":"2014-10-08T21:39:08+00:00","dateModified":"2014-10-09T13:55:14+00:00","author":{"@id":"https:\/\/blog.zeit.de\/freitext\/#\/schema\/person\/cad56c4fc22c5691f612f317402e0b95"},"description":"Karen K\u00f6hler war noch nie auf der Buchmesse. Diesmal muss sie hin. Ihre Abenteuer in Frankfurt dokumentiert sie f\u00fcr Freitext mit Fotos.","breadcrumb":{"@id":"https:\/\/blog.zeit.de\/freitext\/2014\/10\/08\/karen-koehler-buchmesse-fotos\/#breadcrumb"},"inLanguage":"de","potentialAction":[{"@type":"ReadAction","target":["https:\/\/blog.zeit.de\/freitext\/2014\/10\/08\/karen-koehler-buchmesse-fotos\/"]}]},{"@type":"BreadcrumbList","@id":"https:\/\/blog.zeit.de\/freitext\/2014\/10\/08\/karen-koehler-buchmesse-fotos\/#breadcrumb","itemListElement":[{"@type":"ListItem","position":1,"name":"Startseite","item":"https:\/\/blog.zeit.de\/freitext\/"},{"@type":"ListItem","position":2,"name":"Mein erstes Mal (Tag 1)"}]},{"@type":"WebSite","@id":"https:\/\/blog.zeit.de\/freitext\/#website","url":"https:\/\/blog.zeit.de\/freitext\/","name":"Freitext","description":"Feld f\u00fcr literarisches Denken","potentialAction":[{"@type":"SearchAction","target":{"@type":"EntryPoint","urlTemplate":"https:\/\/blog.zeit.de\/freitext\/?s={search_term_string}"},"query-input":"required name=search_term_string"}],"inLanguage":"de"},{"@type":"Person","@id":"https:\/\/blog.zeit.de\/freitext\/#\/schema\/person\/cad56c4fc22c5691f612f317402e0b95","name":"Karen K\u00f6hler","image":{"@type":"ImageObject","inLanguage":"de","@id":"https:\/\/blog.zeit.de\/freitext\/#\/schema\/person\/image\/","url":"https:\/\/secure.gravatar.com\/avatar\/1001685ce6ebe98849515a99e9ce82358d6ee76d12f7eda5b23ff7f62f6f6bea?s=96&d=mm&r=g","contentUrl":"https:\/\/secure.gravatar.com\/avatar\/1001685ce6ebe98849515a99e9ce82358d6ee76d12f7eda5b23ff7f62f6f6bea?s=96&d=mm&r=g","caption":"Karen K\u00f6hler"},"description":"Karen K\u00f6hler wurde 1974 in Hamburg geboren und studierte Schauspiel an der Hochschule fu\u0308r Musik und Theater in Bern. Sie lebt in Hamburg, wo sie als Theaterautorin und Illustratorin arbeitet. Sie erhielt verschiedene Preise, unter anderem 2011 den Hamburger Literaturf\u00f6rderpreis. Ihr erstes Buch \"Wir haben Raketen geangelt\" (Hanser, 2014) ist fu\u0308r den \"Aspekte\" Literaturpreis 2014 nominiert.","url":"https:\/\/blog.zeit.de\/freitext\/author\/karen-koehler\/"}]}},"jetpack_featured_media_url":"","jetpack_sharing_enabled":true,"_links":{"self":[{"href":"https:\/\/blog.zeit.de\/freitext\/wp-json\/wp\/v2\/posts\/194","targetHints":{"allow":["GET"]}}],"collection":[{"href":"https:\/\/blog.zeit.de\/freitext\/wp-json\/wp\/v2\/posts"}],"about":[{"href":"https:\/\/blog.zeit.de\/freitext\/wp-json\/wp\/v2\/types\/post"}],"author":[{"embeddable":true,"href":"https:\/\/blog.zeit.de\/freitext\/wp-json\/wp\/v2\/users\/1008"}],"replies":[{"embeddable":true,"href":"https:\/\/blog.zeit.de\/freitext\/wp-json\/wp\/v2\/comments?post=194"}],"version-history":[{"count":6,"href":"https:\/\/blog.zeit.de\/freitext\/wp-json\/wp\/v2\/posts\/194\/revisions"}],"predecessor-version":[{"id":222,"href":"https:\/\/blog.zeit.de\/freitext\/wp-json\/wp\/v2\/posts\/194\/revisions\/222"}],"wp:attachment":[{"href":"https:\/\/blog.zeit.de\/freitext\/wp-json\/wp\/v2\/media?parent=194"}],"wp:term":[{"taxonomy":"category","embeddable":true,"href":"https:\/\/blog.zeit.de\/freitext\/wp-json\/wp\/v2\/categories?post=194"},{"taxonomy":"post_tag","embeddable":true,"href":"https:\/\/blog.zeit.de\/freitext\/wp-json\/wp\/v2\/tags?post=194"}],"curies":[{"name":"wp","href":"https:\/\/api.w.org\/{rel}","templated":true}]}}