{"id":282,"date":"2014-10-11T09:33:34","date_gmt":"2014-10-11T07:33:34","guid":{"rendered":"http:\/\/www.zeit.de\/freitext\/?p=282"},"modified":"2014-10-11T09:42:17","modified_gmt":"2014-10-11T07:42:17","slug":"karen-koehler-buchmesse-tag-3","status":"publish","type":"post","link":"https:\/\/blog.zeit.de\/freitext\/2014\/10\/11\/karen-koehler-buchmesse-tag-3\/","title":{"rendered":"Mein erstes Mal (Tag 3)"},"content":{"rendered":"<p><strong>Am Morgen des dritten Buchmessentags wird Karen K\u00f6hler von einem dicken Kater begr\u00fc\u00dft. Ihr Programm ist straff. Der Bauch des befreundeten Autors auch. Ihre Fotos aus Frankfurt<br \/>\n<\/strong><\/p>\n<p><figure id=\"attachment_294\" aria-describedby=\"caption-attachment-294\" style=\"width: 580px\" class=\"wp-caption aligncenter\"><a href=\"http:\/\/blog.zeit.de\/freitext\/freitext\/wp-content\/blogs.dir\/84\/files\/2014\/10\/KK1.jpg\"><img loading=\"lazy\" decoding=\"async\" class=\"size-large wp-image-294\" src=\"http:\/\/blog.zeit.de\/freitext\/freitext\/wp-content\/blogs.dir\/84\/files\/2014\/10\/KK1-1024x764.jpg\" alt=\"Wir m\u00fcssen drau\u00dfen bleiben. #Lichtstrahlen\" width=\"580\" height=\"432\" srcset=\"https:\/\/blog.zeit.de\/freitext\/files\/2014\/10\/KK1-1024x764.jpg 1024w, https:\/\/blog.zeit.de\/freitext\/files\/2014\/10\/KK1-300x224.jpg 300w\" sizes=\"auto, (max-width: 580px) 100vw, 580px\" \/><\/a><figcaption id=\"caption-attachment-294\" class=\"wp-caption-text\">Wir m\u00fcssen drau\u00dfen bleiben. #Lichtstrahlen<\/figcaption><\/figure><\/p>\n<p><!--more--><\/p>\n<p><figure id=\"attachment_296\" aria-describedby=\"caption-attachment-296\" style=\"width: 580px\" class=\"wp-caption aligncenter\"><a href=\"http:\/\/blog.zeit.de\/freitext\/freitext\/wp-content\/blogs.dir\/84\/files\/2014\/10\/KK2.jpg\"><img loading=\"lazy\" decoding=\"async\" class=\"size-large wp-image-296\" src=\"http:\/\/blog.zeit.de\/freitext\/freitext\/wp-content\/blogs.dir\/84\/files\/2014\/10\/KK2-764x1024.jpg\" alt=\"Nach der Hanser-Nobelpreistr\u00e4gerverlags-Rudel&amp;Mutterschiff-Party ist vor der Messe\" width=\"580\" height=\"777\" srcset=\"https:\/\/blog.zeit.de\/freitext\/files\/2014\/10\/KK2-764x1024.jpg 764w, https:\/\/blog.zeit.de\/freitext\/files\/2014\/10\/KK2-224x300.jpg 224w, https:\/\/blog.zeit.de\/freitext\/files\/2014\/10\/KK2.jpg 1318w\" sizes=\"auto, (max-width: 580px) 100vw, 580px\" \/><\/a><figcaption id=\"caption-attachment-296\" class=\"wp-caption-text\">Nach der Hanser-Nobelpreistr\u00e4gerverlags-Rudel&amp;Mutterschiff-Party ist vor der Messe.<\/figcaption><\/figure><\/p>\n<p><figure id=\"attachment_297\" aria-describedby=\"caption-attachment-297\" style=\"width: 580px\" class=\"wp-caption aligncenter\"><a href=\"http:\/\/blog.zeit.de\/freitext\/freitext\/wp-content\/blogs.dir\/84\/files\/2014\/10\/KK31.jpg\"><img loading=\"lazy\" decoding=\"async\" class=\"size-large wp-image-297\" src=\"http:\/\/blog.zeit.de\/freitext\/freitext\/wp-content\/blogs.dir\/84\/files\/2014\/10\/KK31-838x1024.jpg\" alt=\"Ufz. Auf, auf!\" width=\"580\" height=\"708\" srcset=\"https:\/\/blog.zeit.de\/freitext\/files\/2014\/10\/KK31-838x1024.jpg 838w, https:\/\/blog.zeit.de\/freitext\/files\/2014\/10\/KK31-245x300.jpg 245w, https:\/\/blog.zeit.de\/freitext\/files\/2014\/10\/KK31.jpg 1456w\" sizes=\"auto, (max-width: 580px) 100vw, 580px\" \/><\/a><figcaption id=\"caption-attachment-297\" class=\"wp-caption-text\">Ufz. Auf, auf!<\/figcaption><\/figure><\/p>\n<p><figure id=\"attachment_298\" aria-describedby=\"caption-attachment-298\" style=\"width: 580px\" class=\"wp-caption aligncenter\"><a href=\"http:\/\/blog.zeit.de\/freitext\/freitext\/wp-content\/blogs.dir\/84\/files\/2014\/10\/KK41.jpg\"><img loading=\"lazy\" decoding=\"async\" class=\"wp-image-298 size-large\" src=\"http:\/\/blog.zeit.de\/freitext\/freitext\/wp-content\/blogs.dir\/84\/files\/2014\/10\/KK41-e1413012225716-764x1024.jpg\" alt=\"Cowboy, go home.\" width=\"580\" height=\"777\" srcset=\"https:\/\/blog.zeit.de\/freitext\/files\/2014\/10\/KK41-e1413012225716-764x1024.jpg 764w, https:\/\/blog.zeit.de\/freitext\/files\/2014\/10\/KK41-e1413012225716-224x300.jpg 224w, https:\/\/blog.zeit.de\/freitext\/files\/2014\/10\/KK41-e1413012225716.jpg 1936w\" sizes=\"auto, (max-width: 580px) 100vw, 580px\" \/><\/a><figcaption id=\"caption-attachment-298\" class=\"wp-caption-text\">Cowboy, go home.<\/figcaption><\/figure><\/p>\n<p><figure id=\"attachment_299\" aria-describedby=\"caption-attachment-299\" style=\"width: 580px\" class=\"wp-caption aligncenter\"><a href=\"http:\/\/blog.zeit.de\/freitext\/freitext\/wp-content\/blogs.dir\/84\/files\/2014\/10\/KK51.jpg\"><img loading=\"lazy\" decoding=\"async\" class=\"size-large wp-image-299\" src=\"http:\/\/blog.zeit.de\/freitext\/freitext\/wp-content\/blogs.dir\/84\/files\/2014\/10\/KK51-1024x764.jpg\" alt=\"Grillfibel? WTF?\" width=\"580\" height=\"432\" srcset=\"https:\/\/blog.zeit.de\/freitext\/files\/2014\/10\/KK51-1024x764.jpg 1024w, https:\/\/blog.zeit.de\/freitext\/files\/2014\/10\/KK51-300x224.jpg 300w, https:\/\/blog.zeit.de\/freitext\/files\/2014\/10\/KK51.jpg 1613w\" sizes=\"auto, (max-width: 580px) 100vw, 580px\" \/><\/a><figcaption id=\"caption-attachment-299\" class=\"wp-caption-text\">Grillbibel? WTF?<\/figcaption><\/figure><\/p>\n<p><figure id=\"attachment_300\" aria-describedby=\"caption-attachment-300\" style=\"width: 580px\" class=\"wp-caption aligncenter\"><a href=\"http:\/\/blog.zeit.de\/freitext\/freitext\/wp-content\/blogs.dir\/84\/files\/2014\/10\/KK.jpg\"><img loading=\"lazy\" decoding=\"async\" class=\"size-large wp-image-300\" src=\"http:\/\/blog.zeit.de\/freitext\/freitext\/wp-content\/blogs.dir\/84\/files\/2014\/10\/KK-765x1024.jpg\" alt=\"Bauchweghemd eines Autors\" width=\"580\" height=\"776\" srcset=\"https:\/\/blog.zeit.de\/freitext\/files\/2014\/10\/KK-765x1024.jpg 765w, https:\/\/blog.zeit.de\/freitext\/files\/2014\/10\/KK-224x300.jpg 224w, https:\/\/blog.zeit.de\/freitext\/files\/2014\/10\/KK.jpg 1322w\" sizes=\"auto, (max-width: 580px) 100vw, 580px\" \/><\/a><figcaption id=\"caption-attachment-300\" class=\"wp-caption-text\">Bauchweghemd eines Autors<\/figcaption><\/figure><\/p>\n<p><figure id=\"attachment_301\" aria-describedby=\"caption-attachment-301\" style=\"width: 580px\" class=\"wp-caption aligncenter\"><a href=\"http:\/\/blog.zeit.de\/freitext\/freitext\/wp-content\/blogs.dir\/84\/files\/2014\/10\/Foto7.jpg\"><img loading=\"lazy\" decoding=\"async\" class=\"size-large wp-image-301\" src=\"http:\/\/blog.zeit.de\/freitext\/freitext\/wp-content\/blogs.dir\/84\/files\/2014\/10\/Foto7-765x1024.jpg\" alt=\"Dieses Autors.\" width=\"580\" height=\"776\" srcset=\"https:\/\/blog.zeit.de\/freitext\/files\/2014\/10\/Foto7-765x1024.jpg 765w, https:\/\/blog.zeit.de\/freitext\/files\/2014\/10\/Foto7-224x300.jpg 224w, https:\/\/blog.zeit.de\/freitext\/files\/2014\/10\/Foto7.jpg 957w\" sizes=\"auto, (max-width: 580px) 100vw, 580px\" \/><\/a><figcaption id=\"caption-attachment-301\" class=\"wp-caption-text\">Dieses Autors.<\/figcaption><\/figure><\/p>\n<p><figure id=\"attachment_302\" aria-describedby=\"caption-attachment-302\" style=\"width: 580px\" class=\"wp-caption aligncenter\"><a href=\"http:\/\/blog.zeit.de\/freitext\/freitext\/wp-content\/blogs.dir\/84\/files\/2014\/10\/Foto81.jpg\"><img loading=\"lazy\" decoding=\"async\" class=\"wp-image-302 size-large\" src=\"http:\/\/blog.zeit.de\/freitext\/freitext\/wp-content\/blogs.dir\/84\/files\/2014\/10\/Foto81-e1413012420915-764x1024.jpg\" alt=\"Mein \u00dcbersetzer Gerrit. Vuurpijle Vangen!\" width=\"580\" height=\"777\" srcset=\"https:\/\/blog.zeit.de\/freitext\/files\/2014\/10\/Foto81-e1413012420915-764x1024.jpg 764w, https:\/\/blog.zeit.de\/freitext\/files\/2014\/10\/Foto81-e1413012420915-224x300.jpg 224w, https:\/\/blog.zeit.de\/freitext\/files\/2014\/10\/Foto81-e1413012420915.jpg 1936w\" sizes=\"auto, (max-width: 580px) 100vw, 580px\" \/><\/a><figcaption id=\"caption-attachment-302\" class=\"wp-caption-text\">Mein \u00dcbersetzer Gerrit. Vuurpijle Vangen!<\/figcaption><\/figure><\/p>\n<p><figure id=\"attachment_303\" aria-describedby=\"caption-attachment-303\" style=\"width: 580px\" class=\"wp-caption aligncenter\"><a href=\"http:\/\/blog.zeit.de\/freitext\/freitext\/wp-content\/blogs.dir\/84\/files\/2014\/10\/KK9.jpg\"><img loading=\"lazy\" decoding=\"async\" class=\"size-large wp-image-303\" src=\"http:\/\/blog.zeit.de\/freitext\/freitext\/wp-content\/blogs.dir\/84\/files\/2014\/10\/KK9-765x1024.jpg\" alt=\"K\u00fchlmeier massiert meine Lektorin.\" width=\"580\" height=\"776\" srcset=\"https:\/\/blog.zeit.de\/freitext\/files\/2014\/10\/KK9-765x1024.jpg 765w, https:\/\/blog.zeit.de\/freitext\/files\/2014\/10\/KK9-224x300.jpg 224w, https:\/\/blog.zeit.de\/freitext\/files\/2014\/10\/KK9.jpg 1530w\" sizes=\"auto, (max-width: 580px) 100vw, 580px\" \/><\/a><figcaption id=\"caption-attachment-303\" class=\"wp-caption-text\">K\u00f6hlmeier massiert meine Lektorin.<\/figcaption><\/figure><\/p>\n<p><figure id=\"attachment_305\" aria-describedby=\"caption-attachment-305\" style=\"width: 580px\" class=\"wp-caption aligncenter\"><a href=\"http:\/\/blog.zeit.de\/freitext\/freitext\/wp-content\/blogs.dir\/84\/files\/2014\/10\/KK10.jpg\"><img loading=\"lazy\" decoding=\"async\" class=\"wp-image-305 size-large\" src=\"http:\/\/blog.zeit.de\/freitext\/freitext\/wp-content\/blogs.dir\/84\/files\/2014\/10\/KK10-e1413012551393-764x1024.jpg\" alt=\"Irrer Steinzeit-Fuchs\" width=\"580\" height=\"777\" srcset=\"https:\/\/blog.zeit.de\/freitext\/files\/2014\/10\/KK10-e1413012551393-764x1024.jpg 764w, https:\/\/blog.zeit.de\/freitext\/files\/2014\/10\/KK10-e1413012551393-224x300.jpg 224w, https:\/\/blog.zeit.de\/freitext\/files\/2014\/10\/KK10-e1413012551393.jpg 1936w\" sizes=\"auto, (max-width: 580px) 100vw, 580px\" \/><\/a><figcaption id=\"caption-attachment-305\" class=\"wp-caption-text\">Irrer Steinzeit-Fuchs<\/figcaption><\/figure><\/p>\n<p><figure id=\"attachment_304\" aria-describedby=\"caption-attachment-304\" style=\"width: 580px\" class=\"wp-caption aligncenter\"><a href=\"http:\/\/blog.zeit.de\/freitext\/freitext\/wp-content\/blogs.dir\/84\/files\/2014\/10\/KK11.jpg\"><img loading=\"lazy\" decoding=\"async\" class=\"size-large wp-image-304\" src=\"http:\/\/blog.zeit.de\/freitext\/freitext\/wp-content\/blogs.dir\/84\/files\/2014\/10\/KK11-764x1024.jpg\" alt=\"Messesoundtrack\" width=\"580\" height=\"777\" srcset=\"https:\/\/blog.zeit.de\/freitext\/files\/2014\/10\/KK11-764x1024.jpg 764w, https:\/\/blog.zeit.de\/freitext\/files\/2014\/10\/KK11-224x300.jpg 224w, https:\/\/blog.zeit.de\/freitext\/files\/2014\/10\/KK11.jpg 994w\" sizes=\"auto, (max-width: 580px) 100vw, 580px\" \/><\/a><figcaption id=\"caption-attachment-304\" class=\"wp-caption-text\">Messesoundtrack<\/figcaption><\/figure><\/p>\n<p>Hier geht&#8217;s weiter:<br \/>\n<a href=\"http:\/\/blog.zeit.de\/freitext\/2014\/10\/10\/karen-koehler-buchmesse-fotos-tag-2\/\" target=\"_blank\">Mein erstes Mal (Tag 2)<\/a><br \/>\n<a href=\"http:\/\/blog.zeit.de\/freitext\/2014\/10\/08\/karen-koehler-buchmesse-fotos\/\" target=\"_blank\">Mein erstes Mal (Tag 1)<\/a><\/p>\n","protected":false},"excerpt":{"rendered":"<p>Am Morgen des dritten Buchmessentags wird Karen K\u00f6hler von einem dicken Kater begr\u00fc\u00dft. Ihr Programm ist straff. Der Bauch des befreundeten Autors auch. Ihre [\u2026]<\/p>\n","protected":false},"author":1008,"featured_media":0,"comment_status":"open","ping_status":"open","sticky":false,"template":"","format":"standard","meta":{"_jetpack_memberships_contains_paid_content":false,"footnotes":""},"categories":[5],"tags":[],"class_list":["post-282","post","type-post","status-publish","format-standard","hentry","category-schriftstellerleben"],"yoast_head":"<!-- This site is optimized with the Yoast SEO plugin v21.0 - https:\/\/yoast.com\/wordpress\/plugins\/seo\/ -->\n<title>Mein erstes Mal (Tag 3) - Freitext<\/title>\n<meta name=\"robots\" content=\"index, follow, max-snippet:-1, max-image-preview:large, max-video-preview:-1\" \/>\n<link rel=\"canonical\" href=\"https:\/\/blog.zeit.de\/freitext\/2014\/10\/11\/karen-koehler-buchmesse-tag-3\/\" \/>\n<meta property=\"og:locale\" content=\"de_DE\" \/>\n<meta property=\"og:type\" content=\"article\" \/>\n<meta property=\"og:title\" content=\"Mein erstes Mal (Tag 3) - Freitext\" \/>\n<meta property=\"og:description\" content=\"Am Morgen des dritten Buchmessentags wird Karen K\u00f6hler von einem dicken Kater begr\u00fc\u00dft. Ihr Programm ist straff. Der Bauch des befreundeten Autors auch. Ihre [\u2026]\" \/>\n<meta property=\"og:url\" content=\"https:\/\/blog.zeit.de\/freitext\/2014\/10\/11\/karen-koehler-buchmesse-tag-3\/\" \/>\n<meta property=\"og:site_name\" content=\"Freitext\" \/>\n<meta property=\"article:published_time\" content=\"2014-10-11T07:33:34+00:00\" \/>\n<meta property=\"article:modified_time\" content=\"2014-10-11T07:42:17+00:00\" \/>\n<meta property=\"og:image\" content=\"http:\/\/blog.zeit.de\/freitext\/freitext\/wp-content\/blogs.dir\/84\/files\/2014\/10\/KK1-1024x764.jpg\" \/>\n<meta name=\"author\" content=\"Karen K\u00f6hler\" \/>\n<meta name=\"twitter:card\" content=\"summary_large_image\" \/>\n<meta name=\"twitter:label1\" content=\"Geschrieben von\" \/>\n\t<meta name=\"twitter:data1\" content=\"Karen K\u00f6hler\" \/>\n\t<meta name=\"twitter:label2\" content=\"Gesch\u00e4tzte Lesezeit\" \/>\n\t<meta name=\"twitter:data2\" content=\"1\u00a0Minute\" \/>\n<script type=\"application\/ld+json\" class=\"yoast-schema-graph\">{\"@context\":\"https:\/\/schema.org\",\"@graph\":[{\"@type\":\"WebPage\",\"@id\":\"https:\/\/blog.zeit.de\/freitext\/2014\/10\/11\/karen-koehler-buchmesse-tag-3\/\",\"url\":\"https:\/\/blog.zeit.de\/freitext\/2014\/10\/11\/karen-koehler-buchmesse-tag-3\/\",\"name\":\"Mein erstes Mal (Tag 3) - Freitext\",\"isPartOf\":{\"@id\":\"https:\/\/blog.zeit.de\/freitext\/#website\"},\"datePublished\":\"2014-10-11T07:33:34+00:00\",\"dateModified\":\"2014-10-11T07:42:17+00:00\",\"author\":{\"@id\":\"https:\/\/blog.zeit.de\/freitext\/#\/schema\/person\/cad56c4fc22c5691f612f317402e0b95\"},\"breadcrumb\":{\"@id\":\"https:\/\/blog.zeit.de\/freitext\/2014\/10\/11\/karen-koehler-buchmesse-tag-3\/#breadcrumb\"},\"inLanguage\":\"de\",\"potentialAction\":[{\"@type\":\"ReadAction\",\"target\":[\"https:\/\/blog.zeit.de\/freitext\/2014\/10\/11\/karen-koehler-buchmesse-tag-3\/\"]}]},{\"@type\":\"BreadcrumbList\",\"@id\":\"https:\/\/blog.zeit.de\/freitext\/2014\/10\/11\/karen-koehler-buchmesse-tag-3\/#breadcrumb\",\"itemListElement\":[{\"@type\":\"ListItem\",\"position\":1,\"name\":\"Startseite\",\"item\":\"https:\/\/blog.zeit.de\/freitext\/\"},{\"@type\":\"ListItem\",\"position\":2,\"name\":\"Mein erstes Mal (Tag 3)\"}]},{\"@type\":\"WebSite\",\"@id\":\"https:\/\/blog.zeit.de\/freitext\/#website\",\"url\":\"https:\/\/blog.zeit.de\/freitext\/\",\"name\":\"Freitext\",\"description\":\"Feld f\u00fcr literarisches Denken\",\"potentialAction\":[{\"@type\":\"SearchAction\",\"target\":{\"@type\":\"EntryPoint\",\"urlTemplate\":\"https:\/\/blog.zeit.de\/freitext\/?s={search_term_string}\"},\"query-input\":\"required name=search_term_string\"}],\"inLanguage\":\"de\"},{\"@type\":\"Person\",\"@id\":\"https:\/\/blog.zeit.de\/freitext\/#\/schema\/person\/cad56c4fc22c5691f612f317402e0b95\",\"name\":\"Karen K\u00f6hler\",\"image\":{\"@type\":\"ImageObject\",\"inLanguage\":\"de\",\"@id\":\"https:\/\/blog.zeit.de\/freitext\/#\/schema\/person\/image\/\",\"url\":\"https:\/\/secure.gravatar.com\/avatar\/1001685ce6ebe98849515a99e9ce82358d6ee76d12f7eda5b23ff7f62f6f6bea?s=96&d=mm&r=g\",\"contentUrl\":\"https:\/\/secure.gravatar.com\/avatar\/1001685ce6ebe98849515a99e9ce82358d6ee76d12f7eda5b23ff7f62f6f6bea?s=96&d=mm&r=g\",\"caption\":\"Karen K\u00f6hler\"},\"description\":\"Karen K\u00f6hler wurde 1974 in Hamburg geboren und studierte Schauspiel an der Hochschule fu\u0308r Musik und Theater in Bern. Sie lebt in Hamburg, wo sie als Theaterautorin und Illustratorin arbeitet. Sie erhielt verschiedene Preise, unter anderem 2011 den Hamburger Literaturf\u00f6rderpreis. Ihr erstes Buch \\\"Wir haben Raketen geangelt\\\" (Hanser, 2014) ist fu\u0308r den \\\"Aspekte\\\" Literaturpreis 2014 nominiert.\",\"url\":\"https:\/\/blog.zeit.de\/freitext\/author\/karen-koehler\/\"}]}<\/script>\n<!-- \/ Yoast SEO plugin. -->","yoast_head_json":{"title":"Mein erstes Mal (Tag 3) - Freitext","robots":{"index":"index","follow":"follow","max-snippet":"max-snippet:-1","max-image-preview":"max-image-preview:large","max-video-preview":"max-video-preview:-1"},"canonical":"https:\/\/blog.zeit.de\/freitext\/2014\/10\/11\/karen-koehler-buchmesse-tag-3\/","og_locale":"de_DE","og_type":"article","og_title":"Mein erstes Mal (Tag 3) - Freitext","og_description":"Am Morgen des dritten Buchmessentags wird Karen K\u00f6hler von einem dicken Kater begr\u00fc\u00dft. Ihr Programm ist straff. Der Bauch des befreundeten Autors auch. Ihre [\u2026]","og_url":"https:\/\/blog.zeit.de\/freitext\/2014\/10\/11\/karen-koehler-buchmesse-tag-3\/","og_site_name":"Freitext","article_published_time":"2014-10-11T07:33:34+00:00","article_modified_time":"2014-10-11T07:42:17+00:00","og_image":[{"url":"http:\/\/blog.zeit.de\/freitext\/freitext\/wp-content\/blogs.dir\/84\/files\/2014\/10\/KK1-1024x764.jpg"}],"author":"Karen K\u00f6hler","twitter_card":"summary_large_image","twitter_misc":{"Geschrieben von":"Karen K\u00f6hler","Gesch\u00e4tzte Lesezeit":"1\u00a0Minute"},"schema":{"@context":"https:\/\/schema.org","@graph":[{"@type":"WebPage","@id":"https:\/\/blog.zeit.de\/freitext\/2014\/10\/11\/karen-koehler-buchmesse-tag-3\/","url":"https:\/\/blog.zeit.de\/freitext\/2014\/10\/11\/karen-koehler-buchmesse-tag-3\/","name":"Mein erstes Mal (Tag 3) - Freitext","isPartOf":{"@id":"https:\/\/blog.zeit.de\/freitext\/#website"},"datePublished":"2014-10-11T07:33:34+00:00","dateModified":"2014-10-11T07:42:17+00:00","author":{"@id":"https:\/\/blog.zeit.de\/freitext\/#\/schema\/person\/cad56c4fc22c5691f612f317402e0b95"},"breadcrumb":{"@id":"https:\/\/blog.zeit.de\/freitext\/2014\/10\/11\/karen-koehler-buchmesse-tag-3\/#breadcrumb"},"inLanguage":"de","potentialAction":[{"@type":"ReadAction","target":["https:\/\/blog.zeit.de\/freitext\/2014\/10\/11\/karen-koehler-buchmesse-tag-3\/"]}]},{"@type":"BreadcrumbList","@id":"https:\/\/blog.zeit.de\/freitext\/2014\/10\/11\/karen-koehler-buchmesse-tag-3\/#breadcrumb","itemListElement":[{"@type":"ListItem","position":1,"name":"Startseite","item":"https:\/\/blog.zeit.de\/freitext\/"},{"@type":"ListItem","position":2,"name":"Mein erstes Mal (Tag 3)"}]},{"@type":"WebSite","@id":"https:\/\/blog.zeit.de\/freitext\/#website","url":"https:\/\/blog.zeit.de\/freitext\/","name":"Freitext","description":"Feld f\u00fcr literarisches Denken","potentialAction":[{"@type":"SearchAction","target":{"@type":"EntryPoint","urlTemplate":"https:\/\/blog.zeit.de\/freitext\/?s={search_term_string}"},"query-input":"required name=search_term_string"}],"inLanguage":"de"},{"@type":"Person","@id":"https:\/\/blog.zeit.de\/freitext\/#\/schema\/person\/cad56c4fc22c5691f612f317402e0b95","name":"Karen K\u00f6hler","image":{"@type":"ImageObject","inLanguage":"de","@id":"https:\/\/blog.zeit.de\/freitext\/#\/schema\/person\/image\/","url":"https:\/\/secure.gravatar.com\/avatar\/1001685ce6ebe98849515a99e9ce82358d6ee76d12f7eda5b23ff7f62f6f6bea?s=96&d=mm&r=g","contentUrl":"https:\/\/secure.gravatar.com\/avatar\/1001685ce6ebe98849515a99e9ce82358d6ee76d12f7eda5b23ff7f62f6f6bea?s=96&d=mm&r=g","caption":"Karen K\u00f6hler"},"description":"Karen K\u00f6hler wurde 1974 in Hamburg geboren und studierte Schauspiel an der Hochschule fu\u0308r Musik und Theater in Bern. Sie lebt in Hamburg, wo sie als Theaterautorin und Illustratorin arbeitet. Sie erhielt verschiedene Preise, unter anderem 2011 den Hamburger Literaturf\u00f6rderpreis. Ihr erstes Buch \"Wir haben Raketen geangelt\" (Hanser, 2014) ist fu\u0308r den \"Aspekte\" Literaturpreis 2014 nominiert.","url":"https:\/\/blog.zeit.de\/freitext\/author\/karen-koehler\/"}]}},"jetpack_featured_media_url":"","jetpack_sharing_enabled":true,"_links":{"self":[{"href":"https:\/\/blog.zeit.de\/freitext\/wp-json\/wp\/v2\/posts\/282","targetHints":{"allow":["GET"]}}],"collection":[{"href":"https:\/\/blog.zeit.de\/freitext\/wp-json\/wp\/v2\/posts"}],"about":[{"href":"https:\/\/blog.zeit.de\/freitext\/wp-json\/wp\/v2\/types\/post"}],"author":[{"embeddable":true,"href":"https:\/\/blog.zeit.de\/freitext\/wp-json\/wp\/v2\/users\/1008"}],"replies":[{"embeddable":true,"href":"https:\/\/blog.zeit.de\/freitext\/wp-json\/wp\/v2\/comments?post=282"}],"version-history":[{"count":5,"href":"https:\/\/blog.zeit.de\/freitext\/wp-json\/wp\/v2\/posts\/282\/revisions"}],"predecessor-version":[{"id":309,"href":"https:\/\/blog.zeit.de\/freitext\/wp-json\/wp\/v2\/posts\/282\/revisions\/309"}],"wp:attachment":[{"href":"https:\/\/blog.zeit.de\/freitext\/wp-json\/wp\/v2\/media?parent=282"}],"wp:term":[{"taxonomy":"category","embeddable":true,"href":"https:\/\/blog.zeit.de\/freitext\/wp-json\/wp\/v2\/categories?post=282"},{"taxonomy":"post_tag","embeddable":true,"href":"https:\/\/blog.zeit.de\/freitext\/wp-json\/wp\/v2\/tags?post=282"}],"curies":[{"name":"wp","href":"https:\/\/api.w.org\/{rel}","templated":true}]}}