{"id":2936,"date":"2016-01-08T07:30:51","date_gmt":"2016-01-08T06:30:51","guid":{"rendered":"http:\/\/www.zeit.de\/freitext\/?p=2936"},"modified":"2016-01-08T09:14:11","modified_gmt":"2016-01-08T08:14:11","slug":"meta-bene-viecher-anfangen","status":"publish","type":"post","link":"https:\/\/blog.zeit.de\/freitext\/2016\/01\/08\/meta-bene-viecher-anfangen\/","title":{"rendered":"Viecher \u00fcbers Anfangen"},"content":{"rendered":"<p><strong>Das neue Jahr beginnt mit einer neuen Comic-Kolumne. Tiere sagen immer die Wahrheit. Deshalb befragt Meta Bene f\u00fcr uns jede Woche sein Bestiarium. <\/strong><\/p>\n<p><img loading=\"lazy\" decoding=\"async\" class=\"alignleft size-medium wp-image-2955\" src=\"http:\/\/blog.zeit.de\/freitext\/freitext\/wp-content\/blogs.dir\/84\/files\/2015\/12\/kolumne_01_anfangen_titelblatt-620x349.jpeg\" alt=\"kolumne_01_anfangen_titelblatt\" width=\"620\" height=\"349\" srcset=\"https:\/\/blog.zeit.de\/freitext\/files\/2015\/12\/kolumne_01_anfangen_titelblatt-620x349.jpeg 620w, https:\/\/blog.zeit.de\/freitext\/files\/2015\/12\/kolumne_01_anfangen_titelblatt-1024x576.jpeg 1024w, https:\/\/blog.zeit.de\/freitext\/files\/2015\/12\/kolumne_01_anfangen_titelblatt.jpeg 1890w\" sizes=\"auto, (max-width: 620px) 100vw, 620px\" \/><\/p>\n<p><!--more--><\/p>\n<p><img loading=\"lazy\" decoding=\"async\" class=\"alignleft size-large wp-image-2956\" src=\"http:\/\/blog.zeit.de\/freitext\/freitext\/wp-content\/blogs.dir\/84\/files\/2015\/12\/kolumne_01_anfangen_cartoon-607x1024.jpeg\" alt=\"kolumne_01_anfangen_cartoon\" width=\"607\" height=\"1024\" srcset=\"https:\/\/blog.zeit.de\/freitext\/files\/2015\/12\/kolumne_01_anfangen_cartoon-607x1024.jpeg 607w, https:\/\/blog.zeit.de\/freitext\/files\/2015\/12\/kolumne_01_anfangen_cartoon-474x800.jpeg 474w\" sizes=\"auto, (max-width: 607px) 100vw, 607px\" \/><\/p>\n","protected":false},"excerpt":{"rendered":"<p>Das neue Jahr beginnt mit einer neuen Comic-Kolumne. Tiere sagen immer die Wahrheit. Deshalb befragt Meta Bene f\u00fcr uns jede Woche sein Bestiarium.<\/p>\n","protected":false},"author":1042,"featured_media":2955,"comment_status":"open","ping_status":"open","sticky":false,"template":"","format":"standard","meta":{"_jetpack_memberships_contains_paid_content":false,"footnotes":""},"categories":[11],"tags":[],"class_list":["post-2936","post","type-post","status-publish","format-standard","has-post-thumbnail","hentry","category-satiere"],"yoast_head":"<!-- This site is optimized with the Yoast SEO plugin v21.0 - https:\/\/yoast.com\/wordpress\/plugins\/seo\/ -->\n<title>Viecher \u00fcbers Anfangen - Freitext<\/title>\n<meta name=\"robots\" content=\"index, follow, max-snippet:-1, max-image-preview:large, max-video-preview:-1\" \/>\n<link rel=\"canonical\" href=\"https:\/\/blog.zeit.de\/freitext\/2016\/01\/08\/meta-bene-viecher-anfangen\/\" \/>\n<meta property=\"og:locale\" content=\"de_DE\" \/>\n<meta property=\"og:type\" content=\"article\" \/>\n<meta property=\"og:title\" content=\"Viecher \u00fcbers Anfangen - Freitext\" \/>\n<meta property=\"og:description\" content=\"Das neue Jahr beginnt mit einer neuen Comic-Kolumne. Tiere sagen immer die Wahrheit. Deshalb befragt Meta Bene f\u00fcr uns jede Woche sein Bestiarium.\" \/>\n<meta property=\"og:url\" content=\"https:\/\/blog.zeit.de\/freitext\/2016\/01\/08\/meta-bene-viecher-anfangen\/\" \/>\n<meta property=\"og:site_name\" content=\"Freitext\" \/>\n<meta property=\"article:published_time\" content=\"2016-01-08T06:30:51+00:00\" \/>\n<meta property=\"article:modified_time\" content=\"2016-01-08T08:14:11+00:00\" \/>\n<meta property=\"og:image\" content=\"https:\/\/blog.zeit.de\/freitext\/files\/2015\/12\/kolumne_01_anfangen_titelblatt.jpeg\" \/>\n\t<meta property=\"og:image:width\" content=\"1890\" \/>\n\t<meta property=\"og:image:height\" content=\"1063\" \/>\n\t<meta property=\"og:image:type\" content=\"image\/jpeg\" \/>\n<meta name=\"author\" content=\"Meta Bene\" \/>\n<meta name=\"twitter:card\" content=\"summary_large_image\" \/>\n<meta name=\"twitter:label1\" content=\"Geschrieben von\" \/>\n\t<meta name=\"twitter:data1\" content=\"Meta Bene\" \/>\n<script type=\"application\/ld+json\" class=\"yoast-schema-graph\">{\"@context\":\"https:\/\/schema.org\",\"@graph\":[{\"@type\":\"WebPage\",\"@id\":\"https:\/\/blog.zeit.de\/freitext\/2016\/01\/08\/meta-bene-viecher-anfangen\/\",\"url\":\"https:\/\/blog.zeit.de\/freitext\/2016\/01\/08\/meta-bene-viecher-anfangen\/\",\"name\":\"Viecher \u00fcbers Anfangen - Freitext\",\"isPartOf\":{\"@id\":\"https:\/\/blog.zeit.de\/freitext\/#website\"},\"datePublished\":\"2016-01-08T06:30:51+00:00\",\"dateModified\":\"2016-01-08T08:14:11+00:00\",\"author\":{\"@id\":\"https:\/\/blog.zeit.de\/freitext\/#\/schema\/person\/f6dcac12afedd290a819fa49b0076aff\"},\"breadcrumb\":{\"@id\":\"https:\/\/blog.zeit.de\/freitext\/2016\/01\/08\/meta-bene-viecher-anfangen\/#breadcrumb\"},\"inLanguage\":\"de\",\"potentialAction\":[{\"@type\":\"ReadAction\",\"target\":[\"https:\/\/blog.zeit.de\/freitext\/2016\/01\/08\/meta-bene-viecher-anfangen\/\"]}]},{\"@type\":\"BreadcrumbList\",\"@id\":\"https:\/\/blog.zeit.de\/freitext\/2016\/01\/08\/meta-bene-viecher-anfangen\/#breadcrumb\",\"itemListElement\":[{\"@type\":\"ListItem\",\"position\":1,\"name\":\"Startseite\",\"item\":\"https:\/\/blog.zeit.de\/freitext\/\"},{\"@type\":\"ListItem\",\"position\":2,\"name\":\"Viecher \u00fcbers Anfangen\"}]},{\"@type\":\"WebSite\",\"@id\":\"https:\/\/blog.zeit.de\/freitext\/#website\",\"url\":\"https:\/\/blog.zeit.de\/freitext\/\",\"name\":\"Freitext\",\"description\":\"Feld f\u00fcr literarisches Denken\",\"potentialAction\":[{\"@type\":\"SearchAction\",\"target\":{\"@type\":\"EntryPoint\",\"urlTemplate\":\"https:\/\/blog.zeit.de\/freitext\/?s={search_term_string}\"},\"query-input\":\"required name=search_term_string\"}],\"inLanguage\":\"de\"},{\"@type\":\"Person\",\"@id\":\"https:\/\/blog.zeit.de\/freitext\/#\/schema\/person\/f6dcac12afedd290a819fa49b0076aff\",\"name\":\"Meta Bene\",\"image\":{\"@type\":\"ImageObject\",\"inLanguage\":\"de\",\"@id\":\"https:\/\/blog.zeit.de\/freitext\/#\/schema\/person\/image\/\",\"url\":\"https:\/\/secure.gravatar.com\/avatar\/606dc17258e5f3c31ce5891c714a98444f4999991bf914ef9d0418e04fb71ed3?s=96&d=mm&r=g\",\"contentUrl\":\"https:\/\/secure.gravatar.com\/avatar\/606dc17258e5f3c31ce5891c714a98444f4999991bf914ef9d0418e04fb71ed3?s=96&d=mm&r=g\",\"caption\":\"Meta Bene\"},\"description\":\"META BENE wird von Robin Thiesmeyer zu Papier gebracht. Nach einem Studium der Philosophie und Politikwissenschaften absolvierte er den Studiengang \\\"Kreatives Schreiben und Kulturjournalismus\\\" Universit\u00e4t Hildesheim. Er ver\u00f6ffentlichte Kurzgeschichten und Erz\u00e4hlungen in Zeitschriften und Anthologien. Seit November 2013 zeichnet er META BENE. Seine Kalligrafien finden gro\u00dfe Verbreitung \u00fcber soziale Medien und metabene.de. Das Buch \\\"Es gibt mehr Sterne als Idioten\\\" ist gerade im S. Fischer Verlag erschienen.\",\"url\":\"https:\/\/blog.zeit.de\/freitext\/author\/meta-bene\/\"}]}<\/script>\n<!-- \/ Yoast SEO plugin. -->","yoast_head_json":{"title":"Viecher \u00fcbers Anfangen - Freitext","robots":{"index":"index","follow":"follow","max-snippet":"max-snippet:-1","max-image-preview":"max-image-preview:large","max-video-preview":"max-video-preview:-1"},"canonical":"https:\/\/blog.zeit.de\/freitext\/2016\/01\/08\/meta-bene-viecher-anfangen\/","og_locale":"de_DE","og_type":"article","og_title":"Viecher \u00fcbers Anfangen - Freitext","og_description":"Das neue Jahr beginnt mit einer neuen Comic-Kolumne. Tiere sagen immer die Wahrheit. Deshalb befragt Meta Bene f\u00fcr uns jede Woche sein Bestiarium.","og_url":"https:\/\/blog.zeit.de\/freitext\/2016\/01\/08\/meta-bene-viecher-anfangen\/","og_site_name":"Freitext","article_published_time":"2016-01-08T06:30:51+00:00","article_modified_time":"2016-01-08T08:14:11+00:00","og_image":[{"width":1890,"height":1063,"url":"https:\/\/blog.zeit.de\/freitext\/files\/2015\/12\/kolumne_01_anfangen_titelblatt.jpeg","type":"image\/jpeg"}],"author":"Meta Bene","twitter_card":"summary_large_image","twitter_misc":{"Geschrieben von":"Meta Bene"},"schema":{"@context":"https:\/\/schema.org","@graph":[{"@type":"WebPage","@id":"https:\/\/blog.zeit.de\/freitext\/2016\/01\/08\/meta-bene-viecher-anfangen\/","url":"https:\/\/blog.zeit.de\/freitext\/2016\/01\/08\/meta-bene-viecher-anfangen\/","name":"Viecher \u00fcbers Anfangen - Freitext","isPartOf":{"@id":"https:\/\/blog.zeit.de\/freitext\/#website"},"datePublished":"2016-01-08T06:30:51+00:00","dateModified":"2016-01-08T08:14:11+00:00","author":{"@id":"https:\/\/blog.zeit.de\/freitext\/#\/schema\/person\/f6dcac12afedd290a819fa49b0076aff"},"breadcrumb":{"@id":"https:\/\/blog.zeit.de\/freitext\/2016\/01\/08\/meta-bene-viecher-anfangen\/#breadcrumb"},"inLanguage":"de","potentialAction":[{"@type":"ReadAction","target":["https:\/\/blog.zeit.de\/freitext\/2016\/01\/08\/meta-bene-viecher-anfangen\/"]}]},{"@type":"BreadcrumbList","@id":"https:\/\/blog.zeit.de\/freitext\/2016\/01\/08\/meta-bene-viecher-anfangen\/#breadcrumb","itemListElement":[{"@type":"ListItem","position":1,"name":"Startseite","item":"https:\/\/blog.zeit.de\/freitext\/"},{"@type":"ListItem","position":2,"name":"Viecher \u00fcbers Anfangen"}]},{"@type":"WebSite","@id":"https:\/\/blog.zeit.de\/freitext\/#website","url":"https:\/\/blog.zeit.de\/freitext\/","name":"Freitext","description":"Feld f\u00fcr literarisches Denken","potentialAction":[{"@type":"SearchAction","target":{"@type":"EntryPoint","urlTemplate":"https:\/\/blog.zeit.de\/freitext\/?s={search_term_string}"},"query-input":"required name=search_term_string"}],"inLanguage":"de"},{"@type":"Person","@id":"https:\/\/blog.zeit.de\/freitext\/#\/schema\/person\/f6dcac12afedd290a819fa49b0076aff","name":"Meta Bene","image":{"@type":"ImageObject","inLanguage":"de","@id":"https:\/\/blog.zeit.de\/freitext\/#\/schema\/person\/image\/","url":"https:\/\/secure.gravatar.com\/avatar\/606dc17258e5f3c31ce5891c714a98444f4999991bf914ef9d0418e04fb71ed3?s=96&d=mm&r=g","contentUrl":"https:\/\/secure.gravatar.com\/avatar\/606dc17258e5f3c31ce5891c714a98444f4999991bf914ef9d0418e04fb71ed3?s=96&d=mm&r=g","caption":"Meta Bene"},"description":"META BENE wird von Robin Thiesmeyer zu Papier gebracht. Nach einem Studium der Philosophie und Politikwissenschaften absolvierte er den Studiengang \"Kreatives Schreiben und Kulturjournalismus\" Universit\u00e4t Hildesheim. Er ver\u00f6ffentlichte Kurzgeschichten und Erz\u00e4hlungen in Zeitschriften und Anthologien. Seit November 2013 zeichnet er META BENE. Seine Kalligrafien finden gro\u00dfe Verbreitung \u00fcber soziale Medien und metabene.de. Das Buch \"Es gibt mehr Sterne als Idioten\" ist gerade im S. Fischer Verlag erschienen.","url":"https:\/\/blog.zeit.de\/freitext\/author\/meta-bene\/"}]}},"jetpack_featured_media_url":"https:\/\/blog.zeit.de\/freitext\/files\/2015\/12\/kolumne_01_anfangen_titelblatt.jpeg","jetpack_sharing_enabled":true,"_links":{"self":[{"href":"https:\/\/blog.zeit.de\/freitext\/wp-json\/wp\/v2\/posts\/2936","targetHints":{"allow":["GET"]}}],"collection":[{"href":"https:\/\/blog.zeit.de\/freitext\/wp-json\/wp\/v2\/posts"}],"about":[{"href":"https:\/\/blog.zeit.de\/freitext\/wp-json\/wp\/v2\/types\/post"}],"author":[{"embeddable":true,"href":"https:\/\/blog.zeit.de\/freitext\/wp-json\/wp\/v2\/users\/1042"}],"replies":[{"embeddable":true,"href":"https:\/\/blog.zeit.de\/freitext\/wp-json\/wp\/v2\/comments?post=2936"}],"version-history":[{"count":12,"href":"https:\/\/blog.zeit.de\/freitext\/wp-json\/wp\/v2\/posts\/2936\/revisions"}],"predecessor-version":[{"id":2961,"href":"https:\/\/blog.zeit.de\/freitext\/wp-json\/wp\/v2\/posts\/2936\/revisions\/2961"}],"wp:featuredmedia":[{"embeddable":true,"href":"https:\/\/blog.zeit.de\/freitext\/wp-json\/wp\/v2\/media\/2955"}],"wp:attachment":[{"href":"https:\/\/blog.zeit.de\/freitext\/wp-json\/wp\/v2\/media?parent=2936"}],"wp:term":[{"taxonomy":"category","embeddable":true,"href":"https:\/\/blog.zeit.de\/freitext\/wp-json\/wp\/v2\/categories?post=2936"},{"taxonomy":"post_tag","embeddable":true,"href":"https:\/\/blog.zeit.de\/freitext\/wp-json\/wp\/v2\/tags?post=2936"}],"curies":[{"name":"wp","href":"https:\/\/api.w.org\/{rel}","templated":true}]}}