{"id":2998,"date":"2016-01-15T06:00:22","date_gmt":"2016-01-15T05:00:22","guid":{"rendered":"http:\/\/www.zeit.de\/freitext\/?p=2998"},"modified":"2016-01-14T15:40:09","modified_gmt":"2016-01-14T14:40:09","slug":"meta-bene-viecher-identitaet","status":"publish","type":"post","link":"https:\/\/blog.zeit.de\/freitext\/2016\/01\/15\/meta-bene-viecher-identitaet\/","title":{"rendered":"Viecher \u00fcber Identit\u00e4t"},"content":{"rendered":"<p><strong>Freitag ist &#8222;Satiere&#8220;-Tag. In seiner Comic-Kolumne befragt Meta Bene diesmal einen Pinguin nach seiner psychischen Verfassung. <\/strong><\/p>\n<p><img loading=\"lazy\" decoding=\"async\" class=\"alignleft wp-image-2999 size-medium\" src=\"http:\/\/blog.zeit.de\/freitext\/freitext\/wp-content\/blogs.dir\/84\/files\/2016\/01\/Viecher_02_identitaet_Titel_2-620x349.jpeg\" alt=\"Viecher_02_identitaet_Titel_2\" width=\"620\" height=\"349\" srcset=\"https:\/\/blog.zeit.de\/freitext\/files\/2016\/01\/Viecher_02_identitaet_Titel_2-620x349.jpeg 620w, https:\/\/blog.zeit.de\/freitext\/files\/2016\/01\/Viecher_02_identitaet_Titel_2.jpeg 912w\" sizes=\"auto, (max-width: 620px) 100vw, 620px\" \/><\/p>\n<p>&nbsp;<\/p>\n<p><!--more--><\/p>\n<p><img loading=\"lazy\" decoding=\"async\" class=\"alignleft  wp-image-3002\" src=\"http:\/\/blog.zeit.de\/freitext\/freitext\/wp-content\/blogs.dir\/84\/files\/2016\/01\/Viecher_02_identitaet_Cartoon_2.jpeg\" alt=\"Viecher_02_identitaet_Cartoon_2\" width=\"600\" height=\"1350\" srcset=\"https:\/\/blog.zeit.de\/freitext\/files\/2016\/01\/Viecher_02_identitaet_Cartoon_2.jpeg 569w, https:\/\/blog.zeit.de\/freitext\/files\/2016\/01\/Viecher_02_identitaet_Cartoon_2-356x800.jpeg 356w, https:\/\/blog.zeit.de\/freitext\/files\/2016\/01\/Viecher_02_identitaet_Cartoon_2-455x1024.jpeg 455w\" sizes=\"auto, (max-width: 600px) 100vw, 600px\" \/><\/p>\n<p>&nbsp;<\/p>\n","protected":false},"excerpt":{"rendered":"<p>Freitag ist &#8222;Satiere&#8220;-Tag. In seiner Comic-Kolumne befragt Meta Bene diesmal einen Pinguin nach seiner psychischen Verfassung. &nbsp;<\/p>\n","protected":false},"author":1042,"featured_media":2999,"comment_status":"open","ping_status":"open","sticky":false,"template":"","format":"standard","meta":{"_jetpack_memberships_contains_paid_content":false,"footnotes":""},"categories":[11],"tags":[],"class_list":["post-2998","post","type-post","status-publish","format-standard","has-post-thumbnail","hentry","category-satiere"],"yoast_head":"<!-- This site is optimized with the Yoast SEO plugin v21.0 - https:\/\/yoast.com\/wordpress\/plugins\/seo\/ -->\n<title>Viecher \u00fcber Identit\u00e4t - Freitext<\/title>\n<meta name=\"robots\" content=\"index, follow, max-snippet:-1, max-image-preview:large, max-video-preview:-1\" \/>\n<link rel=\"canonical\" href=\"https:\/\/blog.zeit.de\/freitext\/2016\/01\/15\/meta-bene-viecher-identitaet\/\" \/>\n<meta property=\"og:locale\" content=\"de_DE\" \/>\n<meta property=\"og:type\" content=\"article\" \/>\n<meta property=\"og:title\" content=\"Viecher \u00fcber Identit\u00e4t - Freitext\" \/>\n<meta property=\"og:description\" content=\"Freitag ist &#8222;Satiere&#8220;-Tag. In seiner Comic-Kolumne befragt Meta Bene diesmal einen Pinguin nach seiner psychischen Verfassung. &nbsp;\" \/>\n<meta property=\"og:url\" content=\"https:\/\/blog.zeit.de\/freitext\/2016\/01\/15\/meta-bene-viecher-identitaet\/\" \/>\n<meta property=\"og:site_name\" content=\"Freitext\" \/>\n<meta property=\"article:published_time\" content=\"2016-01-15T05:00:22+00:00\" \/>\n<meta property=\"article:modified_time\" content=\"2016-01-14T14:40:09+00:00\" \/>\n<meta property=\"og:image\" content=\"https:\/\/blog.zeit.de\/freitext\/files\/2016\/01\/Viecher_02_identitaet_Titel_2.jpeg\" \/>\n\t<meta property=\"og:image:width\" content=\"912\" \/>\n\t<meta property=\"og:image:height\" content=\"513\" \/>\n\t<meta property=\"og:image:type\" content=\"image\/jpeg\" \/>\n<meta name=\"author\" content=\"Meta Bene\" \/>\n<meta name=\"twitter:card\" content=\"summary_large_image\" \/>\n<meta name=\"twitter:label1\" content=\"Geschrieben von\" \/>\n\t<meta name=\"twitter:data1\" content=\"Meta Bene\" \/>\n<script type=\"application\/ld+json\" class=\"yoast-schema-graph\">{\"@context\":\"https:\/\/schema.org\",\"@graph\":[{\"@type\":\"WebPage\",\"@id\":\"https:\/\/blog.zeit.de\/freitext\/2016\/01\/15\/meta-bene-viecher-identitaet\/\",\"url\":\"https:\/\/blog.zeit.de\/freitext\/2016\/01\/15\/meta-bene-viecher-identitaet\/\",\"name\":\"Viecher \u00fcber Identit\u00e4t - Freitext\",\"isPartOf\":{\"@id\":\"https:\/\/blog.zeit.de\/freitext\/#website\"},\"datePublished\":\"2016-01-15T05:00:22+00:00\",\"dateModified\":\"2016-01-14T14:40:09+00:00\",\"author\":{\"@id\":\"https:\/\/blog.zeit.de\/freitext\/#\/schema\/person\/f6dcac12afedd290a819fa49b0076aff\"},\"breadcrumb\":{\"@id\":\"https:\/\/blog.zeit.de\/freitext\/2016\/01\/15\/meta-bene-viecher-identitaet\/#breadcrumb\"},\"inLanguage\":\"de\",\"potentialAction\":[{\"@type\":\"ReadAction\",\"target\":[\"https:\/\/blog.zeit.de\/freitext\/2016\/01\/15\/meta-bene-viecher-identitaet\/\"]}]},{\"@type\":\"BreadcrumbList\",\"@id\":\"https:\/\/blog.zeit.de\/freitext\/2016\/01\/15\/meta-bene-viecher-identitaet\/#breadcrumb\",\"itemListElement\":[{\"@type\":\"ListItem\",\"position\":1,\"name\":\"Startseite\",\"item\":\"https:\/\/blog.zeit.de\/freitext\/\"},{\"@type\":\"ListItem\",\"position\":2,\"name\":\"Viecher \u00fcber Identit\u00e4t\"}]},{\"@type\":\"WebSite\",\"@id\":\"https:\/\/blog.zeit.de\/freitext\/#website\",\"url\":\"https:\/\/blog.zeit.de\/freitext\/\",\"name\":\"Freitext\",\"description\":\"Feld f\u00fcr literarisches Denken\",\"potentialAction\":[{\"@type\":\"SearchAction\",\"target\":{\"@type\":\"EntryPoint\",\"urlTemplate\":\"https:\/\/blog.zeit.de\/freitext\/?s={search_term_string}\"},\"query-input\":\"required name=search_term_string\"}],\"inLanguage\":\"de\"},{\"@type\":\"Person\",\"@id\":\"https:\/\/blog.zeit.de\/freitext\/#\/schema\/person\/f6dcac12afedd290a819fa49b0076aff\",\"name\":\"Meta Bene\",\"image\":{\"@type\":\"ImageObject\",\"inLanguage\":\"de\",\"@id\":\"https:\/\/blog.zeit.de\/freitext\/#\/schema\/person\/image\/\",\"url\":\"https:\/\/secure.gravatar.com\/avatar\/606dc17258e5f3c31ce5891c714a98444f4999991bf914ef9d0418e04fb71ed3?s=96&d=mm&r=g\",\"contentUrl\":\"https:\/\/secure.gravatar.com\/avatar\/606dc17258e5f3c31ce5891c714a98444f4999991bf914ef9d0418e04fb71ed3?s=96&d=mm&r=g\",\"caption\":\"Meta Bene\"},\"description\":\"META BENE wird von Robin Thiesmeyer zu Papier gebracht. Nach einem Studium der Philosophie und Politikwissenschaften absolvierte er den Studiengang \\\"Kreatives Schreiben und Kulturjournalismus\\\" Universit\u00e4t Hildesheim. Er ver\u00f6ffentlichte Kurzgeschichten und Erz\u00e4hlungen in Zeitschriften und Anthologien. Seit November 2013 zeichnet er META BENE. Seine Kalligrafien finden gro\u00dfe Verbreitung \u00fcber soziale Medien und metabene.de. Das Buch \\\"Es gibt mehr Sterne als Idioten\\\" ist gerade im S. Fischer Verlag erschienen.\",\"url\":\"https:\/\/blog.zeit.de\/freitext\/author\/meta-bene\/\"}]}<\/script>\n<!-- \/ Yoast SEO plugin. -->","yoast_head_json":{"title":"Viecher \u00fcber Identit\u00e4t - Freitext","robots":{"index":"index","follow":"follow","max-snippet":"max-snippet:-1","max-image-preview":"max-image-preview:large","max-video-preview":"max-video-preview:-1"},"canonical":"https:\/\/blog.zeit.de\/freitext\/2016\/01\/15\/meta-bene-viecher-identitaet\/","og_locale":"de_DE","og_type":"article","og_title":"Viecher \u00fcber Identit\u00e4t - Freitext","og_description":"Freitag ist &#8222;Satiere&#8220;-Tag. In seiner Comic-Kolumne befragt Meta Bene diesmal einen Pinguin nach seiner psychischen Verfassung. &nbsp;","og_url":"https:\/\/blog.zeit.de\/freitext\/2016\/01\/15\/meta-bene-viecher-identitaet\/","og_site_name":"Freitext","article_published_time":"2016-01-15T05:00:22+00:00","article_modified_time":"2016-01-14T14:40:09+00:00","og_image":[{"width":912,"height":513,"url":"https:\/\/blog.zeit.de\/freitext\/files\/2016\/01\/Viecher_02_identitaet_Titel_2.jpeg","type":"image\/jpeg"}],"author":"Meta Bene","twitter_card":"summary_large_image","twitter_misc":{"Geschrieben von":"Meta Bene"},"schema":{"@context":"https:\/\/schema.org","@graph":[{"@type":"WebPage","@id":"https:\/\/blog.zeit.de\/freitext\/2016\/01\/15\/meta-bene-viecher-identitaet\/","url":"https:\/\/blog.zeit.de\/freitext\/2016\/01\/15\/meta-bene-viecher-identitaet\/","name":"Viecher \u00fcber Identit\u00e4t - Freitext","isPartOf":{"@id":"https:\/\/blog.zeit.de\/freitext\/#website"},"datePublished":"2016-01-15T05:00:22+00:00","dateModified":"2016-01-14T14:40:09+00:00","author":{"@id":"https:\/\/blog.zeit.de\/freitext\/#\/schema\/person\/f6dcac12afedd290a819fa49b0076aff"},"breadcrumb":{"@id":"https:\/\/blog.zeit.de\/freitext\/2016\/01\/15\/meta-bene-viecher-identitaet\/#breadcrumb"},"inLanguage":"de","potentialAction":[{"@type":"ReadAction","target":["https:\/\/blog.zeit.de\/freitext\/2016\/01\/15\/meta-bene-viecher-identitaet\/"]}]},{"@type":"BreadcrumbList","@id":"https:\/\/blog.zeit.de\/freitext\/2016\/01\/15\/meta-bene-viecher-identitaet\/#breadcrumb","itemListElement":[{"@type":"ListItem","position":1,"name":"Startseite","item":"https:\/\/blog.zeit.de\/freitext\/"},{"@type":"ListItem","position":2,"name":"Viecher \u00fcber Identit\u00e4t"}]},{"@type":"WebSite","@id":"https:\/\/blog.zeit.de\/freitext\/#website","url":"https:\/\/blog.zeit.de\/freitext\/","name":"Freitext","description":"Feld f\u00fcr literarisches Denken","potentialAction":[{"@type":"SearchAction","target":{"@type":"EntryPoint","urlTemplate":"https:\/\/blog.zeit.de\/freitext\/?s={search_term_string}"},"query-input":"required name=search_term_string"}],"inLanguage":"de"},{"@type":"Person","@id":"https:\/\/blog.zeit.de\/freitext\/#\/schema\/person\/f6dcac12afedd290a819fa49b0076aff","name":"Meta Bene","image":{"@type":"ImageObject","inLanguage":"de","@id":"https:\/\/blog.zeit.de\/freitext\/#\/schema\/person\/image\/","url":"https:\/\/secure.gravatar.com\/avatar\/606dc17258e5f3c31ce5891c714a98444f4999991bf914ef9d0418e04fb71ed3?s=96&d=mm&r=g","contentUrl":"https:\/\/secure.gravatar.com\/avatar\/606dc17258e5f3c31ce5891c714a98444f4999991bf914ef9d0418e04fb71ed3?s=96&d=mm&r=g","caption":"Meta Bene"},"description":"META BENE wird von Robin Thiesmeyer zu Papier gebracht. Nach einem Studium der Philosophie und Politikwissenschaften absolvierte er den Studiengang \"Kreatives Schreiben und Kulturjournalismus\" Universit\u00e4t Hildesheim. Er ver\u00f6ffentlichte Kurzgeschichten und Erz\u00e4hlungen in Zeitschriften und Anthologien. Seit November 2013 zeichnet er META BENE. Seine Kalligrafien finden gro\u00dfe Verbreitung \u00fcber soziale Medien und metabene.de. Das Buch \"Es gibt mehr Sterne als Idioten\" ist gerade im S. Fischer Verlag erschienen.","url":"https:\/\/blog.zeit.de\/freitext\/author\/meta-bene\/"}]}},"jetpack_featured_media_url":"https:\/\/blog.zeit.de\/freitext\/files\/2016\/01\/Viecher_02_identitaet_Titel_2.jpeg","jetpack_sharing_enabled":true,"_links":{"self":[{"href":"https:\/\/blog.zeit.de\/freitext\/wp-json\/wp\/v2\/posts\/2998","targetHints":{"allow":["GET"]}}],"collection":[{"href":"https:\/\/blog.zeit.de\/freitext\/wp-json\/wp\/v2\/posts"}],"about":[{"href":"https:\/\/blog.zeit.de\/freitext\/wp-json\/wp\/v2\/types\/post"}],"author":[{"embeddable":true,"href":"https:\/\/blog.zeit.de\/freitext\/wp-json\/wp\/v2\/users\/1042"}],"replies":[{"embeddable":true,"href":"https:\/\/blog.zeit.de\/freitext\/wp-json\/wp\/v2\/comments?post=2998"}],"version-history":[{"count":5,"href":"https:\/\/blog.zeit.de\/freitext\/wp-json\/wp\/v2\/posts\/2998\/revisions"}],"predecessor-version":[{"id":3011,"href":"https:\/\/blog.zeit.de\/freitext\/wp-json\/wp\/v2\/posts\/2998\/revisions\/3011"}],"wp:featuredmedia":[{"embeddable":true,"href":"https:\/\/blog.zeit.de\/freitext\/wp-json\/wp\/v2\/media\/2999"}],"wp:attachment":[{"href":"https:\/\/blog.zeit.de\/freitext\/wp-json\/wp\/v2\/media?parent=2998"}],"wp:term":[{"taxonomy":"category","embeddable":true,"href":"https:\/\/blog.zeit.de\/freitext\/wp-json\/wp\/v2\/categories?post=2998"},{"taxonomy":"post_tag","embeddable":true,"href":"https:\/\/blog.zeit.de\/freitext\/wp-json\/wp\/v2\/tags?post=2998"}],"curies":[{"name":"wp","href":"https:\/\/api.w.org\/{rel}","templated":true}]}}