{"id":3163,"date":"2016-02-25T14:44:58","date_gmt":"2016-02-25T13:44:58","guid":{"rendered":"http:\/\/www.zeit.de\/freitext\/?p=3163"},"modified":"2016-02-26T14:31:42","modified_gmt":"2016-02-26T13:31:42","slug":"teilen-erziehung-erwachsene-schmidt","status":"publish","type":"post","link":"https:\/\/blog.zeit.de\/freitext\/2016\/02\/25\/teilen-erziehung-erwachsene-schmidt\/","title":{"rendered":"Teilen macht gef\u00e4lligst Spa\u00df"},"content":{"rendered":"<p><strong>Auch wenn die Kleinen jammern: An bestimmten Erziehungsregeln ist einfach nicht zu r\u00fctteln. Aber was passiert, wenn diese Maximen pl\u00f6tzlich auch f\u00fcr Erwachsene gelten?<\/strong><\/p>\n<p><figure id=\"attachment_3229\" aria-describedby=\"caption-attachment-3229\" style=\"width: 620px\" class=\"wp-caption aligncenter\"><img loading=\"lazy\" decoding=\"async\" class=\"wp-image-3229 size-medium\" src=\"http:\/\/blog.zeit.de\/freitext\/freitext\/wp-content\/blogs.dir\/84\/files\/2016\/02\/freitext-schmidt-erziehung-620x413.jpg\" alt=\"freitext-schmidt-erziehung\" width=\"620\" height=\"413\" srcset=\"https:\/\/blog.zeit.de\/freitext\/files\/2016\/02\/freitext-schmidt-erziehung-620x413.jpg 620w, https:\/\/blog.zeit.de\/freitext\/files\/2016\/02\/freitext-schmidt-erziehung-1024x682.jpg 1024w, https:\/\/blog.zeit.de\/freitext\/files\/2016\/02\/freitext-schmidt-erziehung.jpg 2000w\" sizes=\"auto, (max-width: 620px) 100vw, 620px\" \/><figcaption id=\"caption-attachment-3229\" class=\"wp-caption-text\">Sean Gallup\/Getty Images<\/figcaption><\/figure><\/p>\n<p>Neulich sa\u00df ich auf einer Bank im Park und telefonierte, als ein Mann, ungef\u00e4hr in meinem Alter, mir mein Handy wegnehmen wollte. Ich zeterte und schrie, weil ich mein Handy nicht hergeben wollte, aber als meine Frau zuf\u00e4llig in diesem Moment von ihrer Massagestunde zur\u00fcckkam, redete sie auf mich ein: &#8222;Warum gibst du dem Mann denn nicht dein Handy? Der will doch auch mal telefonieren. Du kriegst es ja hinterher gleich wieder. Du kannst doch dein Handy den ganzen Tag alleine benutzen. Teilen macht Spa\u00df.&#8220;<!--more--><\/p>\n<p>&#8222;Aber es ist <em>mein <\/em>Handy!&#8220;<\/p>\n<p>&#8222;Aber das ist nicht nett, wenn man seine Sachen nur f\u00fcr sich alleine haben will. Du willst doch auch mal Freunde haben, da musst du das lernen. Und wenn andere dir was abgeben, freust du dich doch auch.&#8220;<\/p>\n<p>&#8222;Aber das Handy hatte ich mir so lange gew\u00fcnscht!&#8220;<\/p>\n<p>&#8222;Das kann der Mann doch nicht verstehen, der ist doch viel kleiner als du. Siehst du, jetzt weint er.&#8220;<\/p>\n<p>Obwohl ich es irritierend finde, wenn erwachsene M\u00e4nner weinen, \u00fcberlie\u00df ich ihm z\u00e4hneknirschend mein Handy und er telefonierte damit.<\/p>\n<p>&#8222;Siehst du, war das jetzt so schlimm?&#8220;, sagte meine Frau. &#8222;Und n\u00e4chstes Mal bist du gleich ein bisschen netter.&#8220;<\/p>\n<p>Der Mann gab mir mein Handy zur\u00fcck, es war unangenehm warm von seinen Fingern, ich wischte die Schokoladenflecken ab und versteckte es tief in meiner Hosentasche. Am Abend schien die Sache vergessen, ich sa\u00df mit meiner Frau auf der Fernsehcouch und wir sahen unseren t\u00e4glichen Mitschnitt von <em>Sturm der Liebe<\/em>, da klingelte es. Meine Frau \u00f6ffnete, eine attraktive Mittzwanzigerin trat ein und setzte sich zu uns auf die Couch.<\/p>\n<p>&#8222;Wer ist <em>die <\/em>denn?&#8220; fragte meine Frau.<\/p>\n<p>&#8222;Das ist Lysann&#8220;, sagte ich, &#8222;sie wird jetzt bei uns wohnen.&#8220;<\/p>\n<p>&#8222;Wieso denn?&#8220;<\/p>\n<p>&#8222;Ich habe mir eben noch eine Frau gew\u00fcnscht, das ist ganz normal, andere haben sogar noch mehr.&#8220;<\/p>\n<p>&#8222;Aber wo soll sie denn schlafen?&#8220;<\/p>\n<p>&#8222;Sie schl\u00e4ft in unserem Bett und du bekommst dein eigenes Zimmer f\u00fcr dich alleine.&#8220;<\/p>\n<p>&#8222;Ich will nicht, dass die bei uns wohnt&#8220;, sagte meine Frau, den Tr\u00e4nen nahe.<\/p>\n<p>&#8222;Das kann ich verstehen, aber Lysann braucht jetzt viel Aufmerksamkeit, gerade in der ersten Zeit. Sie muss sich doch erst an ihr neues Zuhause gew\u00f6hnen. Zwischen uns wird sich gar nichts \u00e4ndern, ich hab dich genauso lieb wie vorher, wir sind eben nur einer mehr geworden in unserer Familie. Versprichst du mir, dass du vern\u00fcnftig bist? Wir brauchen jetzt deine Hilfe, dass du \u00f6fter mal einkaufen gehst zum Beispiel, oder dass du Lysann deine alten Anziehsachen \u00fcberl\u00e4sst. Freust du dich denn nicht, dass wir jetzt eine neue Frau haben? Sei doch vern\u00fcnftig, du bist doch die \u00e4ltere.&#8220;<\/p>\n<p>_________________<\/p>\n<p><strong><em>Sie m\u00f6chten keinen Freitext verpassen? Aufgrund der gro\u00dfen Nachfrage gibt es jetzt einen Newsletter. <a href=\"http:\/\/bit.ly\/1xjyvzZ\" target=\"_blank\">Hier k\u00f6nnen Sie ihn abonnieren.<\/a><\/em><\/strong><\/p>\n","protected":false},"excerpt":{"rendered":"<p>Auch wenn die Kleinen jammern: An bestimmten Erziehungsregeln ist einfach nicht zu r\u00fctteln. Aber was passiert, wenn diese Maximen pl\u00f6tzlich auch f\u00fcr Erwachsene gelten? [\u2026]<\/p>\n","protected":false},"author":1040,"featured_media":3229,"comment_status":"open","ping_status":"open","sticky":false,"template":"","format":"standard","meta":{"_jetpack_memberships_contains_paid_content":false,"footnotes":""},"categories":[7,5],"tags":[],"class_list":["post-3163","post","type-post","status-publish","format-standard","has-post-thumbnail","hentry","category-gesellschaft-politik","category-schriftstellerleben"],"yoast_head":"<!-- This site is optimized with the Yoast SEO plugin v21.0 - https:\/\/yoast.com\/wordpress\/plugins\/seo\/ -->\n<title>Teilen macht gef\u00e4lligst Spa\u00df - Freitext<\/title>\n<meta name=\"robots\" content=\"index, follow, max-snippet:-1, max-image-preview:large, max-video-preview:-1\" \/>\n<link rel=\"canonical\" href=\"https:\/\/blog.zeit.de\/freitext\/2016\/02\/25\/teilen-erziehung-erwachsene-schmidt\/\" \/>\n<meta property=\"og:locale\" content=\"de_DE\" \/>\n<meta property=\"og:type\" content=\"article\" \/>\n<meta property=\"og:title\" content=\"Teilen macht gef\u00e4lligst Spa\u00df - Freitext\" \/>\n<meta property=\"og:description\" content=\"Auch wenn die Kleinen jammern: An bestimmten Erziehungsregeln ist einfach nicht zu r\u00fctteln. Aber was passiert, wenn diese Maximen pl\u00f6tzlich auch f\u00fcr Erwachsene gelten? [\u2026]\" \/>\n<meta property=\"og:url\" content=\"https:\/\/blog.zeit.de\/freitext\/2016\/02\/25\/teilen-erziehung-erwachsene-schmidt\/\" \/>\n<meta property=\"og:site_name\" content=\"Freitext\" \/>\n<meta property=\"article:published_time\" content=\"2016-02-25T13:44:58+00:00\" \/>\n<meta property=\"article:modified_time\" content=\"2016-02-26T13:31:42+00:00\" \/>\n<meta name=\"author\" content=\"Jochen Schmidt\" \/>\n<meta name=\"twitter:card\" content=\"summary_large_image\" \/>\n<meta name=\"twitter:image\" content=\"https:\/\/blog.zeit.de\/freitext\/files\/2016\/02\/freitext-schmidt-erziehung.jpg\" \/>\n<meta name=\"twitter:label1\" content=\"Geschrieben von\" \/>\n\t<meta name=\"twitter:data1\" content=\"Jochen Schmidt\" \/>\n\t<meta name=\"twitter:label2\" content=\"Gesch\u00e4tzte Lesezeit\" \/>\n\t<meta name=\"twitter:data2\" content=\"3\u00a0Minuten\" \/>\n<script type=\"application\/ld+json\" class=\"yoast-schema-graph\">{\"@context\":\"https:\/\/schema.org\",\"@graph\":[{\"@type\":\"WebPage\",\"@id\":\"https:\/\/blog.zeit.de\/freitext\/2016\/02\/25\/teilen-erziehung-erwachsene-schmidt\/\",\"url\":\"https:\/\/blog.zeit.de\/freitext\/2016\/02\/25\/teilen-erziehung-erwachsene-schmidt\/\",\"name\":\"Teilen macht gef\u00e4lligst Spa\u00df - Freitext\",\"isPartOf\":{\"@id\":\"https:\/\/blog.zeit.de\/freitext\/#website\"},\"datePublished\":\"2016-02-25T13:44:58+00:00\",\"dateModified\":\"2016-02-26T13:31:42+00:00\",\"author\":{\"@id\":\"https:\/\/blog.zeit.de\/freitext\/#\/schema\/person\/610fbf6532b58bd63e0364c87de150f0\"},\"breadcrumb\":{\"@id\":\"https:\/\/blog.zeit.de\/freitext\/2016\/02\/25\/teilen-erziehung-erwachsene-schmidt\/#breadcrumb\"},\"inLanguage\":\"de\",\"potentialAction\":[{\"@type\":\"ReadAction\",\"target\":[\"https:\/\/blog.zeit.de\/freitext\/2016\/02\/25\/teilen-erziehung-erwachsene-schmidt\/\"]}]},{\"@type\":\"BreadcrumbList\",\"@id\":\"https:\/\/blog.zeit.de\/freitext\/2016\/02\/25\/teilen-erziehung-erwachsene-schmidt\/#breadcrumb\",\"itemListElement\":[{\"@type\":\"ListItem\",\"position\":1,\"name\":\"Startseite\",\"item\":\"https:\/\/blog.zeit.de\/freitext\/\"},{\"@type\":\"ListItem\",\"position\":2,\"name\":\"Teilen macht gef\u00e4lligst Spa\u00df\"}]},{\"@type\":\"WebSite\",\"@id\":\"https:\/\/blog.zeit.de\/freitext\/#website\",\"url\":\"https:\/\/blog.zeit.de\/freitext\/\",\"name\":\"Freitext\",\"description\":\"Feld f\u00fcr literarisches Denken\",\"potentialAction\":[{\"@type\":\"SearchAction\",\"target\":{\"@type\":\"EntryPoint\",\"urlTemplate\":\"https:\/\/blog.zeit.de\/freitext\/?s={search_term_string}\"},\"query-input\":\"required name=search_term_string\"}],\"inLanguage\":\"de\"},{\"@type\":\"Person\",\"@id\":\"https:\/\/blog.zeit.de\/freitext\/#\/schema\/person\/610fbf6532b58bd63e0364c87de150f0\",\"name\":\"Jochen Schmidt\",\"image\":{\"@type\":\"ImageObject\",\"inLanguage\":\"de\",\"@id\":\"https:\/\/blog.zeit.de\/freitext\/#\/schema\/person\/image\/\",\"url\":\"https:\/\/secure.gravatar.com\/avatar\/7d911f96a5b94ebd44b11a9b9c216008e5d3f4ae3a54e942122acbe6f23f84e6?s=96&d=mm&r=g\",\"contentUrl\":\"https:\/\/secure.gravatar.com\/avatar\/7d911f96a5b94ebd44b11a9b9c216008e5d3f4ae3a54e942122acbe6f23f84e6?s=96&d=mm&r=g\",\"caption\":\"Jochen Schmidt\"},\"description\":\"Jochen Schmidt, geboren 1970 in Berlin-Friedrichshain. 1999 geh\u00f6rte er zu den Mitbegr\u00fcndern der Leseb\u00fchne \\\"Chaussee der Enthusiasten\\\". Romane (\\\"M\u00fcller haut uns raus\\\", \\\"Schneckenm\u00fchle\\\", \\\"Zuckersand\\\"), Erz\u00e4hlungen (\\\"Triumphgem\u00fcse\\\", \\\"Meine wichtigsten K\u00f6rperfunktionen\\\", \\\"Der W\u00e4chter von Pankow\\\"), Reiseliteratur (Gebrauchsanweisungen f\u00fcr die Bretagne, Rum\u00e4nien, Ostdeutschland). Zu seinen literarischen Hausheiligen z\u00e4hlen Nicholson Baker, Herg\u00e9, Anton Tschechow, Helge Schneider und Marcel Proust, \u00fcber dessen \\\"Suche nach der verlorenen Zeit\\\" er ein Lekt\u00fcretagebuch verfasst hat (\\\"Schmidt liest Proust\\\").\",\"url\":\"https:\/\/blog.zeit.de\/freitext\/author\/jochen-schmidt\/\"}]}<\/script>\n<!-- \/ Yoast SEO plugin. -->","yoast_head_json":{"title":"Teilen macht gef\u00e4lligst Spa\u00df - Freitext","robots":{"index":"index","follow":"follow","max-snippet":"max-snippet:-1","max-image-preview":"max-image-preview:large","max-video-preview":"max-video-preview:-1"},"canonical":"https:\/\/blog.zeit.de\/freitext\/2016\/02\/25\/teilen-erziehung-erwachsene-schmidt\/","og_locale":"de_DE","og_type":"article","og_title":"Teilen macht gef\u00e4lligst Spa\u00df - Freitext","og_description":"Auch wenn die Kleinen jammern: An bestimmten Erziehungsregeln ist einfach nicht zu r\u00fctteln. Aber was passiert, wenn diese Maximen pl\u00f6tzlich auch f\u00fcr Erwachsene gelten? [\u2026]","og_url":"https:\/\/blog.zeit.de\/freitext\/2016\/02\/25\/teilen-erziehung-erwachsene-schmidt\/","og_site_name":"Freitext","article_published_time":"2016-02-25T13:44:58+00:00","article_modified_time":"2016-02-26T13:31:42+00:00","author":"Jochen Schmidt","twitter_card":"summary_large_image","twitter_image":"https:\/\/blog.zeit.de\/freitext\/files\/2016\/02\/freitext-schmidt-erziehung.jpg","twitter_misc":{"Geschrieben von":"Jochen Schmidt","Gesch\u00e4tzte Lesezeit":"3\u00a0Minuten"},"schema":{"@context":"https:\/\/schema.org","@graph":[{"@type":"WebPage","@id":"https:\/\/blog.zeit.de\/freitext\/2016\/02\/25\/teilen-erziehung-erwachsene-schmidt\/","url":"https:\/\/blog.zeit.de\/freitext\/2016\/02\/25\/teilen-erziehung-erwachsene-schmidt\/","name":"Teilen macht gef\u00e4lligst Spa\u00df - Freitext","isPartOf":{"@id":"https:\/\/blog.zeit.de\/freitext\/#website"},"datePublished":"2016-02-25T13:44:58+00:00","dateModified":"2016-02-26T13:31:42+00:00","author":{"@id":"https:\/\/blog.zeit.de\/freitext\/#\/schema\/person\/610fbf6532b58bd63e0364c87de150f0"},"breadcrumb":{"@id":"https:\/\/blog.zeit.de\/freitext\/2016\/02\/25\/teilen-erziehung-erwachsene-schmidt\/#breadcrumb"},"inLanguage":"de","potentialAction":[{"@type":"ReadAction","target":["https:\/\/blog.zeit.de\/freitext\/2016\/02\/25\/teilen-erziehung-erwachsene-schmidt\/"]}]},{"@type":"BreadcrumbList","@id":"https:\/\/blog.zeit.de\/freitext\/2016\/02\/25\/teilen-erziehung-erwachsene-schmidt\/#breadcrumb","itemListElement":[{"@type":"ListItem","position":1,"name":"Startseite","item":"https:\/\/blog.zeit.de\/freitext\/"},{"@type":"ListItem","position":2,"name":"Teilen macht gef\u00e4lligst Spa\u00df"}]},{"@type":"WebSite","@id":"https:\/\/blog.zeit.de\/freitext\/#website","url":"https:\/\/blog.zeit.de\/freitext\/","name":"Freitext","description":"Feld f\u00fcr literarisches Denken","potentialAction":[{"@type":"SearchAction","target":{"@type":"EntryPoint","urlTemplate":"https:\/\/blog.zeit.de\/freitext\/?s={search_term_string}"},"query-input":"required name=search_term_string"}],"inLanguage":"de"},{"@type":"Person","@id":"https:\/\/blog.zeit.de\/freitext\/#\/schema\/person\/610fbf6532b58bd63e0364c87de150f0","name":"Jochen Schmidt","image":{"@type":"ImageObject","inLanguage":"de","@id":"https:\/\/blog.zeit.de\/freitext\/#\/schema\/person\/image\/","url":"https:\/\/secure.gravatar.com\/avatar\/7d911f96a5b94ebd44b11a9b9c216008e5d3f4ae3a54e942122acbe6f23f84e6?s=96&d=mm&r=g","contentUrl":"https:\/\/secure.gravatar.com\/avatar\/7d911f96a5b94ebd44b11a9b9c216008e5d3f4ae3a54e942122acbe6f23f84e6?s=96&d=mm&r=g","caption":"Jochen Schmidt"},"description":"Jochen Schmidt, geboren 1970 in Berlin-Friedrichshain. 1999 geh\u00f6rte er zu den Mitbegr\u00fcndern der Leseb\u00fchne \"Chaussee der Enthusiasten\". Romane (\"M\u00fcller haut uns raus\", \"Schneckenm\u00fchle\", \"Zuckersand\"), Erz\u00e4hlungen (\"Triumphgem\u00fcse\", \"Meine wichtigsten K\u00f6rperfunktionen\", \"Der W\u00e4chter von Pankow\"), Reiseliteratur (Gebrauchsanweisungen f\u00fcr die Bretagne, Rum\u00e4nien, Ostdeutschland). Zu seinen literarischen Hausheiligen z\u00e4hlen Nicholson Baker, Herg\u00e9, Anton Tschechow, Helge Schneider und Marcel Proust, \u00fcber dessen \"Suche nach der verlorenen Zeit\" er ein Lekt\u00fcretagebuch verfasst hat (\"Schmidt liest Proust\").","url":"https:\/\/blog.zeit.de\/freitext\/author\/jochen-schmidt\/"}]}},"jetpack_featured_media_url":"https:\/\/blog.zeit.de\/freitext\/files\/2016\/02\/freitext-schmidt-erziehung.jpg","jetpack_sharing_enabled":true,"_links":{"self":[{"href":"https:\/\/blog.zeit.de\/freitext\/wp-json\/wp\/v2\/posts\/3163","targetHints":{"allow":["GET"]}}],"collection":[{"href":"https:\/\/blog.zeit.de\/freitext\/wp-json\/wp\/v2\/posts"}],"about":[{"href":"https:\/\/blog.zeit.de\/freitext\/wp-json\/wp\/v2\/types\/post"}],"author":[{"embeddable":true,"href":"https:\/\/blog.zeit.de\/freitext\/wp-json\/wp\/v2\/users\/1040"}],"replies":[{"embeddable":true,"href":"https:\/\/blog.zeit.de\/freitext\/wp-json\/wp\/v2\/comments?post=3163"}],"version-history":[{"count":13,"href":"https:\/\/blog.zeit.de\/freitext\/wp-json\/wp\/v2\/posts\/3163\/revisions"}],"predecessor-version":[{"id":3239,"href":"https:\/\/blog.zeit.de\/freitext\/wp-json\/wp\/v2\/posts\/3163\/revisions\/3239"}],"wp:featuredmedia":[{"embeddable":true,"href":"https:\/\/blog.zeit.de\/freitext\/wp-json\/wp\/v2\/media\/3229"}],"wp:attachment":[{"href":"https:\/\/blog.zeit.de\/freitext\/wp-json\/wp\/v2\/media?parent=3163"}],"wp:term":[{"taxonomy":"category","embeddable":true,"href":"https:\/\/blog.zeit.de\/freitext\/wp-json\/wp\/v2\/categories?post=3163"},{"taxonomy":"post_tag","embeddable":true,"href":"https:\/\/blog.zeit.de\/freitext\/wp-json\/wp\/v2\/tags?post=3163"}],"curies":[{"name":"wp","href":"https:\/\/api.w.org\/{rel}","templated":true}]}}