{"id":3323,"date":"2016-03-15T10:34:56","date_gmt":"2016-03-15T09:34:56","guid":{"rendered":"http:\/\/www.zeit.de\/freitext\/?p=3323"},"modified":"2016-03-22T12:08:32","modified_gmt":"2016-03-22T11:08:32","slug":"fdp-afd-landtagswahl","status":"publish","type":"post","link":"https:\/\/blog.zeit.de\/freitext\/2016\/03\/15\/fdp-afd-landtagswahl\/","title":{"rendered":"FDP, das neue Bullerb\u00fc"},"content":{"rendered":"<p><strong>Die FDP feiert die vergangenen Landtagswahlen als Wiederauferstehung. Die Liberalen inszenieren sich nun als Stimme der Vernunft, die Ordnung ins Chaos bringt.\u00a0<\/strong><\/p>\n<p><img loading=\"lazy\" decoding=\"async\" class=\"aligncenter size-medium wp-image-3327\" src=\"http:\/\/blog.zeit.de\/freitext\/freitext\/wp-content\/blogs.dir\/84\/files\/2016\/03\/FDP-Bossong-620x348.jpg\" alt=\"FDP-Bossong\" width=\"620\" height=\"348\" srcset=\"https:\/\/blog.zeit.de\/freitext\/files\/2016\/03\/FDP-Bossong-620x348.jpg 620w, https:\/\/blog.zeit.de\/freitext\/files\/2016\/03\/FDP-Bossong.jpg 1000w\" sizes=\"auto, (max-width: 620px) 100vw, 620px\" \/><\/p>\n<p>Im lauschigen Innenhof des Thomas-Dehler-Hauses ziehen zwei Herren mit magentafarbenem Einsteckt\u00fcchern an ihren Zigaretten. Drinnen laufen die Hochrechnungen zum dritten Mal, alles scheint bereits sicher: Baden-W\u00fcrttemberg 7-8 Prozent, Rheinland-Pfalz 6 Prozent, Sachsen-Anhalt 5 Prozent. Die FDP ist drin, die FDP ist wieder da. Alles, k\u00f6nnte man meinen, ist wieder wie fr\u00fcher, die FDP aus ihrer au\u00dferparlamentarischen Opposition zur\u00fcckgekehrt, ein St\u00fcck alte BRD vor dem endg\u00fcltigen Verschwinden gerettet.<!--more--><\/p>\n<p>Und doch ist alles anders. Daran, dass gr\u00fcnalternativ nicht mehr alternativ ist, sondern Winfried Kretschmann hei\u00dft und konservativer ist als jeder CDU-Herausforderer, dass SPD nicht mehr nur SPD ist, sondern mit Malu Dreyer auch indirekt Merkels Fl\u00fcchtlingspolitik st\u00fctzt, dass CDU sowieso alles ist und am Ende doch haupts\u00e4chlich Merkel, daran haben wir uns l\u00e4ngst gew\u00f6hnt \u2013 sogar an eine pinke, ach nein, magentafarbene FDP. Nur dass rechts nicht mehr rechts ist, sondern sehr rechts, mit manchen Politikern auch rechtsextrem und dass man in Deutschland damit in den Landtag gew\u00e4hlt werden kann, das haben wir so noch nicht erlebt, weder in der alten noch in der neuen BRD.<\/p>\n<p>Nicht einmal hier im Dehler-Haus gibt man sich allzu ausgelassen dem Taumel der Wiedergeburt hin, kurz und laut wird noch einmal die FDP-S\u00e4ule bejubelt, dann aber wird es still. Das letzte Mal war ich hier am Abend der Berlinwahl, in Begleitung von Genosse Marc mit roter Krawatte und eingerollter SPD-Fahne. Auch an dem Sonntag war die Stimmung gedr\u00fcckt gewesen, das hatte aber lediglich am desastr\u00f6sen Abschneiden der FDP gelegen, und diese Sorgen wirken fast wie aus einer anderen Epoche. Das heutige Desaster zieht sich durch alle etablierten Parteien, am wenigsten bekommt die FDP ab, die hat schlie\u00dflich ihre W\u00e4hler nicht verloren, weil sie kaum noch welche hatte \u2013 also auch nicht an die AfD. FDP ist ein Wahlsieger auf ganzer Linie, k\u00f6nnte man meinen, aber so richtig in Feierlaune ist man doch nicht.<\/p>\n<p>&#8222;Schwachk\u00f6pfe&#8220;, sagt einer mit Blick auf die zweistelligen AfD-Ergebnisse.<\/p>\n<p>&#8222;Protestw\u00e4hler&#8220;, versucht es ein anderer zu erkl\u00e4ren, nur sagt das Wort leider \u00fcberhaupt nichts aus. Wieselwort, so h\u00e4tte es der urliberale Friedrich Hayek genannt, ein Kompositum, das eigentlich nicht zusammengeht. Protestieren kann man mit Trillerpfeifen, Zwischenrufen und Demos. Bei der Wahl aber legt man sich politisch fest und zwar f\u00fcr Jahre. Das ist kein Protest, sondern das demokratische Verfahren.<\/p>\n<p>&#8222;Der Messias kommt&#8220;, raunt jemand hinter mir. Durch die Fenster des Treppenhauses sieht man Solms herabsteigen, der ist wohl nicht gemeint. Kurz darauf eilt Christian Lindner die Stufen hinunter. Na dann, Prost, vielleicht kann er ja Wasser in Wein verwandeln.<\/p>\n<p>Erst einmal redet er, das ist schlie\u00dflich seine Leitdisziplin. Auf Facebook werden seine rhetorischen Feuerwerke wie Musikvideos geteilt. Lindner dankt den Spitzenkandidaten Ulrich R\u00fclke, Volker Wissing und Frank Sitta. Ach ja, die gab&#8217;s ja auch noch. Bei dieser Wahl vergisst man st\u00e4ndig, dass es offiziell nicht um die Bundespolitik ging, sondern zum Beispiel um Stra\u00dfenbau in Baden-W\u00fcrttemberg. Aber wie gro\u00df h\u00e4tte der Verkehrskreisel sein m\u00fcssen, der diese Wahlen entschied? Lindner spricht dann auch schnell von dem, was man jetzt von ihm h\u00f6ren will: Distanzierung von der AfD, FDP als Stimme der Vernunft, die Ordnung ins derzeitige Chaos bringt. F\u00e4llt das Wort Demut? Passen w\u00fcrde es jedenfalls zu Lindner, die Vokabel hat er schon bei den Wahlniederlagen der vergangenen Jahre verwandt und jetzt taugt sie f\u00fcr die AfD: Demut in Anbetracht der politischen Lage. Messias halt.<\/p>\n<p>Etwas sp\u00e4ter Liveschaltung ins ARD-Studio: Opposition sei auch wichtig, sagt Lindner. Also keine Koalition mit der FDP? So will er nun auch wieder nicht verstanden werden \u2013 und genie\u00dft ganz offensichtlich, das zu sein, wof\u00fcr die FDP \u00fcber Jahrzehnte stand: Das Z\u00fcnglein an der Wage. Damals gab es Schwarz, Rot und dazwischen die Gelben. Heute hingegen gibt es so viele Mitspieler in den Parlamenten, dass man schnell einen Farbrausch bekommt. Deutschland-Koalition? Ampel-Koalition? Die Chance der FDP w\u00e4re es, durch ihre Auferstehung beweglicher geworden zu sein und sich nicht l\u00e4nger gegen Regierungsb\u00fcndnisse mit der SPD und den Gr\u00fcnen zu sperren, allemal mit einem Gr\u00fcnen wie Kretschmann. Was \u00fcberhaupt gew\u00e4nne R\u00fclke, wenn er Kretschmann als Ministerpr\u00e4sidenten verhinderte? Neuwahlen oder einen blassen Guido Wolf als lachenden Dritten, ist es das, wof\u00fcr die Freien Demokraten so wagemutig mit den Farben auf ihren Wahlplakaten experimentiert haben? Grellgelb, Neonblau und klar, poppiges Magenta \u2013 FDP oder LSD, das blieb die Frage.<\/p>\n<p>&#8222;Wir haben nicht an den R\u00e4ndern gefischt, sondern gezeigt: Die Wahl ist immer noch in der Mitte zu gewinnen&#8220;, sagt Lindner mir, als er vom ARD-Gespr\u00e4ch zur\u00fcck ist und setzt noch hinzu: &#8222;Wir sind nicht eklig geworden.&#8220; Hat er zumindest dar\u00fcber nachgedacht, eklig zu werden, gab es eine Seehofer-Versuchung, einen M\u00f6llemann-Moment? Ehe ich nachfragen kann, dr\u00e4ngelt schon Ex-Pirat und Neu-Liberaler Bernd Schl\u00f6mer, der unbedingt ein Selfie mit Lindner will, und kaum ist das geknipst, st\u00fcrmen zwei aufgeregte Teenagerm\u00e4dchen auf Lindner zu, die kichernd auch noch ein Foto mit ihm wollen. Lindner, der Popstar. Gibt es ihn eigentlich schon als Starschnitt? Politik jedenfalls ist immer auch Popkultur, das hat schon Westerwelle gewusst, nur sah der nicht aus wie Jude Law.<\/p>\n<p>Ich bestelle erstmal ein Pils und f\u00fcr meinen Begleiter ein Hefe, 6 Euro zusammen. Die Brezeln sind bereits aus. Der Raum ist noch immer gerappelt voll. &#8222;Nicht gerade multikulti&#8220;, meint Florian und in der Tat, alle sehen recht \u00e4hnlich aus: Jung, dynamisch, Jeans und Jackett, wie man sich das eben vorstellt. Ein paar \u00c4ltere sind dazwischengeraten, Relikte einer FDP, die noch auf angestaubtes Gelb setzte. Wolfgang Gerhardt steht neben einem der Fernsehbildschirme und ach, sieh an, sogar Dirk Niebel hat sich hergewagt. Die Partei gilt wohl schon als so wiederbelebt, dass man sich schon mal nach einem P\u00f6stchen f\u00fcr 2017 umh\u00f6rt.<\/p>\n<p>Das wirkt an diesem Abend fast beruhigend, eben nach altem Politbetrieb. Sich einfach blo\u00df den Sorgen um die FDP hingeben, wie sch\u00f6n w\u00e4re das. Vor 2017 steht die Landtagswahl in NRW an. W\u00fcrde Lindner sich als Spitzenkandidat aufstellen, k\u00f6nnte er in die R\u00f6ttgenfalle tappen: Niemand n\u00e4hme ihm ab, dass er wirklich im Land bliebe, sollte die FDP auch auf Bundesebene ins Parlament gew\u00e4hlt werden. Und vor NRW steht die Frage, wer statt ihm der Spitzenkandidat f\u00fcr den Landtag werden k\u00f6nnte.<\/p>\n<p>&#8222;Bei der Baden-W\u00fcrttembergischen Landesvertretung ist die Party besser&#8220;, zumindest das wei\u00df ein Herr im besten Alter. Er kommt gerade von dort und hat ansonsten mal f\u00fcr ein Bundesministerium gearbeitet. Florian nickt rhythmisch, ohne richtig zuzuh\u00f6ren.<\/p>\n<p>&#8222;Und Sie sind noch in der Politik jetzt..?&#8220;<\/p>\n<p>Florian sch\u00fcttelt den Kopf.<\/p>\n<p>&#8222;Dass haben Sie Ihrem Mann richtig geraten&#8220;, lobt mich der Partyg\u00e4nger. &#8222;Der ist zu klug f\u00fcr die Politik.&#8220;<\/p>\n<p>Ich l\u00e4chele wissend und frage mich, durch was genau ich zur Ehefrau bef\u00f6rdert worden bin. Lindner gibt ein paar Meter entfernt ein Interview f\u00fcr Phoenix, im Hintergrund laufen Kinder \u00fcber die B\u00fchne. Ob die wohl gecastet seien, fragt mich Florian, so gnadenlos gl\u00fccklich und gesund s\u00e4hen die aus in ihren geringelten Strumpfhosen und bunten Kleidern. Kein Elternteil, das sie zur\u00fcckriefe oder aus dem Bild bugsierte, antiautorit\u00e4r kann man hier schlie\u00dflich auch. Die FDP, das neue Bullerb\u00fc.<\/p>\n<p>Gegen acht ist die Schlange an der Bar so lang, dass wir die Geduld verlieren und einen Kiosk in der N\u00e4he suchen. 6 Euro f\u00fcr zwei Flaschen Bier, auch nicht billiger als bei der FDP. Ich habe noch einen \u00d6ffner der SPD dabei, <em>das Bier gewinnt <\/em>steht darauf, ein Werbegimmick der letzten Bundestagswahl. Geholfen hat es damals nicht, der Kronkorken immerhin l\u00e4sst sich ganz anst\u00e4ndig damit l\u00f6sen.<\/p>\n","protected":false},"excerpt":{"rendered":"<p>Die FDP feiert die vergangenen Landtagswahlen als Wiederauferstehung. Die Liberalen inszenieren sich nun als Stimme der Vernunft, die Ordnung ins Chaos bringt.\u00a0 Im lauschigen [\u2026]<\/p>\n","protected":false},"author":1003,"featured_media":0,"comment_status":"open","ping_status":"open","sticky":false,"template":"","format":"standard","meta":{"_jetpack_memberships_contains_paid_content":false,"footnotes":""},"categories":[7],"tags":[],"class_list":["post-3323","post","type-post","status-publish","format-standard","hentry","category-gesellschaft-politik"],"yoast_head":"<!-- This site is optimized with the Yoast SEO plugin v21.0 - https:\/\/yoast.com\/wordpress\/plugins\/seo\/ -->\n<title>FDP, das neue Bullerb\u00fc - Freitext<\/title>\n<meta name=\"robots\" content=\"index, follow, max-snippet:-1, max-image-preview:large, max-video-preview:-1\" \/>\n<link rel=\"canonical\" href=\"https:\/\/blog.zeit.de\/freitext\/2016\/03\/15\/fdp-afd-landtagswahl\/\" \/>\n<meta property=\"og:locale\" content=\"de_DE\" \/>\n<meta property=\"og:type\" content=\"article\" \/>\n<meta property=\"og:title\" content=\"FDP, das neue Bullerb\u00fc - Freitext\" \/>\n<meta property=\"og:description\" content=\"Die FDP feiert die vergangenen Landtagswahlen als Wiederauferstehung. Die Liberalen inszenieren sich nun als Stimme der Vernunft, die Ordnung ins Chaos bringt.\u00a0 Im lauschigen [\u2026]\" \/>\n<meta property=\"og:url\" content=\"https:\/\/blog.zeit.de\/freitext\/2016\/03\/15\/fdp-afd-landtagswahl\/\" \/>\n<meta property=\"og:site_name\" content=\"Freitext\" \/>\n<meta property=\"article:published_time\" content=\"2016-03-15T09:34:56+00:00\" \/>\n<meta property=\"article:modified_time\" content=\"2016-03-22T11:08:32+00:00\" \/>\n<meta property=\"og:image\" content=\"http:\/\/blog.zeit.de\/freitext\/freitext\/wp-content\/blogs.dir\/84\/files\/2016\/03\/FDP-Bossong-620x348.jpg\" \/>\n<meta name=\"author\" content=\"Nora Bossong\" \/>\n<meta name=\"twitter:card\" content=\"summary_large_image\" \/>\n<meta name=\"twitter:label1\" content=\"Geschrieben von\" \/>\n\t<meta name=\"twitter:data1\" content=\"Nora Bossong\" \/>\n\t<meta name=\"twitter:label2\" content=\"Gesch\u00e4tzte Lesezeit\" \/>\n\t<meta name=\"twitter:data2\" content=\"7\u00a0Minuten\" \/>\n<script type=\"application\/ld+json\" class=\"yoast-schema-graph\">{\"@context\":\"https:\/\/schema.org\",\"@graph\":[{\"@type\":\"WebPage\",\"@id\":\"https:\/\/blog.zeit.de\/freitext\/2016\/03\/15\/fdp-afd-landtagswahl\/\",\"url\":\"https:\/\/blog.zeit.de\/freitext\/2016\/03\/15\/fdp-afd-landtagswahl\/\",\"name\":\"FDP, das neue Bullerb\u00fc - Freitext\",\"isPartOf\":{\"@id\":\"https:\/\/blog.zeit.de\/freitext\/#website\"},\"datePublished\":\"2016-03-15T09:34:56+00:00\",\"dateModified\":\"2016-03-22T11:08:32+00:00\",\"author\":{\"@id\":\"https:\/\/blog.zeit.de\/freitext\/#\/schema\/person\/1b3244cab8a5878c5780459f6a7052f1\"},\"breadcrumb\":{\"@id\":\"https:\/\/blog.zeit.de\/freitext\/2016\/03\/15\/fdp-afd-landtagswahl\/#breadcrumb\"},\"inLanguage\":\"de\",\"potentialAction\":[{\"@type\":\"ReadAction\",\"target\":[\"https:\/\/blog.zeit.de\/freitext\/2016\/03\/15\/fdp-afd-landtagswahl\/\"]}]},{\"@type\":\"BreadcrumbList\",\"@id\":\"https:\/\/blog.zeit.de\/freitext\/2016\/03\/15\/fdp-afd-landtagswahl\/#breadcrumb\",\"itemListElement\":[{\"@type\":\"ListItem\",\"position\":1,\"name\":\"Startseite\",\"item\":\"https:\/\/blog.zeit.de\/freitext\/\"},{\"@type\":\"ListItem\",\"position\":2,\"name\":\"FDP, das neue Bullerb\u00fc\"}]},{\"@type\":\"WebSite\",\"@id\":\"https:\/\/blog.zeit.de\/freitext\/#website\",\"url\":\"https:\/\/blog.zeit.de\/freitext\/\",\"name\":\"Freitext\",\"description\":\"Feld f\u00fcr literarisches Denken\",\"potentialAction\":[{\"@type\":\"SearchAction\",\"target\":{\"@type\":\"EntryPoint\",\"urlTemplate\":\"https:\/\/blog.zeit.de\/freitext\/?s={search_term_string}\"},\"query-input\":\"required name=search_term_string\"}],\"inLanguage\":\"de\"},{\"@type\":\"Person\",\"@id\":\"https:\/\/blog.zeit.de\/freitext\/#\/schema\/person\/1b3244cab8a5878c5780459f6a7052f1\",\"name\":\"Nora Bossong\",\"image\":{\"@type\":\"ImageObject\",\"inLanguage\":\"de\",\"@id\":\"https:\/\/blog.zeit.de\/freitext\/#\/schema\/person\/image\/\",\"url\":\"https:\/\/secure.gravatar.com\/avatar\/6703c44d9b81228655b31ccaa7e32153e316fe7401f8d2b7912cb9dbfe56f4cc?s=96&d=mm&r=g\",\"contentUrl\":\"https:\/\/secure.gravatar.com\/avatar\/6703c44d9b81228655b31ccaa7e32153e316fe7401f8d2b7912cb9dbfe56f4cc?s=96&d=mm&r=g\",\"caption\":\"Nora Bossong\"},\"description\":\"Nora Bossong wurde 1982 in Bremen geboren, sie schreibt Gedichte, Romane und Essays. Im Hanser Verlag erschien der Gedichtband \\\"Sommer vor den Mauern\\\" (2011) und die Romane \\\"Gesellschaft mit beschr\u00e4nkter Haftung\\\" (2012) und \\\"36,9\u00b0\\\". Zuletzt erschien der Reportagenband \\\"Rotlicht\\\".\",\"url\":\"https:\/\/blog.zeit.de\/freitext\/author\/nora-bossong\/\"}]}<\/script>\n<!-- \/ Yoast SEO plugin. -->","yoast_head_json":{"title":"FDP, das neue Bullerb\u00fc - Freitext","robots":{"index":"index","follow":"follow","max-snippet":"max-snippet:-1","max-image-preview":"max-image-preview:large","max-video-preview":"max-video-preview:-1"},"canonical":"https:\/\/blog.zeit.de\/freitext\/2016\/03\/15\/fdp-afd-landtagswahl\/","og_locale":"de_DE","og_type":"article","og_title":"FDP, das neue Bullerb\u00fc - Freitext","og_description":"Die FDP feiert die vergangenen Landtagswahlen als Wiederauferstehung. Die Liberalen inszenieren sich nun als Stimme der Vernunft, die Ordnung ins Chaos bringt.\u00a0 Im lauschigen [\u2026]","og_url":"https:\/\/blog.zeit.de\/freitext\/2016\/03\/15\/fdp-afd-landtagswahl\/","og_site_name":"Freitext","article_published_time":"2016-03-15T09:34:56+00:00","article_modified_time":"2016-03-22T11:08:32+00:00","og_image":[{"url":"http:\/\/blog.zeit.de\/freitext\/freitext\/wp-content\/blogs.dir\/84\/files\/2016\/03\/FDP-Bossong-620x348.jpg"}],"author":"Nora Bossong","twitter_card":"summary_large_image","twitter_misc":{"Geschrieben von":"Nora Bossong","Gesch\u00e4tzte Lesezeit":"7\u00a0Minuten"},"schema":{"@context":"https:\/\/schema.org","@graph":[{"@type":"WebPage","@id":"https:\/\/blog.zeit.de\/freitext\/2016\/03\/15\/fdp-afd-landtagswahl\/","url":"https:\/\/blog.zeit.de\/freitext\/2016\/03\/15\/fdp-afd-landtagswahl\/","name":"FDP, das neue Bullerb\u00fc - Freitext","isPartOf":{"@id":"https:\/\/blog.zeit.de\/freitext\/#website"},"datePublished":"2016-03-15T09:34:56+00:00","dateModified":"2016-03-22T11:08:32+00:00","author":{"@id":"https:\/\/blog.zeit.de\/freitext\/#\/schema\/person\/1b3244cab8a5878c5780459f6a7052f1"},"breadcrumb":{"@id":"https:\/\/blog.zeit.de\/freitext\/2016\/03\/15\/fdp-afd-landtagswahl\/#breadcrumb"},"inLanguage":"de","potentialAction":[{"@type":"ReadAction","target":["https:\/\/blog.zeit.de\/freitext\/2016\/03\/15\/fdp-afd-landtagswahl\/"]}]},{"@type":"BreadcrumbList","@id":"https:\/\/blog.zeit.de\/freitext\/2016\/03\/15\/fdp-afd-landtagswahl\/#breadcrumb","itemListElement":[{"@type":"ListItem","position":1,"name":"Startseite","item":"https:\/\/blog.zeit.de\/freitext\/"},{"@type":"ListItem","position":2,"name":"FDP, das neue Bullerb\u00fc"}]},{"@type":"WebSite","@id":"https:\/\/blog.zeit.de\/freitext\/#website","url":"https:\/\/blog.zeit.de\/freitext\/","name":"Freitext","description":"Feld f\u00fcr literarisches Denken","potentialAction":[{"@type":"SearchAction","target":{"@type":"EntryPoint","urlTemplate":"https:\/\/blog.zeit.de\/freitext\/?s={search_term_string}"},"query-input":"required name=search_term_string"}],"inLanguage":"de"},{"@type":"Person","@id":"https:\/\/blog.zeit.de\/freitext\/#\/schema\/person\/1b3244cab8a5878c5780459f6a7052f1","name":"Nora Bossong","image":{"@type":"ImageObject","inLanguage":"de","@id":"https:\/\/blog.zeit.de\/freitext\/#\/schema\/person\/image\/","url":"https:\/\/secure.gravatar.com\/avatar\/6703c44d9b81228655b31ccaa7e32153e316fe7401f8d2b7912cb9dbfe56f4cc?s=96&d=mm&r=g","contentUrl":"https:\/\/secure.gravatar.com\/avatar\/6703c44d9b81228655b31ccaa7e32153e316fe7401f8d2b7912cb9dbfe56f4cc?s=96&d=mm&r=g","caption":"Nora Bossong"},"description":"Nora Bossong wurde 1982 in Bremen geboren, sie schreibt Gedichte, Romane und Essays. Im Hanser Verlag erschien der Gedichtband \"Sommer vor den Mauern\" (2011) und die Romane \"Gesellschaft mit beschr\u00e4nkter Haftung\" (2012) und \"36,9\u00b0\". Zuletzt erschien der Reportagenband \"Rotlicht\".","url":"https:\/\/blog.zeit.de\/freitext\/author\/nora-bossong\/"}]}},"jetpack_featured_media_url":"","jetpack_sharing_enabled":true,"_links":{"self":[{"href":"https:\/\/blog.zeit.de\/freitext\/wp-json\/wp\/v2\/posts\/3323","targetHints":{"allow":["GET"]}}],"collection":[{"href":"https:\/\/blog.zeit.de\/freitext\/wp-json\/wp\/v2\/posts"}],"about":[{"href":"https:\/\/blog.zeit.de\/freitext\/wp-json\/wp\/v2\/types\/post"}],"author":[{"embeddable":true,"href":"https:\/\/blog.zeit.de\/freitext\/wp-json\/wp\/v2\/users\/1003"}],"replies":[{"embeddable":true,"href":"https:\/\/blog.zeit.de\/freitext\/wp-json\/wp\/v2\/comments?post=3323"}],"version-history":[{"count":10,"href":"https:\/\/blog.zeit.de\/freitext\/wp-json\/wp\/v2\/posts\/3323\/revisions"}],"predecessor-version":[{"id":3367,"href":"https:\/\/blog.zeit.de\/freitext\/wp-json\/wp\/v2\/posts\/3323\/revisions\/3367"}],"wp:attachment":[{"href":"https:\/\/blog.zeit.de\/freitext\/wp-json\/wp\/v2\/media?parent=3323"}],"wp:term":[{"taxonomy":"category","embeddable":true,"href":"https:\/\/blog.zeit.de\/freitext\/wp-json\/wp\/v2\/categories?post=3323"},{"taxonomy":"post_tag","embeddable":true,"href":"https:\/\/blog.zeit.de\/freitext\/wp-json\/wp\/v2\/tags?post=3323"}],"curies":[{"name":"wp","href":"https:\/\/api.w.org\/{rel}","templated":true}]}}