{"id":3351,"date":"2016-03-18T08:51:59","date_gmt":"2016-03-18T07:51:59","guid":{"rendered":"http:\/\/www.zeit.de\/freitext\/?p=3351"},"modified":"2016-03-18T08:52:43","modified_gmt":"2016-03-18T07:52:43","slug":"viecher-uber-smalltalk","status":"publish","type":"post","link":"https:\/\/blog.zeit.de\/freitext\/2016\/03\/18\/viecher-uber-smalltalk\/","title":{"rendered":"Viecher \u00fcber Smalltalk"},"content":{"rendered":"<p><strong>Die Welt ist kalt und ungem\u00fctlich? Auch an Ihrem Arbeitsplatz? Da hilft nur eins: Reden Sie mit Ihren Mitmenschen und Mittieren.<\/strong><\/p>\n<p><img loading=\"lazy\" decoding=\"async\" class=\"aligncenter size-medium wp-image-3352\" src=\"http:\/\/blog.zeit.de\/freitext\/freitext\/wp-content\/blogs.dir\/84\/files\/2016\/03\/Viecher_11_smalltalk_titel-620x349.jpg\" alt=\"Viecher_11_smalltalk_titel\" width=\"620\" height=\"349\" srcset=\"https:\/\/blog.zeit.de\/freitext\/files\/2016\/03\/Viecher_11_smalltalk_titel-620x349.jpg 620w, https:\/\/blog.zeit.de\/freitext\/files\/2016\/03\/Viecher_11_smalltalk_titel-1024x576.jpg 1024w, https:\/\/blog.zeit.de\/freitext\/files\/2016\/03\/Viecher_11_smalltalk_titel.jpg 1890w\" sizes=\"auto, (max-width: 620px) 100vw, 620px\" \/><!--more--><\/p>\n<p><img loading=\"lazy\" decoding=\"async\" class=\"aligncenter wp-image-3353\" src=\"http:\/\/blog.zeit.de\/freitext\/freitext\/wp-content\/blogs.dir\/84\/files\/2016\/03\/Viercher_11_smalltalk_cartoon-427x800.jpg\" alt=\"Viercher_11_smalltalk_cartoon\" width=\"620\" height=\"1163\" srcset=\"https:\/\/blog.zeit.de\/freitext\/files\/2016\/03\/Viercher_11_smalltalk_cartoon-427x800.jpg 427w, https:\/\/blog.zeit.de\/freitext\/files\/2016\/03\/Viercher_11_smalltalk_cartoon-546x1024.jpg 546w, https:\/\/blog.zeit.de\/freitext\/files\/2016\/03\/Viercher_11_smalltalk_cartoon.jpg 1890w\" sizes=\"auto, (max-width: 620px) 100vw, 620px\" \/><\/p>\n","protected":false},"excerpt":{"rendered":"<p>Die Welt ist kalt und ungem\u00fctlich? Auch an Ihrem Arbeitsplatz? Da hilft nur eins: Reden Sie mit Ihren Mitmenschen und Mittieren.<\/p>\n","protected":false},"author":1042,"featured_media":3226,"comment_status":"open","ping_status":"open","sticky":false,"template":"","format":"standard","meta":{"_jetpack_memberships_contains_paid_content":false,"footnotes":""},"categories":[11],"tags":[],"class_list":["post-3351","post","type-post","status-publish","format-standard","has-post-thumbnail","hentry","category-satiere"],"yoast_head":"<!-- This site is optimized with the Yoast SEO plugin v21.0 - https:\/\/yoast.com\/wordpress\/plugins\/seo\/ -->\n<title>Viecher \u00fcber Smalltalk - Freitext<\/title>\n<meta name=\"robots\" content=\"index, follow, max-snippet:-1, max-image-preview:large, max-video-preview:-1\" \/>\n<link rel=\"canonical\" href=\"https:\/\/blog.zeit.de\/freitext\/2016\/03\/18\/viecher-uber-smalltalk\/\" \/>\n<meta property=\"og:locale\" content=\"de_DE\" \/>\n<meta property=\"og:type\" content=\"article\" \/>\n<meta property=\"og:title\" content=\"Viecher \u00fcber Smalltalk - Freitext\" \/>\n<meta property=\"og:description\" content=\"Die Welt ist kalt und ungem\u00fctlich? Auch an Ihrem Arbeitsplatz? Da hilft nur eins: Reden Sie mit Ihren Mitmenschen und Mittieren.\" \/>\n<meta property=\"og:url\" content=\"https:\/\/blog.zeit.de\/freitext\/2016\/03\/18\/viecher-uber-smalltalk\/\" \/>\n<meta property=\"og:site_name\" content=\"Freitext\" \/>\n<meta property=\"article:published_time\" content=\"2016-03-18T07:51:59+00:00\" \/>\n<meta property=\"article:modified_time\" content=\"2016-03-18T07:52:43+00:00\" \/>\n<meta name=\"author\" content=\"Meta Bene\" \/>\n<meta name=\"twitter:card\" content=\"summary_large_image\" \/>\n<meta name=\"twitter:image\" content=\"https:\/\/blog.zeit.de\/freitext\/files\/2016\/02\/freitext-metabene-pinguin.jpg\" \/>\n<meta name=\"twitter:label1\" content=\"Geschrieben von\" \/>\n\t<meta name=\"twitter:data1\" content=\"Meta Bene\" \/>\n<script type=\"application\/ld+json\" class=\"yoast-schema-graph\">{\"@context\":\"https:\/\/schema.org\",\"@graph\":[{\"@type\":\"WebPage\",\"@id\":\"https:\/\/blog.zeit.de\/freitext\/2016\/03\/18\/viecher-uber-smalltalk\/\",\"url\":\"https:\/\/blog.zeit.de\/freitext\/2016\/03\/18\/viecher-uber-smalltalk\/\",\"name\":\"Viecher \u00fcber Smalltalk - Freitext\",\"isPartOf\":{\"@id\":\"https:\/\/blog.zeit.de\/freitext\/#website\"},\"datePublished\":\"2016-03-18T07:51:59+00:00\",\"dateModified\":\"2016-03-18T07:52:43+00:00\",\"author\":{\"@id\":\"https:\/\/blog.zeit.de\/freitext\/#\/schema\/person\/f6dcac12afedd290a819fa49b0076aff\"},\"breadcrumb\":{\"@id\":\"https:\/\/blog.zeit.de\/freitext\/2016\/03\/18\/viecher-uber-smalltalk\/#breadcrumb\"},\"inLanguage\":\"de\",\"potentialAction\":[{\"@type\":\"ReadAction\",\"target\":[\"https:\/\/blog.zeit.de\/freitext\/2016\/03\/18\/viecher-uber-smalltalk\/\"]}]},{\"@type\":\"BreadcrumbList\",\"@id\":\"https:\/\/blog.zeit.de\/freitext\/2016\/03\/18\/viecher-uber-smalltalk\/#breadcrumb\",\"itemListElement\":[{\"@type\":\"ListItem\",\"position\":1,\"name\":\"Startseite\",\"item\":\"https:\/\/blog.zeit.de\/freitext\/\"},{\"@type\":\"ListItem\",\"position\":2,\"name\":\"Viecher \u00fcber Smalltalk\"}]},{\"@type\":\"WebSite\",\"@id\":\"https:\/\/blog.zeit.de\/freitext\/#website\",\"url\":\"https:\/\/blog.zeit.de\/freitext\/\",\"name\":\"Freitext\",\"description\":\"Feld f\u00fcr literarisches Denken\",\"potentialAction\":[{\"@type\":\"SearchAction\",\"target\":{\"@type\":\"EntryPoint\",\"urlTemplate\":\"https:\/\/blog.zeit.de\/freitext\/?s={search_term_string}\"},\"query-input\":\"required name=search_term_string\"}],\"inLanguage\":\"de\"},{\"@type\":\"Person\",\"@id\":\"https:\/\/blog.zeit.de\/freitext\/#\/schema\/person\/f6dcac12afedd290a819fa49b0076aff\",\"name\":\"Meta Bene\",\"image\":{\"@type\":\"ImageObject\",\"inLanguage\":\"de\",\"@id\":\"https:\/\/blog.zeit.de\/freitext\/#\/schema\/person\/image\/\",\"url\":\"https:\/\/secure.gravatar.com\/avatar\/606dc17258e5f3c31ce5891c714a98444f4999991bf914ef9d0418e04fb71ed3?s=96&d=mm&r=g\",\"contentUrl\":\"https:\/\/secure.gravatar.com\/avatar\/606dc17258e5f3c31ce5891c714a98444f4999991bf914ef9d0418e04fb71ed3?s=96&d=mm&r=g\",\"caption\":\"Meta Bene\"},\"description\":\"META BENE wird von Robin Thiesmeyer zu Papier gebracht. Nach einem Studium der Philosophie und Politikwissenschaften absolvierte er den Studiengang \\\"Kreatives Schreiben und Kulturjournalismus\\\" Universit\u00e4t Hildesheim. Er ver\u00f6ffentlichte Kurzgeschichten und Erz\u00e4hlungen in Zeitschriften und Anthologien. Seit November 2013 zeichnet er META BENE. Seine Kalligrafien finden gro\u00dfe Verbreitung \u00fcber soziale Medien und metabene.de. Das Buch \\\"Es gibt mehr Sterne als Idioten\\\" ist gerade im S. Fischer Verlag erschienen.\",\"url\":\"https:\/\/blog.zeit.de\/freitext\/author\/meta-bene\/\"}]}<\/script>\n<!-- \/ Yoast SEO plugin. -->","yoast_head_json":{"title":"Viecher \u00fcber Smalltalk - Freitext","robots":{"index":"index","follow":"follow","max-snippet":"max-snippet:-1","max-image-preview":"max-image-preview:large","max-video-preview":"max-video-preview:-1"},"canonical":"https:\/\/blog.zeit.de\/freitext\/2016\/03\/18\/viecher-uber-smalltalk\/","og_locale":"de_DE","og_type":"article","og_title":"Viecher \u00fcber Smalltalk - Freitext","og_description":"Die Welt ist kalt und ungem\u00fctlich? Auch an Ihrem Arbeitsplatz? Da hilft nur eins: Reden Sie mit Ihren Mitmenschen und Mittieren.","og_url":"https:\/\/blog.zeit.de\/freitext\/2016\/03\/18\/viecher-uber-smalltalk\/","og_site_name":"Freitext","article_published_time":"2016-03-18T07:51:59+00:00","article_modified_time":"2016-03-18T07:52:43+00:00","author":"Meta Bene","twitter_card":"summary_large_image","twitter_image":"https:\/\/blog.zeit.de\/freitext\/files\/2016\/02\/freitext-metabene-pinguin.jpg","twitter_misc":{"Geschrieben von":"Meta Bene"},"schema":{"@context":"https:\/\/schema.org","@graph":[{"@type":"WebPage","@id":"https:\/\/blog.zeit.de\/freitext\/2016\/03\/18\/viecher-uber-smalltalk\/","url":"https:\/\/blog.zeit.de\/freitext\/2016\/03\/18\/viecher-uber-smalltalk\/","name":"Viecher \u00fcber Smalltalk - Freitext","isPartOf":{"@id":"https:\/\/blog.zeit.de\/freitext\/#website"},"datePublished":"2016-03-18T07:51:59+00:00","dateModified":"2016-03-18T07:52:43+00:00","author":{"@id":"https:\/\/blog.zeit.de\/freitext\/#\/schema\/person\/f6dcac12afedd290a819fa49b0076aff"},"breadcrumb":{"@id":"https:\/\/blog.zeit.de\/freitext\/2016\/03\/18\/viecher-uber-smalltalk\/#breadcrumb"},"inLanguage":"de","potentialAction":[{"@type":"ReadAction","target":["https:\/\/blog.zeit.de\/freitext\/2016\/03\/18\/viecher-uber-smalltalk\/"]}]},{"@type":"BreadcrumbList","@id":"https:\/\/blog.zeit.de\/freitext\/2016\/03\/18\/viecher-uber-smalltalk\/#breadcrumb","itemListElement":[{"@type":"ListItem","position":1,"name":"Startseite","item":"https:\/\/blog.zeit.de\/freitext\/"},{"@type":"ListItem","position":2,"name":"Viecher \u00fcber Smalltalk"}]},{"@type":"WebSite","@id":"https:\/\/blog.zeit.de\/freitext\/#website","url":"https:\/\/blog.zeit.de\/freitext\/","name":"Freitext","description":"Feld f\u00fcr literarisches Denken","potentialAction":[{"@type":"SearchAction","target":{"@type":"EntryPoint","urlTemplate":"https:\/\/blog.zeit.de\/freitext\/?s={search_term_string}"},"query-input":"required name=search_term_string"}],"inLanguage":"de"},{"@type":"Person","@id":"https:\/\/blog.zeit.de\/freitext\/#\/schema\/person\/f6dcac12afedd290a819fa49b0076aff","name":"Meta Bene","image":{"@type":"ImageObject","inLanguage":"de","@id":"https:\/\/blog.zeit.de\/freitext\/#\/schema\/person\/image\/","url":"https:\/\/secure.gravatar.com\/avatar\/606dc17258e5f3c31ce5891c714a98444f4999991bf914ef9d0418e04fb71ed3?s=96&d=mm&r=g","contentUrl":"https:\/\/secure.gravatar.com\/avatar\/606dc17258e5f3c31ce5891c714a98444f4999991bf914ef9d0418e04fb71ed3?s=96&d=mm&r=g","caption":"Meta Bene"},"description":"META BENE wird von Robin Thiesmeyer zu Papier gebracht. Nach einem Studium der Philosophie und Politikwissenschaften absolvierte er den Studiengang \"Kreatives Schreiben und Kulturjournalismus\" Universit\u00e4t Hildesheim. Er ver\u00f6ffentlichte Kurzgeschichten und Erz\u00e4hlungen in Zeitschriften und Anthologien. Seit November 2013 zeichnet er META BENE. Seine Kalligrafien finden gro\u00dfe Verbreitung \u00fcber soziale Medien und metabene.de. Das Buch \"Es gibt mehr Sterne als Idioten\" ist gerade im S. Fischer Verlag erschienen.","url":"https:\/\/blog.zeit.de\/freitext\/author\/meta-bene\/"}]}},"jetpack_featured_media_url":"https:\/\/blog.zeit.de\/freitext\/files\/2016\/02\/freitext-metabene-pinguin.jpg","jetpack_sharing_enabled":true,"_links":{"self":[{"href":"https:\/\/blog.zeit.de\/freitext\/wp-json\/wp\/v2\/posts\/3351","targetHints":{"allow":["GET"]}}],"collection":[{"href":"https:\/\/blog.zeit.de\/freitext\/wp-json\/wp\/v2\/posts"}],"about":[{"href":"https:\/\/blog.zeit.de\/freitext\/wp-json\/wp\/v2\/types\/post"}],"author":[{"embeddable":true,"href":"https:\/\/blog.zeit.de\/freitext\/wp-json\/wp\/v2\/users\/1042"}],"replies":[{"embeddable":true,"href":"https:\/\/blog.zeit.de\/freitext\/wp-json\/wp\/v2\/comments?post=3351"}],"version-history":[{"count":7,"href":"https:\/\/blog.zeit.de\/freitext\/wp-json\/wp\/v2\/posts\/3351\/revisions"}],"predecessor-version":[{"id":3360,"href":"https:\/\/blog.zeit.de\/freitext\/wp-json\/wp\/v2\/posts\/3351\/revisions\/3360"}],"wp:featuredmedia":[{"embeddable":true,"href":"https:\/\/blog.zeit.de\/freitext\/wp-json\/wp\/v2\/media\/3226"}],"wp:attachment":[{"href":"https:\/\/blog.zeit.de\/freitext\/wp-json\/wp\/v2\/media?parent=3351"}],"wp:term":[{"taxonomy":"category","embeddable":true,"href":"https:\/\/blog.zeit.de\/freitext\/wp-json\/wp\/v2\/categories?post=3351"},{"taxonomy":"post_tag","embeddable":true,"href":"https:\/\/blog.zeit.de\/freitext\/wp-json\/wp\/v2\/tags?post=3351"}],"curies":[{"name":"wp","href":"https:\/\/api.w.org\/{rel}","templated":true}]}}