{"id":3516,"date":"2016-04-15T11:55:43","date_gmt":"2016-04-15T09:55:43","guid":{"rendered":"http:\/\/www.zeit.de\/freitext\/?p=3516"},"modified":"2016-04-15T14:02:09","modified_gmt":"2016-04-15T12:02:09","slug":"hitler-mein-kampf-bestsellerliste-bossong","status":"publish","type":"post","link":"https:\/\/blog.zeit.de\/freitext\/2016\/04\/15\/hitler-mein-kampf-bestsellerliste-bossong\/","title":{"rendered":"Jetzt ist er wirklich wieder da"},"content":{"rendered":"<p><strong>Die kommentierte Ausgabe von Hitlers &#8222;Mein Kampf&#8220; steht auf Platz 1 der Bestsellerliste. Erstaunlich, wie viele politikinteressierte Leser es neuerdings doch gibt.<\/strong><\/p>\n<p><figure id=\"attachment_3521\" aria-describedby=\"caption-attachment-3521\" style=\"width: 640px\" class=\"wp-caption aligncenter\"><img loading=\"lazy\" decoding=\"async\" class=\"wp-image-3521 size-large\" src=\"http:\/\/blog.zeit.de\/freitext\/freitext\/wp-content\/blogs.dir\/84\/files\/2016\/04\/freitext-kommentierte-ausgabe-mein-kampf-1024x682.jpg\" alt=\"Adolf Hitler: Jetzt ist er wirklich wieder da\" width=\"640\" height=\"426\" srcset=\"https:\/\/blog.zeit.de\/freitext\/files\/2016\/04\/freitext-kommentierte-ausgabe-mein-kampf-1024x682.jpg 1024w, https:\/\/blog.zeit.de\/freitext\/files\/2016\/04\/freitext-kommentierte-ausgabe-mein-kampf-620x413.jpg 620w, https:\/\/blog.zeit.de\/freitext\/files\/2016\/04\/freitext-kommentierte-ausgabe-mein-kampf.jpg 2000w\" sizes=\"auto, (max-width: 640px) 100vw, 640px\" \/><figcaption id=\"caption-attachment-3521\" class=\"wp-caption-text\">\u00a9 Johannes Simon\/Getty Images<\/figcaption><\/figure><\/p>\n<p>Memoiren, da k\u00f6nnen wir von den US-Amerikanern einiges lernen, sind das literarische Genre, das auch in Zeiten der st\u00e4ndig proklamierten Buchmarktkrise zieht: Erinnerungen von Menschen, die uns glauben machen, sie h\u00e4tten viel erlebt, Staatsm\u00e4nner zum Beispiel, aber auch das ganz Private steht hoch im Kurs, Schicksalsgeschichten, die uns ans Herz gehen. <!--more--><\/p>\n<p>Einer hat in dieser Hinsicht alles richtig gemacht: Erinnerungen ans Elternhaus, politisches R\u00e4sonieren, Lebensbericht und obendrauf ein wenig Verschw\u00f6rungstheorie, das volle Programm ist zu haben in <em>Mein Kampf<\/em>, au\u00dferdem ist der Autor noch immer der bekannteste Deutsche \u2013 und das als \u00d6sterreicher. Kein Wunder also oder doch typisch deutsch? In der Woche des 127. F\u00fchrergeburtstags wird die <a href=\"http:\/\/www.buchreport.de\/bestseller.htm\">Spiegelbestsellerliste<\/a> wieder von seinen Gef\u00e4ngnisschriften mit dem martialisch eing\u00e4ngigen Titel <em>Mein Kampf<\/em> angef\u00fchrt.<\/p>\n<p>Haben wir darauf tats\u00e4chlich gewartet? Seien wir ehrlich: Irgendwie schon. Zumindest ein ganz klein wenig entt\u00e4uscht w\u00e4ren wir gewesen, wenn das verbotenste Buch deutscher Sprache einfach so sang- und klanglos untergegangen w\u00e4re bei seiner Neuerscheinung. Siebzig Jahre durften wir nicht, jetzt endlich, nach langen Debatten, moralischem F\u00fcr und Wider und 3.600 Fu\u00dfnoten steht es wieder ganz offiziell im B\u00fccherregal \u2013 neben der Ausgabe von 1942 mit der Widmung <em>f\u00fcr Hermann<\/em>. Denn haben konnte es ja, wer denn unbedingt wollte: Ob aus dem Antiquariat um die Ecke (&#8222;Das gebe ich aber wirklich nur Ihnen&#8220;) oder aus dem Familienfundus, der auf dem Speicher vor sich hin rottet (&#8222;Ich wei\u00df gar nicht, was da oben alles noch liegt&#8220;), oder ausgedruckt aus dem Internet, von Seiten mit zutraulichen Namen wie deutschermensch.com, wo man die 855. Auflage aus dem Jahr 1943 findet, ohne die l\u00e4stigen Fu\u00dfnoten der kritischen Ausgabe, die den Lesefluss so peinlich st\u00f6ren.<\/p>\n<p>Ein paar Wochen Anlauf hat es gebraucht, der Verlag verzichtete schlie\u00dflich auf Werbung. Ein paar Wochen, in denen sich erst herumsprechen musste, dass es tats\u00e4chlich, also wirklich, ne jetzt mal im Ernst, wieder zu kaufen ist, oberhalb der Ladentheke. Beharrlich hat es sich nach vorne gearbeitet. Platz 8, Platz 5. Nun ist Adolf Hitler wieder ganz vorne: Platz 1 der Sachbuchliste des Spiegels<em>. <\/em>Sachbuch? Nun ja. Na klar. Geschichte geht uns alle an und schlie\u00dflich wird das Buch &#8222;in erster Linie von geschichts- und politikinteressierten Lesern&#8220; gekauft, wie es <a href=\"http:\/\/www.zeit.de\/wissen\/geschichte\/2016-02\/adolf-hitler-mein-kampf-bestseller-nationalsozialismus-buch\">von Seiten des Buchhandels hei\u00dft<\/a>.<\/p>\n<p>Erstaunlich, wie viele geschichts- und politikinteressierte Leser es neuerdings in Deutschland gibt. Das geht vielleicht nur ganz zuf\u00e4llig mit der so emphatischen Repolitisierung \u00e0 la AfD einher. Aber es ist nat\u00fcrlich, alles in allem, erfreulich, denn lesen bildet. Polemik gegen den Parlamentarismus kann man da zum Beispiel nachlesen, die ist ja grad hoch im Kurs. Auch mit dem Schlagwort Rassenkampf lie\u00dfe sich in mancher von 0,2 Prozent Ausl\u00e4nderanteil terrorisierten Region wieder punkten. Aber man darf die Leser nat\u00fcrlich nicht \u00fcber einen Kamm scheren, auch um die kritische Auseinandersetzung mit Hitler wird es vielen von ihnen gehen. Vermutlich hat Alexander Gauland ein wenig in der neuen Ausgabe geschm\u00f6kert, ehe er sich in der aktuellen ZEIT zu seiner luziden F\u00fchreranalyse aufraffte: Auschwitz habe viel in uns Deutschen zerst\u00f6rt, meint der AfD-Politiker, nicht mal nationalstolz d\u00fcrften wir seither noch sein. Ja, verdammt noch eins. Schuld an allem jedenfalls: Hitler.<\/p>\n<p>Ein wenig schmuddelig ist es ja doch noch, dieses Buch, wie ein Pornoheft, das man sich im Onlineshop (garantiert diskrete Verpackung!) bestellt, nur mal so zum Reingucken, versteht sich. Hat das Verbot wom\u00f6glich alles noch aufregender gemacht? Andere L\u00e4nder und Sprachen sind im Umgang mit den F\u00fchrer-Meditationen schon lange legerer. In der T\u00fcrkei brachten es 2004 gleich 15 verschiedene Verlage auf den Markt, im arabischen Sprachraum ist es ein Evergreen und in der australischen Version des Projekts Gutenberg kann man es online lesen. In Rom liegt <em>Mein<\/em> <em>Kampf <\/em>auf jedem Freiluft-Grabbeltisch, in den Touristenstra\u00dfen neben gef\u00e4lschten Louis-Vuitton-Taschen und laminierten Postern, Motiv Katze oder Mussolini. Ein liebloses Taschenbuch, schlecht gedruckt auf billigem Papier, der Titel allerdings sorgsam in Fraktur gesetzt, als Souvenir fast so beliebt wie die Gipsminiatur vom Colosseum. Deutschland oder Italien, Achsenmacht ist Achsenmacht, und die Reise dorthin war ein Erlebnis, an das man sich daheim in Michigan, Melbourne und Moskau gerne zur\u00fcckerinnert.<\/p>\n<p>Wird auch die deutsche Ausgabe ein solcher Erfolg in der Tourismusbranche werden? Steht bald in jedem zweiten Pekinger Wohnzimmer ein Exemplar neben Marx und Engels, mitgebracht von der Fernreise Heidelberg-Neuschwanstein-Oktoberfest? Wie auch immer es im Ausland ankommt, zumindest hierzulande k\u00f6nnen wir das Werk endlich wieder unter den Weihnachtsbaum legen. Und nicht vergessen: Am 8. Mai ist Muttertag!<\/p>\n<p>_________________<\/p>\n<p><strong><em>Sie m\u00f6chten keinen Freitext verpassen? Aufgrund der gro\u00dfen Nachfrage gibt es jetzt einen Newsletter. <a href=\"http:\/\/bit.ly\/1xjyvzZ\" target=\"_blank\">Hier k\u00f6nnen Sie ihn abonnieren.<\/a><\/em><\/strong><\/p>\n","protected":false},"excerpt":{"rendered":"<p>Die kommentierte Ausgabe von Hitlers &#8222;Mein Kampf&#8220; steht auf Platz 1 der Bestsellerliste. Erstaunlich, wie viele politikinteressierte Leser es neuerdings doch gibt. Memoiren, da [\u2026]<\/p>\n","protected":false},"author":1003,"featured_media":3521,"comment_status":"open","ping_status":"open","sticky":false,"template":"","format":"standard","meta":{"_jetpack_memberships_contains_paid_content":false,"footnotes":""},"categories":[7,5],"tags":[],"class_list":["post-3516","post","type-post","status-publish","format-standard","has-post-thumbnail","hentry","category-gesellschaft-politik","category-schriftstellerleben"],"yoast_head":"<!-- This site is optimized with the Yoast SEO plugin v21.0 - https:\/\/yoast.com\/wordpress\/plugins\/seo\/ -->\n<title>Adolf Hitler: Jetzt ist er wirklich wieder da<\/title>\n<meta name=\"description\" content=\"Die kommentierte Ausgabe von Adolf Hitlers &quot;Mein Kampf&quot; steht auf Platz 1 der Bestellerliste. Erstaunlich, wie viele politikinteressierte Leser es gibt.\" \/>\n<meta name=\"robots\" content=\"index, follow, max-snippet:-1, max-image-preview:large, max-video-preview:-1\" \/>\n<link rel=\"canonical\" href=\"https:\/\/blog.zeit.de\/freitext\/2016\/04\/15\/hitler-mein-kampf-bestsellerliste-bossong\/\" \/>\n<meta property=\"og:locale\" content=\"de_DE\" \/>\n<meta property=\"og:type\" content=\"article\" \/>\n<meta property=\"og:title\" content=\"Adolf Hitler: Jetzt ist er wirklich wieder da\" \/>\n<meta property=\"og:description\" content=\"Die kommentierte Ausgabe von Adolf Hitlers &quot;Mein Kampf&quot; steht auf Platz 1 der Bestellerliste. Erstaunlich, wie viele politikinteressierte Leser es gibt.\" \/>\n<meta property=\"og:url\" content=\"https:\/\/blog.zeit.de\/freitext\/2016\/04\/15\/hitler-mein-kampf-bestsellerliste-bossong\/\" \/>\n<meta property=\"og:site_name\" content=\"Freitext\" \/>\n<meta property=\"article:published_time\" content=\"2016-04-15T09:55:43+00:00\" \/>\n<meta property=\"article:modified_time\" content=\"2016-04-15T12:02:09+00:00\" \/>\n<meta name=\"author\" content=\"Nora Bossong\" \/>\n<meta name=\"twitter:card\" content=\"summary_large_image\" \/>\n<meta name=\"twitter:image\" content=\"http:\/\/blog.zeit.de\/freitext\/freitext\/wp-content\/blogs.dir\/84\/files\/2016\/04\/freitext-kommentierte-ausgabe-mein-kampf.jpg\" \/>\n<meta name=\"twitter:label1\" content=\"Geschrieben von\" \/>\n\t<meta name=\"twitter:data1\" content=\"Nora Bossong\" \/>\n\t<meta name=\"twitter:label2\" content=\"Gesch\u00e4tzte Lesezeit\" \/>\n\t<meta name=\"twitter:data2\" content=\"4\u00a0Minuten\" \/>\n<script type=\"application\/ld+json\" class=\"yoast-schema-graph\">{\"@context\":\"https:\/\/schema.org\",\"@graph\":[{\"@type\":\"WebPage\",\"@id\":\"https:\/\/blog.zeit.de\/freitext\/2016\/04\/15\/hitler-mein-kampf-bestsellerliste-bossong\/\",\"url\":\"https:\/\/blog.zeit.de\/freitext\/2016\/04\/15\/hitler-mein-kampf-bestsellerliste-bossong\/\",\"name\":\"Adolf Hitler: Jetzt ist er wirklich wieder da\",\"isPartOf\":{\"@id\":\"https:\/\/blog.zeit.de\/freitext\/#website\"},\"datePublished\":\"2016-04-15T09:55:43+00:00\",\"dateModified\":\"2016-04-15T12:02:09+00:00\",\"author\":{\"@id\":\"https:\/\/blog.zeit.de\/freitext\/#\/schema\/person\/1b3244cab8a5878c5780459f6a7052f1\"},\"description\":\"Die kommentierte Ausgabe von Adolf Hitlers \\\"Mein Kampf\\\" steht auf Platz 1 der Bestellerliste. Erstaunlich, wie viele politikinteressierte Leser es gibt.\",\"breadcrumb\":{\"@id\":\"https:\/\/blog.zeit.de\/freitext\/2016\/04\/15\/hitler-mein-kampf-bestsellerliste-bossong\/#breadcrumb\"},\"inLanguage\":\"de\",\"potentialAction\":[{\"@type\":\"ReadAction\",\"target\":[\"https:\/\/blog.zeit.de\/freitext\/2016\/04\/15\/hitler-mein-kampf-bestsellerliste-bossong\/\"]}]},{\"@type\":\"BreadcrumbList\",\"@id\":\"https:\/\/blog.zeit.de\/freitext\/2016\/04\/15\/hitler-mein-kampf-bestsellerliste-bossong\/#breadcrumb\",\"itemListElement\":[{\"@type\":\"ListItem\",\"position\":1,\"name\":\"Startseite\",\"item\":\"https:\/\/blog.zeit.de\/freitext\/\"},{\"@type\":\"ListItem\",\"position\":2,\"name\":\"Jetzt ist er wirklich wieder da\"}]},{\"@type\":\"WebSite\",\"@id\":\"https:\/\/blog.zeit.de\/freitext\/#website\",\"url\":\"https:\/\/blog.zeit.de\/freitext\/\",\"name\":\"Freitext\",\"description\":\"Feld f\u00fcr literarisches Denken\",\"potentialAction\":[{\"@type\":\"SearchAction\",\"target\":{\"@type\":\"EntryPoint\",\"urlTemplate\":\"https:\/\/blog.zeit.de\/freitext\/?s={search_term_string}\"},\"query-input\":\"required name=search_term_string\"}],\"inLanguage\":\"de\"},{\"@type\":\"Person\",\"@id\":\"https:\/\/blog.zeit.de\/freitext\/#\/schema\/person\/1b3244cab8a5878c5780459f6a7052f1\",\"name\":\"Nora Bossong\",\"image\":{\"@type\":\"ImageObject\",\"inLanguage\":\"de\",\"@id\":\"https:\/\/blog.zeit.de\/freitext\/#\/schema\/person\/image\/\",\"url\":\"https:\/\/secure.gravatar.com\/avatar\/6703c44d9b81228655b31ccaa7e32153e316fe7401f8d2b7912cb9dbfe56f4cc?s=96&d=mm&r=g\",\"contentUrl\":\"https:\/\/secure.gravatar.com\/avatar\/6703c44d9b81228655b31ccaa7e32153e316fe7401f8d2b7912cb9dbfe56f4cc?s=96&d=mm&r=g\",\"caption\":\"Nora Bossong\"},\"description\":\"Nora Bossong wurde 1982 in Bremen geboren, sie schreibt Gedichte, Romane und Essays. Im Hanser Verlag erschien der Gedichtband \\\"Sommer vor den Mauern\\\" (2011) und die Romane \\\"Gesellschaft mit beschr\u00e4nkter Haftung\\\" (2012) und \\\"36,9\u00b0\\\". Zuletzt erschien der Reportagenband \\\"Rotlicht\\\".\",\"url\":\"https:\/\/blog.zeit.de\/freitext\/author\/nora-bossong\/\"}]}<\/script>\n<!-- \/ Yoast SEO plugin. -->","yoast_head_json":{"title":"Adolf Hitler: Jetzt ist er wirklich wieder da","description":"Die kommentierte Ausgabe von Adolf Hitlers \"Mein Kampf\" steht auf Platz 1 der Bestellerliste. Erstaunlich, wie viele politikinteressierte Leser es gibt.","robots":{"index":"index","follow":"follow","max-snippet":"max-snippet:-1","max-image-preview":"max-image-preview:large","max-video-preview":"max-video-preview:-1"},"canonical":"https:\/\/blog.zeit.de\/freitext\/2016\/04\/15\/hitler-mein-kampf-bestsellerliste-bossong\/","og_locale":"de_DE","og_type":"article","og_title":"Adolf Hitler: Jetzt ist er wirklich wieder da","og_description":"Die kommentierte Ausgabe von Adolf Hitlers \"Mein Kampf\" steht auf Platz 1 der Bestellerliste. Erstaunlich, wie viele politikinteressierte Leser es gibt.","og_url":"https:\/\/blog.zeit.de\/freitext\/2016\/04\/15\/hitler-mein-kampf-bestsellerliste-bossong\/","og_site_name":"Freitext","article_published_time":"2016-04-15T09:55:43+00:00","article_modified_time":"2016-04-15T12:02:09+00:00","author":"Nora Bossong","twitter_card":"summary_large_image","twitter_image":"http:\/\/blog.zeit.de\/freitext\/freitext\/wp-content\/blogs.dir\/84\/files\/2016\/04\/freitext-kommentierte-ausgabe-mein-kampf.jpg","twitter_misc":{"Geschrieben von":"Nora Bossong","Gesch\u00e4tzte Lesezeit":"4\u00a0Minuten"},"schema":{"@context":"https:\/\/schema.org","@graph":[{"@type":"WebPage","@id":"https:\/\/blog.zeit.de\/freitext\/2016\/04\/15\/hitler-mein-kampf-bestsellerliste-bossong\/","url":"https:\/\/blog.zeit.de\/freitext\/2016\/04\/15\/hitler-mein-kampf-bestsellerliste-bossong\/","name":"Adolf Hitler: Jetzt ist er wirklich wieder da","isPartOf":{"@id":"https:\/\/blog.zeit.de\/freitext\/#website"},"datePublished":"2016-04-15T09:55:43+00:00","dateModified":"2016-04-15T12:02:09+00:00","author":{"@id":"https:\/\/blog.zeit.de\/freitext\/#\/schema\/person\/1b3244cab8a5878c5780459f6a7052f1"},"description":"Die kommentierte Ausgabe von Adolf Hitlers \"Mein Kampf\" steht auf Platz 1 der Bestellerliste. Erstaunlich, wie viele politikinteressierte Leser es gibt.","breadcrumb":{"@id":"https:\/\/blog.zeit.de\/freitext\/2016\/04\/15\/hitler-mein-kampf-bestsellerliste-bossong\/#breadcrumb"},"inLanguage":"de","potentialAction":[{"@type":"ReadAction","target":["https:\/\/blog.zeit.de\/freitext\/2016\/04\/15\/hitler-mein-kampf-bestsellerliste-bossong\/"]}]},{"@type":"BreadcrumbList","@id":"https:\/\/blog.zeit.de\/freitext\/2016\/04\/15\/hitler-mein-kampf-bestsellerliste-bossong\/#breadcrumb","itemListElement":[{"@type":"ListItem","position":1,"name":"Startseite","item":"https:\/\/blog.zeit.de\/freitext\/"},{"@type":"ListItem","position":2,"name":"Jetzt ist er wirklich wieder da"}]},{"@type":"WebSite","@id":"https:\/\/blog.zeit.de\/freitext\/#website","url":"https:\/\/blog.zeit.de\/freitext\/","name":"Freitext","description":"Feld f\u00fcr literarisches Denken","potentialAction":[{"@type":"SearchAction","target":{"@type":"EntryPoint","urlTemplate":"https:\/\/blog.zeit.de\/freitext\/?s={search_term_string}"},"query-input":"required name=search_term_string"}],"inLanguage":"de"},{"@type":"Person","@id":"https:\/\/blog.zeit.de\/freitext\/#\/schema\/person\/1b3244cab8a5878c5780459f6a7052f1","name":"Nora Bossong","image":{"@type":"ImageObject","inLanguage":"de","@id":"https:\/\/blog.zeit.de\/freitext\/#\/schema\/person\/image\/","url":"https:\/\/secure.gravatar.com\/avatar\/6703c44d9b81228655b31ccaa7e32153e316fe7401f8d2b7912cb9dbfe56f4cc?s=96&d=mm&r=g","contentUrl":"https:\/\/secure.gravatar.com\/avatar\/6703c44d9b81228655b31ccaa7e32153e316fe7401f8d2b7912cb9dbfe56f4cc?s=96&d=mm&r=g","caption":"Nora Bossong"},"description":"Nora Bossong wurde 1982 in Bremen geboren, sie schreibt Gedichte, Romane und Essays. Im Hanser Verlag erschien der Gedichtband \"Sommer vor den Mauern\" (2011) und die Romane \"Gesellschaft mit beschr\u00e4nkter Haftung\" (2012) und \"36,9\u00b0\". Zuletzt erschien der Reportagenband \"Rotlicht\".","url":"https:\/\/blog.zeit.de\/freitext\/author\/nora-bossong\/"}]}},"jetpack_featured_media_url":"https:\/\/blog.zeit.de\/freitext\/files\/2016\/04\/freitext-kommentierte-ausgabe-mein-kampf.jpg","jetpack_sharing_enabled":true,"_links":{"self":[{"href":"https:\/\/blog.zeit.de\/freitext\/wp-json\/wp\/v2\/posts\/3516","targetHints":{"allow":["GET"]}}],"collection":[{"href":"https:\/\/blog.zeit.de\/freitext\/wp-json\/wp\/v2\/posts"}],"about":[{"href":"https:\/\/blog.zeit.de\/freitext\/wp-json\/wp\/v2\/types\/post"}],"author":[{"embeddable":true,"href":"https:\/\/blog.zeit.de\/freitext\/wp-json\/wp\/v2\/users\/1003"}],"replies":[{"embeddable":true,"href":"https:\/\/blog.zeit.de\/freitext\/wp-json\/wp\/v2\/comments?post=3516"}],"version-history":[{"count":11,"href":"https:\/\/blog.zeit.de\/freitext\/wp-json\/wp\/v2\/posts\/3516\/revisions"}],"predecessor-version":[{"id":3530,"href":"https:\/\/blog.zeit.de\/freitext\/wp-json\/wp\/v2\/posts\/3516\/revisions\/3530"}],"wp:featuredmedia":[{"embeddable":true,"href":"https:\/\/blog.zeit.de\/freitext\/wp-json\/wp\/v2\/media\/3521"}],"wp:attachment":[{"href":"https:\/\/blog.zeit.de\/freitext\/wp-json\/wp\/v2\/media?parent=3516"}],"wp:term":[{"taxonomy":"category","embeddable":true,"href":"https:\/\/blog.zeit.de\/freitext\/wp-json\/wp\/v2\/categories?post=3516"},{"taxonomy":"post_tag","embeddable":true,"href":"https:\/\/blog.zeit.de\/freitext\/wp-json\/wp\/v2\/tags?post=3516"}],"curies":[{"name":"wp","href":"https:\/\/api.w.org\/{rel}","templated":true}]}}