{"id":3568,"date":"2016-04-27T11:16:15","date_gmt":"2016-04-27T09:16:15","guid":{"rendered":"http:\/\/www.zeit.de\/freitext\/?p=3568"},"modified":"2016-04-28T12:03:26","modified_gmt":"2016-04-28T10:03:26","slug":"vg-wort-urteil-vogel-brief-koehler","status":"publish","type":"post","link":"https:\/\/blog.zeit.de\/freitext\/2016\/04\/27\/vg-wort-urteil-vogel-brief-koehler\/","title":{"rendered":"Was haben Sie angerichtet, Herr Vogel?!"},"content":{"rendered":"<p><strong>Das Urteil zur VG-Wort-Aussch\u00fcttung wird Verlage zerst\u00f6ren. Ein offener Brief an den Mann, der das Verfahren ausl\u00f6ste und so tut, als st\u00fcnde er aufseiten der Autoren<\/strong><\/p>\n<p><figure id=\"attachment_3578\" aria-describedby=\"caption-attachment-3578\" style=\"width: 640px\" class=\"wp-caption aligncenter\"><img loading=\"lazy\" decoding=\"async\" class=\"wp-image-3578 size-large\" src=\"http:\/\/blog.zeit.de\/freitext\/freitext\/wp-content\/blogs.dir\/84\/files\/2016\/04\/freitext-karen-koehler-teaser-1024x682.jpg\" alt=\"VG-Wort: Was haben Sie angerichtet, Herr Vogel?!\" width=\"640\" height=\"426\" srcset=\"https:\/\/blog.zeit.de\/freitext\/files\/2016\/04\/freitext-karen-koehler-teaser-1024x682.jpg 1024w, https:\/\/blog.zeit.de\/freitext\/files\/2016\/04\/freitext-karen-koehler-teaser-620x413.jpg 620w, https:\/\/blog.zeit.de\/freitext\/files\/2016\/04\/freitext-karen-koehler-teaser.jpg 2000w\" sizes=\"auto, (max-width: 640px) 100vw, 640px\" \/><figcaption id=\"caption-attachment-3578\" class=\"wp-caption-text\">\u00a9 Julia Klug<\/figcaption><\/figure><\/p>\n<p>Lieber Martin Vogel,<\/p>\n<p>seit Tagen frage ich mich, ob Sie eigentlich wissen, was Sie da angerichtet haben. Und ich frage mich, ob Sie sich tats\u00e4chlich dar\u00fcber freuen k\u00f6nnen, Recht zugesprochen bekommen, aber eine Schneise der Verw\u00fcstung in der deutschen Verlagslandschaft hinterlassen zu haben.<!--more--><\/p>\n<p>Ich habe <a href=\"http:\/\/www.boersenblatt.net\/artikel-der_klaeger_martin_vogel_zum_vg-wort-urteil.1136235.html\">Sie eben gegoogelt<\/a> und mir versucht vorzustellen, was genau Sie umgetrieben hat, in den Prozess mit der VG Wort zu gehen. Vermutlich ging es Ihnen ums Prinzip. Ich wei\u00df, Sie sind Autor im wissenschaftlichen Bereich, angeblich haben Sie auch f\u00fcr meine Rechte gek\u00e4mpft, auch ich bin Autorin, aber ich f\u00fchle mich von Ihnen nicht sehr gut vertreten.<\/p>\n<p>Das mag daran liegen, dass Autorenschaft ein weites Feld ist.<\/p>\n<p>Sie, so habe ich es verstanden, werden als Autor eines wissenschaftlichen Werkes von der VG Wort mit Ihrem Verlag in einem 50\/50-Verteilungsschl\u00fcssel verg\u00fctet. Mein Verteilungsschl\u00fcssel liegt bei 70\/30, da ich belletristische Literatur schreibe.<\/p>\n<p>2014 habe ich im Carl Hanser Verlag ein <a href=\"http:\/\/www.zeit.de\/2014\/35\/karen-koehler-buch-wir-haben-raketen-geangelt\">Buch ver\u00f6ffentlicht<\/a>, das sich gut verkauft hat. <a href=\"http:\/\/www.zeit.de\/kultur\/literatur\/2014-08\/karen-koehler-wir-haben-raketen-geangelt-vorab\">Ausz\u00fcge davon wurden in Tageszeitungen ver\u00f6ffentlicht<\/a>, Ausschnitte im Fernsehen gesendet, das Buch war medial gut vertreten und es liegt in Bibliotheken aus. Viele Lehrer kopierten gleich das ganze Werk, um in ihrem Unterricht damit zu arbeiten, wie sie mir berichteten.<\/p>\n<p>Bisher habe ich knapp 1.700 Euro von der VG Wort erhalten, mein Verlag also etwa 730 Euro (das wei\u00df ich nicht genau, das habe ich nur errechnet). Soll ich Ihnen etwas sagen: Das finde ich vollkommen in Ordnung. Selbst wenn wir halbe-halbe gemacht h\u00e4tten, f\u00e4nde ich das immer noch in Ordnung. Und ich kann Ihnen auch sagen, warum.<\/p>\n<p>Obwohl ich Autorin bin, sehe ich den Verlag nicht als Gegner auf der anderen Seite, der sich an meinen Inhalten bereichert. Ich sehe den Verlag als M\u00f6glichmacher und Partner. Als einen Partner, der so mutig war, ein Deb\u00fct, einen Erz\u00e4hlungsband von einer unbekannten Autorin, in seinem literarischen Programm zu ver\u00f6ffentlichen.<\/p>\n<p>Viele Aufgaben, die mein Verlag erf\u00fcllt, kann und will ich nicht alleine \u00fcbernehmen. Ich brauche daf\u00fcr ein Gegen\u00fcber. Angefangen bei der ersten Arbeit am Manuskript, dem In-Form-Bringen des Inhalts, bis zur \u00e4u\u00dferen Form, der Gestaltung und dem Druck des Buches. Dann denke ich weiter an den Vertrieb, an die tapferen Vertreter, die von Buchhandlung zu Buchhandlung tingeln und Inhalte anpreisen, dazu h\u00e4tte ich gar nicht die Zeit. Dann die Lagerung der gedruckten B\u00fccher, der Gro\u00dfhandel, das Verschicken, weiter die ganze Pressearbeit, das Koordinieren der Anfragen zu Lesungen, ach ja, und es w\u00e4ren ja noch die Nebenrechte und zu vergebenden Lizenzen ins In- und Ausland zu betreuen. Das alles sind Aufgaben, die ich nicht \u00fcbernehmen kann und m\u00f6chte. Ich m\u00f6chte mir n\u00e4mlich einfach nur Inhalte ausdenken und die dann aufschreiben. Ich bin Autorin. Und nicht Vertriebsmitarbeiterin, Lektorin, Herstellerin, Vertreterin, Verwalterin, Eink\u00e4uferin, Pressefrau, \u00d6ffentlichkeitsarbeitsfrau, Lizenzverk\u00e4uferin \u2026<\/p>\n<p>Dass diese Aufgaben von anderen Leuten, von Spezialisten, \u00fcbernommen werden, finde ich gut. Und dass diese Spezialisten einen Anteil daran haben, wie erfolgreich ein Buch ist, ob es in Bibliotheken ausliegt, ob in Tageszeitungen Ausschnitte abgedruckt werden, ob es seine Leser findet, das ist f\u00fcr mich selbstverst\u00e4ndlich. Deswegen bin ich auch einverstanden mit meiner prozentualen Beteiligung von 10 Prozent am Verkaufspreis des Buches. Buchh\u00e4ndler bekommen zwischen 30 und 40 Prozent, manche sogar mehr. Aber sie alle sorgen auf ihre Weise daf\u00fcr, dass das Buch verkauft und der Inhalt verbreitet wird. Es entstehen auch bei ihnen Lager-, Versand-, Personal- und Werbekosten, das alles verstehe ich, und es ist f\u00fcr mich in Ordnung. Das habe ich ja genau so in meinem Vertrag mit dem Verlag freiwillig unterschrieben.<\/p>\n<p>Aus allen diesen Gr\u00fcnden bin ich auch einverstanden, dass ein Teil der VG-Wort-Tantiemen an meinen Verlag f\u00e4llt. Das ist f\u00fcr mich ein partnerschaftliches Teilen und selbstverst\u00e4ndlich.<\/p>\n<p>Es mag sein, dass es im wissenschaftlichen Buchbereich um die Idee der Partnerschaftlichkeit nicht ganz so rosig bestellt ist, wo ja oftmals der Druck des einzelnen Werkes vollst\u00e4ndig durch die Autoren finanziert werden muss. Dass da ein Gef\u00fchl von Ungerechtigkeit aufkommt, kann ich nachvollziehen. Das liegt vielleicht dann aber nicht an der VG-Wort-Verteilung, sondern an einem Strukturproblem bei Ver\u00f6ffentlichungen innerhalb des Wissenschaftsbetriebes?<\/p>\n<p>Ich wei\u00df nicht, was genau Sie dazu bewogen hat, Ihren Klageweg zu gehen. Ich m\u00f6chte Ihnen aber noch sagen, was Ihre erfolgreiche Klage meiner Meinung nach f\u00fcr kulturelle Folgen f\u00fcr uns alle, f\u00fcr Sie wie f\u00fcr mich, haben wird.<\/p>\n<p>Bisher wurde die deutsche Buchlandschaft weltweit als besonders und erhaltenswert wahrgenommen, weil sie eine Diversit\u00e4t beherbergt und mit ihrer gro\u00dfen Vielfalt relativ stabil blieb.<\/p>\n<p>Viele kleinere Verlage sind Bestandteil dieser Kulturlandschaft. Verlage, die mit Herzblut und nicht allein mit dem Ziel der Profitmaximierung arbeiten. Gerade solche Verlage trauen sich oft, literarische Deb\u00fcts zu ver\u00f6ffentlichen. Die Autorin <a href=\"http:\/\/www.zeit.de\/kultur\/literatur\/2010-12\/nino-haratischwili\">Nino Haratischwili<\/a> hat beispielsweise ihre ersten B\u00fccher im Verbrecher Verlag ver\u00f6ffentlicht \u2013 einem Verlag, der wegen des Urteils nun einen sehr gro\u00dfen Betrag als Anteil an den VG-Wort-Tantiemen zur\u00fcckzahlen muss. Der <a href=\"http:\/\/www.faz.net\/aktuell\/feuilleton\/buecher\/bgh-urteil-zum-leistungsschutzrecht-ein-fehler-14193332.html\">Verleger J\u00f6rg Sundermeier<\/a> selbst hat bereits erkl\u00e4rt, dass sich die Einbu\u00dfen solcher Betr\u00e4ge auf sein Programm auswirken werden. Es werden weniger B\u00fccher gedruckt werden, von denen man im Vorfeld nicht erwarten kann, dass sie sich rentieren.<\/p>\n<p>Heute ist Nino Haratischwili eine preisgekr\u00f6nte, erfolgreiche Autorin und inzwischen im Programm eines etwas gr\u00f6\u00dferen Verlages. Der Ursprung ihres Erfolgs liegt unter anderem aber auch im Mut ihres ersten Verlegers.<\/p>\n<p>F\u00fcr die gr\u00f6\u00dferen Verlage wiederum, die nun nach dem Urteil insgesamt h\u00f6here Summen zur\u00fcckzahlen m\u00fcssen, bedeutet das, dass ihr Programm in Zukunft noch mehr auf Verkaufbarkeit, einfache Konsumierbarkeit, Rentabilit\u00e4t hin ausgerichtet sein wird.<\/p>\n<p>Nino Haratischwilis letztes Buch ist ein richtiger Klopper, ein 1.400 Seiten dicker Klopper, dessen Inhalt ein ganzes Jahrhundert in Georgien umspannt. Es ist fantastisch. Aber h\u00e4tte es eine Chance gehabt, aus dem Manuskriptestapel herausgezogen und ver\u00f6ffentlicht zu werden, wenn der Verlag unter noch h\u00f6herem Druck gestanden w\u00e4re, Verkaufserfolge zu erzielen?<\/p>\n<p>Ich wei\u00df gar nicht, ob ich selbst \u00fcberhaupt eine Chance gehabt h\u00e4tte, ver\u00f6ffentlicht zu werden, weil: Erz\u00e4hlungen, wie ich sie als Deb\u00fct ver\u00f6ffentlichte, so sagt man, verkaufen sich in Deutschland n\u00e4mlich nicht. Dass es aber doch funktionierte, dass meine Inhalte eine gr\u00f6\u00dfere Leserschaft erreichen konnten \u2013 das verdanke ich dem Mut meines Verlages. Solchen Mut kann nur haben, wer daf\u00fcr den Spielraum besitzt. Und den haben Sie, lieber Martin Vogel, mit Ihrem Prozess und dem daraus resultierenden Urteil nun noch weiter schrumpfen lassen. Das gef\u00e4llt mir nicht. Das gef\u00e4llt mir sogar \u00fcberhaupt nicht. Die angebliche Kluft zwischen Verlagen und Autor*innen, die Sie mit Ihrer Klage weiter befeuert haben, ist f\u00fcr mich nur ein Abstand, der sich mit einem H\u00e4ndesch\u00fctteln \u00fcberwinden l\u00e4sst.<\/p>\n<p>Karen K\u00f6hler<\/p>\n<p>_________________<\/p>\n<p><strong><em>Sie m\u00f6chten keinen Freitext verpassen? Aufgrund der gro\u00dfen Nachfrage gibt es einen Newsletter. <a href=\"http:\/\/bit.ly\/1xjyvzZ\" target=\"_blank\">Hier k\u00f6nnen Sie ihn abonnieren.<\/a><\/em><\/strong><\/p>\n","protected":false},"excerpt":{"rendered":"<p>Das Urteil zur VG-Wort-Aussch\u00fcttung wird Verlage zerst\u00f6ren. Ein offener Brief an den Mann, der das Verfahren ausl\u00f6ste und so tut, als st\u00fcnde er aufseiten [\u2026]<\/p>\n","protected":false},"author":1008,"featured_media":3578,"comment_status":"open","ping_status":"open","sticky":false,"template":"","format":"standard","meta":{"_jetpack_memberships_contains_paid_content":false,"footnotes":""},"categories":[7,5],"tags":[],"class_list":["post-3568","post","type-post","status-publish","format-standard","has-post-thumbnail","hentry","category-gesellschaft-politik","category-schriftstellerleben"],"yoast_head":"<!-- This site is optimized with the Yoast SEO plugin v21.0 - https:\/\/yoast.com\/wordpress\/plugins\/seo\/ -->\n<title>VG-Wort: Was haben Sie angerichtet, Herr Vogel?!<\/title>\n<meta name=\"description\" content=\"Das Urteil zur VG-Wort-Aussch\u00fcttung wird Verlage zerst\u00f6ren. Ein offener Brief an den Mann, der das Verfahren ausl\u00f6ste\" \/>\n<meta name=\"robots\" content=\"index, follow, max-snippet:-1, max-image-preview:large, max-video-preview:-1\" \/>\n<link rel=\"canonical\" href=\"https:\/\/blog.zeit.de\/freitext\/2016\/04\/27\/vg-wort-urteil-vogel-brief-koehler\/\" \/>\n<meta property=\"og:locale\" content=\"de_DE\" \/>\n<meta property=\"og:type\" content=\"article\" \/>\n<meta property=\"og:title\" content=\"VG-Wort: Was haben Sie angerichtet, Herr Vogel?!\" \/>\n<meta property=\"og:description\" content=\"Das Urteil zur VG-Wort-Aussch\u00fcttung wird Verlage zerst\u00f6ren. Ein offener Brief an den Mann, der das Verfahren ausl\u00f6ste\" \/>\n<meta property=\"og:url\" content=\"https:\/\/blog.zeit.de\/freitext\/2016\/04\/27\/vg-wort-urteil-vogel-brief-koehler\/\" \/>\n<meta property=\"og:site_name\" content=\"Freitext\" \/>\n<meta property=\"article:published_time\" content=\"2016-04-27T09:16:15+00:00\" \/>\n<meta property=\"article:modified_time\" content=\"2016-04-28T10:03:26+00:00\" \/>\n<meta name=\"author\" content=\"Karen K\u00f6hler\" \/>\n<meta name=\"twitter:card\" content=\"summary_large_image\" \/>\n<meta name=\"twitter:image\" content=\"http:\/\/blog.zeit.de\/freitext\/freitext\/wp-content\/blogs.dir\/84\/files\/2016\/04\/freitext-karen-koehler-teaser.jpg\" \/>\n<meta name=\"twitter:label1\" content=\"Geschrieben von\" \/>\n\t<meta name=\"twitter:data1\" content=\"Karen K\u00f6hler\" \/>\n\t<meta name=\"twitter:label2\" content=\"Gesch\u00e4tzte Lesezeit\" \/>\n\t<meta name=\"twitter:data2\" content=\"6\u00a0Minuten\" \/>\n<script type=\"application\/ld+json\" class=\"yoast-schema-graph\">{\"@context\":\"https:\/\/schema.org\",\"@graph\":[{\"@type\":\"WebPage\",\"@id\":\"https:\/\/blog.zeit.de\/freitext\/2016\/04\/27\/vg-wort-urteil-vogel-brief-koehler\/\",\"url\":\"https:\/\/blog.zeit.de\/freitext\/2016\/04\/27\/vg-wort-urteil-vogel-brief-koehler\/\",\"name\":\"VG-Wort: Was haben Sie angerichtet, Herr Vogel?!\",\"isPartOf\":{\"@id\":\"https:\/\/blog.zeit.de\/freitext\/#website\"},\"datePublished\":\"2016-04-27T09:16:15+00:00\",\"dateModified\":\"2016-04-28T10:03:26+00:00\",\"author\":{\"@id\":\"https:\/\/blog.zeit.de\/freitext\/#\/schema\/person\/cad56c4fc22c5691f612f317402e0b95\"},\"description\":\"Das Urteil zur VG-Wort-Aussch\u00fcttung wird Verlage zerst\u00f6ren. Ein offener Brief an den Mann, der das Verfahren ausl\u00f6ste\",\"breadcrumb\":{\"@id\":\"https:\/\/blog.zeit.de\/freitext\/2016\/04\/27\/vg-wort-urteil-vogel-brief-koehler\/#breadcrumb\"},\"inLanguage\":\"de\",\"potentialAction\":[{\"@type\":\"ReadAction\",\"target\":[\"https:\/\/blog.zeit.de\/freitext\/2016\/04\/27\/vg-wort-urteil-vogel-brief-koehler\/\"]}]},{\"@type\":\"BreadcrumbList\",\"@id\":\"https:\/\/blog.zeit.de\/freitext\/2016\/04\/27\/vg-wort-urteil-vogel-brief-koehler\/#breadcrumb\",\"itemListElement\":[{\"@type\":\"ListItem\",\"position\":1,\"name\":\"Startseite\",\"item\":\"https:\/\/blog.zeit.de\/freitext\/\"},{\"@type\":\"ListItem\",\"position\":2,\"name\":\"Was haben Sie angerichtet, Herr Vogel?!\"}]},{\"@type\":\"WebSite\",\"@id\":\"https:\/\/blog.zeit.de\/freitext\/#website\",\"url\":\"https:\/\/blog.zeit.de\/freitext\/\",\"name\":\"Freitext\",\"description\":\"Feld f\u00fcr literarisches Denken\",\"potentialAction\":[{\"@type\":\"SearchAction\",\"target\":{\"@type\":\"EntryPoint\",\"urlTemplate\":\"https:\/\/blog.zeit.de\/freitext\/?s={search_term_string}\"},\"query-input\":\"required name=search_term_string\"}],\"inLanguage\":\"de\"},{\"@type\":\"Person\",\"@id\":\"https:\/\/blog.zeit.de\/freitext\/#\/schema\/person\/cad56c4fc22c5691f612f317402e0b95\",\"name\":\"Karen K\u00f6hler\",\"image\":{\"@type\":\"ImageObject\",\"inLanguage\":\"de\",\"@id\":\"https:\/\/blog.zeit.de\/freitext\/#\/schema\/person\/image\/\",\"url\":\"https:\/\/secure.gravatar.com\/avatar\/1001685ce6ebe98849515a99e9ce82358d6ee76d12f7eda5b23ff7f62f6f6bea?s=96&d=mm&r=g\",\"contentUrl\":\"https:\/\/secure.gravatar.com\/avatar\/1001685ce6ebe98849515a99e9ce82358d6ee76d12f7eda5b23ff7f62f6f6bea?s=96&d=mm&r=g\",\"caption\":\"Karen K\u00f6hler\"},\"description\":\"Karen K\u00f6hler wurde 1974 in Hamburg geboren und studierte Schauspiel an der Hochschule fu\u0308r Musik und Theater in Bern. Sie lebt in Hamburg, wo sie als Theaterautorin und Illustratorin arbeitet. Sie erhielt verschiedene Preise, unter anderem 2011 den Hamburger Literaturf\u00f6rderpreis. Ihr erstes Buch \\\"Wir haben Raketen geangelt\\\" (Hanser, 2014) ist fu\u0308r den \\\"Aspekte\\\" Literaturpreis 2014 nominiert.\",\"url\":\"https:\/\/blog.zeit.de\/freitext\/author\/karen-koehler\/\"}]}<\/script>\n<!-- \/ Yoast SEO plugin. -->","yoast_head_json":{"title":"VG-Wort: Was haben Sie angerichtet, Herr Vogel?!","description":"Das Urteil zur VG-Wort-Aussch\u00fcttung wird Verlage zerst\u00f6ren. Ein offener Brief an den Mann, der das Verfahren ausl\u00f6ste","robots":{"index":"index","follow":"follow","max-snippet":"max-snippet:-1","max-image-preview":"max-image-preview:large","max-video-preview":"max-video-preview:-1"},"canonical":"https:\/\/blog.zeit.de\/freitext\/2016\/04\/27\/vg-wort-urteil-vogel-brief-koehler\/","og_locale":"de_DE","og_type":"article","og_title":"VG-Wort: Was haben Sie angerichtet, Herr Vogel?!","og_description":"Das Urteil zur VG-Wort-Aussch\u00fcttung wird Verlage zerst\u00f6ren. Ein offener Brief an den Mann, der das Verfahren ausl\u00f6ste","og_url":"https:\/\/blog.zeit.de\/freitext\/2016\/04\/27\/vg-wort-urteil-vogel-brief-koehler\/","og_site_name":"Freitext","article_published_time":"2016-04-27T09:16:15+00:00","article_modified_time":"2016-04-28T10:03:26+00:00","author":"Karen K\u00f6hler","twitter_card":"summary_large_image","twitter_image":"http:\/\/blog.zeit.de\/freitext\/freitext\/wp-content\/blogs.dir\/84\/files\/2016\/04\/freitext-karen-koehler-teaser.jpg","twitter_misc":{"Geschrieben von":"Karen K\u00f6hler","Gesch\u00e4tzte Lesezeit":"6\u00a0Minuten"},"schema":{"@context":"https:\/\/schema.org","@graph":[{"@type":"WebPage","@id":"https:\/\/blog.zeit.de\/freitext\/2016\/04\/27\/vg-wort-urteil-vogel-brief-koehler\/","url":"https:\/\/blog.zeit.de\/freitext\/2016\/04\/27\/vg-wort-urteil-vogel-brief-koehler\/","name":"VG-Wort: Was haben Sie angerichtet, Herr Vogel?!","isPartOf":{"@id":"https:\/\/blog.zeit.de\/freitext\/#website"},"datePublished":"2016-04-27T09:16:15+00:00","dateModified":"2016-04-28T10:03:26+00:00","author":{"@id":"https:\/\/blog.zeit.de\/freitext\/#\/schema\/person\/cad56c4fc22c5691f612f317402e0b95"},"description":"Das Urteil zur VG-Wort-Aussch\u00fcttung wird Verlage zerst\u00f6ren. Ein offener Brief an den Mann, der das Verfahren ausl\u00f6ste","breadcrumb":{"@id":"https:\/\/blog.zeit.de\/freitext\/2016\/04\/27\/vg-wort-urteil-vogel-brief-koehler\/#breadcrumb"},"inLanguage":"de","potentialAction":[{"@type":"ReadAction","target":["https:\/\/blog.zeit.de\/freitext\/2016\/04\/27\/vg-wort-urteil-vogel-brief-koehler\/"]}]},{"@type":"BreadcrumbList","@id":"https:\/\/blog.zeit.de\/freitext\/2016\/04\/27\/vg-wort-urteil-vogel-brief-koehler\/#breadcrumb","itemListElement":[{"@type":"ListItem","position":1,"name":"Startseite","item":"https:\/\/blog.zeit.de\/freitext\/"},{"@type":"ListItem","position":2,"name":"Was haben Sie angerichtet, Herr Vogel?!"}]},{"@type":"WebSite","@id":"https:\/\/blog.zeit.de\/freitext\/#website","url":"https:\/\/blog.zeit.de\/freitext\/","name":"Freitext","description":"Feld f\u00fcr literarisches Denken","potentialAction":[{"@type":"SearchAction","target":{"@type":"EntryPoint","urlTemplate":"https:\/\/blog.zeit.de\/freitext\/?s={search_term_string}"},"query-input":"required name=search_term_string"}],"inLanguage":"de"},{"@type":"Person","@id":"https:\/\/blog.zeit.de\/freitext\/#\/schema\/person\/cad56c4fc22c5691f612f317402e0b95","name":"Karen K\u00f6hler","image":{"@type":"ImageObject","inLanguage":"de","@id":"https:\/\/blog.zeit.de\/freitext\/#\/schema\/person\/image\/","url":"https:\/\/secure.gravatar.com\/avatar\/1001685ce6ebe98849515a99e9ce82358d6ee76d12f7eda5b23ff7f62f6f6bea?s=96&d=mm&r=g","contentUrl":"https:\/\/secure.gravatar.com\/avatar\/1001685ce6ebe98849515a99e9ce82358d6ee76d12f7eda5b23ff7f62f6f6bea?s=96&d=mm&r=g","caption":"Karen K\u00f6hler"},"description":"Karen K\u00f6hler wurde 1974 in Hamburg geboren und studierte Schauspiel an der Hochschule fu\u0308r Musik und Theater in Bern. Sie lebt in Hamburg, wo sie als Theaterautorin und Illustratorin arbeitet. Sie erhielt verschiedene Preise, unter anderem 2011 den Hamburger Literaturf\u00f6rderpreis. Ihr erstes Buch \"Wir haben Raketen geangelt\" (Hanser, 2014) ist fu\u0308r den \"Aspekte\" Literaturpreis 2014 nominiert.","url":"https:\/\/blog.zeit.de\/freitext\/author\/karen-koehler\/"}]}},"jetpack_featured_media_url":"https:\/\/blog.zeit.de\/freitext\/files\/2016\/04\/freitext-karen-koehler-teaser.jpg","jetpack_sharing_enabled":true,"_links":{"self":[{"href":"https:\/\/blog.zeit.de\/freitext\/wp-json\/wp\/v2\/posts\/3568","targetHints":{"allow":["GET"]}}],"collection":[{"href":"https:\/\/blog.zeit.de\/freitext\/wp-json\/wp\/v2\/posts"}],"about":[{"href":"https:\/\/blog.zeit.de\/freitext\/wp-json\/wp\/v2\/types\/post"}],"author":[{"embeddable":true,"href":"https:\/\/blog.zeit.de\/freitext\/wp-json\/wp\/v2\/users\/1008"}],"replies":[{"embeddable":true,"href":"https:\/\/blog.zeit.de\/freitext\/wp-json\/wp\/v2\/comments?post=3568"}],"version-history":[{"count":13,"href":"https:\/\/blog.zeit.de\/freitext\/wp-json\/wp\/v2\/posts\/3568\/revisions"}],"predecessor-version":[{"id":3593,"href":"https:\/\/blog.zeit.de\/freitext\/wp-json\/wp\/v2\/posts\/3568\/revisions\/3593"}],"wp:featuredmedia":[{"embeddable":true,"href":"https:\/\/blog.zeit.de\/freitext\/wp-json\/wp\/v2\/media\/3578"}],"wp:attachment":[{"href":"https:\/\/blog.zeit.de\/freitext\/wp-json\/wp\/v2\/media?parent=3568"}],"wp:term":[{"taxonomy":"category","embeddable":true,"href":"https:\/\/blog.zeit.de\/freitext\/wp-json\/wp\/v2\/categories?post=3568"},{"taxonomy":"post_tag","embeddable":true,"href":"https:\/\/blog.zeit.de\/freitext\/wp-json\/wp\/v2\/tags?post=3568"}],"curies":[{"name":"wp","href":"https:\/\/api.w.org\/{rel}","templated":true}]}}