{"id":3669,"date":"2016-05-13T06:00:18","date_gmt":"2016-05-13T04:00:18","guid":{"rendered":"http:\/\/www.zeit.de\/freitext\/?p=3669"},"modified":"2016-05-12T12:53:16","modified_gmt":"2016-05-12T10:53:16","slug":"meta-bene-viecher-uns","status":"publish","type":"post","link":"https:\/\/blog.zeit.de\/freitext\/2016\/05\/13\/meta-bene-viecher-uns\/","title":{"rendered":"Viecher \u00fcber uns"},"content":{"rendered":"<p><strong>Wir waren schon Papst. Und Weltmeister! Total egal, was als n\u00e4chstes kommt. Hauptsache immer sch\u00f6n kuschelig. Stinkt dieser Fisch etwa vom Kopfe her? Riechen Sie selbst.<br \/>\n<\/strong><\/p>\n<p><img loading=\"lazy\" decoding=\"async\" class=\"aligncenter wp-image-3670 size-large\" src=\"http:\/\/blog.zeit.de\/freitext\/freitext\/wp-content\/blogs.dir\/84\/files\/2016\/05\/Viecher_19_uns_titel-1024x576.jpg\" alt=\"Viecher_19_uns_titel\" width=\"640\" height=\"360\" srcset=\"https:\/\/blog.zeit.de\/freitext\/files\/2016\/05\/Viecher_19_uns_titel-1024x576.jpg 1024w, https:\/\/blog.zeit.de\/freitext\/files\/2016\/05\/Viecher_19_uns_titel-620x349.jpg 620w, https:\/\/blog.zeit.de\/freitext\/files\/2016\/05\/Viecher_19_uns_titel.jpg 1890w\" sizes=\"auto, (max-width: 640px) 100vw, 640px\" \/><!--more--><\/p>\n<p><img loading=\"lazy\" decoding=\"async\" class=\"aligncenter wp-image-3671\" src=\"http:\/\/blog.zeit.de\/freitext\/freitext\/wp-content\/blogs.dir\/84\/files\/2016\/05\/viecher_19_uns_cartoon.jpg\" alt=\"viecher_19_uns_cartoon\" width=\"640\" height=\"1440\" srcset=\"https:\/\/blog.zeit.de\/freitext\/files\/2016\/05\/viecher_19_uns_cartoon.jpg 1890w, https:\/\/blog.zeit.de\/freitext\/files\/2016\/05\/viecher_19_uns_cartoon-356x800.jpg 356w, https:\/\/blog.zeit.de\/freitext\/files\/2016\/05\/viecher_19_uns_cartoon-455x1024.jpg 455w\" sizes=\"auto, (max-width: 640px) 100vw, 640px\" \/><\/p>\n","protected":false},"excerpt":{"rendered":"<p>Wir waren schon Papst. Und Weltmeister! Total egal, was als n\u00e4chstes kommt. Hauptsache immer sch\u00f6n kuschelig. Stinkt dieser Fisch etwa vom Kopfe her? Riechen [\u2026]<\/p>\n","protected":false},"author":1042,"featured_media":3670,"comment_status":"open","ping_status":"open","sticky":false,"template":"","format":"standard","meta":{"_jetpack_memberships_contains_paid_content":false,"footnotes":""},"categories":[11],"tags":[],"class_list":["post-3669","post","type-post","status-publish","format-standard","has-post-thumbnail","hentry","category-satiere"],"yoast_head":"<!-- This site is optimized with the Yoast SEO plugin v21.0 - https:\/\/yoast.com\/wordpress\/plugins\/seo\/ -->\n<title>Viecher \u00fcber uns - Freitext<\/title>\n<meta name=\"robots\" content=\"index, follow, max-snippet:-1, max-image-preview:large, max-video-preview:-1\" \/>\n<link rel=\"canonical\" href=\"https:\/\/blog.zeit.de\/freitext\/2016\/05\/13\/meta-bene-viecher-uns\/\" \/>\n<meta property=\"og:locale\" content=\"de_DE\" \/>\n<meta property=\"og:type\" content=\"article\" \/>\n<meta property=\"og:title\" content=\"Viecher \u00fcber uns - Freitext\" \/>\n<meta property=\"og:description\" content=\"Wir waren schon Papst. Und Weltmeister! Total egal, was als n\u00e4chstes kommt. Hauptsache immer sch\u00f6n kuschelig. Stinkt dieser Fisch etwa vom Kopfe her? Riechen [\u2026]\" \/>\n<meta property=\"og:url\" content=\"https:\/\/blog.zeit.de\/freitext\/2016\/05\/13\/meta-bene-viecher-uns\/\" \/>\n<meta property=\"og:site_name\" content=\"Freitext\" \/>\n<meta property=\"article:published_time\" content=\"2016-05-13T04:00:18+00:00\" \/>\n<meta property=\"article:modified_time\" content=\"2016-05-12T10:53:16+00:00\" \/>\n<meta name=\"author\" content=\"Meta Bene\" \/>\n<meta name=\"twitter:card\" content=\"summary_large_image\" \/>\n<meta name=\"twitter:image\" content=\"http:\/\/blog.zeit.de\/freitext\/freitext\/wp-content\/blogs.dir\/84\/files\/2016\/05\/Viecher_19_uns_titel.jpg\" \/>\n<meta name=\"twitter:label1\" content=\"Geschrieben von\" \/>\n\t<meta name=\"twitter:data1\" content=\"Meta Bene\" \/>\n<script type=\"application\/ld+json\" class=\"yoast-schema-graph\">{\"@context\":\"https:\/\/schema.org\",\"@graph\":[{\"@type\":\"WebPage\",\"@id\":\"https:\/\/blog.zeit.de\/freitext\/2016\/05\/13\/meta-bene-viecher-uns\/\",\"url\":\"https:\/\/blog.zeit.de\/freitext\/2016\/05\/13\/meta-bene-viecher-uns\/\",\"name\":\"Viecher \u00fcber uns - Freitext\",\"isPartOf\":{\"@id\":\"https:\/\/blog.zeit.de\/freitext\/#website\"},\"datePublished\":\"2016-05-13T04:00:18+00:00\",\"dateModified\":\"2016-05-12T10:53:16+00:00\",\"author\":{\"@id\":\"https:\/\/blog.zeit.de\/freitext\/#\/schema\/person\/f6dcac12afedd290a819fa49b0076aff\"},\"breadcrumb\":{\"@id\":\"https:\/\/blog.zeit.de\/freitext\/2016\/05\/13\/meta-bene-viecher-uns\/#breadcrumb\"},\"inLanguage\":\"de\",\"potentialAction\":[{\"@type\":\"ReadAction\",\"target\":[\"https:\/\/blog.zeit.de\/freitext\/2016\/05\/13\/meta-bene-viecher-uns\/\"]}]},{\"@type\":\"BreadcrumbList\",\"@id\":\"https:\/\/blog.zeit.de\/freitext\/2016\/05\/13\/meta-bene-viecher-uns\/#breadcrumb\",\"itemListElement\":[{\"@type\":\"ListItem\",\"position\":1,\"name\":\"Startseite\",\"item\":\"https:\/\/blog.zeit.de\/freitext\/\"},{\"@type\":\"ListItem\",\"position\":2,\"name\":\"Viecher \u00fcber uns\"}]},{\"@type\":\"WebSite\",\"@id\":\"https:\/\/blog.zeit.de\/freitext\/#website\",\"url\":\"https:\/\/blog.zeit.de\/freitext\/\",\"name\":\"Freitext\",\"description\":\"Feld f\u00fcr literarisches Denken\",\"potentialAction\":[{\"@type\":\"SearchAction\",\"target\":{\"@type\":\"EntryPoint\",\"urlTemplate\":\"https:\/\/blog.zeit.de\/freitext\/?s={search_term_string}\"},\"query-input\":\"required name=search_term_string\"}],\"inLanguage\":\"de\"},{\"@type\":\"Person\",\"@id\":\"https:\/\/blog.zeit.de\/freitext\/#\/schema\/person\/f6dcac12afedd290a819fa49b0076aff\",\"name\":\"Meta Bene\",\"image\":{\"@type\":\"ImageObject\",\"inLanguage\":\"de\",\"@id\":\"https:\/\/blog.zeit.de\/freitext\/#\/schema\/person\/image\/\",\"url\":\"https:\/\/secure.gravatar.com\/avatar\/606dc17258e5f3c31ce5891c714a98444f4999991bf914ef9d0418e04fb71ed3?s=96&d=mm&r=g\",\"contentUrl\":\"https:\/\/secure.gravatar.com\/avatar\/606dc17258e5f3c31ce5891c714a98444f4999991bf914ef9d0418e04fb71ed3?s=96&d=mm&r=g\",\"caption\":\"Meta Bene\"},\"description\":\"META BENE wird von Robin Thiesmeyer zu Papier gebracht. Nach einem Studium der Philosophie und Politikwissenschaften absolvierte er den Studiengang \\\"Kreatives Schreiben und Kulturjournalismus\\\" Universit\u00e4t Hildesheim. Er ver\u00f6ffentlichte Kurzgeschichten und Erz\u00e4hlungen in Zeitschriften und Anthologien. Seit November 2013 zeichnet er META BENE. Seine Kalligrafien finden gro\u00dfe Verbreitung \u00fcber soziale Medien und metabene.de. Das Buch \\\"Es gibt mehr Sterne als Idioten\\\" ist gerade im S. Fischer Verlag erschienen.\",\"url\":\"https:\/\/blog.zeit.de\/freitext\/author\/meta-bene\/\"}]}<\/script>\n<!-- \/ Yoast SEO plugin. -->","yoast_head_json":{"title":"Viecher \u00fcber uns - Freitext","robots":{"index":"index","follow":"follow","max-snippet":"max-snippet:-1","max-image-preview":"max-image-preview:large","max-video-preview":"max-video-preview:-1"},"canonical":"https:\/\/blog.zeit.de\/freitext\/2016\/05\/13\/meta-bene-viecher-uns\/","og_locale":"de_DE","og_type":"article","og_title":"Viecher \u00fcber uns - Freitext","og_description":"Wir waren schon Papst. Und Weltmeister! Total egal, was als n\u00e4chstes kommt. Hauptsache immer sch\u00f6n kuschelig. Stinkt dieser Fisch etwa vom Kopfe her? Riechen [\u2026]","og_url":"https:\/\/blog.zeit.de\/freitext\/2016\/05\/13\/meta-bene-viecher-uns\/","og_site_name":"Freitext","article_published_time":"2016-05-13T04:00:18+00:00","article_modified_time":"2016-05-12T10:53:16+00:00","author":"Meta Bene","twitter_card":"summary_large_image","twitter_image":"http:\/\/blog.zeit.de\/freitext\/freitext\/wp-content\/blogs.dir\/84\/files\/2016\/05\/Viecher_19_uns_titel.jpg","twitter_misc":{"Geschrieben von":"Meta Bene"},"schema":{"@context":"https:\/\/schema.org","@graph":[{"@type":"WebPage","@id":"https:\/\/blog.zeit.de\/freitext\/2016\/05\/13\/meta-bene-viecher-uns\/","url":"https:\/\/blog.zeit.de\/freitext\/2016\/05\/13\/meta-bene-viecher-uns\/","name":"Viecher \u00fcber uns - Freitext","isPartOf":{"@id":"https:\/\/blog.zeit.de\/freitext\/#website"},"datePublished":"2016-05-13T04:00:18+00:00","dateModified":"2016-05-12T10:53:16+00:00","author":{"@id":"https:\/\/blog.zeit.de\/freitext\/#\/schema\/person\/f6dcac12afedd290a819fa49b0076aff"},"breadcrumb":{"@id":"https:\/\/blog.zeit.de\/freitext\/2016\/05\/13\/meta-bene-viecher-uns\/#breadcrumb"},"inLanguage":"de","potentialAction":[{"@type":"ReadAction","target":["https:\/\/blog.zeit.de\/freitext\/2016\/05\/13\/meta-bene-viecher-uns\/"]}]},{"@type":"BreadcrumbList","@id":"https:\/\/blog.zeit.de\/freitext\/2016\/05\/13\/meta-bene-viecher-uns\/#breadcrumb","itemListElement":[{"@type":"ListItem","position":1,"name":"Startseite","item":"https:\/\/blog.zeit.de\/freitext\/"},{"@type":"ListItem","position":2,"name":"Viecher \u00fcber uns"}]},{"@type":"WebSite","@id":"https:\/\/blog.zeit.de\/freitext\/#website","url":"https:\/\/blog.zeit.de\/freitext\/","name":"Freitext","description":"Feld f\u00fcr literarisches Denken","potentialAction":[{"@type":"SearchAction","target":{"@type":"EntryPoint","urlTemplate":"https:\/\/blog.zeit.de\/freitext\/?s={search_term_string}"},"query-input":"required name=search_term_string"}],"inLanguage":"de"},{"@type":"Person","@id":"https:\/\/blog.zeit.de\/freitext\/#\/schema\/person\/f6dcac12afedd290a819fa49b0076aff","name":"Meta Bene","image":{"@type":"ImageObject","inLanguage":"de","@id":"https:\/\/blog.zeit.de\/freitext\/#\/schema\/person\/image\/","url":"https:\/\/secure.gravatar.com\/avatar\/606dc17258e5f3c31ce5891c714a98444f4999991bf914ef9d0418e04fb71ed3?s=96&d=mm&r=g","contentUrl":"https:\/\/secure.gravatar.com\/avatar\/606dc17258e5f3c31ce5891c714a98444f4999991bf914ef9d0418e04fb71ed3?s=96&d=mm&r=g","caption":"Meta Bene"},"description":"META BENE wird von Robin Thiesmeyer zu Papier gebracht. Nach einem Studium der Philosophie und Politikwissenschaften absolvierte er den Studiengang \"Kreatives Schreiben und Kulturjournalismus\" Universit\u00e4t Hildesheim. Er ver\u00f6ffentlichte Kurzgeschichten und Erz\u00e4hlungen in Zeitschriften und Anthologien. Seit November 2013 zeichnet er META BENE. Seine Kalligrafien finden gro\u00dfe Verbreitung \u00fcber soziale Medien und metabene.de. Das Buch \"Es gibt mehr Sterne als Idioten\" ist gerade im S. Fischer Verlag erschienen.","url":"https:\/\/blog.zeit.de\/freitext\/author\/meta-bene\/"}]}},"jetpack_featured_media_url":"https:\/\/blog.zeit.de\/freitext\/files\/2016\/05\/Viecher_19_uns_titel.jpg","jetpack_sharing_enabled":true,"_links":{"self":[{"href":"https:\/\/blog.zeit.de\/freitext\/wp-json\/wp\/v2\/posts\/3669","targetHints":{"allow":["GET"]}}],"collection":[{"href":"https:\/\/blog.zeit.de\/freitext\/wp-json\/wp\/v2\/posts"}],"about":[{"href":"https:\/\/blog.zeit.de\/freitext\/wp-json\/wp\/v2\/types\/post"}],"author":[{"embeddable":true,"href":"https:\/\/blog.zeit.de\/freitext\/wp-json\/wp\/v2\/users\/1042"}],"replies":[{"embeddable":true,"href":"https:\/\/blog.zeit.de\/freitext\/wp-json\/wp\/v2\/comments?post=3669"}],"version-history":[{"count":3,"href":"https:\/\/blog.zeit.de\/freitext\/wp-json\/wp\/v2\/posts\/3669\/revisions"}],"predecessor-version":[{"id":3673,"href":"https:\/\/blog.zeit.de\/freitext\/wp-json\/wp\/v2\/posts\/3669\/revisions\/3673"}],"wp:featuredmedia":[{"embeddable":true,"href":"https:\/\/blog.zeit.de\/freitext\/wp-json\/wp\/v2\/media\/3670"}],"wp:attachment":[{"href":"https:\/\/blog.zeit.de\/freitext\/wp-json\/wp\/v2\/media?parent=3669"}],"wp:term":[{"taxonomy":"category","embeddable":true,"href":"https:\/\/blog.zeit.de\/freitext\/wp-json\/wp\/v2\/categories?post=3669"},{"taxonomy":"post_tag","embeddable":true,"href":"https:\/\/blog.zeit.de\/freitext\/wp-json\/wp\/v2\/tags?post=3669"}],"curies":[{"name":"wp","href":"https:\/\/api.w.org\/{rel}","templated":true}]}}