{"id":3838,"date":"2016-07-03T07:00:57","date_gmt":"2016-07-03T05:00:57","guid":{"rendered":"http:\/\/www.zeit.de\/freitext\/?p=3838"},"modified":"2016-07-03T10:20:25","modified_gmt":"2016-07-03T08:20:25","slug":"budapest-spaziergang-schmidt","status":"publish","type":"post","link":"https:\/\/blog.zeit.de\/freitext\/2016\/07\/03\/budapest-spaziergang-schmidt\/","title":{"rendered":"Das Denkmal f\u00fcr den alleinerziehenden Vater"},"content":{"rendered":"<p><strong>In Zeiten von Orb\u00e1n h\u00f6rt man viel Besorgniserregendes aus Ungarn. Unser Autor hat auf seinem Spaziergang durch Budapest dennoch Sch\u00f6nes und Erstaunliches entdeckt.<\/strong><\/p>\n<p><figure id=\"attachment_3918\" aria-describedby=\"caption-attachment-3918\" style=\"width: 640px\" class=\"wp-caption aligncenter\"><img loading=\"lazy\" decoding=\"async\" class=\"size-large wp-image-3918\" src=\"http:\/\/blog.zeit.de\/freitext\/freitext\/wp-content\/blogs.dir\/84\/files\/2016\/06\/freitext-ungarn-1024x682.jpg\" alt=\"\u00a9 Laszlo Balogh\/Reuters\" width=\"640\" height=\"426\" srcset=\"https:\/\/blog.zeit.de\/freitext\/files\/2016\/06\/freitext-ungarn-1024x682.jpg 1024w, https:\/\/blog.zeit.de\/freitext\/files\/2016\/06\/freitext-ungarn-620x413.jpg 620w, https:\/\/blog.zeit.de\/freitext\/files\/2016\/06\/freitext-ungarn-768x512.jpg 768w, https:\/\/blog.zeit.de\/freitext\/files\/2016\/06\/freitext-ungarn.jpg 2000w\" sizes=\"auto, (max-width: 640px) 100vw, 640px\" \/><figcaption id=\"caption-attachment-3918\" class=\"wp-caption-text\">\u00a9 Laszlo Balogh\/Reuters<\/figcaption><\/figure><\/p>\n<p>Mit meinem Kollegen David Wagner war ich f\u00fcr Lesungen und Gespr\u00e4chsrunden nach Budapest eingeladen. Anlass war die \u00dcbersetzung unseres gemeinsamen Buchs <em>Dr\u00fcben und dr\u00fcben \u2013 zwei deutsche Kindheiten<\/em>, in dem wir von unseren einerseits so unterschiedlichen, andererseits aber auch wieder erstaunlich \u00e4hnlichen Kindheiten in den 1970ern und 1980ern in Andernach bei Bonn und in Ost-Berlin erz\u00e4hlen. Es war f\u00fcr mich ein bisschen \u00fcberraschend, dass dieses Buch als Erstes ausgerechnet ins Ungarische \u00fcbersetzt wurde, aber es passt nat\u00fcrlich gut, denn wir erz\u00e4hlen vom Alltag der deutschen Teilung und aus Ungarn kamen entscheidende Impulse f\u00fcr den Fall des Eisernen Vorhangs.<!--more--><\/p>\n<p>Seit meinem letzten Besuch in Budapest vor zwei Jahren hat sich dort viel ver\u00e4ndert, z. B. ist das Betonfaltendach der wundervollen Metroeingangshalle am Sz\u00e9ll-K\u00e1lm\u00e1n-Platz renoviert worden.<\/p>\n<p>&nbsp;<\/p>\n<p><img loading=\"lazy\" decoding=\"async\" class=\"aligncenter size-full wp-image-3839\" src=\"http:\/\/blog.zeit.de\/freitext\/freitext\/wp-content\/blogs.dir\/84\/files\/2016\/06\/010-szell-kalman-vorher-nachher-klein.jpg\" alt=\"010 szell kalman vorher nachher klein\" width=\"1000\" height=\"375\" srcset=\"https:\/\/blog.zeit.de\/freitext\/files\/2016\/06\/010-szell-kalman-vorher-nachher-klein.jpg 1000w, https:\/\/blog.zeit.de\/freitext\/files\/2016\/06\/010-szell-kalman-vorher-nachher-klein-620x233.jpg 620w, https:\/\/blog.zeit.de\/freitext\/files\/2016\/06\/010-szell-kalman-vorher-nachher-klein-768x288.jpg 768w\" sizes=\"auto, (max-width: 1000px) 100vw, 1000px\" \/><\/p>\n<p>&nbsp;<\/p>\n<p>Der Platz hie\u00df bis 2011 Moskauer Platz, die Budapester nennen ihn immer noch so. Der alte Name hatte sich im Namensschild einer Bar erhalten, die nun leider mit dem abgerissenen Seitentrakt des Geb\u00e4udes verschwunden ist.<\/p>\n<p>&nbsp;<\/p>\n<p><img loading=\"lazy\" decoding=\"async\" class=\"aligncenter wp-image-3840 size-medium\" src=\"http:\/\/blog.zeit.de\/freitext\/freitext\/wp-content\/blogs.dir\/84\/files\/2016\/06\/015-Seitentrakt-P1020426-klein-620x465.jpg\" alt=\"015 Seitentrakt P1020426 klein\" width=\"620\" height=\"465\" srcset=\"https:\/\/blog.zeit.de\/freitext\/files\/2016\/06\/015-Seitentrakt-P1020426-klein-620x465.jpg 620w, https:\/\/blog.zeit.de\/freitext\/files\/2016\/06\/015-Seitentrakt-P1020426-klein-768x576.jpg 768w, https:\/\/blog.zeit.de\/freitext\/files\/2016\/06\/015-Seitentrakt-P1020426-klein.jpg 1000w\" sizes=\"auto, (max-width: 620px) 100vw, 620px\" \/><\/p>\n<p>&nbsp;<\/p>\n<p>Auf der U-Bahn-Linie zum Flughafen fahren immer noch die alten, russischen Waggons, sie sollen \u00fcberholt werden, bisher hat man aber nur das Firmenschild abgeschraubt, was in diesem Fall keine politischen Gr\u00fcnde hat. Bei meinem letzten Besuch hatte ich so ein Schild noch fotografieren k\u00f6nnen.<\/p>\n<p>&nbsp;<\/p>\n<p><img loading=\"lazy\" decoding=\"async\" class=\"aligncenter size-medium wp-image-3843\" src=\"http:\/\/blog.zeit.de\/freitext\/freitext\/wp-content\/blogs.dir\/84\/files\/2016\/06\/020-u-bahn-schild-klein-620x233.jpg\" alt=\"020 u-bahn schild klein\" width=\"620\" height=\"233\" srcset=\"https:\/\/blog.zeit.de\/freitext\/files\/2016\/06\/020-u-bahn-schild-klein-620x233.jpg 620w, https:\/\/blog.zeit.de\/freitext\/files\/2016\/06\/020-u-bahn-schild-klein-768x288.jpg 768w, https:\/\/blog.zeit.de\/freitext\/files\/2016\/06\/020-u-bahn-schild-klein.jpg 1000w\" sizes=\"auto, (max-width: 620px) 100vw, 620px\" \/><\/p>\n<p>&nbsp;<\/p>\n<p>Im Schaufenster eines Briefmarkenladens fand ich diese Waggons als Motiv aus meinem Geburtsjahr 1970.<\/p>\n<p>&nbsp;<\/p>\n<p><img loading=\"lazy\" decoding=\"async\" class=\"aligncenter size-medium wp-image-3844\" src=\"http:\/\/blog.zeit.de\/freitext\/freitext\/wp-content\/blogs.dir\/84\/files\/2016\/06\/025-u-Bahn-briefmarke-P1160971-klein-620x465.jpg\" alt=\"025 u-Bahn briefmarke P1160971 klein\" width=\"620\" height=\"465\" srcset=\"https:\/\/blog.zeit.de\/freitext\/files\/2016\/06\/025-u-Bahn-briefmarke-P1160971-klein-620x465.jpg 620w, https:\/\/blog.zeit.de\/freitext\/files\/2016\/06\/025-u-Bahn-briefmarke-P1160971-klein-768x576.jpg 768w, https:\/\/blog.zeit.de\/freitext\/files\/2016\/06\/025-u-Bahn-briefmarke-P1160971-klein.jpg 1000w\" sizes=\"auto, (max-width: 620px) 100vw, 620px\" \/><\/p>\n<p>&nbsp;<\/p>\n<p>An einer anderen Stelle entdeckt man den f\u00fcr manche so unbeliebten Hinweis auf die russische Hauptstadt immer noch, n\u00e4mlich als alte Neonwerbung f\u00fcr Autoexport Moszkva auf einem Dach am Donau-Ufer, nahe der Margareteninsel.<\/p>\n<p>&nbsp;<\/p>\n<p><img loading=\"lazy\" decoding=\"async\" class=\"aligncenter size-medium wp-image-3845\" src=\"http:\/\/blog.zeit.de\/freitext\/freitext\/wp-content\/blogs.dir\/84\/files\/2016\/06\/030-Autoexport-P1000980-klein-620x465.jpg\" alt=\"030 Autoexport P1000980 klein\" width=\"620\" height=\"465\" srcset=\"https:\/\/blog.zeit.de\/freitext\/files\/2016\/06\/030-Autoexport-P1000980-klein-620x465.jpg 620w, https:\/\/blog.zeit.de\/freitext\/files\/2016\/06\/030-Autoexport-P1000980-klein-768x576.jpg 768w, https:\/\/blog.zeit.de\/freitext\/files\/2016\/06\/030-Autoexport-P1000980-klein.jpg 1000w\" sizes=\"auto, (max-width: 620px) 100vw, 620px\" \/><\/p>\n<p>&nbsp;<\/p>\n<p>Und nicht weit davon hat eine Werbung f\u00fcr Wernesgr\u00fcner Pilsner \u00fcberlebt. Sogar noch mit dem Bierglasm\u00e4nnchen-Logo.<\/p>\n<p>&nbsp;<\/p>\n<p><strong><img loading=\"lazy\" decoding=\"async\" class=\"aligncenter size-medium wp-image-3846\" src=\"http:\/\/blog.zeit.de\/freitext\/freitext\/wp-content\/blogs.dir\/84\/files\/2016\/06\/035-Wernesgruener-P1000984-klein-620x465.jpg\" alt=\"035 Wernesgruener P1000984 klein\" width=\"620\" height=\"465\" srcset=\"https:\/\/blog.zeit.de\/freitext\/files\/2016\/06\/035-Wernesgruener-P1000984-klein-620x465.jpg 620w, https:\/\/blog.zeit.de\/freitext\/files\/2016\/06\/035-Wernesgruener-P1000984-klein-768x576.jpg 768w, https:\/\/blog.zeit.de\/freitext\/files\/2016\/06\/035-Wernesgruener-P1000984-klein.jpg 1000w\" sizes=\"auto, (max-width: 620px) 100vw, 620px\" \/><\/strong><\/p>\n<p>&nbsp;<\/p>\n<p>\u00dcberhaupt gibt es in Budapest noch eine lebendige Neonschriftkultur, im Osten war das ein beliebtes Mittel, die St\u00e4dte wenigstens bei Nacht gl\u00e4nzen zu lassen. Sch\u00f6n fand ich aber auch diesen selbst gemalten Hinweis auf eine \u00f6ffentliche Toilette. Ich suche diese Orte in Ungarn immer gerne auf, weil die Begriffe f\u00fcr &#8222;M\u00e4nner&#8220; und &#8222;Frauen&#8220; in dieser Sprache sehr putzig klingen: <em>&#8222;F\u00e9rfi&#8220;<\/em> und <em>&#8222;N\u0151i&#8220;<\/em>.<\/p>\n<p>&nbsp;<\/p>\n<p><img loading=\"lazy\" decoding=\"async\" class=\"aligncenter size-medium wp-image-3847\" src=\"http:\/\/blog.zeit.de\/freitext\/freitext\/wp-content\/blogs.dir\/84\/files\/2016\/06\/040-toalett-klein-620x233.jpg\" alt=\"040 toalett klein\" width=\"620\" height=\"233\" srcset=\"https:\/\/blog.zeit.de\/freitext\/files\/2016\/06\/040-toalett-klein-620x233.jpg 620w, https:\/\/blog.zeit.de\/freitext\/files\/2016\/06\/040-toalett-klein-768x288.jpg 768w, https:\/\/blog.zeit.de\/freitext\/files\/2016\/06\/040-toalett-klein.jpg 1000w\" sizes=\"auto, (max-width: 620px) 100vw, 620px\" \/><\/p>\n<p>&nbsp;<\/p>\n<p>Die Buchmesse im Millen\u00e1ris-Park in Buda war angenehm \u00fcbersichtlich, was leider nichts Gutes \u00fcber den hiesigen Buchmarkt aussagt. Am Er\u00f6ffnungsabend handelten die simultan \u00fcbersetzten Reden vorwiegend vom Wein, den ein Sponsor bereitgestellt hatte. W\u00e4hrend das Buffet gest\u00fcrmt wurde, lief \u00fcber Lautsprecher Nouvelle Vague mit <em>I just can&#8217;t get enough<\/em>. Bei unserer Buchpr\u00e4sentation am n\u00e4chsten Tag erz\u00e4hlte ich, dass ich als Kind eine Weile dachte, jede Hauptstadt sei durch eine Mauer geteilt. Die Ungarn wunderten sich, wenn ich ihnen erkl\u00e4rte, dass das pr\u00e4gendste ungarische Wort meiner Jugendzeit <em>&#8222;Hanglemezbolt&#8220;<\/em> war: &#8222;Plattenladen&#8220;. Damals gab es diese L\u00e4den an jeder Ecke und man bekam dort alles, wovon man in Ost-Berlin tr\u00e4umte, allerdings f\u00fcr sehr viel Geld.<\/p>\n<p>&nbsp;<\/p>\n<p><img loading=\"lazy\" decoding=\"async\" class=\"aligncenter wp-image-3849\" src=\"http:\/\/blog.zeit.de\/freitext\/freitext\/wp-content\/blogs.dir\/84\/files\/2016\/06\/045-plattenladen-P1010008-klein-600x800.jpg\" alt=\"045 plattenladen P1010008 klein\" width=\"400\" height=\"533\" srcset=\"https:\/\/blog.zeit.de\/freitext\/files\/2016\/06\/045-plattenladen-P1010008-klein-600x800.jpg 600w, https:\/\/blog.zeit.de\/freitext\/files\/2016\/06\/045-plattenladen-P1010008-klein.jpg 750w\" sizes=\"auto, (max-width: 400px) 100vw, 400px\" \/><\/p>\n<p><strong>\u00a0<\/strong><\/p>\n<p>Wenn man jung war und weniger Wert auf ein modernes Gesundheitssystem und perfekt ausgebaute Stra\u00dfen als auf westliche Schallplatten, Wassermelonen, Pepsi-Cola und Danone-Joghurt legte, konnte man in den 1980ern meinen, die Ungarn lebten schon im Paradies.<\/p>\n<p>&nbsp;<\/p>\n<p><img loading=\"lazy\" decoding=\"async\" class=\"aligncenter size-medium wp-image-3850\" src=\"http:\/\/blog.zeit.de\/freitext\/freitext\/wp-content\/blogs.dir\/84\/files\/2016\/06\/050-pepsi-P1170039-klein-620x465.jpg\" alt=\"050 pepsi P1170039 klein\" width=\"620\" height=\"465\" srcset=\"https:\/\/blog.zeit.de\/freitext\/files\/2016\/06\/050-pepsi-P1170039-klein-620x465.jpg 620w, https:\/\/blog.zeit.de\/freitext\/files\/2016\/06\/050-pepsi-P1170039-klein-768x576.jpg 768w, https:\/\/blog.zeit.de\/freitext\/files\/2016\/06\/050-pepsi-P1170039-klein.jpg 1000w\" sizes=\"auto, (max-width: 620px) 100vw, 620px\" \/><\/p>\n<p>&nbsp;<\/p>\n<p>Allerdings war man damals auch beeindruckt von den freundlichen Ansagen vom Band in der Budapester U-Bahn, in Ost-Berlin wurde immer so durch knisternde Lautsprecher gebellt. Das Future-Retro-Design der Bahnh\u00f6fe und die bunten Plastiksitze in vielen Varianten wirken immer noch modern.<\/p>\n<p>&nbsp;<\/p>\n<p><img loading=\"lazy\" decoding=\"async\" class=\"aligncenter size-medium wp-image-3851\" src=\"http:\/\/blog.zeit.de\/freitext\/freitext\/wp-content\/blogs.dir\/84\/files\/2016\/06\/055-u-bahnsitze-klein-620x93.jpg\" alt=\"055 u-bahnsitze klein\" width=\"620\" height=\"93\" srcset=\"https:\/\/blog.zeit.de\/freitext\/files\/2016\/06\/055-u-bahnsitze-klein-620x93.jpg 620w, https:\/\/blog.zeit.de\/freitext\/files\/2016\/06\/055-u-bahnsitze-klein-768x115.jpg 768w, https:\/\/blog.zeit.de\/freitext\/files\/2016\/06\/055-u-bahnsitze-klein.jpg 1000w\" sizes=\"auto, (max-width: 620px) 100vw, 620px\" \/><\/p>\n<p><strong>\u00a0<\/strong><\/p>\n<p>Nach der Lesung wurde mir ein Buch, das ich gerne geschrieben h\u00e4tte, zum Signieren gereicht, es stammte von einem der anderen Jochen Schmidts, mit denen ich gemeinsam an unserem Werk arbeite. Ich habe schon \u00f6fter in Vertretung Jochen Schmidts B\u00fccher signiert, wenn sie bei Lesungen auf meinem B\u00fcchertisch angeboten wurden.<\/p>\n<p>&nbsp;<\/p>\n<p><img loading=\"lazy\" decoding=\"async\" class=\"aligncenter wp-image-3852\" src=\"http:\/\/blog.zeit.de\/freitext\/freitext\/wp-content\/blogs.dir\/84\/files\/2016\/06\/060-Tanz-P1160910-klein-600x800.jpg\" alt=\"060 Tanz P1160910 klein\" width=\"400\" height=\"533\" srcset=\"https:\/\/blog.zeit.de\/freitext\/files\/2016\/06\/060-Tanz-P1160910-klein-600x800.jpg 600w, https:\/\/blog.zeit.de\/freitext\/files\/2016\/06\/060-Tanz-P1160910-klein.jpg 750w\" sizes=\"auto, (max-width: 400px) 100vw, 400px\" \/><\/p>\n<p><strong>\u00a0<\/strong><\/p>\n<p>Es gibt eine wohl wirklich sehr kleine Gruppe Ungarn, die glauben, ihr Volk stamme vom Sirius und spreche deshalb so eine spezielle Sprache. Ich empfand es in jedem Fall wieder als sehr angenehm, einmal nichts von den Gespr\u00e4chen an den Nebentischen und in der Bahn zu verstehen, was bei uns ja oft ablenkt. Man kann wunderbar arbeiten, wenn im Caf\u00e9 neben einem Ungarisch gesprochen wird. Trotzdem konnte ich es nicht lassen und versuchte, mit einem alten DDR-Lehrbuch ein bisschen Ungarisch zu lernen, die Beispiels\u00e4tze waren teilweise etwas veraltet: <em>&#8222;Az Elvtars, akit keres, nincs itt.&#8220;<\/em> (&#8222;Der Genosse, den Sie suchen, ist nicht hier.&#8220;)<\/p>\n<p>&nbsp;<\/p>\n<p><strong><img loading=\"lazy\" decoding=\"async\" class=\"aligncenter wp-image-3853\" src=\"http:\/\/blog.zeit.de\/freitext\/freitext\/wp-content\/blogs.dir\/84\/files\/2016\/06\/065-Lehrbuch-P1170369-klein-600x800.jpg\" alt=\"065 Lehrbuch P1170369 klein\" width=\"400\" height=\"533\" srcset=\"https:\/\/blog.zeit.de\/freitext\/files\/2016\/06\/065-Lehrbuch-P1170369-klein-600x800.jpg 600w, https:\/\/blog.zeit.de\/freitext\/files\/2016\/06\/065-Lehrbuch-P1170369-klein.jpg 750w\" sizes=\"auto, (max-width: 400px) 100vw, 400px\" \/><\/strong><strong><br \/>\n<\/strong><\/p>\n<p>Gespr\u00e4che mit einheimischen Intellektuellen drehen sich sehr schnell um die bedr\u00fcckende politische Situation im Land. Um mich davon abzulenken, las ich mir abends im Internet den <em>Kicker<\/em> durch, aber auch hier schien es um den Mann zu gehen, der uns solche Sorgen bereitet<strong>.<\/strong><\/p>\n<p>&nbsp;<\/p>\n<p><img loading=\"lazy\" decoding=\"async\" class=\"aligncenter size-medium wp-image-3854\" src=\"http:\/\/blog.zeit.de\/freitext\/freitext\/wp-content\/blogs.dir\/84\/files\/2016\/06\/070-fck-P1170096-klein-620x465.jpg\" alt=\"070 fck P1170096 klein\" width=\"620\" height=\"465\" srcset=\"https:\/\/blog.zeit.de\/freitext\/files\/2016\/06\/070-fck-P1170096-klein-620x465.jpg 620w, https:\/\/blog.zeit.de\/freitext\/files\/2016\/06\/070-fck-P1170096-klein-768x576.jpg 768w, https:\/\/blog.zeit.de\/freitext\/files\/2016\/06\/070-fck-P1170096-klein.jpg 1000w\" sizes=\"auto, (max-width: 620px) 100vw, 620px\" \/><\/p>\n<p>&nbsp;<\/p>\n<p>Es ist tr\u00f6stlich, wenn man dann hier und da im Stra\u00dfenbild auf unschuldige Objekte aus der Vergangenheit st\u00f6\u00dft, besonders hat es mir immer altes Spielzeug angetan. Vor einem Tr\u00f6delladen hing eine Blechrakete, die an das Interkosmos-Programm erinnerte, bei dem die Russen sich Technologien liefern lie\u00dfen und daf\u00fcr Kosmonauten ihrer sozialistischen Bruderl\u00e4nder mit ins All nahmen, die Ungarn waren immerhin als f\u00fcnfte an der Reihe.<\/p>\n<p>&nbsp;<\/p>\n<p><strong><img loading=\"lazy\" decoding=\"async\" class=\"aligncenter size-medium wp-image-3855\" src=\"http:\/\/blog.zeit.de\/freitext\/freitext\/wp-content\/blogs.dir\/84\/files\/2016\/06\/075-interkosmos-klein-620x414.jpg\" alt=\"075 interkosmos klein\" width=\"620\" height=\"414\" srcset=\"https:\/\/blog.zeit.de\/freitext\/files\/2016\/06\/075-interkosmos-klein-620x414.jpg 620w, https:\/\/blog.zeit.de\/freitext\/files\/2016\/06\/075-interkosmos-klein-768x512.jpg 768w, https:\/\/blog.zeit.de\/freitext\/files\/2016\/06\/075-interkosmos-klein.jpg 1000w\" sizes=\"auto, (max-width: 620px) 100vw, 620px\" \/><\/strong><\/p>\n<p>&nbsp;<\/p>\n<p>Noch mehr Gef\u00fchle kamen auf, als ich im Laden ein Kybernet-Auto entdeckte, das ich mir als Kind vergeblich gew\u00fcnscht hatte. Man konnte mit Plastikbl\u00f6cken die Route programmieren, die das Auto fuhr. Ein Schulfreund hatte Kybernet besessen, oft habe ich ihn deshalb besucht. Sollte ich daf\u00fcr 30 Euro ausgeben? Man h\u00e4tte sich damals ein Dutzend zulegen sollen, um sie jetzt zu verkaufen, aber wer konnte das ahnen?<\/p>\n<p>&nbsp;<\/p>\n<p><img loading=\"lazy\" decoding=\"async\" class=\"aligncenter size-medium wp-image-3856\" src=\"http:\/\/blog.zeit.de\/freitext\/freitext\/wp-content\/blogs.dir\/84\/files\/2016\/06\/080-kybernet-P1170006-klein-620x465.jpg\" alt=\"080 kybernet P1170006 klein\" width=\"620\" height=\"465\" srcset=\"https:\/\/blog.zeit.de\/freitext\/files\/2016\/06\/080-kybernet-P1170006-klein-620x465.jpg 620w, https:\/\/blog.zeit.de\/freitext\/files\/2016\/06\/080-kybernet-P1170006-klein-768x576.jpg 768w, https:\/\/blog.zeit.de\/freitext\/files\/2016\/06\/080-kybernet-P1170006-klein.jpg 1000w\" sizes=\"auto, (max-width: 620px) 100vw, 620px\" \/><\/p>\n<p><strong>\u00a0<\/strong><\/p>\n<p>Um mehr Spielzeug zu finden, fuhr ich eine Stunde mit der sehr gem\u00e4chlichen S-Bahn nach Szentendre, um mir ein sogenanntes Retro-Design-Museum anzusehen. Ein Einfamilienhaus, das bis unter die Decke vollgestopft war mit Fahrzeugen und Alltagsgegenst\u00e4nden aus Ungarn und den anderen L\u00e4ndern des Ostblocks.<\/p>\n<p>&nbsp;<\/p>\n<p><img loading=\"lazy\" decoding=\"async\" class=\"aligncenter size-medium wp-image-3857\" src=\"http:\/\/blog.zeit.de\/freitext\/freitext\/wp-content\/blogs.dir\/84\/files\/2016\/06\/082-konstruktor-P1170036-klein-620x465.jpg\" alt=\"082 konstruktor P1170036 klein\" width=\"620\" height=\"465\" srcset=\"https:\/\/blog.zeit.de\/freitext\/files\/2016\/06\/082-konstruktor-P1170036-klein-620x465.jpg 620w, https:\/\/blog.zeit.de\/freitext\/files\/2016\/06\/082-konstruktor-P1170036-klein-768x576.jpg 768w, https:\/\/blog.zeit.de\/freitext\/files\/2016\/06\/082-konstruktor-P1170036-klein.jpg 1000w\" sizes=\"auto, (max-width: 620px) 100vw, 620px\" \/><\/p>\n<p>&nbsp;<\/p>\n<p>Das Mondauto, das beim Fahren einen Styroporball auf einem Luftstrahl balancierte, ein Onkel von mir hatte es besessen, leider waren bei unseren Besuchen nie genug Batterien aufzutreiben gewesen. Aber ich wei\u00df ja jetzt, wo es steht und kann es mir jederzeit in Budapest ansehen.<\/p>\n<p>&nbsp;<\/p>\n<p><img loading=\"lazy\" decoding=\"async\" class=\"aligncenter size-medium wp-image-3859\" src=\"http:\/\/blog.zeit.de\/freitext\/freitext\/wp-content\/blogs.dir\/84\/files\/2016\/06\/083-mondauto-P1170052-klein-620x465.jpg\" alt=\"083 mondauto P1170052 klein\" width=\"620\" height=\"465\" srcset=\"https:\/\/blog.zeit.de\/freitext\/files\/2016\/06\/083-mondauto-P1170052-klein-620x465.jpg 620w, https:\/\/blog.zeit.de\/freitext\/files\/2016\/06\/083-mondauto-P1170052-klein-768x576.jpg 768w, https:\/\/blog.zeit.de\/freitext\/files\/2016\/06\/083-mondauto-P1170052-klein.jpg 1000w\" sizes=\"auto, (max-width: 620px) 100vw, 620px\" \/><\/p>\n<p><strong>\u00a0<\/strong><\/p>\n<p>Der Keller des Museums quoll \u00fcber von Werkzeugen und Autoersatzteilen \u2013 wahrscheinlich hatte er schon so ausgesehen, bevor das Haus zum Museum wurde \u2013, auf einem Fernseher lief in einer Endlosschleife DDR-Fernsehwerbung: &#8222;Der neue Wartburg 1.000, Kofferraum f\u00fcr 57 Fu\u00dfb\u00e4lle&#8220;, hie\u00df es darin, und man sah, wie der Kofferraum mit 57 Fu\u00dfb\u00e4llen gef\u00fcllt wurde. Ich erfuhr auch, dass um 1960 etwa 1.000 Wartburgs in die USA exportiert worden seien, es habe sogar Anzeigen daf\u00fcr im Playboy gegeben. An einem nachgestellten Zeitungskiosk bewunderte ich alte Presseerzeugnisse. Die Mangelwirtschaft in den L\u00e4ndern des Ostblocks hat auf der anderen Seite eine lebendige Bastelkultur bef\u00f6rdert. Das Zentralorgan daf\u00fcr war in der DDR die Zeitschrift <em>Practic<\/em>, deren ungarisches, etwas cooleres Gegenst\u00fcck <em>Ezermester<\/em> (&#8222;Tausendmeister&#8220;, bzw. &#8222;Allesk\u00f6nner&#8220;) hie\u00df. Hier eine Ausgabe \u00fcber das wichtige Thema &#8222;St\u00f6rungen&#8220;.<\/p>\n<p>&nbsp;<\/p>\n<p><img loading=\"lazy\" decoding=\"async\" class=\"aligncenter size-medium wp-image-3860\" src=\"http:\/\/blog.zeit.de\/freitext\/freitext\/wp-content\/blogs.dir\/84\/files\/2016\/06\/084-ezer-prac-P1170056-klein-620x426.jpg\" alt=\"084 ezer prac P1170056 klein\" width=\"620\" height=\"426\" srcset=\"https:\/\/blog.zeit.de\/freitext\/files\/2016\/06\/084-ezer-prac-P1170056-klein-620x426.jpg 620w, https:\/\/blog.zeit.de\/freitext\/files\/2016\/06\/084-ezer-prac-P1170056-klein-768x528.jpg 768w, https:\/\/blog.zeit.de\/freitext\/files\/2016\/06\/084-ezer-prac-P1170056-klein.jpg 1000w\" sizes=\"auto, (max-width: 620px) 100vw, 620px\" \/><\/p>\n<p><strong>\u00a0<\/strong><\/p>\n<p>Leider hat man in Budapest die internationale Mode aufgegriffen, in den Fu\u00dfg\u00e4ngerzonen simpel realistische Ganzk\u00f6rperstatuen aufzustellen, sozusagen Wachsfiguren aus Bronze, z. B. f\u00fcr Inspektor Columbo oder Ronald Reagan, vor denen sich die Touristen fotografieren. Im Memento-Park am Stadtrand kann man demontierte Statuen aus der kommunistischen Zeit sehen.<\/p>\n<p>&nbsp;<\/p>\n<p><img loading=\"lazy\" decoding=\"async\" class=\"aligncenter size-medium wp-image-3858\" src=\"http:\/\/blog.zeit.de\/freitext\/freitext\/wp-content\/blogs.dir\/84\/files\/2016\/06\/085-memento-P1170124-klein-620x465.jpg\" alt=\"085 memento P1170124 klein\" width=\"620\" height=\"465\" srcset=\"https:\/\/blog.zeit.de\/freitext\/files\/2016\/06\/085-memento-P1170124-klein-620x465.jpg 620w, https:\/\/blog.zeit.de\/freitext\/files\/2016\/06\/085-memento-P1170124-klein-768x576.jpg 768w, https:\/\/blog.zeit.de\/freitext\/files\/2016\/06\/085-memento-P1170124-klein.jpg 1000w\" sizes=\"auto, (max-width: 620px) 100vw, 620px\" \/><\/p>\n<p><strong>\u00a0<\/strong><\/p>\n<p>Auch wenn man sie f\u00fcr ihre Botschaft kritisch sehen muss, waren sie stilistisch von weitaus besserer Qualit\u00e4t als das meiste, was heute aufgestellt wird. Interessant ist, dass Marx und Engels in Ungarn wie Kyrill und Method aussahen.<\/p>\n<p>&nbsp;<\/p>\n<p><img loading=\"lazy\" decoding=\"async\" class=\"aligncenter wp-image-3861\" src=\"http:\/\/blog.zeit.de\/freitext\/freitext\/wp-content\/blogs.dir\/84\/files\/2016\/06\/090-marx-P1170133-klein-600x800.jpg\" alt=\"090 marx P1170133 klein\" width=\"400\" height=\"533\" srcset=\"https:\/\/blog.zeit.de\/freitext\/files\/2016\/06\/090-marx-P1170133-klein-600x800.jpg 600w, https:\/\/blog.zeit.de\/freitext\/files\/2016\/06\/090-marx-P1170133-klein.jpg 750w\" sizes=\"auto, (max-width: 400px) 100vw, 400px\" \/><\/p>\n<p><strong>\u00a0<\/strong><\/p>\n<p>\u00dcberhaupt Statuen. Ich fand in Budapest Material f\u00fcr meine Sammlung &#8222;Frauen und Technik&#8220;.<\/p>\n<p>&nbsp;<\/p>\n<p><img loading=\"lazy\" decoding=\"async\" class=\"aligncenter size-medium wp-image-3862\" src=\"http:\/\/blog.zeit.de\/freitext\/freitext\/wp-content\/blogs.dir\/84\/files\/2016\/06\/095-frauen-und-technik-klein-620x414.jpg\" alt=\"095 frauen und technik klein\" width=\"620\" height=\"414\" srcset=\"https:\/\/blog.zeit.de\/freitext\/files\/2016\/06\/095-frauen-und-technik-klein-620x414.jpg 620w, https:\/\/blog.zeit.de\/freitext\/files\/2016\/06\/095-frauen-und-technik-klein-768x512.jpg 768w, https:\/\/blog.zeit.de\/freitext\/files\/2016\/06\/095-frauen-und-technik-klein.jpg 1000w\" sizes=\"auto, (max-width: 620px) 100vw, 620px\" \/><\/p>\n<p><strong>\u00a0<\/strong><\/p>\n<p>Ich freute mich, endlich einmal ein &#8222;Denkmal f\u00fcr den alleinerziehenden Vater&#8220; zu finden.<\/p>\n<p>&nbsp;<\/p>\n<p><strong><img loading=\"lazy\" decoding=\"async\" class=\"aligncenter wp-image-3863\" src=\"http:\/\/blog.zeit.de\/freitext\/freitext\/wp-content\/blogs.dir\/84\/files\/2016\/06\/100-Vater-P1160995-klein-600x800.jpg\" alt=\"100 Vater P1160995 klein\" width=\"400\" height=\"533\" srcset=\"https:\/\/blog.zeit.de\/freitext\/files\/2016\/06\/100-Vater-P1160995-klein-600x800.jpg 600w, https:\/\/blog.zeit.de\/freitext\/files\/2016\/06\/100-Vater-P1160995-klein.jpg 750w\" sizes=\"auto, (max-width: 400px) 100vw, 400px\" \/><\/strong><\/p>\n<p>&nbsp;<\/p>\n<p>Sehr ber\u00fchrend auch das Gegenst\u00fcck, das &#8222;Denkmal f\u00fcr das Scheidungskind&#8220;.<\/p>\n<p>&nbsp;<\/p>\n<p><strong><img loading=\"lazy\" decoding=\"async\" class=\"aligncenter wp-image-3864\" src=\"http:\/\/blog.zeit.de\/freitext\/freitext\/wp-content\/blogs.dir\/84\/files\/2016\/06\/105-Scheidungskind-P1170128-klein-600x800.jpg\" alt=\"105 Scheidungskind P1170128 klein\" width=\"400\" height=\"533\" srcset=\"https:\/\/blog.zeit.de\/freitext\/files\/2016\/06\/105-Scheidungskind-P1170128-klein-600x800.jpg 600w, https:\/\/blog.zeit.de\/freitext\/files\/2016\/06\/105-Scheidungskind-P1170128-klein.jpg 750w\" sizes=\"auto, (max-width: 400px) 100vw, 400px\" \/><\/strong><\/p>\n<p>&nbsp;<\/p>\n<p>Und ein bisschen f\u00fchlte ich mich als Autor selbst geehrt oder wenigstens getr\u00f6stet, denn gleich neben dem Literaturmuseum stand das &#8222;Denkmal des unbekannten Buchs&#8220;. Eine Wasserwand, die sich von rechts nach links bewegt, stellt eine Seite beim Umbl\u00e4ttern dar. Raffiniert!<\/p>\n<p>&nbsp;<\/p>\n<p><img loading=\"lazy\" decoding=\"async\" class=\"aligncenter size-medium wp-image-3865\" src=\"http:\/\/blog.zeit.de\/freitext\/freitext\/wp-content\/blogs.dir\/84\/files\/2016\/06\/110-denkmal-buch-P1170156-klein-620x465.jpg\" alt=\"110 denkmal buch P1170156 klein\" width=\"620\" height=\"465\" srcset=\"https:\/\/blog.zeit.de\/freitext\/files\/2016\/06\/110-denkmal-buch-P1170156-klein-620x465.jpg 620w, https:\/\/blog.zeit.de\/freitext\/files\/2016\/06\/110-denkmal-buch-P1170156-klein-768x576.jpg 768w, https:\/\/blog.zeit.de\/freitext\/files\/2016\/06\/110-denkmal-buch-P1170156-klein.jpg 1000w\" sizes=\"auto, (max-width: 620px) 100vw, 620px\" \/><\/p>\n<p>&nbsp;<\/p>\n<p>_________________<\/p>\n<p><strong><em>Sie m\u00f6chten keinen Freitext verpassen? Aufgrund der gro\u00dfen Nachfrage gibt es einen Newsletter. <a href=\"http:\/\/bit.ly\/1xjyvzZ\" target=\"_blank\">Hier k\u00f6nnen Sie ihn abonnieren.<\/a><\/em><\/strong><\/p>\n","protected":false},"excerpt":{"rendered":"<p>In Zeiten von Orb\u00e1n h\u00f6rt man viel Besorgniserregendes aus Ungarn. Unser Autor hat auf seinem Spaziergang durch Budapest dennoch Sch\u00f6nes und Erstaunliches entdeckt. Mit [\u2026]<\/p>\n","protected":false},"author":1040,"featured_media":3918,"comment_status":"open","ping_status":"open","sticky":false,"template":"","format":"standard","meta":{"_jetpack_memberships_contains_paid_content":false,"footnotes":""},"categories":[7,5],"tags":[],"class_list":["post-3838","post","type-post","status-publish","format-standard","has-post-thumbnail","hentry","category-gesellschaft-politik","category-schriftstellerleben"],"yoast_head":"<!-- This site is optimized with the Yoast SEO plugin v21.0 - https:\/\/yoast.com\/wordpress\/plugins\/seo\/ -->\n<title>Das Denkmal f\u00fcr den alleinerziehenden Vater - Freitext<\/title>\n<meta name=\"description\" content=\"Zu Besuch in Ungarn: Auf einem Spaziergang durch Budapest entdeckt unser Autor Sch\u00f6nes und Skurriles.\" \/>\n<meta name=\"robots\" content=\"index, follow, max-snippet:-1, max-image-preview:large, max-video-preview:-1\" \/>\n<link rel=\"canonical\" href=\"https:\/\/blog.zeit.de\/freitext\/2016\/07\/03\/budapest-spaziergang-schmidt\/\" \/>\n<meta property=\"og:locale\" content=\"de_DE\" \/>\n<meta property=\"og:type\" content=\"article\" \/>\n<meta property=\"og:title\" content=\"Das Denkmal f\u00fcr den alleinerziehenden Vater - Freitext\" \/>\n<meta property=\"og:description\" content=\"Zu Besuch in Ungarn: Auf einem Spaziergang durch Budapest entdeckt unser Autor Sch\u00f6nes und Skurriles.\" \/>\n<meta property=\"og:url\" content=\"https:\/\/blog.zeit.de\/freitext\/2016\/07\/03\/budapest-spaziergang-schmidt\/\" \/>\n<meta property=\"og:site_name\" content=\"Freitext\" \/>\n<meta property=\"article:published_time\" content=\"2016-07-03T05:00:57+00:00\" \/>\n<meta property=\"article:modified_time\" content=\"2016-07-03T08:20:25+00:00\" \/>\n<meta name=\"author\" content=\"Jochen Schmidt\" \/>\n<meta name=\"twitter:card\" content=\"summary_large_image\" \/>\n<meta name=\"twitter:image\" content=\"http:\/\/blog.zeit.de\/freitext\/freitext\/wp-content\/blogs.dir\/84\/files\/2016\/06\/freitext-ungarn.jpg\" \/>\n<meta name=\"twitter:label1\" content=\"Geschrieben von\" \/>\n\t<meta name=\"twitter:data1\" content=\"Jochen Schmidt\" \/>\n\t<meta name=\"twitter:label2\" content=\"Gesch\u00e4tzte Lesezeit\" \/>\n\t<meta name=\"twitter:data2\" content=\"7\u00a0Minuten\" \/>\n<script type=\"application\/ld+json\" class=\"yoast-schema-graph\">{\"@context\":\"https:\/\/schema.org\",\"@graph\":[{\"@type\":\"WebPage\",\"@id\":\"https:\/\/blog.zeit.de\/freitext\/2016\/07\/03\/budapest-spaziergang-schmidt\/\",\"url\":\"https:\/\/blog.zeit.de\/freitext\/2016\/07\/03\/budapest-spaziergang-schmidt\/\",\"name\":\"Das Denkmal f\u00fcr den alleinerziehenden Vater - Freitext\",\"isPartOf\":{\"@id\":\"https:\/\/blog.zeit.de\/freitext\/#website\"},\"datePublished\":\"2016-07-03T05:00:57+00:00\",\"dateModified\":\"2016-07-03T08:20:25+00:00\",\"author\":{\"@id\":\"https:\/\/blog.zeit.de\/freitext\/#\/schema\/person\/610fbf6532b58bd63e0364c87de150f0\"},\"description\":\"Zu Besuch in Ungarn: Auf einem Spaziergang durch Budapest entdeckt unser Autor Sch\u00f6nes und Skurriles.\",\"breadcrumb\":{\"@id\":\"https:\/\/blog.zeit.de\/freitext\/2016\/07\/03\/budapest-spaziergang-schmidt\/#breadcrumb\"},\"inLanguage\":\"de\",\"potentialAction\":[{\"@type\":\"ReadAction\",\"target\":[\"https:\/\/blog.zeit.de\/freitext\/2016\/07\/03\/budapest-spaziergang-schmidt\/\"]}]},{\"@type\":\"BreadcrumbList\",\"@id\":\"https:\/\/blog.zeit.de\/freitext\/2016\/07\/03\/budapest-spaziergang-schmidt\/#breadcrumb\",\"itemListElement\":[{\"@type\":\"ListItem\",\"position\":1,\"name\":\"Startseite\",\"item\":\"https:\/\/blog.zeit.de\/freitext\/\"},{\"@type\":\"ListItem\",\"position\":2,\"name\":\"Das Denkmal f\u00fcr den alleinerziehenden Vater\"}]},{\"@type\":\"WebSite\",\"@id\":\"https:\/\/blog.zeit.de\/freitext\/#website\",\"url\":\"https:\/\/blog.zeit.de\/freitext\/\",\"name\":\"Freitext\",\"description\":\"Feld f\u00fcr literarisches Denken\",\"potentialAction\":[{\"@type\":\"SearchAction\",\"target\":{\"@type\":\"EntryPoint\",\"urlTemplate\":\"https:\/\/blog.zeit.de\/freitext\/?s={search_term_string}\"},\"query-input\":\"required name=search_term_string\"}],\"inLanguage\":\"de\"},{\"@type\":\"Person\",\"@id\":\"https:\/\/blog.zeit.de\/freitext\/#\/schema\/person\/610fbf6532b58bd63e0364c87de150f0\",\"name\":\"Jochen Schmidt\",\"image\":{\"@type\":\"ImageObject\",\"inLanguage\":\"de\",\"@id\":\"https:\/\/blog.zeit.de\/freitext\/#\/schema\/person\/image\/\",\"url\":\"https:\/\/secure.gravatar.com\/avatar\/7d911f96a5b94ebd44b11a9b9c216008e5d3f4ae3a54e942122acbe6f23f84e6?s=96&d=mm&r=g\",\"contentUrl\":\"https:\/\/secure.gravatar.com\/avatar\/7d911f96a5b94ebd44b11a9b9c216008e5d3f4ae3a54e942122acbe6f23f84e6?s=96&d=mm&r=g\",\"caption\":\"Jochen Schmidt\"},\"description\":\"Jochen Schmidt, geboren 1970 in Berlin-Friedrichshain. 1999 geh\u00f6rte er zu den Mitbegr\u00fcndern der Leseb\u00fchne \\\"Chaussee der Enthusiasten\\\". Romane (\\\"M\u00fcller haut uns raus\\\", \\\"Schneckenm\u00fchle\\\", \\\"Zuckersand\\\"), Erz\u00e4hlungen (\\\"Triumphgem\u00fcse\\\", \\\"Meine wichtigsten K\u00f6rperfunktionen\\\", \\\"Der W\u00e4chter von Pankow\\\"), Reiseliteratur (Gebrauchsanweisungen f\u00fcr die Bretagne, Rum\u00e4nien, Ostdeutschland). Zu seinen literarischen Hausheiligen z\u00e4hlen Nicholson Baker, Herg\u00e9, Anton Tschechow, Helge Schneider und Marcel Proust, \u00fcber dessen \\\"Suche nach der verlorenen Zeit\\\" er ein Lekt\u00fcretagebuch verfasst hat (\\\"Schmidt liest Proust\\\").\",\"url\":\"https:\/\/blog.zeit.de\/freitext\/author\/jochen-schmidt\/\"}]}<\/script>\n<!-- \/ Yoast SEO plugin. -->","yoast_head_json":{"title":"Das Denkmal f\u00fcr den alleinerziehenden Vater - Freitext","description":"Zu Besuch in Ungarn: Auf einem Spaziergang durch Budapest entdeckt unser Autor Sch\u00f6nes und Skurriles.","robots":{"index":"index","follow":"follow","max-snippet":"max-snippet:-1","max-image-preview":"max-image-preview:large","max-video-preview":"max-video-preview:-1"},"canonical":"https:\/\/blog.zeit.de\/freitext\/2016\/07\/03\/budapest-spaziergang-schmidt\/","og_locale":"de_DE","og_type":"article","og_title":"Das Denkmal f\u00fcr den alleinerziehenden Vater - Freitext","og_description":"Zu Besuch in Ungarn: Auf einem Spaziergang durch Budapest entdeckt unser Autor Sch\u00f6nes und Skurriles.","og_url":"https:\/\/blog.zeit.de\/freitext\/2016\/07\/03\/budapest-spaziergang-schmidt\/","og_site_name":"Freitext","article_published_time":"2016-07-03T05:00:57+00:00","article_modified_time":"2016-07-03T08:20:25+00:00","author":"Jochen Schmidt","twitter_card":"summary_large_image","twitter_image":"http:\/\/blog.zeit.de\/freitext\/freitext\/wp-content\/blogs.dir\/84\/files\/2016\/06\/freitext-ungarn.jpg","twitter_misc":{"Geschrieben von":"Jochen Schmidt","Gesch\u00e4tzte Lesezeit":"7\u00a0Minuten"},"schema":{"@context":"https:\/\/schema.org","@graph":[{"@type":"WebPage","@id":"https:\/\/blog.zeit.de\/freitext\/2016\/07\/03\/budapest-spaziergang-schmidt\/","url":"https:\/\/blog.zeit.de\/freitext\/2016\/07\/03\/budapest-spaziergang-schmidt\/","name":"Das Denkmal f\u00fcr den alleinerziehenden Vater - Freitext","isPartOf":{"@id":"https:\/\/blog.zeit.de\/freitext\/#website"},"datePublished":"2016-07-03T05:00:57+00:00","dateModified":"2016-07-03T08:20:25+00:00","author":{"@id":"https:\/\/blog.zeit.de\/freitext\/#\/schema\/person\/610fbf6532b58bd63e0364c87de150f0"},"description":"Zu Besuch in Ungarn: Auf einem Spaziergang durch Budapest entdeckt unser Autor Sch\u00f6nes und Skurriles.","breadcrumb":{"@id":"https:\/\/blog.zeit.de\/freitext\/2016\/07\/03\/budapest-spaziergang-schmidt\/#breadcrumb"},"inLanguage":"de","potentialAction":[{"@type":"ReadAction","target":["https:\/\/blog.zeit.de\/freitext\/2016\/07\/03\/budapest-spaziergang-schmidt\/"]}]},{"@type":"BreadcrumbList","@id":"https:\/\/blog.zeit.de\/freitext\/2016\/07\/03\/budapest-spaziergang-schmidt\/#breadcrumb","itemListElement":[{"@type":"ListItem","position":1,"name":"Startseite","item":"https:\/\/blog.zeit.de\/freitext\/"},{"@type":"ListItem","position":2,"name":"Das Denkmal f\u00fcr den alleinerziehenden Vater"}]},{"@type":"WebSite","@id":"https:\/\/blog.zeit.de\/freitext\/#website","url":"https:\/\/blog.zeit.de\/freitext\/","name":"Freitext","description":"Feld f\u00fcr literarisches Denken","potentialAction":[{"@type":"SearchAction","target":{"@type":"EntryPoint","urlTemplate":"https:\/\/blog.zeit.de\/freitext\/?s={search_term_string}"},"query-input":"required name=search_term_string"}],"inLanguage":"de"},{"@type":"Person","@id":"https:\/\/blog.zeit.de\/freitext\/#\/schema\/person\/610fbf6532b58bd63e0364c87de150f0","name":"Jochen Schmidt","image":{"@type":"ImageObject","inLanguage":"de","@id":"https:\/\/blog.zeit.de\/freitext\/#\/schema\/person\/image\/","url":"https:\/\/secure.gravatar.com\/avatar\/7d911f96a5b94ebd44b11a9b9c216008e5d3f4ae3a54e942122acbe6f23f84e6?s=96&d=mm&r=g","contentUrl":"https:\/\/secure.gravatar.com\/avatar\/7d911f96a5b94ebd44b11a9b9c216008e5d3f4ae3a54e942122acbe6f23f84e6?s=96&d=mm&r=g","caption":"Jochen Schmidt"},"description":"Jochen Schmidt, geboren 1970 in Berlin-Friedrichshain. 1999 geh\u00f6rte er zu den Mitbegr\u00fcndern der Leseb\u00fchne \"Chaussee der Enthusiasten\". Romane (\"M\u00fcller haut uns raus\", \"Schneckenm\u00fchle\", \"Zuckersand\"), Erz\u00e4hlungen (\"Triumphgem\u00fcse\", \"Meine wichtigsten K\u00f6rperfunktionen\", \"Der W\u00e4chter von Pankow\"), Reiseliteratur (Gebrauchsanweisungen f\u00fcr die Bretagne, Rum\u00e4nien, Ostdeutschland). Zu seinen literarischen Hausheiligen z\u00e4hlen Nicholson Baker, Herg\u00e9, Anton Tschechow, Helge Schneider und Marcel Proust, \u00fcber dessen \"Suche nach der verlorenen Zeit\" er ein Lekt\u00fcretagebuch verfasst hat (\"Schmidt liest Proust\").","url":"https:\/\/blog.zeit.de\/freitext\/author\/jochen-schmidt\/"}]}},"jetpack_featured_media_url":"https:\/\/blog.zeit.de\/freitext\/files\/2016\/06\/freitext-ungarn.jpg","jetpack_sharing_enabled":true,"_links":{"self":[{"href":"https:\/\/blog.zeit.de\/freitext\/wp-json\/wp\/v2\/posts\/3838","targetHints":{"allow":["GET"]}}],"collection":[{"href":"https:\/\/blog.zeit.de\/freitext\/wp-json\/wp\/v2\/posts"}],"about":[{"href":"https:\/\/blog.zeit.de\/freitext\/wp-json\/wp\/v2\/types\/post"}],"author":[{"embeddable":true,"href":"https:\/\/blog.zeit.de\/freitext\/wp-json\/wp\/v2\/users\/1040"}],"replies":[{"embeddable":true,"href":"https:\/\/blog.zeit.de\/freitext\/wp-json\/wp\/v2\/comments?post=3838"}],"version-history":[{"count":11,"href":"https:\/\/blog.zeit.de\/freitext\/wp-json\/wp\/v2\/posts\/3838\/revisions"}],"predecessor-version":[{"id":3942,"href":"https:\/\/blog.zeit.de\/freitext\/wp-json\/wp\/v2\/posts\/3838\/revisions\/3942"}],"wp:featuredmedia":[{"embeddable":true,"href":"https:\/\/blog.zeit.de\/freitext\/wp-json\/wp\/v2\/media\/3918"}],"wp:attachment":[{"href":"https:\/\/blog.zeit.de\/freitext\/wp-json\/wp\/v2\/media?parent=3838"}],"wp:term":[{"taxonomy":"category","embeddable":true,"href":"https:\/\/blog.zeit.de\/freitext\/wp-json\/wp\/v2\/categories?post=3838"},{"taxonomy":"post_tag","embeddable":true,"href":"https:\/\/blog.zeit.de\/freitext\/wp-json\/wp\/v2\/tags?post=3838"}],"curies":[{"name":"wp","href":"https:\/\/api.w.org\/{rel}","templated":true}]}}