{"id":3908,"date":"2016-06-21T15:44:26","date_gmt":"2016-06-21T13:44:26","guid":{"rendered":"http:\/\/www.zeit.de\/freitext\/?p=3908"},"modified":"2016-06-22T11:57:37","modified_gmt":"2016-06-22T09:57:37","slug":"brexit-london-bossong","status":"publish","type":"post","link":"https:\/\/blog.zeit.de\/freitext\/2016\/06\/21\/brexit-london-bossong\/","title":{"rendered":"Brits don&#8217;t quit"},"content":{"rendered":"<p><strong>Es scheint, als h\u00e4tten die Deutschen ein gr\u00f6\u00dferes Interesse am Brexit als die Briten selbst. Ist dieses Referendum mehr als ein Ja oder Nein zu Gurken- und Gl\u00fchbirnenverordnungen?<\/strong><\/p>\n<p><img loading=\"lazy\" decoding=\"async\" class=\"aligncenter wp-image-3913 size-medium\" src=\"http:\/\/blog.zeit.de\/freitext\/freitext\/wp-content\/blogs.dir\/84\/files\/2016\/06\/freitext-brexit-bossong-620x413.jpg\" alt=\"Brexit: Brits don't quit\" width=\"620\" height=\"413\" srcset=\"https:\/\/blog.zeit.de\/freitext\/files\/2016\/06\/freitext-brexit-bossong-620x413.jpg 620w, https:\/\/blog.zeit.de\/freitext\/files\/2016\/06\/freitext-brexit-bossong-768x512.jpg 768w, https:\/\/blog.zeit.de\/freitext\/files\/2016\/06\/freitext-brexit-bossong-1024x682.jpg 1024w, https:\/\/blog.zeit.de\/freitext\/files\/2016\/06\/freitext-brexit-bossong.jpg 2000w\" sizes=\"auto, (max-width: 620px) 100vw, 620px\" \/><\/p>\n<p>&nbsp;<\/p>\n<p>Nahe der Tate Gallery werden am Sonntag Plakate und Sticker verteilt: I&#8217;M IN. Die Kampagnen f\u00fcr und gegen den <a href=\"http:\/\/www.zeit.de\/thema\/brexit\">Brexit<\/a>, die nach dem <a href=\"http:\/\/www.zeit.de\/politik\/2016-06\/jo-cox-grossbritannien-attentat-portraet\">Mord an der Parlamentarierin Jo Cox<\/a> vor\u00fcbergehend ausgesetzt worden waren, haben zumindest partiell wieder begonnen. Eine ganz Schar junger Leute l\u00e4uft mit den Aufklebern auf ihren Kleidern durch die Museumsr\u00e4ume, es wirkt wie ein Bekenntnis zu Cox, die sich klar zur EU bekannt hatte und vermutlich genau deshalb Ziel des Attentats geworden war.<!--more--><\/p>\n<p>In wenigen Tagen werden die Briten die wichtigste Entscheidung der letzten f\u00fcnfzig Jahre treffen, sagte am Freitagabend einer der Briten in unserer Tischgesellschaft. Die Wichtigste? Warum ist dann kaum einer von den geladenen Briten erschienen? Drei haben wenige Stunden vorher abgesagt, nach dem Mord an Jo Cox schien es ihnen als Gebot der Piet\u00e4t, Brexit-Debatten ruhen zu lassen. Andere aber hatten schon fr\u00fcher ihr Interesse an dem Abend verloren. Drei\u00dfig Deutsche sa\u00dfen am Ende drei Briten gegen\u00fcber, in einem jener auf Exklusivit\u00e4t basierenden Clubs mit pomp\u00f6sen Vorh\u00e4ngen vor den Fenstern, viel Gold an der Decke und Lamm als Hauptgang. Es scheint, als h\u00e4tten die Deutschen ein deutlich gr\u00f6\u00dferes Interesse am Brexit als die Briten selbst.<\/p>\n<p>Einen Abend sp\u00e4ter irren wir am anderen Endes des britischen Gesellschaftsspektrums entlang, vorbei an unbeleuchteten Bahnunterf\u00fchrungen und roh asphaltierten Pl\u00e4tzen und doch immer nur im Kreis. Eben noch waren wir auf der belebten Bricklane, jener Stra\u00dfe voller Vintageshops, Touristen und Partyh\u00f6fen, an deren Klinkermauern Plakate mit einem grimmigen Winston Churchill angepinnt sind: &#8222;<em>Brits don&#8217;t quit<\/em>&#8222;, erinnert er seine Nation. Ein anderes Plakat zeigt den Brexit-Bef\u00fcrworter Boris Johnson im Bruderkuss mit Donald Trump vereint.<\/p>\n<p>Einmal nur sind wir falsch abgebogen, und schon finden wir nicht mehr heraus aus den kleinen verwinkelten Gassen, die Stra\u00dfenbeleuchtung wird mit jeder Biegung tr\u00fcber, junge M\u00e4nner stehen vor einem Haus zusammen, ein dunkle Gemeinschaft. Die \u00f6ffentlichen Stadtpl\u00e4ne von London haben die Eigenschaft, die Himmelsrichtung zu wechseln, je nachdem, von welcher Seite aus man sie betrachtet.<\/p>\n<p>F\u00fchlen sich so jene Briten, die am 23. Juni f\u00fcr den Austritt Gro\u00dfbritanniens von der EU stimmen werden? Verloren in den verwinkelten Gassen der EU-Verwaltung, in einem Richtungswirrwarr, aus dem kein Stadtplan und kein Vertrag herausf\u00fchrt, die f\u00fcnf Pr\u00e4sidenten als dunkle Gemeinschaft, von keiner demokratischen Wahl legitimiert und, was wichtiger ist, ebenso wenig durch eine solche abw\u00e4hlbar? Und vertr\u00e4gt sich am Ende das Denken der Inseleurop\u00e4er mit dem der Kontinentaleurop\u00e4ern eben doch nicht gut genug, um gemeinsam die richtigen Wege zu finden?<\/p>\n<p>Nat\u00fcrlich, es gibt \u00f6konomische Gr\u00fcnde f\u00fcr und gegen den Verbleib Gro\u00dfbritanniens in der EU, beides faktenbasierte Wahrscheinlichkeitsszenarien. Dass Gro\u00dfbritannien am Ende den gr\u00f6\u00dferen Nachteil haben wird, setzt sich auch bei unserem Dinner als Mehrheitsmeinung durch. Doch die Wirtschaft allein ist es nicht, die die Brexit-Debatte entscheiden wird, nicht einmal in unserer Abendgesellschaft, obwohl viele der Teilnehmer in den Banken der City of London arbeiten.<\/p>\n<p>W\u00e4re die Debatte zwei Tagen zuvor noch anders verlaufen, weniger pers\u00f6nlich, w\u00e4re es ein reines Hin- und Hersto\u00dfen von Wirtschaftszahlen geworden, das allzu geschmacklos wirkte nach dem Mord an Cox? Oder war der Streit um den Brexit, war dieses Referendum eben doch von Anfang an mehr als ein Ja oder Nein zu Gurken- und Gl\u00fchbirnenverordnungen?<\/p>\n<p>Die EU-Strukturen, die Technokratie und der ineffiziente Beamten\u00fcberschuss, all das wurde von uns gestreift, doch war es nicht der Kern der Debatte. &#8222;In einen Binnenmarkt kann man sich nicht verlieben&#8220;, hat Jacques Delors einmal zu Recht bemerkt. In Prinz William nat\u00fcrlich schon. Und das K\u00f6nigshaus war den Briten bislang noch nicht zu teuer oder auch nur zu wenig effizient.<\/p>\n<p>Es ginge f\u00fcr die meisten Briten gar nicht vorrangig um den Verbleib in der EU, sagte eine der Teilnehmerinnen bei unserem Dinner. Sie w\u00fcrden vielmehr \u00fcber die gro\u00dfen gesellschaftlichen Probleme abstimmen, die derzeit auf allen Ebenen virulent sind, mit und ohne EU: \u00fcber die Glaubw\u00fcrdigkeitskrise der repr\u00e4sentativen Demokratie, das Auseinanderdriften der Milieus, Radikalisierung innerhalb der Gesellschaft und die Sicherheit \u2013 vor allem aber \u00fcber die Migration, die L\u00e4ndergrenzen und die Frage, ob der Commonwealth in dieser Hinsicht nicht gro\u00df genug ist.<\/p>\n<p>I&#8217;M IN! Ist das der Beginn einer Erz\u00e4hlung oder doch nur ein Hingucker, ein Hipsterslogan, ein allzu schnelles Bekenntnis? Wer will schlie\u00dflich nicht in sein? Fast Mitleid hat man mit dem Jungen, der mit einem &#8222;I leave&#8220;-Ansteckbutton auf seinem Ringelpulli verziert von seinen Eltern an einer Skulptur von Ai Wei Wei vorbeigeschoben wird. Der unertr\u00e4gliche Stiefbruder von Harry Potter w\u00fcrde garantiert auch so einen Button tragen, der war schlie\u00dflich schon Zauberern gegen\u00fcber xenophob eingestellt und seine Fantasie reichte nicht mal bis zum Gleis 9 \u00be.<\/p>\n<p>Gestalterische Vorstellungskraft aber braucht es f\u00fcr jedes Zusammenleben. Nur so k\u00f6nnen Diskrepanzen und Dissens als Momente innerhalb einer Dynamik erscheinen und nicht als Stopp, als dunkle Sackgasse, in die man sich verl\u00e4uft. Und nur so k\u00f6nnen wir sensibel sein f\u00fcr die blinden Flecken, jene Gegebenheiten, an die wir uns schon allzu sehr gew\u00f6hnt zu haben scheinen. Bedient wurden wir bei unserem Dinner schweigend und dezent von vier Kellnerinnen, dunkelh\u00e4utigen Commonwealth-Migrantinnen. Von ihnen wollte an diesem Abend niemand die Meinung h\u00f6ren. Gesellschaftliche Durchl\u00e4ssigkeit entscheidet sich eben nicht nur an den Au\u00dfengrenzen. Das Referendum wird sich am Donnerstag entscheiden, die Fragen aber, die es mittr\u00e4gt, werden mehr brauchen als ein Ja oder Nein.<\/p>\n","protected":false},"excerpt":{"rendered":"<p>Es scheint, als h\u00e4tten die Deutschen ein gr\u00f6\u00dferes Interesse am Brexit als die Briten selbst. Ist dieses Referendum mehr als ein Ja oder Nein [\u2026]<\/p>\n","protected":false},"author":1003,"featured_media":0,"comment_status":"open","ping_status":"open","sticky":false,"template":"","format":"standard","meta":{"_jetpack_memberships_contains_paid_content":false,"footnotes":""},"categories":[7],"tags":[],"class_list":["post-3908","post","type-post","status-publish","format-standard","hentry","category-gesellschaft-politik"],"yoast_head":"<!-- This site is optimized with the Yoast SEO plugin v21.0 - https:\/\/yoast.com\/wordpress\/plugins\/seo\/ -->\n<title>Brexit: Brits don&#039;t quit<\/title>\n<meta name=\"description\" content=\"Ist das Referendum mehr als ein Ja oder Nein zu Gurken- und Gl\u00fchbirnenverordnungen? Es scheint, als h\u00e4tten Deutsche ein gr\u00f6\u00dferes Interesse am Brexit.\" \/>\n<meta name=\"robots\" content=\"index, follow, max-snippet:-1, max-image-preview:large, max-video-preview:-1\" \/>\n<link rel=\"canonical\" href=\"https:\/\/blog.zeit.de\/freitext\/2016\/06\/21\/brexit-london-bossong\/\" \/>\n<meta property=\"og:locale\" content=\"de_DE\" \/>\n<meta property=\"og:type\" content=\"article\" \/>\n<meta property=\"og:title\" content=\"Brexit: Brits don&#039;t quit\" \/>\n<meta property=\"og:description\" content=\"Ist das Referendum mehr als ein Ja oder Nein zu Gurken- und Gl\u00fchbirnenverordnungen? Es scheint, als h\u00e4tten Deutsche ein gr\u00f6\u00dferes Interesse am Brexit.\" \/>\n<meta property=\"og:url\" content=\"https:\/\/blog.zeit.de\/freitext\/2016\/06\/21\/brexit-london-bossong\/\" \/>\n<meta property=\"og:site_name\" content=\"Freitext\" \/>\n<meta property=\"article:published_time\" content=\"2016-06-21T13:44:26+00:00\" \/>\n<meta property=\"article:modified_time\" content=\"2016-06-22T09:57:37+00:00\" \/>\n<meta property=\"og:image\" content=\"http:\/\/blog.zeit.de\/freitext\/freitext\/wp-content\/blogs.dir\/84\/files\/2016\/06\/freitext-brexit-bossong-620x413.jpg\" \/>\n<meta name=\"author\" content=\"Nora Bossong\" \/>\n<meta name=\"twitter:card\" content=\"summary_large_image\" \/>\n<meta name=\"twitter:label1\" content=\"Geschrieben von\" \/>\n\t<meta name=\"twitter:data1\" content=\"Nora Bossong\" \/>\n\t<meta name=\"twitter:label2\" content=\"Gesch\u00e4tzte Lesezeit\" \/>\n\t<meta name=\"twitter:data2\" content=\"5\u00a0Minuten\" \/>\n<script type=\"application\/ld+json\" class=\"yoast-schema-graph\">{\"@context\":\"https:\/\/schema.org\",\"@graph\":[{\"@type\":\"WebPage\",\"@id\":\"https:\/\/blog.zeit.de\/freitext\/2016\/06\/21\/brexit-london-bossong\/\",\"url\":\"https:\/\/blog.zeit.de\/freitext\/2016\/06\/21\/brexit-london-bossong\/\",\"name\":\"Brexit: Brits don't quit\",\"isPartOf\":{\"@id\":\"https:\/\/blog.zeit.de\/freitext\/#website\"},\"datePublished\":\"2016-06-21T13:44:26+00:00\",\"dateModified\":\"2016-06-22T09:57:37+00:00\",\"author\":{\"@id\":\"https:\/\/blog.zeit.de\/freitext\/#\/schema\/person\/1b3244cab8a5878c5780459f6a7052f1\"},\"description\":\"Ist das Referendum mehr als ein Ja oder Nein zu Gurken- und Gl\u00fchbirnenverordnungen? Es scheint, als h\u00e4tten Deutsche ein gr\u00f6\u00dferes Interesse am Brexit.\",\"breadcrumb\":{\"@id\":\"https:\/\/blog.zeit.de\/freitext\/2016\/06\/21\/brexit-london-bossong\/#breadcrumb\"},\"inLanguage\":\"de\",\"potentialAction\":[{\"@type\":\"ReadAction\",\"target\":[\"https:\/\/blog.zeit.de\/freitext\/2016\/06\/21\/brexit-london-bossong\/\"]}]},{\"@type\":\"BreadcrumbList\",\"@id\":\"https:\/\/blog.zeit.de\/freitext\/2016\/06\/21\/brexit-london-bossong\/#breadcrumb\",\"itemListElement\":[{\"@type\":\"ListItem\",\"position\":1,\"name\":\"Startseite\",\"item\":\"https:\/\/blog.zeit.de\/freitext\/\"},{\"@type\":\"ListItem\",\"position\":2,\"name\":\"Brits don&#8217;t quit\"}]},{\"@type\":\"WebSite\",\"@id\":\"https:\/\/blog.zeit.de\/freitext\/#website\",\"url\":\"https:\/\/blog.zeit.de\/freitext\/\",\"name\":\"Freitext\",\"description\":\"Feld f\u00fcr literarisches Denken\",\"potentialAction\":[{\"@type\":\"SearchAction\",\"target\":{\"@type\":\"EntryPoint\",\"urlTemplate\":\"https:\/\/blog.zeit.de\/freitext\/?s={search_term_string}\"},\"query-input\":\"required name=search_term_string\"}],\"inLanguage\":\"de\"},{\"@type\":\"Person\",\"@id\":\"https:\/\/blog.zeit.de\/freitext\/#\/schema\/person\/1b3244cab8a5878c5780459f6a7052f1\",\"name\":\"Nora Bossong\",\"image\":{\"@type\":\"ImageObject\",\"inLanguage\":\"de\",\"@id\":\"https:\/\/blog.zeit.de\/freitext\/#\/schema\/person\/image\/\",\"url\":\"https:\/\/secure.gravatar.com\/avatar\/6703c44d9b81228655b31ccaa7e32153e316fe7401f8d2b7912cb9dbfe56f4cc?s=96&d=mm&r=g\",\"contentUrl\":\"https:\/\/secure.gravatar.com\/avatar\/6703c44d9b81228655b31ccaa7e32153e316fe7401f8d2b7912cb9dbfe56f4cc?s=96&d=mm&r=g\",\"caption\":\"Nora Bossong\"},\"description\":\"Nora Bossong wurde 1982 in Bremen geboren, sie schreibt Gedichte, Romane und Essays. Im Hanser Verlag erschien der Gedichtband \\\"Sommer vor den Mauern\\\" (2011) und die Romane \\\"Gesellschaft mit beschr\u00e4nkter Haftung\\\" (2012) und \\\"36,9\u00b0\\\". Zuletzt erschien der Reportagenband \\\"Rotlicht\\\".\",\"url\":\"https:\/\/blog.zeit.de\/freitext\/author\/nora-bossong\/\"}]}<\/script>\n<!-- \/ Yoast SEO plugin. -->","yoast_head_json":{"title":"Brexit: Brits don't quit","description":"Ist das Referendum mehr als ein Ja oder Nein zu Gurken- und Gl\u00fchbirnenverordnungen? Es scheint, als h\u00e4tten Deutsche ein gr\u00f6\u00dferes Interesse am Brexit.","robots":{"index":"index","follow":"follow","max-snippet":"max-snippet:-1","max-image-preview":"max-image-preview:large","max-video-preview":"max-video-preview:-1"},"canonical":"https:\/\/blog.zeit.de\/freitext\/2016\/06\/21\/brexit-london-bossong\/","og_locale":"de_DE","og_type":"article","og_title":"Brexit: Brits don't quit","og_description":"Ist das Referendum mehr als ein Ja oder Nein zu Gurken- und Gl\u00fchbirnenverordnungen? Es scheint, als h\u00e4tten Deutsche ein gr\u00f6\u00dferes Interesse am Brexit.","og_url":"https:\/\/blog.zeit.de\/freitext\/2016\/06\/21\/brexit-london-bossong\/","og_site_name":"Freitext","article_published_time":"2016-06-21T13:44:26+00:00","article_modified_time":"2016-06-22T09:57:37+00:00","og_image":[{"url":"http:\/\/blog.zeit.de\/freitext\/freitext\/wp-content\/blogs.dir\/84\/files\/2016\/06\/freitext-brexit-bossong-620x413.jpg"}],"author":"Nora Bossong","twitter_card":"summary_large_image","twitter_misc":{"Geschrieben von":"Nora Bossong","Gesch\u00e4tzte Lesezeit":"5\u00a0Minuten"},"schema":{"@context":"https:\/\/schema.org","@graph":[{"@type":"WebPage","@id":"https:\/\/blog.zeit.de\/freitext\/2016\/06\/21\/brexit-london-bossong\/","url":"https:\/\/blog.zeit.de\/freitext\/2016\/06\/21\/brexit-london-bossong\/","name":"Brexit: Brits don't quit","isPartOf":{"@id":"https:\/\/blog.zeit.de\/freitext\/#website"},"datePublished":"2016-06-21T13:44:26+00:00","dateModified":"2016-06-22T09:57:37+00:00","author":{"@id":"https:\/\/blog.zeit.de\/freitext\/#\/schema\/person\/1b3244cab8a5878c5780459f6a7052f1"},"description":"Ist das Referendum mehr als ein Ja oder Nein zu Gurken- und Gl\u00fchbirnenverordnungen? Es scheint, als h\u00e4tten Deutsche ein gr\u00f6\u00dferes Interesse am Brexit.","breadcrumb":{"@id":"https:\/\/blog.zeit.de\/freitext\/2016\/06\/21\/brexit-london-bossong\/#breadcrumb"},"inLanguage":"de","potentialAction":[{"@type":"ReadAction","target":["https:\/\/blog.zeit.de\/freitext\/2016\/06\/21\/brexit-london-bossong\/"]}]},{"@type":"BreadcrumbList","@id":"https:\/\/blog.zeit.de\/freitext\/2016\/06\/21\/brexit-london-bossong\/#breadcrumb","itemListElement":[{"@type":"ListItem","position":1,"name":"Startseite","item":"https:\/\/blog.zeit.de\/freitext\/"},{"@type":"ListItem","position":2,"name":"Brits don&#8217;t quit"}]},{"@type":"WebSite","@id":"https:\/\/blog.zeit.de\/freitext\/#website","url":"https:\/\/blog.zeit.de\/freitext\/","name":"Freitext","description":"Feld f\u00fcr literarisches Denken","potentialAction":[{"@type":"SearchAction","target":{"@type":"EntryPoint","urlTemplate":"https:\/\/blog.zeit.de\/freitext\/?s={search_term_string}"},"query-input":"required name=search_term_string"}],"inLanguage":"de"},{"@type":"Person","@id":"https:\/\/blog.zeit.de\/freitext\/#\/schema\/person\/1b3244cab8a5878c5780459f6a7052f1","name":"Nora Bossong","image":{"@type":"ImageObject","inLanguage":"de","@id":"https:\/\/blog.zeit.de\/freitext\/#\/schema\/person\/image\/","url":"https:\/\/secure.gravatar.com\/avatar\/6703c44d9b81228655b31ccaa7e32153e316fe7401f8d2b7912cb9dbfe56f4cc?s=96&d=mm&r=g","contentUrl":"https:\/\/secure.gravatar.com\/avatar\/6703c44d9b81228655b31ccaa7e32153e316fe7401f8d2b7912cb9dbfe56f4cc?s=96&d=mm&r=g","caption":"Nora Bossong"},"description":"Nora Bossong wurde 1982 in Bremen geboren, sie schreibt Gedichte, Romane und Essays. Im Hanser Verlag erschien der Gedichtband \"Sommer vor den Mauern\" (2011) und die Romane \"Gesellschaft mit beschr\u00e4nkter Haftung\" (2012) und \"36,9\u00b0\". Zuletzt erschien der Reportagenband \"Rotlicht\".","url":"https:\/\/blog.zeit.de\/freitext\/author\/nora-bossong\/"}]}},"jetpack_featured_media_url":"","jetpack_sharing_enabled":true,"_links":{"self":[{"href":"https:\/\/blog.zeit.de\/freitext\/wp-json\/wp\/v2\/posts\/3908","targetHints":{"allow":["GET"]}}],"collection":[{"href":"https:\/\/blog.zeit.de\/freitext\/wp-json\/wp\/v2\/posts"}],"about":[{"href":"https:\/\/blog.zeit.de\/freitext\/wp-json\/wp\/v2\/types\/post"}],"author":[{"embeddable":true,"href":"https:\/\/blog.zeit.de\/freitext\/wp-json\/wp\/v2\/users\/1003"}],"replies":[{"embeddable":true,"href":"https:\/\/blog.zeit.de\/freitext\/wp-json\/wp\/v2\/comments?post=3908"}],"version-history":[{"count":9,"href":"https:\/\/blog.zeit.de\/freitext\/wp-json\/wp\/v2\/posts\/3908\/revisions"}],"predecessor-version":[{"id":3926,"href":"https:\/\/blog.zeit.de\/freitext\/wp-json\/wp\/v2\/posts\/3908\/revisions\/3926"}],"wp:attachment":[{"href":"https:\/\/blog.zeit.de\/freitext\/wp-json\/wp\/v2\/media?parent=3908"}],"wp:term":[{"taxonomy":"category","embeddable":true,"href":"https:\/\/blog.zeit.de\/freitext\/wp-json\/wp\/v2\/categories?post=3908"},{"taxonomy":"post_tag","embeddable":true,"href":"https:\/\/blog.zeit.de\/freitext\/wp-json\/wp\/v2\/tags?post=3908"}],"curies":[{"name":"wp","href":"https:\/\/api.w.org\/{rel}","templated":true}]}}