{"id":4290,"date":"2016-09-16T06:00:49","date_gmt":"2016-09-16T04:00:49","guid":{"rendered":"http:\/\/www.zeit.de\/freitext\/?p=4290"},"modified":"2016-12-05T10:36:37","modified_gmt":"2016-12-05T09:36:37","slug":"berlin-wahl-kleine-parteien-rammstedt","status":"publish","type":"post","link":"https:\/\/blog.zeit.de\/freitext\/2016\/09\/16\/berlin-wahl-kleine-parteien-rammstedt\/","title":{"rendered":"Wahlslogan: Hmpf!"},"content":{"rendered":"<p><strong>Alle Meinungsforschungsinstitute (forsa, infratest dimap, Bauchgef\u00fchl) sagen einen denkbar knappen Ausgang der Berlin-Wahl am 18. September voraus. Eine umso gr\u00f6\u00dfere Rolle k\u00f6nnten die zahlreichen Splitterparteien spielen, von denen manchen der Sprung ins Abgeordnetenhaus zugetraut wird. Hier stellen wir Ihnen die wichtigsten davon vor.<\/strong><\/p>\n<p>&nbsp;<\/p>\n<p><strong>Vermieter-Partei<\/strong><\/p>\n<p><em>Wahlslogan:<\/em> &#8222;Wir ziehen Sie aus!&#8220;<\/p>\n<p><em>Forderungen:<\/em><\/p>\n<ul>\n<li>Anhebung des Mietspiegels auf Fernsehturmh\u00f6he (zzgl. Provision)<\/li>\n<li>Vermieter m\u00fcssen ab sofort mit &#8222;Eure Durchlaucht&#8220; angesprochen werden und erhalten das Recht der ersten Nacht.<\/li>\n<li>St\u00fcndliches Sto\u00dfl\u00fcften<\/li>\n<\/ul>\n<p>&nbsp;<\/p>\n<p><strong>Stadtschlosspartei<\/strong><\/p>\n<p><em>Wahlslogan:<\/em> &#8222;Mehr Vergangenheit wagen&#8220;<\/p>\n<p><em>Forderungen:<\/em><\/p>\n<ul>\n<li>Vollst\u00e4ndiger Wiederaufbau der Kaiser-Wilhelm-Ged\u00e4chtniskirche<\/li>\n<li>Wiedereinrichtung der Droschkenstation Unter den Linden<\/li>\n<li>Wiederaufbau der jungsteinzeitlichen Dorfanlagen in Britz<\/li>\n<li>Vernichtung s\u00e4mtlicher Zivilisationsspuren und Wiederbesumpfung des Gro\u00dfraums Berlin<\/li>\n<\/ul>\n<p><strong><br \/>\n<\/strong><!--more--><\/p>\n<p><strong>Alternative zu Berlin (AzB)<\/strong><\/p>\n<p><em>Wahlslogan:<\/em> &#8222;Warum nicht mal Leipzig?&#8220;<\/p>\n<p><em>Forderungen:<\/em><\/p>\n<ul>\n<li>Oder Halle<\/li>\n<li>Oder halt doch einfach M\u00fcnchen<\/li>\n<li>Osnabr\u00fcck?<\/li>\n<\/ul>\n<p><strong>\u00a0<\/strong><\/p>\n<p><strong>Kommando &#8222;G\u00fcnter Pfitzmann&#8220;<\/strong><\/p>\n<p><em>Wahlslogan:<\/em> &#8222;<span style=\"text-decoration: line-through;\">Mit Herz und<\/span> Schnauze!&#8220;<\/p>\n<p><em>Forderungen:<\/em><\/p>\n<ul>\n<li>15 Prozent mehr Sahne auf alle Tortenst\u00fccke im Caf\u00e9 Kranzler<\/li>\n<li>Sofortige Wiederbelebung Harald Juhnkes<\/li>\n<li>Anerkennung des Blaffens und Meckerns als UNESCO-Weltkulturerbe<\/li>\n<\/ul>\n<p>&nbsp;<\/p>\n<p><strong>Erasmusparty<\/strong><\/p>\n<p><em>Wahlslogan:<\/em> &#8222;Woo hoo!&#8220;<\/p>\n<p><em>Forderungen:<\/em><\/p>\n<ul>\n<li>Ersatzlose Abschaffung aller Grenzkontrollen ins Berghain<\/li>\n<li>Dass Marie-Am\u00e9lie unverz\u00fcglich aufh\u00f6rt, mit diesem bescheuerten Andrew rumzumachen<\/li>\n<li>Shots!<\/li>\n<\/ul>\n<p><strong>\u00a0<\/strong><\/p>\n<p><strong>B\u00fcndnis91\/Die Junggebliebenen<\/strong><\/p>\n<p><em>Wahlslogan:<\/em> &#8222;Etagenklos f\u00fcr alle!&#8220;<\/p>\n<p><em>Forderungen:<\/em><\/p>\n<ul>\n<li>R\u00fccksanierung aller Gr\u00fcnderzeith\u00e4user in Mitte, Prenzlauer Berg und Friedrichshain inklusive Einschussl\u00f6cher<\/li>\n<li>Stufenweise Wiederinbetriebnahme von Dr. Motte<\/li>\n<li>Volksentscheid zur Abschaffung der Midlife-Crisis<\/li>\n<\/ul>\n<p>&nbsp;<\/p>\n<p><strong>Die Schonirgendwieanpolitikinteressierten\u00adaberparteiensindechtsoninetiessorryund\u00adzwarnichtimgutensinne<\/strong><\/p>\n<p><em>Wahlslogan:<\/em> &#8222;Bessere Slogans!&#8220;<\/p>\n<p><em>Forderungen:<\/em><\/p>\n<ul>\n<li>Null Toleranz bei Laktose, falschem Musikgeschmack und unironischen <em>air quotes<\/em><\/li>\n<li>Kimchifreier Freitag<\/li>\n<li>Mehr \u00f6ffentliche F\u00f6rderung von echt guten Ideen wie Maltes Burger-Foodtruck oder Tabeas Rei\u00dfverschlussmanufaktur<\/li>\n<\/ul>\n<p>&nbsp;<\/p>\n<p><strong>Seer\u00e4uberpartei<\/strong><\/p>\n<p><em>Wahlslogan:<\/em> &#8222;Wir sind NICHT die Piraten&#8220;<\/p>\n<p><em>Forderungen:<\/em><\/p>\n<ul>\n<li>Wiedereintritt Berlins in die Hanse<\/li>\n<li>Ausbau der Handelsschifffahrt<\/li>\n<li>Reduzierung der Mehrwertsteuer auf Papageien<\/li>\n<\/ul>\n<p>&nbsp;<\/p>\n<p><strong>Elternpartei<\/strong><\/p>\n<p><em>Wahlslogan:<\/em> &#8222;Amalia, kommst du bitte!&#8220;<\/p>\n<p><em>Forderungen:<\/em><\/p>\n<ul>\n<li>Dass Amalia nun endlich mal kommt<\/li>\n<li>Dass man Amalia nicht alles dreimal sagen muss<\/li>\n<li>Dass Amalia versteht, dass man im Leben R\u00fccksicht aufeinander nehmen muss<\/li>\n<li>Dass Amalias Vater vielleicht auch endlich mal was dazu sagt<\/li>\n<\/ul>\n<p>&nbsp;<\/p>\n<p><strong>CDU<\/strong><\/p>\n<p><em>Wahlslogan:<\/em> &#8222;Mehr Polizei!&#8220;<\/p>\n<p><em>Forderungen:<\/em><\/p>\n<ul>\n<li>Mehr Polizei<\/li>\n<li>Und mehr CDU<\/li>\n<li>Bitte<\/li>\n<\/ul>\n<p>&nbsp;<\/p>\n<p><strong>W\u00e4hlervereinigung der Spatzen und Wespen<\/strong><\/p>\n<p><em>Wahlslogan<\/em>: &#8222;Tschirp! Summ!&#8220;<\/p>\n<p><em>Forderungen<\/em>:<\/p>\n<ul>\n<li>Mehr Au\u00dfengastronomie f\u00fcr Berlin<\/li>\n<li>Abschaffung der Winterzeit<\/li>\n<li>Verl\u00e4ngerung der Wartezeiten in den B\u00fcrger\u00e4mtern<\/li>\n<\/ul>\n<p>&nbsp;<\/p>\n<p><strong>Die schweigende Masse<\/strong><\/p>\n<p><em>Wahlslogan:<\/em> &#8222;Hmpf&#8220;<\/p>\n<p><em>Forderungen:<\/em><\/p>\n<ul>\n<li>Nicht so<\/li>\n<li>Aber auch nicht anders<\/li>\n<li>Is ja eh alles egal.<\/li>\n<\/ul>\n","protected":false},"excerpt":{"rendered":"<p>Alle Meinungsforschungsinstitute (forsa, infratest dimap, Bauchgef\u00fchl) sagen einen denkbar knappen Ausgang der Berlin-Wahl am 18. September voraus. Eine umso gr\u00f6\u00dfere Rolle k\u00f6nnten die zahlreichen [\u2026]<\/p>\n","protected":false},"author":1021,"featured_media":4295,"comment_status":"open","ping_status":"open","sticky":false,"template":"","format":"standard","meta":{"_jetpack_memberships_contains_paid_content":false,"footnotes":""},"categories":[7],"tags":[12,13],"class_list":["post-4290","post","type-post","status-publish","format-standard","has-post-thumbnail","hentry","category-gesellschaft-politik","tag-berlin","tag-wahl"],"yoast_head":"<!-- This site is optimized with the Yoast SEO plugin v21.0 - https:\/\/yoast.com\/wordpress\/plugins\/seo\/ -->\n<title>Berlin: Wahlslogan &quot;Hmpf&quot;<\/title>\n<meta name=\"description\" content=\"Zur Landtagswahl in Berlin stellt Tilman Rammstedt die wichtigsten Splitterparteien der Hauptstadt vor. Zum Beispiel die &quot;Alternative zu Berlin&quot;.\" \/>\n<meta name=\"robots\" content=\"index, follow, max-snippet:-1, max-image-preview:large, max-video-preview:-1\" \/>\n<link rel=\"canonical\" href=\"https:\/\/blog.zeit.de\/freitext\/2016\/09\/16\/berlin-wahl-kleine-parteien-rammstedt\/\" \/>\n<meta property=\"og:locale\" content=\"de_DE\" \/>\n<meta property=\"og:type\" content=\"article\" \/>\n<meta property=\"og:title\" content=\"Berlin: Wahlslogan &quot;Hmpf&quot;\" \/>\n<meta property=\"og:description\" content=\"Zur Landtagswahl in Berlin stellt Tilman Rammstedt die wichtigsten Splitterparteien der Hauptstadt vor. Zum Beispiel die &quot;Alternative zu Berlin&quot;.\" \/>\n<meta property=\"og:url\" content=\"https:\/\/blog.zeit.de\/freitext\/2016\/09\/16\/berlin-wahl-kleine-parteien-rammstedt\/\" \/>\n<meta property=\"og:site_name\" content=\"Freitext\" \/>\n<meta property=\"article:published_time\" content=\"2016-09-16T04:00:49+00:00\" \/>\n<meta property=\"article:modified_time\" content=\"2016-12-05T09:36:37+00:00\" \/>\n<meta property=\"og:image\" content=\"https:\/\/blog.zeit.de\/freitext\/files\/2016\/09\/freitext-splitterparteien.jpg\" \/>\n\t<meta property=\"og:image:width\" content=\"2000\" \/>\n\t<meta property=\"og:image:height\" content=\"1333\" \/>\n\t<meta property=\"og:image:type\" content=\"image\/jpeg\" \/>\n<meta name=\"author\" content=\"Tilman Rammstedt\" \/>\n<meta name=\"twitter:card\" content=\"summary_large_image\" \/>\n<meta name=\"twitter:label1\" content=\"Geschrieben von\" \/>\n\t<meta name=\"twitter:data1\" content=\"Tilman Rammstedt\" \/>\n\t<meta name=\"twitter:label2\" content=\"Gesch\u00e4tzte Lesezeit\" \/>\n\t<meta name=\"twitter:data2\" content=\"2\u00a0Minuten\" \/>\n<script type=\"application\/ld+json\" class=\"yoast-schema-graph\">{\"@context\":\"https:\/\/schema.org\",\"@graph\":[{\"@type\":\"WebPage\",\"@id\":\"https:\/\/blog.zeit.de\/freitext\/2016\/09\/16\/berlin-wahl-kleine-parteien-rammstedt\/\",\"url\":\"https:\/\/blog.zeit.de\/freitext\/2016\/09\/16\/berlin-wahl-kleine-parteien-rammstedt\/\",\"name\":\"Berlin: Wahlslogan \\\"Hmpf\\\"\",\"isPartOf\":{\"@id\":\"https:\/\/blog.zeit.de\/freitext\/#website\"},\"datePublished\":\"2016-09-16T04:00:49+00:00\",\"dateModified\":\"2016-12-05T09:36:37+00:00\",\"author\":{\"@id\":\"https:\/\/blog.zeit.de\/freitext\/#\/schema\/person\/0fad1a44c4a9ef2ddd04220b21ca7aeb\"},\"description\":\"Zur Landtagswahl in Berlin stellt Tilman Rammstedt die wichtigsten Splitterparteien der Hauptstadt vor. Zum Beispiel die \\\"Alternative zu Berlin\\\".\",\"breadcrumb\":{\"@id\":\"https:\/\/blog.zeit.de\/freitext\/2016\/09\/16\/berlin-wahl-kleine-parteien-rammstedt\/#breadcrumb\"},\"inLanguage\":\"de\",\"potentialAction\":[{\"@type\":\"ReadAction\",\"target\":[\"https:\/\/blog.zeit.de\/freitext\/2016\/09\/16\/berlin-wahl-kleine-parteien-rammstedt\/\"]}]},{\"@type\":\"BreadcrumbList\",\"@id\":\"https:\/\/blog.zeit.de\/freitext\/2016\/09\/16\/berlin-wahl-kleine-parteien-rammstedt\/#breadcrumb\",\"itemListElement\":[{\"@type\":\"ListItem\",\"position\":1,\"name\":\"Startseite\",\"item\":\"https:\/\/blog.zeit.de\/freitext\/\"},{\"@type\":\"ListItem\",\"position\":2,\"name\":\"Wahlslogan: Hmpf!\"}]},{\"@type\":\"WebSite\",\"@id\":\"https:\/\/blog.zeit.de\/freitext\/#website\",\"url\":\"https:\/\/blog.zeit.de\/freitext\/\",\"name\":\"Freitext\",\"description\":\"Feld f\u00fcr literarisches Denken\",\"potentialAction\":[{\"@type\":\"SearchAction\",\"target\":{\"@type\":\"EntryPoint\",\"urlTemplate\":\"https:\/\/blog.zeit.de\/freitext\/?s={search_term_string}\"},\"query-input\":\"required name=search_term_string\"}],\"inLanguage\":\"de\"},{\"@type\":\"Person\",\"@id\":\"https:\/\/blog.zeit.de\/freitext\/#\/schema\/person\/0fad1a44c4a9ef2ddd04220b21ca7aeb\",\"name\":\"Tilman Rammstedt\",\"image\":{\"@type\":\"ImageObject\",\"inLanguage\":\"de\",\"@id\":\"https:\/\/blog.zeit.de\/freitext\/#\/schema\/person\/image\/\",\"url\":\"https:\/\/secure.gravatar.com\/avatar\/f0ccee5db3dce6a86f2dda40d3bcf3709bec7fccdd73daea1fd498fa02e3bc97?s=96&d=mm&r=g\",\"contentUrl\":\"https:\/\/secure.gravatar.com\/avatar\/f0ccee5db3dce6a86f2dda40d3bcf3709bec7fccdd73daea1fd498fa02e3bc97?s=96&d=mm&r=g\",\"caption\":\"Tilman Rammstedt\"},\"description\":\"Tilman Rammstedt, geboren 1975 in Bielefeld, studierte Literaturwissenschaft und Philosophie. F\u00fcr seine Romane und Erz\u00e4hlungen wurde er mit verschiedenen Preisen ausgezeichnet. Im Jahr 2008 erhielt er den Klagenfurter Ingeborg-Bachmann-Preis. Zuletzt ver\u00f6ffentlichte er den Roman \\\"Morgen mehr\\\" (2016) bei Hanser. Er lebt in Berlin.\",\"url\":\"https:\/\/blog.zeit.de\/freitext\/author\/tilman-rammstedt\/\"}]}<\/script>\n<!-- \/ Yoast SEO plugin. -->","yoast_head_json":{"title":"Berlin: Wahlslogan \"Hmpf\"","description":"Zur Landtagswahl in Berlin stellt Tilman Rammstedt die wichtigsten Splitterparteien der Hauptstadt vor. Zum Beispiel die \"Alternative zu Berlin\".","robots":{"index":"index","follow":"follow","max-snippet":"max-snippet:-1","max-image-preview":"max-image-preview:large","max-video-preview":"max-video-preview:-1"},"canonical":"https:\/\/blog.zeit.de\/freitext\/2016\/09\/16\/berlin-wahl-kleine-parteien-rammstedt\/","og_locale":"de_DE","og_type":"article","og_title":"Berlin: Wahlslogan \"Hmpf\"","og_description":"Zur Landtagswahl in Berlin stellt Tilman Rammstedt die wichtigsten Splitterparteien der Hauptstadt vor. Zum Beispiel die \"Alternative zu Berlin\".","og_url":"https:\/\/blog.zeit.de\/freitext\/2016\/09\/16\/berlin-wahl-kleine-parteien-rammstedt\/","og_site_name":"Freitext","article_published_time":"2016-09-16T04:00:49+00:00","article_modified_time":"2016-12-05T09:36:37+00:00","og_image":[{"width":2000,"height":1333,"url":"https:\/\/blog.zeit.de\/freitext\/files\/2016\/09\/freitext-splitterparteien.jpg","type":"image\/jpeg"}],"author":"Tilman Rammstedt","twitter_card":"summary_large_image","twitter_misc":{"Geschrieben von":"Tilman Rammstedt","Gesch\u00e4tzte Lesezeit":"2\u00a0Minuten"},"schema":{"@context":"https:\/\/schema.org","@graph":[{"@type":"WebPage","@id":"https:\/\/blog.zeit.de\/freitext\/2016\/09\/16\/berlin-wahl-kleine-parteien-rammstedt\/","url":"https:\/\/blog.zeit.de\/freitext\/2016\/09\/16\/berlin-wahl-kleine-parteien-rammstedt\/","name":"Berlin: Wahlslogan \"Hmpf\"","isPartOf":{"@id":"https:\/\/blog.zeit.de\/freitext\/#website"},"datePublished":"2016-09-16T04:00:49+00:00","dateModified":"2016-12-05T09:36:37+00:00","author":{"@id":"https:\/\/blog.zeit.de\/freitext\/#\/schema\/person\/0fad1a44c4a9ef2ddd04220b21ca7aeb"},"description":"Zur Landtagswahl in Berlin stellt Tilman Rammstedt die wichtigsten Splitterparteien der Hauptstadt vor. Zum Beispiel die \"Alternative zu Berlin\".","breadcrumb":{"@id":"https:\/\/blog.zeit.de\/freitext\/2016\/09\/16\/berlin-wahl-kleine-parteien-rammstedt\/#breadcrumb"},"inLanguage":"de","potentialAction":[{"@type":"ReadAction","target":["https:\/\/blog.zeit.de\/freitext\/2016\/09\/16\/berlin-wahl-kleine-parteien-rammstedt\/"]}]},{"@type":"BreadcrumbList","@id":"https:\/\/blog.zeit.de\/freitext\/2016\/09\/16\/berlin-wahl-kleine-parteien-rammstedt\/#breadcrumb","itemListElement":[{"@type":"ListItem","position":1,"name":"Startseite","item":"https:\/\/blog.zeit.de\/freitext\/"},{"@type":"ListItem","position":2,"name":"Wahlslogan: Hmpf!"}]},{"@type":"WebSite","@id":"https:\/\/blog.zeit.de\/freitext\/#website","url":"https:\/\/blog.zeit.de\/freitext\/","name":"Freitext","description":"Feld f\u00fcr literarisches Denken","potentialAction":[{"@type":"SearchAction","target":{"@type":"EntryPoint","urlTemplate":"https:\/\/blog.zeit.de\/freitext\/?s={search_term_string}"},"query-input":"required name=search_term_string"}],"inLanguage":"de"},{"@type":"Person","@id":"https:\/\/blog.zeit.de\/freitext\/#\/schema\/person\/0fad1a44c4a9ef2ddd04220b21ca7aeb","name":"Tilman Rammstedt","image":{"@type":"ImageObject","inLanguage":"de","@id":"https:\/\/blog.zeit.de\/freitext\/#\/schema\/person\/image\/","url":"https:\/\/secure.gravatar.com\/avatar\/f0ccee5db3dce6a86f2dda40d3bcf3709bec7fccdd73daea1fd498fa02e3bc97?s=96&d=mm&r=g","contentUrl":"https:\/\/secure.gravatar.com\/avatar\/f0ccee5db3dce6a86f2dda40d3bcf3709bec7fccdd73daea1fd498fa02e3bc97?s=96&d=mm&r=g","caption":"Tilman Rammstedt"},"description":"Tilman Rammstedt, geboren 1975 in Bielefeld, studierte Literaturwissenschaft und Philosophie. F\u00fcr seine Romane und Erz\u00e4hlungen wurde er mit verschiedenen Preisen ausgezeichnet. Im Jahr 2008 erhielt er den Klagenfurter Ingeborg-Bachmann-Preis. Zuletzt ver\u00f6ffentlichte er den Roman \"Morgen mehr\" (2016) bei Hanser. Er lebt in Berlin.","url":"https:\/\/blog.zeit.de\/freitext\/author\/tilman-rammstedt\/"}]}},"jetpack_featured_media_url":"https:\/\/blog.zeit.de\/freitext\/files\/2016\/09\/freitext-splitterparteien.jpg","jetpack_sharing_enabled":true,"_links":{"self":[{"href":"https:\/\/blog.zeit.de\/freitext\/wp-json\/wp\/v2\/posts\/4290","targetHints":{"allow":["GET"]}}],"collection":[{"href":"https:\/\/blog.zeit.de\/freitext\/wp-json\/wp\/v2\/posts"}],"about":[{"href":"https:\/\/blog.zeit.de\/freitext\/wp-json\/wp\/v2\/types\/post"}],"author":[{"embeddable":true,"href":"https:\/\/blog.zeit.de\/freitext\/wp-json\/wp\/v2\/users\/1021"}],"replies":[{"embeddable":true,"href":"https:\/\/blog.zeit.de\/freitext\/wp-json\/wp\/v2\/comments?post=4290"}],"version-history":[{"count":11,"href":"https:\/\/blog.zeit.de\/freitext\/wp-json\/wp\/v2\/posts\/4290\/revisions"}],"predecessor-version":[{"id":4666,"href":"https:\/\/blog.zeit.de\/freitext\/wp-json\/wp\/v2\/posts\/4290\/revisions\/4666"}],"wp:featuredmedia":[{"embeddable":true,"href":"https:\/\/blog.zeit.de\/freitext\/wp-json\/wp\/v2\/media\/4295"}],"wp:attachment":[{"href":"https:\/\/blog.zeit.de\/freitext\/wp-json\/wp\/v2\/media?parent=4290"}],"wp:term":[{"taxonomy":"category","embeddable":true,"href":"https:\/\/blog.zeit.de\/freitext\/wp-json\/wp\/v2\/categories?post=4290"},{"taxonomy":"post_tag","embeddable":true,"href":"https:\/\/blog.zeit.de\/freitext\/wp-json\/wp\/v2\/tags?post=4290"}],"curies":[{"name":"wp","href":"https:\/\/api.w.org\/{rel}","templated":true}]}}