{"id":4341,"date":"2016-09-28T14:07:41","date_gmt":"2016-09-28T12:07:41","guid":{"rendered":"http:\/\/www.zeit.de\/freitext\/?p=4341"},"modified":"2016-10-24T11:06:57","modified_gmt":"2016-10-24T09:06:57","slug":"glaube-unglaeubige-freiheit-helle","status":"publish","type":"post","link":"https:\/\/blog.zeit.de\/freitext\/2016\/09\/28\/glaube-unglaeubige-freiheit-helle\/","title":{"rendered":"An die Ungl\u00e4ubigen"},"content":{"rendered":"<p><strong>Leer und beliebig sei die offene Gesellschaft, lautet der Vorwurf der Fundamentalisten. Was f\u00fcr ein Irrtum! Tats\u00e4chlich ist unser Glaube st\u00e4rker als ihrer.<\/strong><\/p>\n<p><figure id=\"attachment_4353\" aria-describedby=\"caption-attachment-4353\" style=\"width: 640px\" class=\"wp-caption aligncenter\"><img loading=\"lazy\" decoding=\"async\" class=\"size-large wp-image-4353\" src=\"http:\/\/blog.zeit.de\/freitext\/freitext\/wp-content\/blogs.dir\/84\/files\/2016\/09\/freitext-unglaeubige-1024x576.jpg\" alt=\"\u00a9 Unsplash\/Yvette de Wit (https:\/\/unsplash.com\/) \" width=\"640\" height=\"360\" srcset=\"https:\/\/blog.zeit.de\/freitext\/files\/2016\/09\/freitext-unglaeubige-1024x576.jpg 1024w, https:\/\/blog.zeit.de\/freitext\/files\/2016\/09\/freitext-unglaeubige-620x349.jpg 620w, https:\/\/blog.zeit.de\/freitext\/files\/2016\/09\/freitext-unglaeubige-768x432.jpg 768w\" sizes=\"auto, (max-width: 640px) 100vw, 640px\" \/><figcaption id=\"caption-attachment-4353\" class=\"wp-caption-text\">\u00a9 Unsplash\/Yvette de Wit (https:\/\/unsplash.com\/)<\/figcaption><\/figure><\/p>\n<p>Der Hauptvorwurf der Feinde der offenen Gesellschaft an die s\u00e4kularen Verfassungsstaaten und ihr Ideal der Freiheit und Toleranz ist der der Beliebigkeit und Leere.<\/p>\n<p>F\u00fcr sie sind individuelle Rechte keine Errungenschaften, sondern zerst\u00f6rerische, gef\u00e4hrliche Risse im Kollektiv, die den Blick freilegen auf eine un\u00fcbersichtliche Welt, verwirrend und im Wandel, eine Weite, in der jeder allein ist, hoffnungslos und klein, abgeschnitten von Gemeinschaft und Geschichte.<!--more--><\/p>\n<p>Sie irren sich. Was sie \u00fcbersehen, ist die Tatsache, dass die Anh\u00e4nger der offenen Gesellschaft durchaus nicht an nichts glauben. Im Gegenteil.<\/p>\n<p>Der Glaube, der die Basis der offenen Gesellschaft bildet, hat sogar eine viel st\u00e4rker verbindende Kraft als jedes fundamentalistische oder nationalistische Narrativ, weil seine Keimzelle gerade nicht in der Erh\u00f6hung eines Auserw\u00e4hlten liegt, sondern im Gegen\u00fcber von wenigstens zwei Gleichen.<\/p>\n<p>Es handelt sich dabei um eine unbewusste Vorannahme, die die Basis individueller Rechte und Pflichten bildet, und die im \u00dcbrigen bei jeder Diskussion \u00fcber Glauben und Gesellschaft, \u00fcber Fu\u00dfball oder \u00fcber das Wetter immer mitgemacht wird:<\/p>\n<p>Es ist m\u00f6glich, miteinander zu reden.<\/p>\n<p>Die Bedingung der M\u00f6glichkeit des Austauschs ist die Annahme einer gemeinsamen Struktur, die all jenen unserer Gedanken und Handlungen zugrunde liegt, die sich auf intersubjektiv erlebbare Teile der Welt beziehen.<\/p>\n<p>Diese Struktur hei\u00dft Vernunft.<\/p>\n<p>Vernunft kann dabei helfen, nicht \u00fcberfahren zu werden, wenn man die Stra\u00dfe \u00fcberquert. Sie kann einen dazu bewegen, zum Arzt zu gehen, wenn ein Zahn schmerzt. Mit Vernunft kann man einen Computer kaufen und einen WLAN-Router, die beiden miteinander verbinden und anschlie\u00dfend im Darknet Baupl\u00e4ne f\u00fcr Rohrbomben herunterladen.<\/p>\n<p>Was Vernunft nicht kann, ist, einem die Entscheidung abzunehmen, ob man das nun f\u00fcr Allah tun will oder f\u00fcr Deutschland.<\/p>\n<p>Allerdings kann sie einen daran erinnern, dass es Menschen gibt, die \u00e4hnliche Dinge tun wie man selbst, aber scheinbar aus ganz anderen Gr\u00fcnden, und sie kann einen dazu bringen, sich zu fragen, ob es sich dann nicht lohnen w\u00fcrde, die eigenen Gr\u00fcnde einmal kritisch zu untersuchen, und sich vielleicht etwas mehr auf m\u00f6gliche Gemeinsamkeiten zu konzentrieren, die man mit anderen Menschen hat. Auch mit denen, die ihre Vernunft f\u00fcr ganz andere Dinge einsetzen.<\/p>\n<p>Und wenn man dann noch ein bisschen Zeit hat und weiter dar\u00fcber nachdenkt, kann sie einem bewusst machen, dass letzten Endes wir alle, die wir hier herumlaufen auf diesem Planeten, der aus dem All angeblich blau aussieht, die wir alle diese Luft atmen, deren O<sub>2<\/sub>-Anteil uns so gut tut, die wir alle schon einmal Freude empfunden haben \u00fcber das Ger\u00e4usch eines Vogels bei Sonnenaufgang, dass wir alle das Werkzeug Vernunft nicht nur f\u00fcr selbstgesetzte Zwecke nutzen.<\/p>\n<p>Sondern immer auch f\u00fcr den einzigen Zweck, den vorzufinden wir alle die Gnade hatten, das Gl\u00fcck oder wenigstens die physische Konstitution: das Leben.<\/p>\n<p>Wir glauben an das Leben. Wir glauben an die Vernunft als seine Entsprechung in unserem Denken. Wir glauben, dass wir mit ihr die Kluft zwischen unseren Gehirnen \u00fcberbr\u00fccken k\u00f6nnen. Und irgendwann dann auch die zwischen unseren Herzen.<\/p>\n<p>Wir wissen, dass ihr das f\u00fcr naiv haltet. F\u00fcr tr\u00e4umerisch und kindisch und weltfremd. Aber wir beweisen euch das Gegenteil, jeden Tag.<\/p>\n<p>Weil ihr in unserer Gesellschaft die gleichen Rechte habt wie wir.<\/p>\n<p>Und egal, was ihr tut, oder woran ihr glaubt: Indem wir die offene Gesellschaft verteidigen, k\u00e4mpfen wir immer auch f\u00fcr euch.<\/p>\n<p>_________________<\/p>\n<p><strong><em>Sie m\u00f6chten keinen Freitext verpassen? Aufgrund der gro\u00dfen Nachfrage gibt es einen Newsletter. <a href=\"http:\/\/bit.ly\/1xjyvzZ\" target=\"_blank\">Hier k\u00f6nnen Sie ihn abonnieren.<\/a><\/em><\/strong><\/p>\n","protected":false},"excerpt":{"rendered":"<p>Leer und beliebig sei die offene Gesellschaft, lautet der Vorwurf der Fundamentalisten. Was f\u00fcr ein Irrtum! Tats\u00e4chlich ist unser Glaube st\u00e4rker als ihrer. Der [\u2026]<\/p>\n","protected":false},"author":1045,"featured_media":4353,"comment_status":"open","ping_status":"open","sticky":false,"template":"","format":"standard","meta":{"_jetpack_memberships_contains_paid_content":false,"footnotes":""},"categories":[7,5],"tags":[],"class_list":["post-4341","post","type-post","status-publish","format-standard","has-post-thumbnail","hentry","category-gesellschaft-politik","category-schriftstellerleben"],"yoast_head":"<!-- This site is optimized with the Yoast SEO plugin v21.0 - https:\/\/yoast.com\/wordpress\/plugins\/seo\/ -->\n<title>An die Ungl\u00e4ubigen - Freitext<\/title>\n<meta name=\"robots\" content=\"index, follow, max-snippet:-1, max-image-preview:large, max-video-preview:-1\" \/>\n<link rel=\"canonical\" href=\"https:\/\/blog.zeit.de\/freitext\/2016\/09\/28\/glaube-unglaeubige-freiheit-helle\/\" \/>\n<meta property=\"og:locale\" content=\"de_DE\" \/>\n<meta property=\"og:type\" content=\"article\" \/>\n<meta property=\"og:title\" content=\"An die Ungl\u00e4ubigen - Freitext\" \/>\n<meta property=\"og:description\" content=\"Leer und beliebig sei die offene Gesellschaft, lautet der Vorwurf der Fundamentalisten. Was f\u00fcr ein Irrtum! Tats\u00e4chlich ist unser Glaube st\u00e4rker als ihrer. Der [\u2026]\" \/>\n<meta property=\"og:url\" content=\"https:\/\/blog.zeit.de\/freitext\/2016\/09\/28\/glaube-unglaeubige-freiheit-helle\/\" \/>\n<meta property=\"og:site_name\" content=\"Freitext\" \/>\n<meta property=\"article:published_time\" content=\"2016-09-28T12:07:41+00:00\" \/>\n<meta property=\"article:modified_time\" content=\"2016-10-24T09:06:57+00:00\" \/>\n<meta name=\"author\" content=\"Heinz Helle\" \/>\n<meta name=\"twitter:card\" content=\"summary_large_image\" \/>\n<meta name=\"twitter:image\" content=\"http:\/\/blog.zeit.de\/freitext\/freitext\/wp-content\/blogs.dir\/84\/files\/2016\/09\/freitext-unglaeubige.jpg\" \/>\n<meta name=\"twitter:label1\" content=\"Geschrieben von\" \/>\n\t<meta name=\"twitter:data1\" content=\"Heinz Helle\" \/>\n\t<meta name=\"twitter:label2\" content=\"Gesch\u00e4tzte Lesezeit\" \/>\n\t<meta name=\"twitter:data2\" content=\"3\u00a0Minuten\" \/>\n<script type=\"application\/ld+json\" class=\"yoast-schema-graph\">{\"@context\":\"https:\/\/schema.org\",\"@graph\":[{\"@type\":\"WebPage\",\"@id\":\"https:\/\/blog.zeit.de\/freitext\/2016\/09\/28\/glaube-unglaeubige-freiheit-helle\/\",\"url\":\"https:\/\/blog.zeit.de\/freitext\/2016\/09\/28\/glaube-unglaeubige-freiheit-helle\/\",\"name\":\"An die Ungl\u00e4ubigen - Freitext\",\"isPartOf\":{\"@id\":\"https:\/\/blog.zeit.de\/freitext\/#website\"},\"datePublished\":\"2016-09-28T12:07:41+00:00\",\"dateModified\":\"2016-10-24T09:06:57+00:00\",\"author\":{\"@id\":\"https:\/\/blog.zeit.de\/freitext\/#\/schema\/person\/c08b0b64d43745b9d1432fa86749b1fd\"},\"breadcrumb\":{\"@id\":\"https:\/\/blog.zeit.de\/freitext\/2016\/09\/28\/glaube-unglaeubige-freiheit-helle\/#breadcrumb\"},\"inLanguage\":\"de\",\"potentialAction\":[{\"@type\":\"ReadAction\",\"target\":[\"https:\/\/blog.zeit.de\/freitext\/2016\/09\/28\/glaube-unglaeubige-freiheit-helle\/\"]}]},{\"@type\":\"BreadcrumbList\",\"@id\":\"https:\/\/blog.zeit.de\/freitext\/2016\/09\/28\/glaube-unglaeubige-freiheit-helle\/#breadcrumb\",\"itemListElement\":[{\"@type\":\"ListItem\",\"position\":1,\"name\":\"Startseite\",\"item\":\"https:\/\/blog.zeit.de\/freitext\/\"},{\"@type\":\"ListItem\",\"position\":2,\"name\":\"An die Ungl\u00e4ubigen\"}]},{\"@type\":\"WebSite\",\"@id\":\"https:\/\/blog.zeit.de\/freitext\/#website\",\"url\":\"https:\/\/blog.zeit.de\/freitext\/\",\"name\":\"Freitext\",\"description\":\"Feld f\u00fcr literarisches Denken\",\"potentialAction\":[{\"@type\":\"SearchAction\",\"target\":{\"@type\":\"EntryPoint\",\"urlTemplate\":\"https:\/\/blog.zeit.de\/freitext\/?s={search_term_string}\"},\"query-input\":\"required name=search_term_string\"}],\"inLanguage\":\"de\"},{\"@type\":\"Person\",\"@id\":\"https:\/\/blog.zeit.de\/freitext\/#\/schema\/person\/c08b0b64d43745b9d1432fa86749b1fd\",\"name\":\"Heinz Helle\",\"image\":{\"@type\":\"ImageObject\",\"inLanguage\":\"de\",\"@id\":\"https:\/\/blog.zeit.de\/freitext\/#\/schema\/person\/image\/\",\"url\":\"https:\/\/secure.gravatar.com\/avatar\/03bd3f7e569e7f5978778f8be02b5738071cf9479e9b74791a3a82a127b87866?s=96&d=mm&r=g\",\"contentUrl\":\"https:\/\/secure.gravatar.com\/avatar\/03bd3f7e569e7f5978778f8be02b5738071cf9479e9b74791a3a82a127b87866?s=96&d=mm&r=g\",\"caption\":\"Heinz Helle\"},\"description\":\"Heinz Helle, geboren 1978, Studium der Philosophie in M\u00fcnchen und New York, Arbeit als Texter in Werbeagenturen, Absolvent des Schweizerischen Literaturinstituts in Biel, wohnhaft ebendort, verheiratet, eine Tochter. 2014 ver\u00f6ffentlichte er sein Romandeb\u00fct \\\"Der beruhigende Klang von explodierendem Kerosin\\\", zuletzt den Roman \\\"Eigentlich m\u00fcssten wir tanzen\\\".\",\"url\":\"https:\/\/blog.zeit.de\/freitext\/author\/heinz-helle\/\"}]}<\/script>\n<!-- \/ Yoast SEO plugin. -->","yoast_head_json":{"title":"An die Ungl\u00e4ubigen - Freitext","robots":{"index":"index","follow":"follow","max-snippet":"max-snippet:-1","max-image-preview":"max-image-preview:large","max-video-preview":"max-video-preview:-1"},"canonical":"https:\/\/blog.zeit.de\/freitext\/2016\/09\/28\/glaube-unglaeubige-freiheit-helle\/","og_locale":"de_DE","og_type":"article","og_title":"An die Ungl\u00e4ubigen - Freitext","og_description":"Leer und beliebig sei die offene Gesellschaft, lautet der Vorwurf der Fundamentalisten. Was f\u00fcr ein Irrtum! Tats\u00e4chlich ist unser Glaube st\u00e4rker als ihrer. Der [\u2026]","og_url":"https:\/\/blog.zeit.de\/freitext\/2016\/09\/28\/glaube-unglaeubige-freiheit-helle\/","og_site_name":"Freitext","article_published_time":"2016-09-28T12:07:41+00:00","article_modified_time":"2016-10-24T09:06:57+00:00","author":"Heinz Helle","twitter_card":"summary_large_image","twitter_image":"http:\/\/blog.zeit.de\/freitext\/freitext\/wp-content\/blogs.dir\/84\/files\/2016\/09\/freitext-unglaeubige.jpg","twitter_misc":{"Geschrieben von":"Heinz Helle","Gesch\u00e4tzte Lesezeit":"3\u00a0Minuten"},"schema":{"@context":"https:\/\/schema.org","@graph":[{"@type":"WebPage","@id":"https:\/\/blog.zeit.de\/freitext\/2016\/09\/28\/glaube-unglaeubige-freiheit-helle\/","url":"https:\/\/blog.zeit.de\/freitext\/2016\/09\/28\/glaube-unglaeubige-freiheit-helle\/","name":"An die Ungl\u00e4ubigen - Freitext","isPartOf":{"@id":"https:\/\/blog.zeit.de\/freitext\/#website"},"datePublished":"2016-09-28T12:07:41+00:00","dateModified":"2016-10-24T09:06:57+00:00","author":{"@id":"https:\/\/blog.zeit.de\/freitext\/#\/schema\/person\/c08b0b64d43745b9d1432fa86749b1fd"},"breadcrumb":{"@id":"https:\/\/blog.zeit.de\/freitext\/2016\/09\/28\/glaube-unglaeubige-freiheit-helle\/#breadcrumb"},"inLanguage":"de","potentialAction":[{"@type":"ReadAction","target":["https:\/\/blog.zeit.de\/freitext\/2016\/09\/28\/glaube-unglaeubige-freiheit-helle\/"]}]},{"@type":"BreadcrumbList","@id":"https:\/\/blog.zeit.de\/freitext\/2016\/09\/28\/glaube-unglaeubige-freiheit-helle\/#breadcrumb","itemListElement":[{"@type":"ListItem","position":1,"name":"Startseite","item":"https:\/\/blog.zeit.de\/freitext\/"},{"@type":"ListItem","position":2,"name":"An die Ungl\u00e4ubigen"}]},{"@type":"WebSite","@id":"https:\/\/blog.zeit.de\/freitext\/#website","url":"https:\/\/blog.zeit.de\/freitext\/","name":"Freitext","description":"Feld f\u00fcr literarisches Denken","potentialAction":[{"@type":"SearchAction","target":{"@type":"EntryPoint","urlTemplate":"https:\/\/blog.zeit.de\/freitext\/?s={search_term_string}"},"query-input":"required name=search_term_string"}],"inLanguage":"de"},{"@type":"Person","@id":"https:\/\/blog.zeit.de\/freitext\/#\/schema\/person\/c08b0b64d43745b9d1432fa86749b1fd","name":"Heinz Helle","image":{"@type":"ImageObject","inLanguage":"de","@id":"https:\/\/blog.zeit.de\/freitext\/#\/schema\/person\/image\/","url":"https:\/\/secure.gravatar.com\/avatar\/03bd3f7e569e7f5978778f8be02b5738071cf9479e9b74791a3a82a127b87866?s=96&d=mm&r=g","contentUrl":"https:\/\/secure.gravatar.com\/avatar\/03bd3f7e569e7f5978778f8be02b5738071cf9479e9b74791a3a82a127b87866?s=96&d=mm&r=g","caption":"Heinz Helle"},"description":"Heinz Helle, geboren 1978, Studium der Philosophie in M\u00fcnchen und New York, Arbeit als Texter in Werbeagenturen, Absolvent des Schweizerischen Literaturinstituts in Biel, wohnhaft ebendort, verheiratet, eine Tochter. 2014 ver\u00f6ffentlichte er sein Romandeb\u00fct \"Der beruhigende Klang von explodierendem Kerosin\", zuletzt den Roman \"Eigentlich m\u00fcssten wir tanzen\".","url":"https:\/\/blog.zeit.de\/freitext\/author\/heinz-helle\/"}]}},"jetpack_featured_media_url":"https:\/\/blog.zeit.de\/freitext\/files\/2016\/09\/freitext-unglaeubige.jpg","jetpack_sharing_enabled":true,"_links":{"self":[{"href":"https:\/\/blog.zeit.de\/freitext\/wp-json\/wp\/v2\/posts\/4341","targetHints":{"allow":["GET"]}}],"collection":[{"href":"https:\/\/blog.zeit.de\/freitext\/wp-json\/wp\/v2\/posts"}],"about":[{"href":"https:\/\/blog.zeit.de\/freitext\/wp-json\/wp\/v2\/types\/post"}],"author":[{"embeddable":true,"href":"https:\/\/blog.zeit.de\/freitext\/wp-json\/wp\/v2\/users\/1045"}],"replies":[{"embeddable":true,"href":"https:\/\/blog.zeit.de\/freitext\/wp-json\/wp\/v2\/comments?post=4341"}],"version-history":[{"count":10,"href":"https:\/\/blog.zeit.de\/freitext\/wp-json\/wp\/v2\/posts\/4341\/revisions"}],"predecessor-version":[{"id":4480,"href":"https:\/\/blog.zeit.de\/freitext\/wp-json\/wp\/v2\/posts\/4341\/revisions\/4480"}],"wp:featuredmedia":[{"embeddable":true,"href":"https:\/\/blog.zeit.de\/freitext\/wp-json\/wp\/v2\/media\/4353"}],"wp:attachment":[{"href":"https:\/\/blog.zeit.de\/freitext\/wp-json\/wp\/v2\/media?parent=4341"}],"wp:term":[{"taxonomy":"category","embeddable":true,"href":"https:\/\/blog.zeit.de\/freitext\/wp-json\/wp\/v2\/categories?post=4341"},{"taxonomy":"post_tag","embeddable":true,"href":"https:\/\/blog.zeit.de\/freitext\/wp-json\/wp\/v2\/tags?post=4341"}],"curies":[{"name":"wp","href":"https:\/\/api.w.org\/{rel}","templated":true}]}}