{"id":4380,"date":"2016-10-05T13:14:37","date_gmt":"2016-10-05T11:14:37","guid":{"rendered":"http:\/\/www.zeit.de\/freitext\/?p=4380"},"modified":"2016-10-24T11:06:20","modified_gmt":"2016-10-24T09:06:20","slug":"curvy-models-rtl2-magerwahn","status":"publish","type":"post","link":"https:\/\/blog.zeit.de\/freitext\/2016\/10\/05\/curvy-models-rtl2-magerwahn\/","title":{"rendered":"Immer sch\u00f6n auf die Oberschenkel"},"content":{"rendered":"<p><strong>Mit der Show <em>Curvy Supermodel<\/em> verspricht RTL 2 all jenen Erl\u00f6sung, die nicht in Heidi Klums Schlankheitsideal passen. Sieht so die Emanzipation vom Magerwahn aus?<\/strong><\/p>\n<p><figure id=\"attachment_4381\" aria-describedby=\"caption-attachment-4381\" style=\"width: 640px\" class=\"wp-caption aligncenter\"><img loading=\"lazy\" decoding=\"async\" class=\"size-large wp-image-4381\" src=\"http:\/\/blog.zeit.de\/freitext\/freitext\/wp-content\/blogs.dir\/84\/files\/2016\/10\/freitext-curvy-supermodel-1024x682.jpg\" alt=\"\u00a9 RTL 2\" width=\"640\" height=\"426\" srcset=\"https:\/\/blog.zeit.de\/freitext\/files\/2016\/10\/freitext-curvy-supermodel-1024x682.jpg 1024w, https:\/\/blog.zeit.de\/freitext\/files\/2016\/10\/freitext-curvy-supermodel-620x413.jpg 620w, https:\/\/blog.zeit.de\/freitext\/files\/2016\/10\/freitext-curvy-supermodel-768x512.jpg 768w, https:\/\/blog.zeit.de\/freitext\/files\/2016\/10\/freitext-curvy-supermodel.jpg 2000w\" sizes=\"auto, (max-width: 640px) 100vw, 640px\" \/><figcaption id=\"caption-attachment-4381\" class=\"wp-caption-text\">Die Jury der Castingshow: Der Modelagent Ted Linow, das Model Angelina Kirsch, die T\u00e4nzerin Motsi Mabuse und der Modemacher Harald Gl\u00f6\u00f6ckler (\u00a9 RTL 2)<\/figcaption><\/figure><\/p>\n<p>Ich habe die \u00fcberaus erfreuliche und beruhigende Nachricht bekommen, dass sich RTL 2 in Zukunft um die Dicken k\u00fcmmern wird. Wahrscheinlich nicht um alle, aber immerhin um die dicken weiblichen Mitglieder unserer Gesellschaft.<\/p>\n<p>Die Ank\u00fcndigung des Events ist vollmundig: &#8222;<em>Neue Kurven braucht das Land!<\/em>&#8220; Das neue Showformat bei RTL 2 f\u00fcr Models mit gesunden Rundungen erweitert das g\u00e4ngige Sch\u00f6nheitsideal und zeigt, wie der Pressetext verr\u00e4t, &#8222;<em>dass sich Sch\u00f6nheit nicht mit dem Ma\u00dfband messen l\u00e4sst&#8220;<\/em>.<\/p>\n<p>Wow. Das ist doch mal eine Erkenntnis.<!--more--><\/p>\n<p>Und ist das nicht toll?! Deutschlands Frauen, wir sind gemeint! Wir! Die wir bisher nicht mithalten konnten bei <a href=\"http:\/\/blog.zeit.de\/freitext\/2015\/02\/12\/grjasnova-gntm-germanys-next-topmodel\/\"><em>Germany\u2019s Next Top Model<\/em><\/a>. Wir, die <a href=\"http:\/\/www.zeit.de\/2016\/06\/heidi-klum-germanys-next-topmodel-werbung-produktplatzierung\">Heidi Klum<\/a> in schlanker Arroganz am Wegrand stehen lie\u00dfen \u2013 wir sind es, die RTL 2 nun zu sich ruft! Ich bin au\u00dfer mir vor Freude, denn <em>Curvy Supermodel <\/em>wird von heute an jeden Mittwoch gesendet werden.<\/p>\n<p>Ein bisschen wundere ich mich, dass mich Alice nicht anruft, damit wir uns gemeinsam freuen k\u00f6nnen. Also <a href=\"http:\/\/www.zeit.de\/2016\/30\/erregung-alice-schwarzer-kolumne-das-wesentliche-bahr\">Alice Schwarzer<\/a>, wo wir doch alle seit Jahren auf den magers\u00fcchtigen Models und ihren Vermarktern herumhacken. Dass die M\u00e4dchen krank sind, sich zu Tode hungern, dass das Ganze anders werden muss. Und nun ist es soweit, und keine Feministin ruft mich an!?<\/p>\n<p>Wei\u00df denn niemand die Anstrengungen von RTL 2 zu sch\u00e4tzen? Dem einzigen Sender, der wirklich wei\u00df, wie es uns geht, der sich wirklich um unsere N\u00f6te bem\u00fcht, der mich und meine Kurven liebt, der &#8230;<\/p>\n<p>Also teile ich meinem Mann mit, dass ich mich als Model bei RTL 2 bewerben werde, die verst\u00fcnden mich endlich. F\u00fcr die sei ich genau richtig: echt, sexy &#8230; denn <em>&#8222;Curvy Models haben auch ganz normale K\u00f6rper und k\u00f6nnen so auch als Vorbild fungieren!&#8220;,<\/em> plappere ich aufgeregt den Pressetext nach. &#8222;Models fungieren? Klingt irgendwie komisch &#8230;&#8220;, meint mein Mann. Ist das alles? Also lese ich weiter laut vor:<\/p>\n<p>&#8222;<em>Dass immer mehr renommierte Modemarken inzwischen Fashion in gro\u00dfen Gr\u00f6\u00dfen produzieren und die Bewegung ja generell in Richtung Plus-Size geht. In Amerika sind sie schon ein bisschen weiter &#8230;&#8220;<\/em><\/p>\n<p><strong>Selbstvertrauen st\u00e4rken in Unterw\u00e4sche<\/strong><\/p>\n<p>&#8222;Gro\u00dfe Gr\u00f6\u00dfen, gibt&#8217;s das? Wir k\u00f6nnen gern eine Woche lang nur Pommes essen und Cola trinken, wenn dir das hilft &#8230;&#8220;, meint mein Mann, aber was verstehen M\u00e4nner schon von weiblichen N\u00f6ten?<\/p>\n<p>Ich bin wild entschlossen und klicke die Fotos der anderen Bewerberinnen, meiner Konkurrentinnen, an. Riesige M\u00e4dels in Bademoden r\u00e4keln sich auf einer Liege, laufen \u00fcber den Catwalk, l\u00e4cheln unsicher aus ihren runden Gesichtern in die Kamera. Diese aber ist unerbittlich und hat vor allem ihre Oberschenkel, ihren <em>curvy <\/em>Hintern, ihren <em>XL <\/em>Busen im Visier.<\/p>\n<p>Einen engen Badeanzug h\u00e4tte ich auch noch, so ist das nicht, aber ich dachte eigentlich mehr an ein h\u00fcbsches Kleid, an Jeans, also an Kleidung. So nackig, ich wei\u00df nicht &#8230;<\/p>\n<p>Habe ich etwas falsch verstanden? Ich hatte doch gelesen, dass man beabsichtige, &#8222;<em>das Selbstvertrauen vieler kurviger Frauen zu st\u00e4rken, die durch das jahrzehntelang dominante Schlankheitsideal mitunter verunsichert sind.&#8220; <\/em><\/p>\n<p>Funktioniert denn &#8222;Selbstvertrauen st\u00e4rken&#8220; nur in Unterw\u00e4sche? Ich bin unsicher, aber mir kommt es so vor, als w\u00e4ren diese molligen Frauen genauso ausgeliefert und schutzlos wie ihre d\u00fcnnen Kolleginnen \u2013 nur eben &#8222;mehr&#8220;.<\/p>\n<p>Will man sich hinterfotzig \u00fcber sie lustig machen, w\u00e4hrend sie tapfer ihre Pfunde im Badeanzug \u00fcber den Laufsteg tragen? Sie auslachen, wenn sie im Mini tanzen, den Finger auf sie richten, wenn sie ihre sch\u00f6ne Oberweite, ihre <em>gro\u00dfen Gr\u00f6\u00dfen<\/em> in zu engen Tops nicht unterbringen? Will man die armen Frauen blo\u00dfstellen? Nein, das kann nicht sein! Das kann doch das gute RTL 2 nie und niemals wollen. Dazu ist das Thema viel zu heikel.<\/p>\n<p>Generationen von gesunden M\u00e4dchen hungern, um den d\u00fcnnen, d\u00fcrren, magers\u00fcchtigen Models nachzueifern. Setzt man jetzt etwa eins drauf und beginnt unter dem Deckmantel &#8222;echt sch\u00f6n kurvig&#8220; junge Frauen mit Konfektionsgr\u00f6\u00dfen \u00fcber 40 auszustellen, auszuziehen, auszuliefern?<\/p>\n<p><strong>Anstiftung zur Gewalt<\/strong><\/p>\n<p>Als ich 14 Jahre alt war, hatte man mich am Strand \u00fcberredet, an einem &#8222;Sch\u00f6nheitsk\u00f6niginnen-Wettbewerb&#8220; mitzumachen. Ich war zu doof, um abzusagen. Am selben Abend stand ich in einem rosa Plisseekleid zwischen zwanzig h\u00fcbschen Blondinen im Corsaro in Malcesine auf der B\u00fchne. Der halbe Campingplatz machte bei dem Wettbewerb mit, aus dem Zuschauerraum gr\u00f6lten die holl\u00e4ndischen und belgischen Verehrer der Models in spe. Den Damen und dem Moderator ging ich gerade mal bis zum Bauchnabel. Er bem\u00fchte sich gar nicht, seine Ironie zu verbergen, sondern zog mich in den Lichtkegel mit den Worten <em>&#8222;Che coraggio, eh!?<\/em>&#8220; \u2013 na, das ist ja mal echt mutig!<\/p>\n<p>Dann fiel das Licht in der gesamten Stadt aus, und der Spuk hatte f\u00fcr mich ein Ende. Jahrelang habe ich weder rosa noch Plissee getragen, zum Corsaro bin ich nie wieder. Wie w\u00e4re es weitergegangen f\u00fcr mich, wenn das Licht nicht ausgefallen w\u00e4re?<\/p>\n<p>Ich m\u00f6chte diese jungen <em>curvy <\/em>Models gerne warnen. Sie sollen sich ja nicht missbrauchen lassen und notfalls der netten Jury ein Ohr abbei\u00dfen. Das sind ja offensichtlich alles Models, die wie normale Menschen essen und das auch weiterhin tun sollen. Wie schmeckt wohl so ein dickes krosses Moderatorenohr?! Das sei Anstiftung zu Gewalt, sagt mein Mann, das sei nicht erlaubt. Man w\u00fcrde in Deutschland nur noch Schweineohren essen.<\/p>\n<p>Meine ich ja, denke ich. Na gut. Wer will schon gewaltt\u00e4tig gegen RTL 2 vorgehen, wo sie dort nur die edelsten Absichten haben, nur das Beste f\u00fcr uns wollen, egal wie dick wir sind &#8230;?<\/p>\n<p>Schweren Herzens verabschiede ich mich bis auf Weiteres von meiner Modelkarriere, gehe mit meinem Mann essen. Zwischen gef\u00fcllter Gans und Panna cotta fragt mich mein \u00fcberaus gescheiter Gatte, ob mir denn gar nie aufgefallen sei, dass beide, M\u00e4nner und Frauen, auf die d\u00fcnnen wie auch auf die dicken Models mit m\u00e4nnlichem Blick schauen w\u00fcrden.<\/p>\n<p>&#8222;Nein&#8220;, erwidere ich naiv, &#8222;aber dann w\u00fcrde doch eine Sendung mit <a href=\"http:\/\/www.zeit.de\/zeit-magazin\/leben\/2016-05\/zach-miko-plus-size-model\">fetten M\u00e4nnern genderm\u00e4\u00dfig auf absolutes Neuland<\/a> vorsto\u00dfen. Und mit dicken M\u00e4nnern und Frauen w\u00e4re die Freakshow perfekt! Ich muss bei RTL anrufen, das ist eine echte Marktl\u00fccke!&#8220;<\/p>\n<p>_________________<\/p>\n<p><strong><em>Sie m\u00f6chten keinen Freitext verpassen? Aufgrund der gro\u00dfen Nachfrage gibt es einen Newsletter. <a href=\"http:\/\/bit.ly\/1xjyvzZ\" target=\"_blank\">Hier k\u00f6nnen Sie ihn abonnieren.<\/a><\/em><\/strong><\/p>\n","protected":false},"excerpt":{"rendered":"<p>Mit der Show Curvy Supermodel verspricht RTL 2 all jenen Erl\u00f6sung, die nicht in Heidi Klums Schlankheitsideal passen. Sieht so die Emanzipation vom Magerwahn [\u2026]<\/p>\n","protected":false},"author":998,"featured_media":4381,"comment_status":"open","ping_status":"open","sticky":false,"template":"","format":"standard","meta":{"_jetpack_memberships_contains_paid_content":false,"footnotes":""},"categories":[7,5],"tags":[],"class_list":["post-4380","post","type-post","status-publish","format-standard","has-post-thumbnail","hentry","category-gesellschaft-politik","category-schriftstellerleben"],"yoast_head":"<!-- This site is optimized with the Yoast SEO plugin v21.0 - https:\/\/yoast.com\/wordpress\/plugins\/seo\/ -->\n<title>Curvy Supermodel: Immer sch\u00f6n auf die Oberschenkel<\/title>\n<meta name=\"description\" content=\"Mit Curvy Supermodel verspricht RTL 2 all jenen Erl\u00f6sung, die nicht in Heidi Klums Schlankheitsideal passen. Sieht so die Emanzipation vom Magerwahn aus?\" \/>\n<meta name=\"robots\" content=\"index, follow, max-snippet:-1, max-image-preview:large, max-video-preview:-1\" \/>\n<link rel=\"canonical\" href=\"https:\/\/blog.zeit.de\/freitext\/2016\/10\/05\/curvy-models-rtl2-magerwahn\/\" \/>\n<meta property=\"og:locale\" content=\"de_DE\" \/>\n<meta property=\"og:type\" content=\"article\" \/>\n<meta property=\"og:title\" content=\"Curvy Supermodel: Immer sch\u00f6n auf die Oberschenkel\" \/>\n<meta property=\"og:description\" content=\"Mit Curvy Supermodel verspricht RTL 2 all jenen Erl\u00f6sung, die nicht in Heidi Klums Schlankheitsideal passen. Sieht so die Emanzipation vom Magerwahn aus?\" \/>\n<meta property=\"og:url\" content=\"https:\/\/blog.zeit.de\/freitext\/2016\/10\/05\/curvy-models-rtl2-magerwahn\/\" \/>\n<meta property=\"og:site_name\" content=\"Freitext\" \/>\n<meta property=\"article:published_time\" content=\"2016-10-05T11:14:37+00:00\" \/>\n<meta property=\"article:modified_time\" content=\"2016-10-24T09:06:20+00:00\" \/>\n<meta name=\"author\" content=\"Adriana Altaras\" \/>\n<meta name=\"twitter:card\" content=\"summary_large_image\" \/>\n<meta name=\"twitter:image\" content=\"http:\/\/blog.zeit.de\/freitext\/freitext\/wp-content\/blogs.dir\/84\/files\/2016\/10\/freitext-curvy-supermodel.jpg\" \/>\n<meta name=\"twitter:label1\" content=\"Geschrieben von\" \/>\n\t<meta name=\"twitter:data1\" content=\"Adriana Altaras\" \/>\n\t<meta name=\"twitter:label2\" content=\"Gesch\u00e4tzte Lesezeit\" \/>\n\t<meta name=\"twitter:data2\" content=\"6\u00a0Minuten\" \/>\n<script type=\"application\/ld+json\" class=\"yoast-schema-graph\">{\"@context\":\"https:\/\/schema.org\",\"@graph\":[{\"@type\":\"WebPage\",\"@id\":\"https:\/\/blog.zeit.de\/freitext\/2016\/10\/05\/curvy-models-rtl2-magerwahn\/\",\"url\":\"https:\/\/blog.zeit.de\/freitext\/2016\/10\/05\/curvy-models-rtl2-magerwahn\/\",\"name\":\"Curvy Supermodel: Immer sch\u00f6n auf die Oberschenkel\",\"isPartOf\":{\"@id\":\"https:\/\/blog.zeit.de\/freitext\/#website\"},\"datePublished\":\"2016-10-05T11:14:37+00:00\",\"dateModified\":\"2016-10-24T09:06:20+00:00\",\"author\":{\"@id\":\"https:\/\/blog.zeit.de\/freitext\/#\/schema\/person\/cf81323e1973c24a62e856c1b0b67e6b\"},\"description\":\"Mit Curvy Supermodel verspricht RTL 2 all jenen Erl\u00f6sung, die nicht in Heidi Klums Schlankheitsideal passen. Sieht so die Emanzipation vom Magerwahn aus?\",\"breadcrumb\":{\"@id\":\"https:\/\/blog.zeit.de\/freitext\/2016\/10\/05\/curvy-models-rtl2-magerwahn\/#breadcrumb\"},\"inLanguage\":\"de\",\"potentialAction\":[{\"@type\":\"ReadAction\",\"target\":[\"https:\/\/blog.zeit.de\/freitext\/2016\/10\/05\/curvy-models-rtl2-magerwahn\/\"]}]},{\"@type\":\"BreadcrumbList\",\"@id\":\"https:\/\/blog.zeit.de\/freitext\/2016\/10\/05\/curvy-models-rtl2-magerwahn\/#breadcrumb\",\"itemListElement\":[{\"@type\":\"ListItem\",\"position\":1,\"name\":\"Startseite\",\"item\":\"https:\/\/blog.zeit.de\/freitext\/\"},{\"@type\":\"ListItem\",\"position\":2,\"name\":\"Immer sch\u00f6n auf die Oberschenkel\"}]},{\"@type\":\"WebSite\",\"@id\":\"https:\/\/blog.zeit.de\/freitext\/#website\",\"url\":\"https:\/\/blog.zeit.de\/freitext\/\",\"name\":\"Freitext\",\"description\":\"Feld f\u00fcr literarisches Denken\",\"potentialAction\":[{\"@type\":\"SearchAction\",\"target\":{\"@type\":\"EntryPoint\",\"urlTemplate\":\"https:\/\/blog.zeit.de\/freitext\/?s={search_term_string}\"},\"query-input\":\"required name=search_term_string\"}],\"inLanguage\":\"de\"},{\"@type\":\"Person\",\"@id\":\"https:\/\/blog.zeit.de\/freitext\/#\/schema\/person\/cf81323e1973c24a62e856c1b0b67e6b\",\"name\":\"Adriana Altaras\",\"image\":{\"@type\":\"ImageObject\",\"inLanguage\":\"de\",\"@id\":\"https:\/\/blog.zeit.de\/freitext\/#\/schema\/person\/image\/\",\"url\":\"https:\/\/secure.gravatar.com\/avatar\/df69c525861fdbb6e9daca70bb920830eaf8c5283e01d73898e7a629cf9fc1ed?s=96&d=mm&r=g\",\"contentUrl\":\"https:\/\/secure.gravatar.com\/avatar\/df69c525861fdbb6e9daca70bb920830eaf8c5283e01d73898e7a629cf9fc1ed?s=96&d=mm&r=g\",\"caption\":\"Adriana Altaras\"},\"description\":\"Schauspielerin, Regisseurin, Karate brauner Gurt. 1960 in Zagreb geboren, wuchs in Italien und Deutschland auf. Lebt in Berlin, mit Mann und zwei S\u00f6hnen, leider ohne Hund. Ihr erstes Buch \\\"Titos Brille\\\" erschien 2011, ihr zweites \\\"Doitscha\\\" im Jahr 2014. 2017 ver\u00f6ffentlichte sie \\\"Das Meer und ich waren im besten Alter. Geschichten aus meinem Alltag\\\", alle bei Kiepenheuer &amp; Witsch.\",\"url\":\"https:\/\/blog.zeit.de\/freitext\/author\/adriana-altaras\/\"}]}<\/script>\n<!-- \/ Yoast SEO plugin. -->","yoast_head_json":{"title":"Curvy Supermodel: Immer sch\u00f6n auf die Oberschenkel","description":"Mit Curvy Supermodel verspricht RTL 2 all jenen Erl\u00f6sung, die nicht in Heidi Klums Schlankheitsideal passen. Sieht so die Emanzipation vom Magerwahn aus?","robots":{"index":"index","follow":"follow","max-snippet":"max-snippet:-1","max-image-preview":"max-image-preview:large","max-video-preview":"max-video-preview:-1"},"canonical":"https:\/\/blog.zeit.de\/freitext\/2016\/10\/05\/curvy-models-rtl2-magerwahn\/","og_locale":"de_DE","og_type":"article","og_title":"Curvy Supermodel: Immer sch\u00f6n auf die Oberschenkel","og_description":"Mit Curvy Supermodel verspricht RTL 2 all jenen Erl\u00f6sung, die nicht in Heidi Klums Schlankheitsideal passen. Sieht so die Emanzipation vom Magerwahn aus?","og_url":"https:\/\/blog.zeit.de\/freitext\/2016\/10\/05\/curvy-models-rtl2-magerwahn\/","og_site_name":"Freitext","article_published_time":"2016-10-05T11:14:37+00:00","article_modified_time":"2016-10-24T09:06:20+00:00","author":"Adriana Altaras","twitter_card":"summary_large_image","twitter_image":"http:\/\/blog.zeit.de\/freitext\/freitext\/wp-content\/blogs.dir\/84\/files\/2016\/10\/freitext-curvy-supermodel.jpg","twitter_misc":{"Geschrieben von":"Adriana Altaras","Gesch\u00e4tzte Lesezeit":"6\u00a0Minuten"},"schema":{"@context":"https:\/\/schema.org","@graph":[{"@type":"WebPage","@id":"https:\/\/blog.zeit.de\/freitext\/2016\/10\/05\/curvy-models-rtl2-magerwahn\/","url":"https:\/\/blog.zeit.de\/freitext\/2016\/10\/05\/curvy-models-rtl2-magerwahn\/","name":"Curvy Supermodel: Immer sch\u00f6n auf die Oberschenkel","isPartOf":{"@id":"https:\/\/blog.zeit.de\/freitext\/#website"},"datePublished":"2016-10-05T11:14:37+00:00","dateModified":"2016-10-24T09:06:20+00:00","author":{"@id":"https:\/\/blog.zeit.de\/freitext\/#\/schema\/person\/cf81323e1973c24a62e856c1b0b67e6b"},"description":"Mit Curvy Supermodel verspricht RTL 2 all jenen Erl\u00f6sung, die nicht in Heidi Klums Schlankheitsideal passen. Sieht so die Emanzipation vom Magerwahn aus?","breadcrumb":{"@id":"https:\/\/blog.zeit.de\/freitext\/2016\/10\/05\/curvy-models-rtl2-magerwahn\/#breadcrumb"},"inLanguage":"de","potentialAction":[{"@type":"ReadAction","target":["https:\/\/blog.zeit.de\/freitext\/2016\/10\/05\/curvy-models-rtl2-magerwahn\/"]}]},{"@type":"BreadcrumbList","@id":"https:\/\/blog.zeit.de\/freitext\/2016\/10\/05\/curvy-models-rtl2-magerwahn\/#breadcrumb","itemListElement":[{"@type":"ListItem","position":1,"name":"Startseite","item":"https:\/\/blog.zeit.de\/freitext\/"},{"@type":"ListItem","position":2,"name":"Immer sch\u00f6n auf die Oberschenkel"}]},{"@type":"WebSite","@id":"https:\/\/blog.zeit.de\/freitext\/#website","url":"https:\/\/blog.zeit.de\/freitext\/","name":"Freitext","description":"Feld f\u00fcr literarisches Denken","potentialAction":[{"@type":"SearchAction","target":{"@type":"EntryPoint","urlTemplate":"https:\/\/blog.zeit.de\/freitext\/?s={search_term_string}"},"query-input":"required name=search_term_string"}],"inLanguage":"de"},{"@type":"Person","@id":"https:\/\/blog.zeit.de\/freitext\/#\/schema\/person\/cf81323e1973c24a62e856c1b0b67e6b","name":"Adriana Altaras","image":{"@type":"ImageObject","inLanguage":"de","@id":"https:\/\/blog.zeit.de\/freitext\/#\/schema\/person\/image\/","url":"https:\/\/secure.gravatar.com\/avatar\/df69c525861fdbb6e9daca70bb920830eaf8c5283e01d73898e7a629cf9fc1ed?s=96&d=mm&r=g","contentUrl":"https:\/\/secure.gravatar.com\/avatar\/df69c525861fdbb6e9daca70bb920830eaf8c5283e01d73898e7a629cf9fc1ed?s=96&d=mm&r=g","caption":"Adriana Altaras"},"description":"Schauspielerin, Regisseurin, Karate brauner Gurt. 1960 in Zagreb geboren, wuchs in Italien und Deutschland auf. Lebt in Berlin, mit Mann und zwei S\u00f6hnen, leider ohne Hund. Ihr erstes Buch \"Titos Brille\" erschien 2011, ihr zweites \"Doitscha\" im Jahr 2014. 2017 ver\u00f6ffentlichte sie \"Das Meer und ich waren im besten Alter. Geschichten aus meinem Alltag\", alle bei Kiepenheuer &amp; Witsch.","url":"https:\/\/blog.zeit.de\/freitext\/author\/adriana-altaras\/"}]}},"jetpack_featured_media_url":"https:\/\/blog.zeit.de\/freitext\/files\/2016\/10\/freitext-curvy-supermodel.jpg","jetpack_sharing_enabled":true,"_links":{"self":[{"href":"https:\/\/blog.zeit.de\/freitext\/wp-json\/wp\/v2\/posts\/4380","targetHints":{"allow":["GET"]}}],"collection":[{"href":"https:\/\/blog.zeit.de\/freitext\/wp-json\/wp\/v2\/posts"}],"about":[{"href":"https:\/\/blog.zeit.de\/freitext\/wp-json\/wp\/v2\/types\/post"}],"author":[{"embeddable":true,"href":"https:\/\/blog.zeit.de\/freitext\/wp-json\/wp\/v2\/users\/998"}],"replies":[{"embeddable":true,"href":"https:\/\/blog.zeit.de\/freitext\/wp-json\/wp\/v2\/comments?post=4380"}],"version-history":[{"count":17,"href":"https:\/\/blog.zeit.de\/freitext\/wp-json\/wp\/v2\/posts\/4380\/revisions"}],"predecessor-version":[{"id":4479,"href":"https:\/\/blog.zeit.de\/freitext\/wp-json\/wp\/v2\/posts\/4380\/revisions\/4479"}],"wp:featuredmedia":[{"embeddable":true,"href":"https:\/\/blog.zeit.de\/freitext\/wp-json\/wp\/v2\/media\/4381"}],"wp:attachment":[{"href":"https:\/\/blog.zeit.de\/freitext\/wp-json\/wp\/v2\/media?parent=4380"}],"wp:term":[{"taxonomy":"category","embeddable":true,"href":"https:\/\/blog.zeit.de\/freitext\/wp-json\/wp\/v2\/categories?post=4380"},{"taxonomy":"post_tag","embeddable":true,"href":"https:\/\/blog.zeit.de\/freitext\/wp-json\/wp\/v2\/tags?post=4380"}],"curies":[{"name":"wp","href":"https:\/\/api.w.org\/{rel}","templated":true}]}}