{"id":4544,"date":"2016-11-15T08:51:47","date_gmt":"2016-11-15T07:51:47","guid":{"rendered":"http:\/\/www.zeit.de\/freitext\/?p=4544"},"modified":"2016-11-15T11:33:51","modified_gmt":"2016-11-15T10:33:51","slug":"ford-neuwagen-abgesang-schulz","status":"publish","type":"post","link":"https:\/\/blog.zeit.de\/freitext\/2016\/11\/15\/ford-neuwagen-abgesang-schulz\/","title":{"rendered":"Man wird ja wohl noch mal tuten d\u00fcrfen"},"content":{"rendered":"<p><strong>Eines Tages steht er vor der T\u00fcr, der neue Wagen: mehr PS, top Spritverbrauch, aller Schnickschnack. Aber wie man ihn vermisst, den alten klapprigen Ford. Ein Abgesang<\/strong><\/p>\n<p><figure id=\"attachment_4561\" aria-describedby=\"caption-attachment-4561\" style=\"width: 640px\" class=\"wp-caption aligncenter\"><img loading=\"lazy\" decoding=\"async\" class=\"wp-image-4561 size-large\" src=\"http:\/\/blog.zeit.de\/freitext\/freitext\/wp-content\/blogs.dir\/84\/files\/2016\/11\/auto-1024x709.jpg\" alt=\"Ford: Man wird ja wohl noch mal tuten d\u00fcrfen\" width=\"640\" height=\"443\" srcset=\"https:\/\/blog.zeit.de\/freitext\/files\/2016\/11\/auto-1024x709.jpg 1024w, https:\/\/blog.zeit.de\/freitext\/files\/2016\/11\/auto-620x429.jpg 620w, https:\/\/blog.zeit.de\/freitext\/files\/2016\/11\/auto-768x532.jpg 768w, https:\/\/blog.zeit.de\/freitext\/files\/2016\/11\/auto.jpg 2031w\" sizes=\"auto, (max-width: 640px) 100vw, 640px\" \/><figcaption id=\"caption-attachment-4561\" class=\"wp-caption-text\">Das ehemalige Auto des Schriftstellers Frank Schulz<\/figcaption><\/figure><\/p>\n<p>L\u00e4ngst steht ein Funkelnagelneuer, Schickerer, Gr\u00f6\u00dferer vor der T\u00fcr. Ein sogenannter Kombi. Mit mehr Pferdest\u00e4rken, aber weniger Spritverbrauch (uns k\u00f6nnen sie ja viel erz\u00e4hlen) und allem m\u00f6glichen Schnickschnack (begeistern kann mich allerdings allenfalls die Lordosenst\u00fctze). Aus verschiedenen mal mehr, mal weniger guten Gr\u00fcnden bin ich auf einen angewiesen.<!--more--><\/p>\n<p>Er geh\u00f6rt mir zwar nicht; die Rechtsnachfolger von Henry Ford stellen ihn mir aber f\u00fcr einen vergleichsweise l\u00e4cherlichen monatlichen Euro-Betrag zur relativ freien Verf\u00fcgung. In vier Jahren bringe ich ihn zur\u00fcck, und sie geben mir daf\u00fcr einen noch Funkelnagelneueren, noch Schickeren, wom\u00f6glich noch Gr\u00f6\u00dferen. (Mit wom\u00f6glich noch mehr Pferdest\u00e4rken und noch weniger Spritverbrauch. Uns k\u00f6nnen sie ja noch viel mehr erz\u00e4hlen.)<\/p>\n<p>Wunder des Kapitalismus! Reines finanzmathematisches Exempel, mir jedoch zu hoch. Vielleicht nicht unbedingt zu hoch, vielmehr zu m\u00fc\u00dfig. Oder auch blo\u00df zu dumm. Beziehungsweise stelle ich mich dumm, aus Faulheit \u2013 sowie aus von sich selbst gelangweiltem, sowieso generalbassm\u00e4\u00dfig vor sich hin brummendem schlechten Gewissen (vgl. dazu <a href=\"http:\/\/www.faz.net\/aktuell\/feuilleton\/debatten\/zum-tod-des-philosophen-odo-marquard-13587546.html\">Odo Marquards<\/a> &#8222;\u00dcbertribunalisierung&#8220; der menschlichen Lebenswelt, <a href=\"http:\/\/www.zeit.de\/2001\/19\/200119_ka-philo-.xml\">Theodor W. Adornos<\/a> &#8222;Es gibt kein richtiges Leben im falschen&#8220;, <a href=\"http:\/\/www.zeit.de\/1992\/11\/ich-irre-also-bin-ich\">G\u00fcnther Anders&#8216;<\/a> &#8222;prometheische Scham&#8220; et al.). So oder so nicht sch\u00f6n. Nun ja.<\/p>\n<p>Jedenfalls handelt es sich um eine charakterlose, verwechselbare Spie\u00dferkiste, wie sie im Kataloge steht. Im Gegensatz zu meinem liaben kleinen Ford Guano. (Als &#8222;liab&#8220; bezeichnet eine Figur in einer der grandiosen Verfilmungen von <a href=\"http:\/\/www.zeit.de\/2015\/12\/wolf-haas-autor-krimi-boom\">Wolf Haas&#8216;<\/a> <em>Brenner<\/em>-Romanen ihren \u2013 wenn ich mich recht entsinne \u2013 VW Beetle.) Siebzehn Jahre lang leistete mir jener Ka Dienste als fahrbarer Untersatz (dieses Synonym geh\u00f6rt aufgrund seines antiquierten Anklangs dringend in diesen Text). Passable Dienste. Wirklich treue eher den Tauben, Raben und Elstern in meiner Stra\u00dfe: als Abort n\u00e4mlich. Daher die \u2013 nat\u00fcrlich auf meinem eigenen Mist gewachsene \u2013 Typenbezeichnung Guano.<\/p>\n<p><strong>Aufs Karussellautoartigste<\/strong><\/p>\n<p>Mir gefiel durchaus sein Design. Bekifft oder auch nur mit zusammengekniffenen Augen mochte man ihn wom\u00f6glich mit einem Porsche verwechseln (solang man nicht aufs Gaspedal trat). Meine Freundin fand ihn doof. (Ha! F\u00e4hrt SIE doch das Auslaufmodell eines Renault Twingo, dessen Design zwingend an einen vorindustriellen Hemmschuh erinnert.) Mir aber war dieses zickige Autochen irgendwann so ans Herz gewachsen, dass ich es einer eigenen Romanfigur aufdr\u00e4ngte.<\/p>\n<p>Drei Monate ist er nun schon fort, und zu meiner eigenen Verbl\u00fcffung vermisse ich ihn immer noch. Liaber kleiner Ford Guano, tut, tut, tut!<\/p>\n<p>Zart, wenn nicht unzart widerlich, diese infantile Objektliebe, ich wei\u00df; klebrig wie der Firnis von Blattlausurin auf Blechen und Windschutzscheiben in den w\u00e4rmeren Jahreszeiten \u2026 Sei&#8217;s drum. (Die Hupe \u00fcbrigens tutete tats\u00e4chlich aufs Onomatopoetischste, aufs Karussellautoartigste, aufs Dreigroschen-Kinder\u00adschau\u00adkel-vorm-Kaufhaus-hafteste \u2013 so liab, dass die Entschuldigung gleich im Klang mitschwang: Nichts f\u00fcr ungut, aber man wird ja wohl noch mal tuten d\u00fcrfen!)<\/p>\n<p>Apropos tuten: &#8222;Tut tut tut, ein Auto. Grete f\u00e4hrt im Auto&#8220;, so lauteten die ersten von mir jemals entzifferten S\u00e4tze, aus der Lesefibel der ersten Klasse. Bis heute schl\u00e4gt mein albernes Herz h\u00f6her, erblicke ich unversehens eine Karosserie mit einer bestimmten Metallicnuance von Bordeauxrot (zum Beispiel die mancher griechischer Taxis), wie sie eines meiner hei\u00df geliebten Matchbox-Autos von damals schm\u00fcckte \u2026 Als ich zehn Jahre alt war, gab es f\u00fcr mich wenig Aufreizenderes als die \u00c4sthetik von Reifenspuren. Fr\u00e4ste mein Onkel mit seinem silbergrauen Ford Taunus 20M TS (6 Zylinder!) per Kavaliersstart, vier-, f\u00fcnfmal hin- und herdriftend, eine Doppelschlangenlinie in den d\u00f6rflichen Geestsand, war ich bei der Betrachtung des vollendeten Werks von \u00e4hnlicher Ehrfurcht ergriffen wie ein Bildungsb\u00fcrger angesichts eines Renaissance-Freskos.<\/p>\n<p><strong> Pff! Tuuut! Tr\u00f6\u00f6\u00f6t!<\/strong><\/p>\n<p>Nicht von ungef\u00e4hr lautet der Titel eines automobilkritischen Dokumentarfilms <em>Mama Papa Auto<\/em>. Bereits knapp zwanzig Jahre ist es her, dass er mit dem Grimme-Preis Spezial ausgezeichnet wurde (Untertitel: &#8222;Ein Nachruf auf das Automobil&#8220;). Passiert ist seither wenig. (Au\u00dfer dem VW-Betrug.) Der Mensch bleibt nun mal kindisch. Unvergessen, wie einst die Studiozuschauer einer bestimmten <em>stern-TV<\/em>-Sendung \u2013 haupts\u00e4chlich ein Trupp bierb\u00e4uchiger Kerle in Ferrari-Trikots \u2013, von G\u00fcnther Jauch ermuntert, in ihre eigens mitgebrachten Kazoos bliesen, um Formel-1-Boliden nachzuahmen \u2013 als w\u00e4ren sie nicht 40 plus, sondern 10 minus! Was f\u00fcr eine \u00e4h, r\u00fchrende Allegorie auf die Trotzreaktion hinsichtlich der vierten gro\u00dfen narzisstischen Kr\u00e4nkung der Menschheit (nach der kosmologischen Kopernikus&#8216;, der biologischen Darwins und der psychologischen Freuds): der technologischen Fords. Wir pferdestarke Menschheit sollen an unserem eigenen Untergang schuld sein? Pff! Tuuut! Tr\u00f6\u00f6\u00f6t!<\/p>\n<p>Und sogar das Z\u00fcnftige an der Apokalypse wird einem noch vermiest, wie der genialische Cartoonist Rattelschneck luzide nachweist. Erstes Panel: ICH HAB <u>NULL ANGST<\/u> VORM ALTWERDEN. ICH HABE <u>DEN<\/u> AUSSTIEGSPLAN. Darunter ein rotes Auto, das \u00fcbers Kai aufs Wasser zurast. BEHALTE IMMER GERADE GENUG GELD AUF MEINEM KONTO F\u00dcR EINEN GEILEN MIETWAGEN, F\u00dcR EINE LETZTE SPRITZTOUR.<\/p>\n<p>Wer jedoch beschreibt das Entsetzen des Protagonisten, als er im dritten Panel vorm Autoverleih NUR SELBSTFAHRENDE angeboten bekommt? FUCK! NIX FORD MUSTANG 1969. BESCHISSENE EIERF\u00d6RMIGE FORTBEWEGUNGSARSCHL\u00d6\u2026 mit ELEKTRONISCHE(N) SPERREN GEGEN UNVERN\u00dcNFTIGES FAHREN, JOYRIDES, VEHIKULAREN SUIZID! Deprimierend.<\/p>\n<p>Ob diese unsere Geschichte ebenso rasant und beinah vers\u00f6hnlich auf onanierende Delfine, autistische Kinder und gleichg\u00fcltige Faultiere hinausl\u00e4uft (vgl. Rattelschneck in der aktuellen <em>Titanic)<\/em>? Vielleicht erleben wir&#8217;s ja noch. Tut, tut, tut! (Apropos tut: Wie mag&#8217;s wohl meinem liaben kleinen Ford Guano gehen \u2026?)<\/p>\n<p>_________________<\/p>\n<p><strong><em>Sie m\u00f6chten keinen Freitext verpassen? Aufgrund der gro\u00dfen Nachfrage gibt es einen Newsletter. <a href=\"http:\/\/bit.ly\/1xjyvzZ\" target=\"_blank\">Hier k\u00f6nnen Sie ihn abonnieren.<\/a><\/em><\/strong><\/p>\n","protected":false},"excerpt":{"rendered":"<p>Eines Tages steht er vor der T\u00fcr, der neue Wagen: mehr PS, top Spritverbrauch, aller Schnickschnack. Aber wie man ihn vermisst, den alten klapprigen [\u2026]<\/p>\n","protected":false},"author":1052,"featured_media":4561,"comment_status":"open","ping_status":"open","sticky":false,"template":"","format":"standard","meta":{"_jetpack_memberships_contains_paid_content":false,"footnotes":""},"categories":[7,5],"tags":[],"class_list":["post-4544","post","type-post","status-publish","format-standard","has-post-thumbnail","hentry","category-gesellschaft-politik","category-schriftstellerleben"],"yoast_head":"<!-- This site is optimized with the Yoast SEO plugin v21.0 - https:\/\/yoast.com\/wordpress\/plugins\/seo\/ -->\n<title>Ford: Man wird ja wohl noch mal tuten d\u00fcrfen<\/title>\n<meta name=\"description\" content=\"Eines Tages steht er vor der T\u00fcr, der neue Wagen: Mehr PS, aller Schnickschnack. Aber wie man ihn vermisst, den alten klapprigen Ford. Ein Abgesang\" \/>\n<meta name=\"robots\" content=\"index, follow, max-snippet:-1, max-image-preview:large, max-video-preview:-1\" \/>\n<link rel=\"canonical\" href=\"https:\/\/blog.zeit.de\/freitext\/2016\/11\/15\/ford-neuwagen-abgesang-schulz\/\" \/>\n<meta property=\"og:locale\" content=\"de_DE\" \/>\n<meta property=\"og:type\" content=\"article\" \/>\n<meta property=\"og:title\" content=\"Ford: Man wird ja wohl noch mal tuten d\u00fcrfen\" \/>\n<meta property=\"og:description\" content=\"Eines Tages steht er vor der T\u00fcr, der neue Wagen: Mehr PS, aller Schnickschnack. Aber wie man ihn vermisst, den alten klapprigen Ford. Ein Abgesang\" \/>\n<meta property=\"og:url\" content=\"https:\/\/blog.zeit.de\/freitext\/2016\/11\/15\/ford-neuwagen-abgesang-schulz\/\" \/>\n<meta property=\"og:site_name\" content=\"Freitext\" \/>\n<meta property=\"article:published_time\" content=\"2016-11-15T07:51:47+00:00\" \/>\n<meta property=\"article:modified_time\" content=\"2016-11-15T10:33:51+00:00\" \/>\n<meta name=\"author\" content=\"Frank Schulz\" \/>\n<meta name=\"twitter:card\" content=\"summary_large_image\" \/>\n<meta name=\"twitter:image\" content=\"http:\/\/blog.zeit.de\/freitext\/freitext\/wp-content\/blogs.dir\/84\/files\/2016\/11\/auto.jpg\" \/>\n<meta name=\"twitter:label1\" content=\"Geschrieben von\" \/>\n\t<meta name=\"twitter:data1\" content=\"Frank Schulz\" \/>\n\t<meta name=\"twitter:label2\" content=\"Gesch\u00e4tzte Lesezeit\" \/>\n\t<meta name=\"twitter:data2\" content=\"5\u00a0Minuten\" \/>\n<script type=\"application\/ld+json\" class=\"yoast-schema-graph\">{\"@context\":\"https:\/\/schema.org\",\"@graph\":[{\"@type\":\"WebPage\",\"@id\":\"https:\/\/blog.zeit.de\/freitext\/2016\/11\/15\/ford-neuwagen-abgesang-schulz\/\",\"url\":\"https:\/\/blog.zeit.de\/freitext\/2016\/11\/15\/ford-neuwagen-abgesang-schulz\/\",\"name\":\"Ford: Man wird ja wohl noch mal tuten d\u00fcrfen\",\"isPartOf\":{\"@id\":\"https:\/\/blog.zeit.de\/freitext\/#website\"},\"datePublished\":\"2016-11-15T07:51:47+00:00\",\"dateModified\":\"2016-11-15T10:33:51+00:00\",\"author\":{\"@id\":\"https:\/\/blog.zeit.de\/freitext\/#\/schema\/person\/8ceab2805b639eda4fa91e3fa01be00a\"},\"description\":\"Eines Tages steht er vor der T\u00fcr, der neue Wagen: Mehr PS, aller Schnickschnack. Aber wie man ihn vermisst, den alten klapprigen Ford. Ein Abgesang\",\"breadcrumb\":{\"@id\":\"https:\/\/blog.zeit.de\/freitext\/2016\/11\/15\/ford-neuwagen-abgesang-schulz\/#breadcrumb\"},\"inLanguage\":\"de\",\"potentialAction\":[{\"@type\":\"ReadAction\",\"target\":[\"https:\/\/blog.zeit.de\/freitext\/2016\/11\/15\/ford-neuwagen-abgesang-schulz\/\"]}]},{\"@type\":\"BreadcrumbList\",\"@id\":\"https:\/\/blog.zeit.de\/freitext\/2016\/11\/15\/ford-neuwagen-abgesang-schulz\/#breadcrumb\",\"itemListElement\":[{\"@type\":\"ListItem\",\"position\":1,\"name\":\"Startseite\",\"item\":\"https:\/\/blog.zeit.de\/freitext\/\"},{\"@type\":\"ListItem\",\"position\":2,\"name\":\"Man wird ja wohl noch mal tuten d\u00fcrfen\"}]},{\"@type\":\"WebSite\",\"@id\":\"https:\/\/blog.zeit.de\/freitext\/#website\",\"url\":\"https:\/\/blog.zeit.de\/freitext\/\",\"name\":\"Freitext\",\"description\":\"Feld f\u00fcr literarisches Denken\",\"potentialAction\":[{\"@type\":\"SearchAction\",\"target\":{\"@type\":\"EntryPoint\",\"urlTemplate\":\"https:\/\/blog.zeit.de\/freitext\/?s={search_term_string}\"},\"query-input\":\"required name=search_term_string\"}],\"inLanguage\":\"de\"},{\"@type\":\"Person\",\"@id\":\"https:\/\/blog.zeit.de\/freitext\/#\/schema\/person\/8ceab2805b639eda4fa91e3fa01be00a\",\"name\":\"Frank Schulz\",\"image\":{\"@type\":\"ImageObject\",\"inLanguage\":\"de\",\"@id\":\"https:\/\/blog.zeit.de\/freitext\/#\/schema\/person\/image\/\",\"url\":\"https:\/\/secure.gravatar.com\/avatar\/b450521525f5e57d2b68c9bd5c84ac654f51227bc891f0882a8e784984fbc0dc?s=96&d=mm&r=g\",\"contentUrl\":\"https:\/\/secure.gravatar.com\/avatar\/b450521525f5e57d2b68c9bd5c84ac654f51227bc891f0882a8e784984fbc0dc?s=96&d=mm&r=g\",\"caption\":\"Frank Schulz\"},\"description\":\"Jahrgang 1957. F\u00fcr seine Romane wurde er u. a. mit dem Hubert-Fichte-Preis (2004), dem Irmgard-Heilmann-Preis (2006) und dem Kasseler Literaturpreis f\u00fcr grotesken Humor (2015) ausgezeichnet. 2012 erschien \u201eOnno Viets und der Irre vom Kiez\u201c, 2015 \u201eOnno Viets und das Schiff der baumelnden Seelen\u201c. Im Herbst 2016 folgt \u201eOnno Viets und der wei\u00dfe Hirsch\u201c, alle im Galiani-Verlag.\",\"url\":\"https:\/\/blog.zeit.de\/freitext\/author\/fschulz\/\"}]}<\/script>\n<!-- \/ Yoast SEO plugin. -->","yoast_head_json":{"title":"Ford: Man wird ja wohl noch mal tuten d\u00fcrfen","description":"Eines Tages steht er vor der T\u00fcr, der neue Wagen: Mehr PS, aller Schnickschnack. Aber wie man ihn vermisst, den alten klapprigen Ford. Ein Abgesang","robots":{"index":"index","follow":"follow","max-snippet":"max-snippet:-1","max-image-preview":"max-image-preview:large","max-video-preview":"max-video-preview:-1"},"canonical":"https:\/\/blog.zeit.de\/freitext\/2016\/11\/15\/ford-neuwagen-abgesang-schulz\/","og_locale":"de_DE","og_type":"article","og_title":"Ford: Man wird ja wohl noch mal tuten d\u00fcrfen","og_description":"Eines Tages steht er vor der T\u00fcr, der neue Wagen: Mehr PS, aller Schnickschnack. Aber wie man ihn vermisst, den alten klapprigen Ford. Ein Abgesang","og_url":"https:\/\/blog.zeit.de\/freitext\/2016\/11\/15\/ford-neuwagen-abgesang-schulz\/","og_site_name":"Freitext","article_published_time":"2016-11-15T07:51:47+00:00","article_modified_time":"2016-11-15T10:33:51+00:00","author":"Frank Schulz","twitter_card":"summary_large_image","twitter_image":"http:\/\/blog.zeit.de\/freitext\/freitext\/wp-content\/blogs.dir\/84\/files\/2016\/11\/auto.jpg","twitter_misc":{"Geschrieben von":"Frank Schulz","Gesch\u00e4tzte Lesezeit":"5\u00a0Minuten"},"schema":{"@context":"https:\/\/schema.org","@graph":[{"@type":"WebPage","@id":"https:\/\/blog.zeit.de\/freitext\/2016\/11\/15\/ford-neuwagen-abgesang-schulz\/","url":"https:\/\/blog.zeit.de\/freitext\/2016\/11\/15\/ford-neuwagen-abgesang-schulz\/","name":"Ford: Man wird ja wohl noch mal tuten d\u00fcrfen","isPartOf":{"@id":"https:\/\/blog.zeit.de\/freitext\/#website"},"datePublished":"2016-11-15T07:51:47+00:00","dateModified":"2016-11-15T10:33:51+00:00","author":{"@id":"https:\/\/blog.zeit.de\/freitext\/#\/schema\/person\/8ceab2805b639eda4fa91e3fa01be00a"},"description":"Eines Tages steht er vor der T\u00fcr, der neue Wagen: Mehr PS, aller Schnickschnack. Aber wie man ihn vermisst, den alten klapprigen Ford. Ein Abgesang","breadcrumb":{"@id":"https:\/\/blog.zeit.de\/freitext\/2016\/11\/15\/ford-neuwagen-abgesang-schulz\/#breadcrumb"},"inLanguage":"de","potentialAction":[{"@type":"ReadAction","target":["https:\/\/blog.zeit.de\/freitext\/2016\/11\/15\/ford-neuwagen-abgesang-schulz\/"]}]},{"@type":"BreadcrumbList","@id":"https:\/\/blog.zeit.de\/freitext\/2016\/11\/15\/ford-neuwagen-abgesang-schulz\/#breadcrumb","itemListElement":[{"@type":"ListItem","position":1,"name":"Startseite","item":"https:\/\/blog.zeit.de\/freitext\/"},{"@type":"ListItem","position":2,"name":"Man wird ja wohl noch mal tuten d\u00fcrfen"}]},{"@type":"WebSite","@id":"https:\/\/blog.zeit.de\/freitext\/#website","url":"https:\/\/blog.zeit.de\/freitext\/","name":"Freitext","description":"Feld f\u00fcr literarisches Denken","potentialAction":[{"@type":"SearchAction","target":{"@type":"EntryPoint","urlTemplate":"https:\/\/blog.zeit.de\/freitext\/?s={search_term_string}"},"query-input":"required name=search_term_string"}],"inLanguage":"de"},{"@type":"Person","@id":"https:\/\/blog.zeit.de\/freitext\/#\/schema\/person\/8ceab2805b639eda4fa91e3fa01be00a","name":"Frank Schulz","image":{"@type":"ImageObject","inLanguage":"de","@id":"https:\/\/blog.zeit.de\/freitext\/#\/schema\/person\/image\/","url":"https:\/\/secure.gravatar.com\/avatar\/b450521525f5e57d2b68c9bd5c84ac654f51227bc891f0882a8e784984fbc0dc?s=96&d=mm&r=g","contentUrl":"https:\/\/secure.gravatar.com\/avatar\/b450521525f5e57d2b68c9bd5c84ac654f51227bc891f0882a8e784984fbc0dc?s=96&d=mm&r=g","caption":"Frank Schulz"},"description":"Jahrgang 1957. F\u00fcr seine Romane wurde er u. a. mit dem Hubert-Fichte-Preis (2004), dem Irmgard-Heilmann-Preis (2006) und dem Kasseler Literaturpreis f\u00fcr grotesken Humor (2015) ausgezeichnet. 2012 erschien \u201eOnno Viets und der Irre vom Kiez\u201c, 2015 \u201eOnno Viets und das Schiff der baumelnden Seelen\u201c. Im Herbst 2016 folgt \u201eOnno Viets und der wei\u00dfe Hirsch\u201c, alle im Galiani-Verlag.","url":"https:\/\/blog.zeit.de\/freitext\/author\/fschulz\/"}]}},"jetpack_featured_media_url":"https:\/\/blog.zeit.de\/freitext\/files\/2016\/11\/auto.jpg","jetpack_sharing_enabled":true,"_links":{"self":[{"href":"https:\/\/blog.zeit.de\/freitext\/wp-json\/wp\/v2\/posts\/4544","targetHints":{"allow":["GET"]}}],"collection":[{"href":"https:\/\/blog.zeit.de\/freitext\/wp-json\/wp\/v2\/posts"}],"about":[{"href":"https:\/\/blog.zeit.de\/freitext\/wp-json\/wp\/v2\/types\/post"}],"author":[{"embeddable":true,"href":"https:\/\/blog.zeit.de\/freitext\/wp-json\/wp\/v2\/users\/1052"}],"replies":[{"embeddable":true,"href":"https:\/\/blog.zeit.de\/freitext\/wp-json\/wp\/v2\/comments?post=4544"}],"version-history":[{"count":9,"href":"https:\/\/blog.zeit.de\/freitext\/wp-json\/wp\/v2\/posts\/4544\/revisions"}],"predecessor-version":[{"id":4587,"href":"https:\/\/blog.zeit.de\/freitext\/wp-json\/wp\/v2\/posts\/4544\/revisions\/4587"}],"wp:featuredmedia":[{"embeddable":true,"href":"https:\/\/blog.zeit.de\/freitext\/wp-json\/wp\/v2\/media\/4561"}],"wp:attachment":[{"href":"https:\/\/blog.zeit.de\/freitext\/wp-json\/wp\/v2\/media?parent=4544"}],"wp:term":[{"taxonomy":"category","embeddable":true,"href":"https:\/\/blog.zeit.de\/freitext\/wp-json\/wp\/v2\/categories?post=4544"},{"taxonomy":"post_tag","embeddable":true,"href":"https:\/\/blog.zeit.de\/freitext\/wp-json\/wp\/v2\/tags?post=4544"}],"curies":[{"name":"wp","href":"https:\/\/api.w.org\/{rel}","templated":true}]}}