{"id":4627,"date":"2016-11-25T11:19:05","date_gmt":"2016-11-25T10:19:05","guid":{"rendered":"http:\/\/www.zeit.de\/freitext\/?p=4627"},"modified":"2016-11-25T12:00:36","modified_gmt":"2016-11-25T11:00:36","slug":"advent-apokalypse-kekse","status":"publish","type":"post","link":"https:\/\/blog.zeit.de\/freitext\/2016\/11\/25\/advent-apokalypse-kekse\/","title":{"rendered":"Makronen! Meine Fresse!"},"content":{"rendered":"<p><strong>Das war kein sehr sch\u00f6nes Jahr. Voller Auf und Ab, nur dieses Mal halt ohne Auf. Deshalb: Backen Sie diese dringend notwendigen Adventskekse. Versuchen Sie es wenigstens.<\/strong><\/p>\n<p><figure id=\"attachment_4633\" aria-describedby=\"caption-attachment-4633\" style=\"width: 620px\" class=\"wp-caption aligncenter\"><img loading=\"lazy\" decoding=\"async\" class=\"wp-image-4633 size-medium\" src=\"http:\/\/blog.zeit.de\/freitext\/freitext\/wp-content\/blogs.dir\/84\/files\/2016\/11\/rammstedt-kekse-620x349.jpg\" alt=\"rammstedt-kekse\" width=\"620\" height=\"349\" srcset=\"https:\/\/blog.zeit.de\/freitext\/files\/2016\/11\/rammstedt-kekse-620x349.jpg 620w, https:\/\/blog.zeit.de\/freitext\/files\/2016\/11\/rammstedt-kekse-768x432.jpg 768w, https:\/\/blog.zeit.de\/freitext\/files\/2016\/11\/rammstedt-kekse-1024x576.jpg 1024w\" sizes=\"auto, (max-width: 620px) 100vw, 620px\" \/><figcaption id=\"caption-attachment-4633\" class=\"wp-caption-text\">\u00a9 Getty Images<\/figcaption><\/figure><\/p>\n<p>Wir wissen das alle: Das waren leider keine sehr sch\u00f6nen Wochen. Doch nun beginnt ja der Advent, die heilige Zeit, die Zeit der heiligen Pl\u00e4tzchen. Lassen wir also all die schlechten Nachrichten kurz hinter uns, ziehen uns unsere Sch\u00fcrzen \u00fcber, klatschen in die H\u00e4nde und fangen an zu backen. In schweren Zeiten gibt es schlie\u00dflich keine bessere Ablenkung als das Backen. Hier exklusiv die besten Rezepte gegen die 2016-Tristesse:<!--more--><\/p>\n<p><i>Lebkuchenm\u00e4nnchen<\/i><\/p>\n<p>Mehl, Butter, Honig, Zucker und Lebkuchengew\u00fcrz unter st\u00e4ndigem R\u00fchren erw\u00e4rmen, anschlie\u00dfend zu einem Teig verkneten und abk\u00fchlen lassen. Rollen Sie den Teig d\u00fcnn aus, stechen Sie kleine Figuren daraus. Im vorgeheizten Backofen etwa sieben Minuten bei 200 Grad backen und im Anschluss mit Perlen und Zuckerguss verzieren. Ihrer Fantasie sind dabei keine Grenzen gesetzt. Leider. Stellen Sie sich beim Verzieren also vor, wie schlimm alles ist und wie viel schlimmer alles noch werden wird. Sagen Sie den Lebkuchenm\u00e4nnchen, dass sie viel zu gut f\u00fcr diese schlimme Welt sind und essen Sie sie schnell auf. Reden Sie dabei beruhigend auf die M\u00e4nnchen ein.<\/p>\n<p><i>Vanillekipferln<\/i><\/p>\n<p>Vermengen Sie Mehl, Butter, Zucker, Eigelb, Mandeln und Vanillemark mit leicht angefeuchteten H\u00e4nden vorsichtig zu einem glatten Teig und lassen ihn anschlie\u00dfend kurz ruhen. Betrachten Sie den Teig ausdruckslos. Kneten Sie dann weiter. Immer weiter. Und weiter. H\u00f6ren Sie nicht damit auf. H\u00f6ren Sie niemals damit auf. Wenn Ihr Partner in die K\u00fcche kommt und fragt, ob alles in Ordnung sei, antworten Sie, dass nichts in Ordnung sei, dass \u00fcberhaupt nichts in Ordnung sei, nichts glatt, nichts weich, nichts warm, sondern alles nur m\u00fcrbe, unendlich m\u00fcrbe. Wenn Ihr Partner Sie daraufhin in den Arm nehmen will, sto\u00dfen Sie ihn weg und kneten weiter. Besprenkeln Sie sich anschlie\u00dfend mit Vanillezucker.<\/p>\n<p><i>Zimtsterne<\/i><\/p>\n<p>Vermengen Sie Mandeln, Puderzucker und Eischnee zu einem lockeren Teig. F\u00fcgen Sie einen Teel\u00f6ffel Zimt dazu, wenn Sie Zimt finden. Wenn nicht, auch egal. Ist ja alles egal. Lassen Sie den Teig anschlie\u00dfend \u00fcber Nacht im K\u00fchlschrank ruhen. Legen Sie sich dazu. Schlie\u00dfen Sie die K\u00fchlschrankt\u00fcr, damit es sch\u00f6n dunkel ist. Sch\u00f6n kalt und sch\u00f6n dunkel, wie es sich offenbar geh\u00f6rt. Schmiegen Sie sich an den Teig. Weinen Sie leise. Weinen Sie etwas lauter.<\/p>\n<p><i>Heidesand<\/i><\/p>\n<p>Lassen Sie 300 Gramm Butter in einem Topf auf kleiner Flamme schmelzen, bis sie eine leicht br\u00e4unliche Farbe annimmt. Lassen Sie die Butter dann weiter schmelzen, bis sie eine dunkelbraune Farbe annimmt. Lassen Sie die Butter schmelzen, bis sie vollkommen schwarz ist und krustige Blasen wirft, die Sie b\u00f6se anzischen. Schmelzen Sie die Butter, bis die K\u00fcche komplett voller Rauch ist. Rufen Sie um Hilfe. Sp\u00fcren Sie, wie erleichternd es ist, um Hilfe zu rufen. Warten Sie auf Hilfe. Wenn Hilfe tats\u00e4chlich kommen sollte, lassen Sie sie nie wieder los.<\/p>\n<p><i>Rum-Rosinen-Kipferl<\/i><\/p>\n<p>Waschen und trocknen Sie die Rosinen, f\u00fcllen Sie in ein verschlie\u00dfbares Gef\u00e4\u00df und geben ein Schnapsglas Rum dazu. Verschlie\u00dfen Sie das Gef\u00e4\u00df und werfen es weg. Trinken Sie die restliche Flasche Rum aus. Wenn eines Ihrer Kinder fragt, wann die Pl\u00e4tzchen fertig seien, sagen Sie: &#8222;Gleich, Schnuckiputzi.&#8220; Die Kinder sollen sich ruhig schon einmal an die Entt\u00e4uschung gew\u00f6hnen. Wiederholen Sie anschlie\u00dfend mehrmals leise das Wort &#8222;Schnuckiputzi&#8220;, bis es kaum noch zu h\u00f6ren ist.<\/p>\n<p><i>Makronen<\/i><\/p>\n<p>Backen Sie Makronen. Probieren Sie die Makronen. Sp\u00fcren Sie, wie wenig Makronen helfen. Warum sollten auch ausgerechnet Makronen helfen? Makronen? Allen Ernstes? Geben Sie sich eine Ohrfeige, weil Sie so dumm sein konnten, auf Makronen zu hoffen. Die Welt geht vor die Hunde, und Sie kommen hier an mit Makronen. Tolle Idee! Friedensnobelpreisverd\u00e4chtig! Wirklich! Gl\u00fcckwunsch! Makronen! Meine Fresse!<\/p>\n<p><i>Spekulatius<\/i><\/p>\n<p>Googeln Sie, wie man Spekulatius backt. Bleiben Sie dabei, obwohl Sie es sich vorgenommen hatten, genau das nicht zu tun, wieder auf einer Nachrichtenseite h\u00e4ngen. Gehen Sie in den n\u00e4chsten Supermarkt und kaufen sich eine T\u00fcte Spekulatius. Essen Sie die Spekulatius noch an der Kasse auf. F\u00fchlen Sie sich anschlie\u00dfend schuldig. Reden Sie sich ein, dass es doch gut ist, \u00fcberhaupt noch irgendetwas zu sp\u00fcren. Glauben Sie sich das halbwegs. Gehen Sie zur\u00fcck in den Supermarkt und kaufen noch eine Flasche Rum f\u00fcr das n\u00e4chste Blech Rum-Rosinen-Kipferl-ohne-Rosinen-und-ohne-Kipferl. Trinken Sie auch diese Rumflasche noch an der Kasse aus. Singen Sie auf dem Heimweg Weihnachtslieder. Singen Sie die Lieder inbr\u00fcnstig. Singen Sie sie so sch\u00f6n wie nie zuvor. So sch\u00f6n wie ein Engel. Wie ein schuldiger, betrunkener, heillos torkelnder Engel.<\/p>\n","protected":false},"excerpt":{"rendered":"<p>Das war kein sehr sch\u00f6nes Jahr. Voller Auf und Ab, nur dieses Mal halt ohne Auf. Deshalb: Backen Sie diese dringend notwendigen Adventskekse. Versuchen [\u2026]<\/p>\n","protected":false},"author":1021,"featured_media":0,"comment_status":"open","ping_status":"open","sticky":false,"template":"","format":"standard","meta":{"_jetpack_memberships_contains_paid_content":false,"footnotes":""},"categories":[7],"tags":[],"class_list":["post-4627","post","type-post","status-publish","format-standard","hentry","category-gesellschaft-politik"],"yoast_head":"<!-- This site is optimized with the Yoast SEO plugin v21.0 - https:\/\/yoast.com\/wordpress\/plugins\/seo\/ -->\n<title>Makronen! Meine Fresse! - Freitext<\/title>\n<meta name=\"robots\" content=\"index, follow, max-snippet:-1, max-image-preview:large, max-video-preview:-1\" \/>\n<link rel=\"canonical\" href=\"https:\/\/blog.zeit.de\/freitext\/2016\/11\/25\/advent-apokalypse-kekse\/\" \/>\n<meta property=\"og:locale\" content=\"de_DE\" \/>\n<meta property=\"og:type\" content=\"article\" \/>\n<meta property=\"og:title\" content=\"Makronen! Meine Fresse! - Freitext\" \/>\n<meta property=\"og:description\" content=\"Das war kein sehr sch\u00f6nes Jahr. Voller Auf und Ab, nur dieses Mal halt ohne Auf. Deshalb: Backen Sie diese dringend notwendigen Adventskekse. Versuchen [\u2026]\" \/>\n<meta property=\"og:url\" content=\"https:\/\/blog.zeit.de\/freitext\/2016\/11\/25\/advent-apokalypse-kekse\/\" \/>\n<meta property=\"og:site_name\" content=\"Freitext\" \/>\n<meta property=\"article:published_time\" content=\"2016-11-25T10:19:05+00:00\" \/>\n<meta property=\"article:modified_time\" content=\"2016-11-25T11:00:36+00:00\" \/>\n<meta name=\"author\" content=\"Tilman Rammstedt\" \/>\n<meta name=\"twitter:card\" content=\"summary_large_image\" \/>\n<meta name=\"twitter:image\" content=\"http:\/\/blog.zeit.de\/freitext\/freitext\/wp-content\/blogs.dir\/84\/files\/2016\/11\/rammstedt-kekse-620x349.jpg\" \/>\n<meta name=\"twitter:label1\" content=\"Geschrieben von\" \/>\n\t<meta name=\"twitter:data1\" content=\"Tilman Rammstedt\" \/>\n\t<meta name=\"twitter:label2\" content=\"Gesch\u00e4tzte Lesezeit\" \/>\n\t<meta name=\"twitter:data2\" content=\"4\u00a0Minuten\" \/>\n<script type=\"application\/ld+json\" class=\"yoast-schema-graph\">{\"@context\":\"https:\/\/schema.org\",\"@graph\":[{\"@type\":\"WebPage\",\"@id\":\"https:\/\/blog.zeit.de\/freitext\/2016\/11\/25\/advent-apokalypse-kekse\/\",\"url\":\"https:\/\/blog.zeit.de\/freitext\/2016\/11\/25\/advent-apokalypse-kekse\/\",\"name\":\"Makronen! Meine Fresse! - Freitext\",\"isPartOf\":{\"@id\":\"https:\/\/blog.zeit.de\/freitext\/#website\"},\"datePublished\":\"2016-11-25T10:19:05+00:00\",\"dateModified\":\"2016-11-25T11:00:36+00:00\",\"author\":{\"@id\":\"https:\/\/blog.zeit.de\/freitext\/#\/schema\/person\/0fad1a44c4a9ef2ddd04220b21ca7aeb\"},\"breadcrumb\":{\"@id\":\"https:\/\/blog.zeit.de\/freitext\/2016\/11\/25\/advent-apokalypse-kekse\/#breadcrumb\"},\"inLanguage\":\"de\",\"potentialAction\":[{\"@type\":\"ReadAction\",\"target\":[\"https:\/\/blog.zeit.de\/freitext\/2016\/11\/25\/advent-apokalypse-kekse\/\"]}]},{\"@type\":\"BreadcrumbList\",\"@id\":\"https:\/\/blog.zeit.de\/freitext\/2016\/11\/25\/advent-apokalypse-kekse\/#breadcrumb\",\"itemListElement\":[{\"@type\":\"ListItem\",\"position\":1,\"name\":\"Startseite\",\"item\":\"https:\/\/blog.zeit.de\/freitext\/\"},{\"@type\":\"ListItem\",\"position\":2,\"name\":\"Makronen! Meine Fresse!\"}]},{\"@type\":\"WebSite\",\"@id\":\"https:\/\/blog.zeit.de\/freitext\/#website\",\"url\":\"https:\/\/blog.zeit.de\/freitext\/\",\"name\":\"Freitext\",\"description\":\"Feld f\u00fcr literarisches Denken\",\"potentialAction\":[{\"@type\":\"SearchAction\",\"target\":{\"@type\":\"EntryPoint\",\"urlTemplate\":\"https:\/\/blog.zeit.de\/freitext\/?s={search_term_string}\"},\"query-input\":\"required name=search_term_string\"}],\"inLanguage\":\"de\"},{\"@type\":\"Person\",\"@id\":\"https:\/\/blog.zeit.de\/freitext\/#\/schema\/person\/0fad1a44c4a9ef2ddd04220b21ca7aeb\",\"name\":\"Tilman Rammstedt\",\"image\":{\"@type\":\"ImageObject\",\"inLanguage\":\"de\",\"@id\":\"https:\/\/blog.zeit.de\/freitext\/#\/schema\/person\/image\/\",\"url\":\"https:\/\/secure.gravatar.com\/avatar\/f0ccee5db3dce6a86f2dda40d3bcf3709bec7fccdd73daea1fd498fa02e3bc97?s=96&d=mm&r=g\",\"contentUrl\":\"https:\/\/secure.gravatar.com\/avatar\/f0ccee5db3dce6a86f2dda40d3bcf3709bec7fccdd73daea1fd498fa02e3bc97?s=96&d=mm&r=g\",\"caption\":\"Tilman Rammstedt\"},\"description\":\"Tilman Rammstedt, geboren 1975 in Bielefeld, studierte Literaturwissenschaft und Philosophie. F\u00fcr seine Romane und Erz\u00e4hlungen wurde er mit verschiedenen Preisen ausgezeichnet. Im Jahr 2008 erhielt er den Klagenfurter Ingeborg-Bachmann-Preis. Zuletzt ver\u00f6ffentlichte er den Roman \\\"Morgen mehr\\\" (2016) bei Hanser. Er lebt in Berlin.\",\"url\":\"https:\/\/blog.zeit.de\/freitext\/author\/tilman-rammstedt\/\"}]}<\/script>\n<!-- \/ Yoast SEO plugin. -->","yoast_head_json":{"title":"Makronen! Meine Fresse! - Freitext","robots":{"index":"index","follow":"follow","max-snippet":"max-snippet:-1","max-image-preview":"max-image-preview:large","max-video-preview":"max-video-preview:-1"},"canonical":"https:\/\/blog.zeit.de\/freitext\/2016\/11\/25\/advent-apokalypse-kekse\/","og_locale":"de_DE","og_type":"article","og_title":"Makronen! Meine Fresse! - Freitext","og_description":"Das war kein sehr sch\u00f6nes Jahr. Voller Auf und Ab, nur dieses Mal halt ohne Auf. Deshalb: Backen Sie diese dringend notwendigen Adventskekse. Versuchen [\u2026]","og_url":"https:\/\/blog.zeit.de\/freitext\/2016\/11\/25\/advent-apokalypse-kekse\/","og_site_name":"Freitext","article_published_time":"2016-11-25T10:19:05+00:00","article_modified_time":"2016-11-25T11:00:36+00:00","author":"Tilman Rammstedt","twitter_card":"summary_large_image","twitter_image":"http:\/\/blog.zeit.de\/freitext\/freitext\/wp-content\/blogs.dir\/84\/files\/2016\/11\/rammstedt-kekse-620x349.jpg","twitter_misc":{"Geschrieben von":"Tilman Rammstedt","Gesch\u00e4tzte Lesezeit":"4\u00a0Minuten"},"schema":{"@context":"https:\/\/schema.org","@graph":[{"@type":"WebPage","@id":"https:\/\/blog.zeit.de\/freitext\/2016\/11\/25\/advent-apokalypse-kekse\/","url":"https:\/\/blog.zeit.de\/freitext\/2016\/11\/25\/advent-apokalypse-kekse\/","name":"Makronen! Meine Fresse! - Freitext","isPartOf":{"@id":"https:\/\/blog.zeit.de\/freitext\/#website"},"datePublished":"2016-11-25T10:19:05+00:00","dateModified":"2016-11-25T11:00:36+00:00","author":{"@id":"https:\/\/blog.zeit.de\/freitext\/#\/schema\/person\/0fad1a44c4a9ef2ddd04220b21ca7aeb"},"breadcrumb":{"@id":"https:\/\/blog.zeit.de\/freitext\/2016\/11\/25\/advent-apokalypse-kekse\/#breadcrumb"},"inLanguage":"de","potentialAction":[{"@type":"ReadAction","target":["https:\/\/blog.zeit.de\/freitext\/2016\/11\/25\/advent-apokalypse-kekse\/"]}]},{"@type":"BreadcrumbList","@id":"https:\/\/blog.zeit.de\/freitext\/2016\/11\/25\/advent-apokalypse-kekse\/#breadcrumb","itemListElement":[{"@type":"ListItem","position":1,"name":"Startseite","item":"https:\/\/blog.zeit.de\/freitext\/"},{"@type":"ListItem","position":2,"name":"Makronen! Meine Fresse!"}]},{"@type":"WebSite","@id":"https:\/\/blog.zeit.de\/freitext\/#website","url":"https:\/\/blog.zeit.de\/freitext\/","name":"Freitext","description":"Feld f\u00fcr literarisches Denken","potentialAction":[{"@type":"SearchAction","target":{"@type":"EntryPoint","urlTemplate":"https:\/\/blog.zeit.de\/freitext\/?s={search_term_string}"},"query-input":"required name=search_term_string"}],"inLanguage":"de"},{"@type":"Person","@id":"https:\/\/blog.zeit.de\/freitext\/#\/schema\/person\/0fad1a44c4a9ef2ddd04220b21ca7aeb","name":"Tilman Rammstedt","image":{"@type":"ImageObject","inLanguage":"de","@id":"https:\/\/blog.zeit.de\/freitext\/#\/schema\/person\/image\/","url":"https:\/\/secure.gravatar.com\/avatar\/f0ccee5db3dce6a86f2dda40d3bcf3709bec7fccdd73daea1fd498fa02e3bc97?s=96&d=mm&r=g","contentUrl":"https:\/\/secure.gravatar.com\/avatar\/f0ccee5db3dce6a86f2dda40d3bcf3709bec7fccdd73daea1fd498fa02e3bc97?s=96&d=mm&r=g","caption":"Tilman Rammstedt"},"description":"Tilman Rammstedt, geboren 1975 in Bielefeld, studierte Literaturwissenschaft und Philosophie. F\u00fcr seine Romane und Erz\u00e4hlungen wurde er mit verschiedenen Preisen ausgezeichnet. Im Jahr 2008 erhielt er den Klagenfurter Ingeborg-Bachmann-Preis. Zuletzt ver\u00f6ffentlichte er den Roman \"Morgen mehr\" (2016) bei Hanser. Er lebt in Berlin.","url":"https:\/\/blog.zeit.de\/freitext\/author\/tilman-rammstedt\/"}]}},"jetpack_featured_media_url":"","jetpack_sharing_enabled":true,"_links":{"self":[{"href":"https:\/\/blog.zeit.de\/freitext\/wp-json\/wp\/v2\/posts\/4627","targetHints":{"allow":["GET"]}}],"collection":[{"href":"https:\/\/blog.zeit.de\/freitext\/wp-json\/wp\/v2\/posts"}],"about":[{"href":"https:\/\/blog.zeit.de\/freitext\/wp-json\/wp\/v2\/types\/post"}],"author":[{"embeddable":true,"href":"https:\/\/blog.zeit.de\/freitext\/wp-json\/wp\/v2\/users\/1021"}],"replies":[{"embeddable":true,"href":"https:\/\/blog.zeit.de\/freitext\/wp-json\/wp\/v2\/comments?post=4627"}],"version-history":[{"count":11,"href":"https:\/\/blog.zeit.de\/freitext\/wp-json\/wp\/v2\/posts\/4627\/revisions"}],"predecessor-version":[{"id":4639,"href":"https:\/\/blog.zeit.de\/freitext\/wp-json\/wp\/v2\/posts\/4627\/revisions\/4639"}],"wp:attachment":[{"href":"https:\/\/blog.zeit.de\/freitext\/wp-json\/wp\/v2\/media?parent=4627"}],"wp:term":[{"taxonomy":"category","embeddable":true,"href":"https:\/\/blog.zeit.de\/freitext\/wp-json\/wp\/v2\/categories?post=4627"},{"taxonomy":"post_tag","embeddable":true,"href":"https:\/\/blog.zeit.de\/freitext\/wp-json\/wp\/v2\/tags?post=4627"}],"curies":[{"name":"wp","href":"https:\/\/api.w.org\/{rel}","templated":true}]}}