{"id":5293,"date":"2017-04-13T12:31:45","date_gmt":"2017-04-13T10:31:45","guid":{"rendered":"http:\/\/www.zeit.de\/freitext\/?p=5293"},"modified":"2017-04-13T16:13:21","modified_gmt":"2017-04-13T14:13:21","slug":"bundeswehr-zugfahrt-altaras","status":"publish","type":"post","link":"https:\/\/blog.zeit.de\/freitext\/2017\/04\/13\/bundeswehr-zugfahrt-altaras\/","title":{"rendered":"Ungesch\u00fctzt im Raum Deutschland"},"content":{"rendered":"<p><strong>Soll mal einer sagen, in der Provinz w\u00fcrde man nichts erleben! Unsere Autorin trifft im Zug auf die Misere der Bundeswehr und den sp\u00e4ten Swing einer deutschen Vita.<\/strong><\/p>\n<p><figure id=\"attachment_5332\" aria-describedby=\"caption-attachment-5332\" style=\"width: 620px\" class=\"wp-caption aligncenter\"><img loading=\"lazy\" decoding=\"async\" class=\"wp-image-5332 size-medium\" src=\"http:\/\/blog.zeit.de\/freitext\/freitext\/wp-content\/blogs.dir\/84\/files\/2017\/04\/freitext-zugfahrt-620x413.jpg\" alt=\"Bundeswehr: Ungesch\u00fctzt im Raum Deutschland\" width=\"620\" height=\"413\" srcset=\"https:\/\/blog.zeit.de\/freitext\/files\/2017\/04\/freitext-zugfahrt-620x413.jpg 620w, https:\/\/blog.zeit.de\/freitext\/files\/2017\/04\/freitext-zugfahrt-768x512.jpg 768w, https:\/\/blog.zeit.de\/freitext\/files\/2017\/04\/freitext-zugfahrt-1024x682.jpg 1024w, https:\/\/blog.zeit.de\/freitext\/files\/2017\/04\/freitext-zugfahrt.jpg 2000w\" sizes=\"auto, (max-width: 620px) 100vw, 620px\" \/><figcaption id=\"caption-attachment-5332\" class=\"wp-caption-text\">Copyright: <a href=\"https:\/\/unsplash.com\/@bockman\">Darren Bockman\/Unsplash.com<\/a><\/figcaption><\/figure><\/p>\n<p>&#8222;Wenn der Osten an einem Samstag einmarschiert w\u00e4re, sie h\u00e4tten die ganze Republik erobert, alle waren ja im Wochenende.&#8220;<\/p>\n<p>Ich habe den kleinen untersetzten Mann nichts gefragt, aber er will erz\u00e4hlen, was kann ich da machen?<\/p>\n<p>Ich bin wieder auf Lesereise, also ungesch\u00fctzt im &#8222;Raum Deutschland&#8220; unterwegs, jetzt liegt die Strecke Regensburg-N\u00fcrnberg vor mir, eine Stunde wird der Herr Zeit haben, mir sein Leben zu erz\u00e4hlen, und ich bin sicher, er wird es tun.<!--more--><\/p>\n<p>Er zeigt auf seinen Instrumentenkoffer. &#8222;Oboe?&#8220;, frage ich. &#8222;Nein, Saxophon!&#8220;, sagt er pikiert, Oboe sei doch viel kleiner, sein ganzer Stolz, das Instrument, m\u00fcsse zur Reparatur, wie sch\u00f6n Musik sei, ein echtes Weltwunder, die von Count Basie sei die beste, aber eine Bigband kriege man in dem kleinen niederbayrischen Ort nicht hin, schade, schade.<\/p>\n<p>Er ist in Pension, hat sein Leben lang gedient, &#8222;und dort ist man halt mit 58 Jahren hin\u00fcber!&#8220; Afghanistan, Syrien, Libyen, auch Guantanamo habe er gesehen. Alles sei gleicherma\u00dfen schrecklich gewesen, und es bringe \u00fcberhaupt nichts, dort stationiert zu sein. &#8222;Wir konnten nichts ausrichten!&#8220;, sagt er und l\u00e4chelt verlegen.<\/p>\n<p>&#8222;Ein Selmer aus Paris<em>,<\/em> sch\u00f6ner, weicher Klang wie Stan Getz, nicht ganz leicht zu spielen.&#8220; Er hat das Saxophon ausgepackt und streichelt es behutsam.<\/p>\n<p>&#8222;Ich hatte mal eine Selmer-Trompete&#8220;, sage ich, bei Musik kann ich etwas besser mitreden als bei der Bundeswehr, &#8222;die spielt jetzt mein Sohn.&#8220;<\/p>\n<p>Kurze Stille. Nur die bayrische Landschaft, die am Zugfenster vorbeifliegt, es wird allm\u00e4hlich Fr\u00fchling.<\/p>\n<p>&#8222;Stimmt es, dass die Waffen nicht funktionieren?&#8220;, frage ich mit Blick auf das frische Gr\u00fcn der Weiden.<\/p>\n<p>&#8222;Ja, das stimmt&#8220;, antwortet der Pension\u00e4r. &#8222;Aber die Panzer tun es auch nicht, und die Marineflotte ist auch im Eimer. Billige Antriebe aus der Schweiz, was wei\u00df schon die Schweiz vom Meer? M\u00fcssen nach Kurzem ersetzt werden, die neuen passen nicht rein, das Boot wird aufgeflext, so geht das in einem fort!&#8220; Wenn man glaube, der Sch\u00f6nefelder Flughafen koste viel \u2013 die Bundeswehr habe noch ganz andere Summen versenkt.<\/p>\n<p>Der Mann schaut auf sein geliebtes Selmer, ich auf ihn, er wirkt nicht wie ein Spinner. Wenn er nicht l\u00fcgt, nicht \u00fcbertreibt, macht er da gerade interessante Aussagen. Alle Ger\u00fcchte scheinen mehr als wahr zu sein. Oh, l\u00e0 l\u00e0, Frau von der Leyen, denke ich; der Mann neben mir sagt, die k\u00f6nne er auch nicht leiden. Habe ich mal wieder zu laut gedacht?<\/p>\n<p>&#8222;Kohlhaas, kennen Sie den?&#8220;, macht er munter weiter. &#8222;Ich habe immer meine Meinung gesagt, wenn\u2019s um Ungerechtigkeit ging, auch nach oben hin, bin deshalb auch kein hohes Tier geworden, aber genug, um alles kennenzulernen. War Fallschirmspringer. Im Norden oben. Da war so ein Typ, der fiel mir immer wieder auf. Sehr \u00fcberdurchschnittlich eloquent, scharfe Urteile, das f\u00e4llt halt auf bei dem Haufen. Und bekam immer viel Post. Hab ich gemeldet. Die von der Inneren F\u00fchrung meinten, das gehe mich nichts an. Sie h\u00e4tten alles unter Kontrolle. Soll ich Ihnen mal was sagen? Sehe ich den letztens im Fernsehen bei der AfD, und ziemlich weit oben. Hab ich doch gesp\u00fcrt, der Typ ist mies! Haben die den kontrolliert oder bef\u00f6rdert, was meinen Sie?&#8220; Ich l\u00e4chele beflissen, keine Ahnung, Watergate oder so. Und da soll mir mal einer sagen, in der Provinz w\u00fcrde man nichts erleben.<\/p>\n<p>Das Selmer-Sax wird liebevoll wieder eingepackt. Ich frage h\u00f6flich, wie man auf die Idee k\u00e4me, sich auf Lebenszeit zu verpflichten. Er schaut hoch, aber doch irgendwie durch mich durch: &#8222;Klosterinternat in der Eifel, kein Missbrauch, aber Ohrfeigen und Z\u00fcchtigungen aller Art. Mich bringt nichts mehr aus dem Lot.&#8220;<\/p>\n<p>Mich schon, denke ich, vor allem diese deutsche Vita, und dass wir gerade zwei Jahre auseinander sind. Ich mag diesen \u00e4ltlichen Herren mit seinem Saxophon, bin froh, dass er den Swing gefunden hat auf seine alten Tage, nach einem Leben voller Drill und Unterordnung.<\/p>\n<p>Am Nachmittag m\u00fcsse er zur\u00fcck sein in Regensburg, er sei Lesepate, kaum deutsche Kinder, alle von irgendwoher, sehr motiviert, lernten schnell. Das sei mit das Sinnvollste, was er bisher in seinem Leben gemacht habe. &#8222;Und Sie?&#8220;, fragt er, aber da sind wir kurz vor N\u00fcrnberg, m\u00fcssen aussteigen, hastig verabschieden wir uns, und ich steige in den ICE nach Berlin.<\/p>\n<p>Ungef\u00e4hr bei F\u00fcrth kommt mir wieder Frau von der Leyen in den Sinn, und ich sehe ihre Amtszeit pl\u00f6tzlich in einem v\u00f6llig neuen Licht: Das ist alles kein Zufall, dass bei der Bundeswehr nichts funktioniert, unsere Verteidigungsministerin ist dabei abzur\u00fcsten, nur wir haben es bisher nicht verstanden! Frau von der Leyen als Friedensbewegte und Abr\u00fcsterin! Ich bin begeistert!<\/p>\n","protected":false},"excerpt":{"rendered":"<p>Soll mal einer sagen, in der Provinz w\u00fcrde man nichts erleben! Unsere Autorin trifft im Zug auf die Misere der Bundeswehr und den sp\u00e4ten [\u2026]<\/p>\n","protected":false},"author":998,"featured_media":5332,"comment_status":"open","ping_status":"open","sticky":false,"template":"","format":"standard","meta":{"_jetpack_memberships_contains_paid_content":false,"footnotes":""},"categories":[7,5],"tags":[],"class_list":["post-5293","post","type-post","status-publish","format-standard","has-post-thumbnail","hentry","category-gesellschaft-politik","category-schriftstellerleben"],"yoast_head":"<!-- This site is optimized with the Yoast SEO plugin v21.0 - https:\/\/yoast.com\/wordpress\/plugins\/seo\/ -->\n<title>Bundeswehr: Ungesch\u00fctzt im Raum Deutschland<\/title>\n<meta name=\"description\" content=\"Unsere Autorin trifft im Zug auf die Misere der Bundeswehr und den sp\u00e4ten Swing einer deutschen Vita. Von wegen in der Provinz w\u00fcrde man nichts erleben!\" \/>\n<meta name=\"robots\" content=\"index, follow, max-snippet:-1, max-image-preview:large, max-video-preview:-1\" \/>\n<link rel=\"canonical\" href=\"https:\/\/blog.zeit.de\/freitext\/2017\/04\/13\/bundeswehr-zugfahrt-altaras\/\" \/>\n<meta property=\"og:locale\" content=\"de_DE\" \/>\n<meta property=\"og:type\" content=\"article\" \/>\n<meta property=\"og:title\" content=\"Bundeswehr: Ungesch\u00fctzt im Raum Deutschland\" \/>\n<meta property=\"og:description\" content=\"Unsere Autorin trifft im Zug auf die Misere der Bundeswehr und den sp\u00e4ten Swing einer deutschen Vita. Von wegen in der Provinz w\u00fcrde man nichts erleben!\" \/>\n<meta property=\"og:url\" content=\"https:\/\/blog.zeit.de\/freitext\/2017\/04\/13\/bundeswehr-zugfahrt-altaras\/\" \/>\n<meta property=\"og:site_name\" content=\"Freitext\" \/>\n<meta property=\"article:published_time\" content=\"2017-04-13T10:31:45+00:00\" \/>\n<meta property=\"article:modified_time\" content=\"2017-04-13T14:13:21+00:00\" \/>\n<meta name=\"author\" content=\"Adriana Altaras\" \/>\n<meta name=\"twitter:card\" content=\"summary_large_image\" \/>\n<meta name=\"twitter:image\" content=\"https:\/\/blog.zeit.de\/freitext\/files\/2017\/04\/freitext-zugfahrt.jpg\" \/>\n<meta name=\"twitter:label1\" content=\"Geschrieben von\" \/>\n\t<meta name=\"twitter:data1\" content=\"Adriana Altaras\" \/>\n\t<meta name=\"twitter:label2\" content=\"Gesch\u00e4tzte Lesezeit\" \/>\n\t<meta name=\"twitter:data2\" content=\"4\u00a0Minuten\" \/>\n<script type=\"application\/ld+json\" class=\"yoast-schema-graph\">{\"@context\":\"https:\/\/schema.org\",\"@graph\":[{\"@type\":\"WebPage\",\"@id\":\"https:\/\/blog.zeit.de\/freitext\/2017\/04\/13\/bundeswehr-zugfahrt-altaras\/\",\"url\":\"https:\/\/blog.zeit.de\/freitext\/2017\/04\/13\/bundeswehr-zugfahrt-altaras\/\",\"name\":\"Bundeswehr: Ungesch\u00fctzt im Raum Deutschland\",\"isPartOf\":{\"@id\":\"https:\/\/blog.zeit.de\/freitext\/#website\"},\"datePublished\":\"2017-04-13T10:31:45+00:00\",\"dateModified\":\"2017-04-13T14:13:21+00:00\",\"author\":{\"@id\":\"https:\/\/blog.zeit.de\/freitext\/#\/schema\/person\/cf81323e1973c24a62e856c1b0b67e6b\"},\"description\":\"Unsere Autorin trifft im Zug auf die Misere der Bundeswehr und den sp\u00e4ten Swing einer deutschen Vita. Von wegen in der Provinz w\u00fcrde man nichts erleben!\",\"breadcrumb\":{\"@id\":\"https:\/\/blog.zeit.de\/freitext\/2017\/04\/13\/bundeswehr-zugfahrt-altaras\/#breadcrumb\"},\"inLanguage\":\"de\",\"potentialAction\":[{\"@type\":\"ReadAction\",\"target\":[\"https:\/\/blog.zeit.de\/freitext\/2017\/04\/13\/bundeswehr-zugfahrt-altaras\/\"]}]},{\"@type\":\"BreadcrumbList\",\"@id\":\"https:\/\/blog.zeit.de\/freitext\/2017\/04\/13\/bundeswehr-zugfahrt-altaras\/#breadcrumb\",\"itemListElement\":[{\"@type\":\"ListItem\",\"position\":1,\"name\":\"Startseite\",\"item\":\"https:\/\/blog.zeit.de\/freitext\/\"},{\"@type\":\"ListItem\",\"position\":2,\"name\":\"Ungesch\u00fctzt im Raum Deutschland\"}]},{\"@type\":\"WebSite\",\"@id\":\"https:\/\/blog.zeit.de\/freitext\/#website\",\"url\":\"https:\/\/blog.zeit.de\/freitext\/\",\"name\":\"Freitext\",\"description\":\"Feld f\u00fcr literarisches Denken\",\"potentialAction\":[{\"@type\":\"SearchAction\",\"target\":{\"@type\":\"EntryPoint\",\"urlTemplate\":\"https:\/\/blog.zeit.de\/freitext\/?s={search_term_string}\"},\"query-input\":\"required name=search_term_string\"}],\"inLanguage\":\"de\"},{\"@type\":\"Person\",\"@id\":\"https:\/\/blog.zeit.de\/freitext\/#\/schema\/person\/cf81323e1973c24a62e856c1b0b67e6b\",\"name\":\"Adriana Altaras\",\"image\":{\"@type\":\"ImageObject\",\"inLanguage\":\"de\",\"@id\":\"https:\/\/blog.zeit.de\/freitext\/#\/schema\/person\/image\/\",\"url\":\"https:\/\/secure.gravatar.com\/avatar\/df69c525861fdbb6e9daca70bb920830eaf8c5283e01d73898e7a629cf9fc1ed?s=96&d=mm&r=g\",\"contentUrl\":\"https:\/\/secure.gravatar.com\/avatar\/df69c525861fdbb6e9daca70bb920830eaf8c5283e01d73898e7a629cf9fc1ed?s=96&d=mm&r=g\",\"caption\":\"Adriana Altaras\"},\"description\":\"Schauspielerin, Regisseurin, Karate brauner Gurt. 1960 in Zagreb geboren, wuchs in Italien und Deutschland auf. Lebt in Berlin, mit Mann und zwei S\u00f6hnen, leider ohne Hund. Ihr erstes Buch \\\"Titos Brille\\\" erschien 2011, ihr zweites \\\"Doitscha\\\" im Jahr 2014. 2017 ver\u00f6ffentlichte sie \\\"Das Meer und ich waren im besten Alter. Geschichten aus meinem Alltag\\\", alle bei Kiepenheuer &amp; Witsch.\",\"url\":\"https:\/\/blog.zeit.de\/freitext\/author\/adriana-altaras\/\"}]}<\/script>\n<!-- \/ Yoast SEO plugin. -->","yoast_head_json":{"title":"Bundeswehr: Ungesch\u00fctzt im Raum Deutschland","description":"Unsere Autorin trifft im Zug auf die Misere der Bundeswehr und den sp\u00e4ten Swing einer deutschen Vita. Von wegen in der Provinz w\u00fcrde man nichts erleben!","robots":{"index":"index","follow":"follow","max-snippet":"max-snippet:-1","max-image-preview":"max-image-preview:large","max-video-preview":"max-video-preview:-1"},"canonical":"https:\/\/blog.zeit.de\/freitext\/2017\/04\/13\/bundeswehr-zugfahrt-altaras\/","og_locale":"de_DE","og_type":"article","og_title":"Bundeswehr: Ungesch\u00fctzt im Raum Deutschland","og_description":"Unsere Autorin trifft im Zug auf die Misere der Bundeswehr und den sp\u00e4ten Swing einer deutschen Vita. Von wegen in der Provinz w\u00fcrde man nichts erleben!","og_url":"https:\/\/blog.zeit.de\/freitext\/2017\/04\/13\/bundeswehr-zugfahrt-altaras\/","og_site_name":"Freitext","article_published_time":"2017-04-13T10:31:45+00:00","article_modified_time":"2017-04-13T14:13:21+00:00","author":"Adriana Altaras","twitter_card":"summary_large_image","twitter_image":"https:\/\/blog.zeit.de\/freitext\/files\/2017\/04\/freitext-zugfahrt.jpg","twitter_misc":{"Geschrieben von":"Adriana Altaras","Gesch\u00e4tzte Lesezeit":"4\u00a0Minuten"},"schema":{"@context":"https:\/\/schema.org","@graph":[{"@type":"WebPage","@id":"https:\/\/blog.zeit.de\/freitext\/2017\/04\/13\/bundeswehr-zugfahrt-altaras\/","url":"https:\/\/blog.zeit.de\/freitext\/2017\/04\/13\/bundeswehr-zugfahrt-altaras\/","name":"Bundeswehr: Ungesch\u00fctzt im Raum Deutschland","isPartOf":{"@id":"https:\/\/blog.zeit.de\/freitext\/#website"},"datePublished":"2017-04-13T10:31:45+00:00","dateModified":"2017-04-13T14:13:21+00:00","author":{"@id":"https:\/\/blog.zeit.de\/freitext\/#\/schema\/person\/cf81323e1973c24a62e856c1b0b67e6b"},"description":"Unsere Autorin trifft im Zug auf die Misere der Bundeswehr und den sp\u00e4ten Swing einer deutschen Vita. Von wegen in der Provinz w\u00fcrde man nichts erleben!","breadcrumb":{"@id":"https:\/\/blog.zeit.de\/freitext\/2017\/04\/13\/bundeswehr-zugfahrt-altaras\/#breadcrumb"},"inLanguage":"de","potentialAction":[{"@type":"ReadAction","target":["https:\/\/blog.zeit.de\/freitext\/2017\/04\/13\/bundeswehr-zugfahrt-altaras\/"]}]},{"@type":"BreadcrumbList","@id":"https:\/\/blog.zeit.de\/freitext\/2017\/04\/13\/bundeswehr-zugfahrt-altaras\/#breadcrumb","itemListElement":[{"@type":"ListItem","position":1,"name":"Startseite","item":"https:\/\/blog.zeit.de\/freitext\/"},{"@type":"ListItem","position":2,"name":"Ungesch\u00fctzt im Raum Deutschland"}]},{"@type":"WebSite","@id":"https:\/\/blog.zeit.de\/freitext\/#website","url":"https:\/\/blog.zeit.de\/freitext\/","name":"Freitext","description":"Feld f\u00fcr literarisches Denken","potentialAction":[{"@type":"SearchAction","target":{"@type":"EntryPoint","urlTemplate":"https:\/\/blog.zeit.de\/freitext\/?s={search_term_string}"},"query-input":"required name=search_term_string"}],"inLanguage":"de"},{"@type":"Person","@id":"https:\/\/blog.zeit.de\/freitext\/#\/schema\/person\/cf81323e1973c24a62e856c1b0b67e6b","name":"Adriana Altaras","image":{"@type":"ImageObject","inLanguage":"de","@id":"https:\/\/blog.zeit.de\/freitext\/#\/schema\/person\/image\/","url":"https:\/\/secure.gravatar.com\/avatar\/df69c525861fdbb6e9daca70bb920830eaf8c5283e01d73898e7a629cf9fc1ed?s=96&d=mm&r=g","contentUrl":"https:\/\/secure.gravatar.com\/avatar\/df69c525861fdbb6e9daca70bb920830eaf8c5283e01d73898e7a629cf9fc1ed?s=96&d=mm&r=g","caption":"Adriana Altaras"},"description":"Schauspielerin, Regisseurin, Karate brauner Gurt. 1960 in Zagreb geboren, wuchs in Italien und Deutschland auf. Lebt in Berlin, mit Mann und zwei S\u00f6hnen, leider ohne Hund. Ihr erstes Buch \"Titos Brille\" erschien 2011, ihr zweites \"Doitscha\" im Jahr 2014. 2017 ver\u00f6ffentlichte sie \"Das Meer und ich waren im besten Alter. Geschichten aus meinem Alltag\", alle bei Kiepenheuer &amp; Witsch.","url":"https:\/\/blog.zeit.de\/freitext\/author\/adriana-altaras\/"}]}},"jetpack_featured_media_url":"https:\/\/blog.zeit.de\/freitext\/files\/2017\/04\/freitext-zugfahrt.jpg","jetpack_sharing_enabled":true,"_links":{"self":[{"href":"https:\/\/blog.zeit.de\/freitext\/wp-json\/wp\/v2\/posts\/5293","targetHints":{"allow":["GET"]}}],"collection":[{"href":"https:\/\/blog.zeit.de\/freitext\/wp-json\/wp\/v2\/posts"}],"about":[{"href":"https:\/\/blog.zeit.de\/freitext\/wp-json\/wp\/v2\/types\/post"}],"author":[{"embeddable":true,"href":"https:\/\/blog.zeit.de\/freitext\/wp-json\/wp\/v2\/users\/998"}],"replies":[{"embeddable":true,"href":"https:\/\/blog.zeit.de\/freitext\/wp-json\/wp\/v2\/comments?post=5293"}],"version-history":[{"count":10,"href":"https:\/\/blog.zeit.de\/freitext\/wp-json\/wp\/v2\/posts\/5293\/revisions"}],"predecessor-version":[{"id":5348,"href":"https:\/\/blog.zeit.de\/freitext\/wp-json\/wp\/v2\/posts\/5293\/revisions\/5348"}],"wp:featuredmedia":[{"embeddable":true,"href":"https:\/\/blog.zeit.de\/freitext\/wp-json\/wp\/v2\/media\/5332"}],"wp:attachment":[{"href":"https:\/\/blog.zeit.de\/freitext\/wp-json\/wp\/v2\/media?parent=5293"}],"wp:term":[{"taxonomy":"category","embeddable":true,"href":"https:\/\/blog.zeit.de\/freitext\/wp-json\/wp\/v2\/categories?post=5293"},{"taxonomy":"post_tag","embeddable":true,"href":"https:\/\/blog.zeit.de\/freitext\/wp-json\/wp\/v2\/tags?post=5293"}],"curies":[{"name":"wp","href":"https:\/\/api.w.org\/{rel}","templated":true}]}}