{"id":5338,"date":"2017-04-16T08:00:01","date_gmt":"2017-04-16T06:00:01","guid":{"rendered":"http:\/\/www.zeit.de\/freitext\/?p=5338"},"modified":"2017-04-15T17:12:31","modified_gmt":"2017-04-15T15:12:31","slug":"ostern-auferstehung-schnecke","status":"publish","type":"post","link":"https:\/\/blog.zeit.de\/freitext\/2017\/04\/16\/ostern-auferstehung-schnecke\/","title":{"rendered":"Schleimspur zur Auferstehung"},"content":{"rendered":"<p><strong>Der wahre Osterhase ist die Schnecke: Sie schleppt ihr Schicksal, ihr Kreuz, ergeben auf dem R\u00fccken mit sich herum. Das ist ihre \u00f6sterliche Lehre!<br \/>\n<\/strong><\/p>\n<p><figure id=\"attachment_5342\" aria-describedby=\"caption-attachment-5342\" style=\"width: 620px\" class=\"wp-caption aligncenter\"><img loading=\"lazy\" decoding=\"async\" class=\"wp-image-5342 size-medium\" src=\"http:\/\/blog.zeit.de\/freitext\/freitext\/wp-content\/blogs.dir\/84\/files\/2017\/04\/freitext-schnecke-620x413.jpg\" alt=\"Schnecke: Schleimspur zur Auferstehung\" width=\"620\" height=\"413\" srcset=\"https:\/\/blog.zeit.de\/freitext\/files\/2017\/04\/freitext-schnecke-620x413.jpg 620w, https:\/\/blog.zeit.de\/freitext\/files\/2017\/04\/freitext-schnecke-768x512.jpg 768w, https:\/\/blog.zeit.de\/freitext\/files\/2017\/04\/freitext-schnecke-1024x682.jpg 1024w, https:\/\/blog.zeit.de\/freitext\/files\/2017\/04\/freitext-schnecke.jpg 2000w\" sizes=\"auto, (max-width: 620px) 100vw, 620px\" \/><figcaption id=\"caption-attachment-5342\" class=\"wp-caption-text\">Copyright: Alberto Pizzoli\/Getty Images<\/figcaption><\/figure><\/p>\n<p>Gelobt seist Du, Schnecke, Du K\u00f6nigin unter den Schalenweichtieren! Meine Zunge ist nur eine unvollkommene Nachbildung Deines Kriechfu\u00dfes, mein Geist ist gebrechlicher als die Kalkwand Deines Geh\u00e4uses. Dennoch will ich ein Lied auf Dich singen und erkl\u00e4ren, weshalb Du die einzig legitime Nachfolgerin Christi auf Erden bist.<\/p>\n<p>Zu den Mysterien der Ostermythologie geh\u00f6rt bekanntlich die biologisch unplausible Kombination aus Hase und Ei. Dass geschlechtsreife m\u00e4nnliche Hasen Testikel haben, sei unbestritten. Aber erstens haben diese keinerlei \u00c4hnlichkeit mit den Kalkschalen aus H\u00fchnerged\u00e4rm, die wir zu Ostern bemalen. Zweitens verstecken die Rammler ihre Kl\u00f6ten nicht im Unterholz. Und w\u00fcrden sie dies, aus welchen bizarren psychopathologischen Gr\u00fcnden auch immer, doch einmal tun, dann w\u00fcrde man, drittens, wohl kaum seine Kinder ermuntern, nach ihnen zu suchen. \u201eGuck mal, Papa, was ich gefunden habe!\u201c \u201e\u00c4h \u2026 leg die Dinger bitte schnell zur\u00fcck, Schatz. Meister Lampe kommt bestimmt gleich wieder, um sie zu holen.\u201c<!--more--><\/p>\n<p>W\u00fcrden meine Kinder aber beim Eiersuchen auf ein Gelege der Knoblauch-Glanzschnecke, der Schwarzm\u00fcndigen B\u00e4nderschnecke oder gar des majest\u00e4tischen Tigerschnegels sto\u00dfen, w\u00fcrde ich sie sofort ermuntern, vor der Eierpracht niederzuknien und sie eingehend zu betrachten. Mit der gebotenen Andacht, nat\u00fcrlich. Schlie\u00dflich steckt in jedem der wunderwei\u00dfen Eier ein Aufersteher.<\/p>\n<p>Der Tigerschnegel (dessen Musterung, nebenbei bemerkt, eher dem Fell des Leoparden gleich) ist zwar eine Nacktschnecke, bringt aber im Gegensatz zu anderen unbehausten Schneckenarten dem G\u00e4rtner nur Erbauung und Segen. Er ern\u00e4hrt sich n\u00e4mlich bevorzugt vom Gelege der Spanischen Wegschnecke &#8211; die zwar, wie wir inzwischen wissen, gar nicht in Spanien heimisch, aber unzweifelhaft eine Inkarnation des Antichristen ist. Daneben beflei\u00dfigt sich der Tigerschnegel einer Liebeskunst, gegen die sich die Stellungen des Kamasutra z\u00fcchtig und bieder ausnehmen. Bei der Paarung seilen sich beide Partner an einem knapp halbmeterlangen Schleimfaden ab und vereinigen sich dann kopf\u00fcber in der Luft schwebend wie zwei notgeile Hochseilartisten. Kein Fr\u00fchlingstag, an dem ich nicht hoffe, beim Betreten des Gartens ein Tigerschnegelp\u00e4rchen beim Liebesakt zu \u00fcberraschen (auch wenn ich bef\u00fcrchte, beim Anblick dieses Spektakels, wie einst der mythische Teiresias beim Anblick zweier kopulierender Schlangen, umgehend zu erblinden).<\/p>\n<p>Auch die Knoblauch-Glanzschnecke ist von erhabener Sch\u00f6nheit, spricht jedoch eher den Freund olfaktorischer Gen\u00fcsse an. Ber\u00fchrt man sie, str\u00f6mt die Schnecke ein angenehm lauchiges Aroma aus, und ich kann an keinem Exemplar dieser Art vorbeigehen, ohne mich durch kurzes Reiben und Schnuppern ihres Wohlgeruchs zu versichern.<\/p>\n<p>Die Herrlichste unter den landlebenden Mollusken ist aber ohne Frage die Schwarzm\u00fcndige B\u00e4nderschnecke. Ihr Weichk\u00f6rper schimmert so luzide, als w\u00e4re er sich der Fl\u00fcchtigkeit des irdischen Daseins allzeit bewusst. Das Geh\u00e4use dar\u00fcber w\u00f6lbt und windet sich in allen Farben der Naturpalette, von Zitronengelb bis Waldhonigbraun. Darauf, so fein, dass selbst der Pinsel eines fl\u00e4mischen Barockmeisters sie nicht besser malen k\u00f6nnte: bis zu f\u00fcnf schmale B\u00e4nder, die der Art ihren Namen geben. Kein Wunder, dass schon Immanuel Kant mutma\u00dfte, die \u201eso wohlgef\u00e4llige Mannigfaltigkeit und harmonische Zusammensetzung der Farben\u201c dieser Geh\u00e4use h\u00e4tten keinen praktischen Mehrwert, sondern seien \u201eg\u00e4nzlich auf \u00e4u\u00dfere Beschauung abgezweckt.\u201c<\/p>\n<p>Diese Schneckentrinit\u00e4t, meine pers\u00f6nliche <em>top three<\/em>, mag stellvertretend stehen f\u00fcr die mehr als 100.000 Arten umfassende Klasse der Bauchf\u00fc\u00dfer. Wenn ich diese drei Schnecken in meinem Garten angetroffen habe, wei\u00df ich, dass Fr\u00fchling ist. Und dass das Osterfest vor der T\u00fcr steht. Womit wir \u2013 mit angemessener Langsamkeit \u2013 beim Thema Auferstehung w\u00e4ren.<\/p>\n<p><strong>Gibt es ein passenderes Bild?<\/strong><\/p>\n<p>Die Schnecke, ich erw\u00e4hnte es bereits, ist das Resurrektions-Tier par excellence. Schlie\u00dflich ziehen sich zahlreiche Arten im Winter in ihr Geh\u00e4use zur\u00fcck, versehen dieses von Innen mit einer kalkhaltigen Grabplatte (dem sogenannten Epiphragma) und verfallen dann in einen tod\u00e4hnlichen Ruhezustand. Die Vitalfunktionen sind auf ein Minimum zur\u00fcckgefahren, das Herz schl\u00e4gt nur wenige Male pro Minute \u2026 doch dann, kaum dass die Osterglocken bimmeln, sprengen sie den Deckel wieder auf und springen ans Licht wie ehedem Christus aus dem \u00f6sterlichen Grab. Gibt es ein passenderes Bild f\u00fcr Tod und Auferstehung?<\/p>\n<p>Der Vergleich mag an den F\u00fchlern herbeigezogen wirken, ist allerdings schon sehr alt. Wegen ihrer Symbolkraft als Auferstehungstiere waren Schnecken bereits in karolingischer Zeit eine beliebte Grabbeigabe, und sie haben auch in der christlichen Kunst ihre Schleimspuren hinterlassen. In der evangelischen Stadtkirche St. Sebald in N\u00fcrnberg ruht das Grabmal des Namenspatrons auf zw\u00f6lf steinernen Schneckenskulpturen. Auf dem sogenannten Angst-Altar, ebenfalls aus N\u00fcrnberg, sehen wir neben den F\u00fc\u00dfen des auferstandenen Christus zwei Schnecken kriechen (das Geh\u00e4use der dritten ist, wie das dahinter liegende Grab, bereits leer). Und auf dem Sassenberger Altar \u2212 er befindet sich im Westf\u00e4lischen Landesmuseum in M\u00fcnster \u2212 sitzt neben dem Kopf des gegei\u00dfelten Heilands, in H\u00f6he seines Glorienscheins, eine Schwarzm\u00fcndige B\u00e4nderschnecke (wer sonst?) als Zeichen der \u00dcberwindung des Todes. In all diesen Darstellungen stehen die Schnecken in bemerkenswerter Analogie zum christlichen Erl\u00f6ser: Sie schleppen ihr Schicksal, ihr Kreuz, ihren Grabstein ergeben auf dem R\u00fccken mit sich herum. Und: Wie f\u00fcr Christus stellt der R\u00fcckzug ins Geh\u00e4use f\u00fcr sie nicht das Ende, sondern einen neuen Anfang dar.<\/p>\n<p>Im Lichte dieser Erkenntnisse ist das Osterfest vollkommen neu zu organisieren. Erstens: Das Osterei ist m.E. nur ein kl\u00e4glicher Ersatz f\u00fcr die von Sch\u00f6pferhand bemalte Geh\u00e4useschnecke; der Brauch des Eiersuchens geht vermutlich auf die Schneckenjagd zur\u00fcck. Im Zuge der R\u00fcckbesinnung auf vergessene Werte und Traditionen sollten aufgekl\u00e4rte Eltern ihre Kinder beim Osterspaziergang also lieber Schalenweichtiere suchen lassen.<\/p>\n<p>Zweitens: Darstellungen des Osterhasen in Wort, Bild und Schokolade sind strikt zu unterlassen. Ist die Darstellung eines Hasenartigen unvermeidlich, soll das Tier statt L\u00f6ffeln Schneckenf\u00fchler tragen.<\/p>\n<p>Drittens: S\u00e4mtliche Schnecken (mit Ausnahme der Spanischen Wegschnecke) sind fortan mit Respekt und Hochachtung zu behandeln, schlie\u00dflich handelt es sich um Wiederg\u00e4nger Christi. Sie sind der Auferstandene und das Grab. Sie sind der Fels, der sich selbst zur Seite w\u00e4lzt. Sie sind der Stein, der sich vom Steinsein befreit, der sich in einem Akt der Transsubstantiation aus Kalk zu Fleisch verwandelt. Und vielleicht k\u00f6nnen sie besser als jede andere Tierklasse versinnbildlichen, weshalb sich der Erl\u00f6ser, fast 2000 Jahre nach seiner Auferstehung, mit seiner Zweiten Wiederkehr so viel Zeit l\u00e4sst. Weshalb er am Ende des Neuen Testaments verk\u00fcndet: \u201eJa, ich komme bald\u201c (Apk 22,20) &#8211; und trotzdem bis heute nicht zur\u00fcck ist.<\/p>\n<p>Vielleicht ist dies die \u00f6sterliche Lehre der Schalenweichtiere: Die Heilsgeschichte vollzieht sich, wenn \u00fcberhaupt, mit der Gem\u00e4chlichkeit einer Schnecke.<\/p>\n","protected":false},"excerpt":{"rendered":"<p>Der wahre Osterhase ist die Schnecke: Sie schleppt ihr Schicksal, ihr Kreuz, ergeben auf dem R\u00fccken mit sich herum. Das ist ihre \u00f6sterliche Lehre! [\u2026]<\/p>\n","protected":false},"author":1004,"featured_media":5342,"comment_status":"open","ping_status":"open","sticky":false,"template":"","format":"standard","meta":{"_jetpack_memberships_contains_paid_content":false,"footnotes":""},"categories":[7],"tags":[],"class_list":["post-5338","post","type-post","status-publish","format-standard","has-post-thumbnail","hentry","category-gesellschaft-politik"],"yoast_head":"<!-- This site is optimized with the Yoast SEO plugin v21.0 - https:\/\/yoast.com\/wordpress\/plugins\/seo\/ -->\n<title>Schnecke: Schleimspur zur Auferstehung<\/title>\n<meta name=\"description\" content=\"Der wahre Osterhase ist die Schnecke: Sie schleppt ihr Schicksal, ihr Kreuz, ergeben auf dem R\u00fccken mit sich herum. Das ist ihre \u00f6sterliche Lehre!\" \/>\n<meta name=\"robots\" content=\"index, follow, max-snippet:-1, max-image-preview:large, max-video-preview:-1\" \/>\n<link rel=\"canonical\" href=\"https:\/\/blog.zeit.de\/freitext\/2017\/04\/16\/ostern-auferstehung-schnecke\/\" \/>\n<meta property=\"og:locale\" content=\"de_DE\" \/>\n<meta property=\"og:type\" content=\"article\" \/>\n<meta property=\"og:title\" content=\"Schnecke: Schleimspur zur Auferstehung\" \/>\n<meta property=\"og:description\" content=\"Der wahre Osterhase ist die Schnecke: Sie schleppt ihr Schicksal, ihr Kreuz, ergeben auf dem R\u00fccken mit sich herum. Das ist ihre \u00f6sterliche Lehre!\" \/>\n<meta property=\"og:url\" content=\"https:\/\/blog.zeit.de\/freitext\/2017\/04\/16\/ostern-auferstehung-schnecke\/\" \/>\n<meta property=\"og:site_name\" content=\"Freitext\" \/>\n<meta property=\"article:published_time\" content=\"2017-04-16T06:00:01+00:00\" \/>\n<meta property=\"article:modified_time\" content=\"2017-04-15T15:12:31+00:00\" \/>\n<meta name=\"author\" content=\"Florian Werner\" \/>\n<meta name=\"twitter:card\" content=\"summary_large_image\" \/>\n<meta name=\"twitter:image\" content=\"https:\/\/blog.zeit.de\/freitext\/files\/2017\/04\/freitext-schnecke.jpg\" \/>\n<meta name=\"twitter:label1\" content=\"Geschrieben von\" \/>\n\t<meta name=\"twitter:data1\" content=\"Florian Werner\" \/>\n\t<meta name=\"twitter:label2\" content=\"Gesch\u00e4tzte Lesezeit\" \/>\n\t<meta name=\"twitter:data2\" content=\"6\u00a0Minuten\" \/>\n<script type=\"application\/ld+json\" class=\"yoast-schema-graph\">{\"@context\":\"https:\/\/schema.org\",\"@graph\":[{\"@type\":\"WebPage\",\"@id\":\"https:\/\/blog.zeit.de\/freitext\/2017\/04\/16\/ostern-auferstehung-schnecke\/\",\"url\":\"https:\/\/blog.zeit.de\/freitext\/2017\/04\/16\/ostern-auferstehung-schnecke\/\",\"name\":\"Schnecke: Schleimspur zur Auferstehung\",\"isPartOf\":{\"@id\":\"https:\/\/blog.zeit.de\/freitext\/#website\"},\"datePublished\":\"2017-04-16T06:00:01+00:00\",\"dateModified\":\"2017-04-15T15:12:31+00:00\",\"author\":{\"@id\":\"https:\/\/blog.zeit.de\/freitext\/#\/schema\/person\/818b78092b7f5c7d2035ac7c7629ee70\"},\"description\":\"Der wahre Osterhase ist die Schnecke: Sie schleppt ihr Schicksal, ihr Kreuz, ergeben auf dem R\u00fccken mit sich herum. Das ist ihre \u00f6sterliche Lehre!\",\"breadcrumb\":{\"@id\":\"https:\/\/blog.zeit.de\/freitext\/2017\/04\/16\/ostern-auferstehung-schnecke\/#breadcrumb\"},\"inLanguage\":\"de\",\"potentialAction\":[{\"@type\":\"ReadAction\",\"target\":[\"https:\/\/blog.zeit.de\/freitext\/2017\/04\/16\/ostern-auferstehung-schnecke\/\"]}]},{\"@type\":\"BreadcrumbList\",\"@id\":\"https:\/\/blog.zeit.de\/freitext\/2017\/04\/16\/ostern-auferstehung-schnecke\/#breadcrumb\",\"itemListElement\":[{\"@type\":\"ListItem\",\"position\":1,\"name\":\"Startseite\",\"item\":\"https:\/\/blog.zeit.de\/freitext\/\"},{\"@type\":\"ListItem\",\"position\":2,\"name\":\"Schleimspur zur Auferstehung\"}]},{\"@type\":\"WebSite\",\"@id\":\"https:\/\/blog.zeit.de\/freitext\/#website\",\"url\":\"https:\/\/blog.zeit.de\/freitext\/\",\"name\":\"Freitext\",\"description\":\"Feld f\u00fcr literarisches Denken\",\"potentialAction\":[{\"@type\":\"SearchAction\",\"target\":{\"@type\":\"EntryPoint\",\"urlTemplate\":\"https:\/\/blog.zeit.de\/freitext\/?s={search_term_string}\"},\"query-input\":\"required name=search_term_string\"}],\"inLanguage\":\"de\"},{\"@type\":\"Person\",\"@id\":\"https:\/\/blog.zeit.de\/freitext\/#\/schema\/person\/818b78092b7f5c7d2035ac7c7629ee70\",\"name\":\"Florian Werner\",\"image\":{\"@type\":\"ImageObject\",\"inLanguage\":\"de\",\"@id\":\"https:\/\/blog.zeit.de\/freitext\/#\/schema\/person\/image\/\",\"url\":\"https:\/\/secure.gravatar.com\/avatar\/162688bcba0c93e98b9f7da9e12b9ec4ff121b199dcfb16fdf121516326b3270?s=96&d=mm&r=g\",\"contentUrl\":\"https:\/\/secure.gravatar.com\/avatar\/162688bcba0c93e98b9f7da9e12b9ec4ff121b199dcfb16fdf121516326b3270?s=96&d=mm&r=g\",\"caption\":\"Florian Werner\"},\"description\":\"Florian Werner, 1971 in Berlin geboren, schreibt erz\u00e4hlende Sachb\u00fccher und Prosa, spielt Fu\u00dfball in der Autorennationalmannschaft und arbeitet f\u00fcr den H\u00f6rfunk. Seine B\u00fccher wurden mehrfach ausgezeichnet und in mehrere Sprachen \u00fcbersetzt. Zuletzt erschien: \\\"Schnecken. Ein Portr\u00e4t\\\" bei Matthes &amp; Seitz Berlin. Florian Werner lebt mit seiner Familie in Berlin.\",\"url\":\"https:\/\/blog.zeit.de\/freitext\/author\/florian-werner\/\"}]}<\/script>\n<!-- \/ Yoast SEO plugin. -->","yoast_head_json":{"title":"Schnecke: Schleimspur zur Auferstehung","description":"Der wahre Osterhase ist die Schnecke: Sie schleppt ihr Schicksal, ihr Kreuz, ergeben auf dem R\u00fccken mit sich herum. Das ist ihre \u00f6sterliche Lehre!","robots":{"index":"index","follow":"follow","max-snippet":"max-snippet:-1","max-image-preview":"max-image-preview:large","max-video-preview":"max-video-preview:-1"},"canonical":"https:\/\/blog.zeit.de\/freitext\/2017\/04\/16\/ostern-auferstehung-schnecke\/","og_locale":"de_DE","og_type":"article","og_title":"Schnecke: Schleimspur zur Auferstehung","og_description":"Der wahre Osterhase ist die Schnecke: Sie schleppt ihr Schicksal, ihr Kreuz, ergeben auf dem R\u00fccken mit sich herum. Das ist ihre \u00f6sterliche Lehre!","og_url":"https:\/\/blog.zeit.de\/freitext\/2017\/04\/16\/ostern-auferstehung-schnecke\/","og_site_name":"Freitext","article_published_time":"2017-04-16T06:00:01+00:00","article_modified_time":"2017-04-15T15:12:31+00:00","author":"Florian Werner","twitter_card":"summary_large_image","twitter_image":"https:\/\/blog.zeit.de\/freitext\/files\/2017\/04\/freitext-schnecke.jpg","twitter_misc":{"Geschrieben von":"Florian Werner","Gesch\u00e4tzte Lesezeit":"6\u00a0Minuten"},"schema":{"@context":"https:\/\/schema.org","@graph":[{"@type":"WebPage","@id":"https:\/\/blog.zeit.de\/freitext\/2017\/04\/16\/ostern-auferstehung-schnecke\/","url":"https:\/\/blog.zeit.de\/freitext\/2017\/04\/16\/ostern-auferstehung-schnecke\/","name":"Schnecke: Schleimspur zur Auferstehung","isPartOf":{"@id":"https:\/\/blog.zeit.de\/freitext\/#website"},"datePublished":"2017-04-16T06:00:01+00:00","dateModified":"2017-04-15T15:12:31+00:00","author":{"@id":"https:\/\/blog.zeit.de\/freitext\/#\/schema\/person\/818b78092b7f5c7d2035ac7c7629ee70"},"description":"Der wahre Osterhase ist die Schnecke: Sie schleppt ihr Schicksal, ihr Kreuz, ergeben auf dem R\u00fccken mit sich herum. Das ist ihre \u00f6sterliche Lehre!","breadcrumb":{"@id":"https:\/\/blog.zeit.de\/freitext\/2017\/04\/16\/ostern-auferstehung-schnecke\/#breadcrumb"},"inLanguage":"de","potentialAction":[{"@type":"ReadAction","target":["https:\/\/blog.zeit.de\/freitext\/2017\/04\/16\/ostern-auferstehung-schnecke\/"]}]},{"@type":"BreadcrumbList","@id":"https:\/\/blog.zeit.de\/freitext\/2017\/04\/16\/ostern-auferstehung-schnecke\/#breadcrumb","itemListElement":[{"@type":"ListItem","position":1,"name":"Startseite","item":"https:\/\/blog.zeit.de\/freitext\/"},{"@type":"ListItem","position":2,"name":"Schleimspur zur Auferstehung"}]},{"@type":"WebSite","@id":"https:\/\/blog.zeit.de\/freitext\/#website","url":"https:\/\/blog.zeit.de\/freitext\/","name":"Freitext","description":"Feld f\u00fcr literarisches Denken","potentialAction":[{"@type":"SearchAction","target":{"@type":"EntryPoint","urlTemplate":"https:\/\/blog.zeit.de\/freitext\/?s={search_term_string}"},"query-input":"required name=search_term_string"}],"inLanguage":"de"},{"@type":"Person","@id":"https:\/\/blog.zeit.de\/freitext\/#\/schema\/person\/818b78092b7f5c7d2035ac7c7629ee70","name":"Florian Werner","image":{"@type":"ImageObject","inLanguage":"de","@id":"https:\/\/blog.zeit.de\/freitext\/#\/schema\/person\/image\/","url":"https:\/\/secure.gravatar.com\/avatar\/162688bcba0c93e98b9f7da9e12b9ec4ff121b199dcfb16fdf121516326b3270?s=96&d=mm&r=g","contentUrl":"https:\/\/secure.gravatar.com\/avatar\/162688bcba0c93e98b9f7da9e12b9ec4ff121b199dcfb16fdf121516326b3270?s=96&d=mm&r=g","caption":"Florian Werner"},"description":"Florian Werner, 1971 in Berlin geboren, schreibt erz\u00e4hlende Sachb\u00fccher und Prosa, spielt Fu\u00dfball in der Autorennationalmannschaft und arbeitet f\u00fcr den H\u00f6rfunk. Seine B\u00fccher wurden mehrfach ausgezeichnet und in mehrere Sprachen \u00fcbersetzt. Zuletzt erschien: \"Schnecken. Ein Portr\u00e4t\" bei Matthes &amp; Seitz Berlin. Florian Werner lebt mit seiner Familie in Berlin.","url":"https:\/\/blog.zeit.de\/freitext\/author\/florian-werner\/"}]}},"jetpack_featured_media_url":"https:\/\/blog.zeit.de\/freitext\/files\/2017\/04\/freitext-schnecke.jpg","jetpack_sharing_enabled":true,"_links":{"self":[{"href":"https:\/\/blog.zeit.de\/freitext\/wp-json\/wp\/v2\/posts\/5338","targetHints":{"allow":["GET"]}}],"collection":[{"href":"https:\/\/blog.zeit.de\/freitext\/wp-json\/wp\/v2\/posts"}],"about":[{"href":"https:\/\/blog.zeit.de\/freitext\/wp-json\/wp\/v2\/types\/post"}],"author":[{"embeddable":true,"href":"https:\/\/blog.zeit.de\/freitext\/wp-json\/wp\/v2\/users\/1004"}],"replies":[{"embeddable":true,"href":"https:\/\/blog.zeit.de\/freitext\/wp-json\/wp\/v2\/comments?post=5338"}],"version-history":[{"count":7,"href":"https:\/\/blog.zeit.de\/freitext\/wp-json\/wp\/v2\/posts\/5338\/revisions"}],"predecessor-version":[{"id":5350,"href":"https:\/\/blog.zeit.de\/freitext\/wp-json\/wp\/v2\/posts\/5338\/revisions\/5350"}],"wp:featuredmedia":[{"embeddable":true,"href":"https:\/\/blog.zeit.de\/freitext\/wp-json\/wp\/v2\/media\/5342"}],"wp:attachment":[{"href":"https:\/\/blog.zeit.de\/freitext\/wp-json\/wp\/v2\/media?parent=5338"}],"wp:term":[{"taxonomy":"category","embeddable":true,"href":"https:\/\/blog.zeit.de\/freitext\/wp-json\/wp\/v2\/categories?post=5338"},{"taxonomy":"post_tag","embeddable":true,"href":"https:\/\/blog.zeit.de\/freitext\/wp-json\/wp\/v2\/tags?post=5338"}],"curies":[{"name":"wp","href":"https:\/\/api.w.org\/{rel}","templated":true}]}}