{"id":6307,"date":"2017-10-24T12:23:52","date_gmt":"2017-10-24T10:23:52","guid":{"rendered":"http:\/\/www.zeit.de\/freitext\/?p=6307"},"modified":"2017-10-25T09:30:44","modified_gmt":"2017-10-25T07:30:44","slug":"finnland-europa-draesner","status":"publish","type":"post","link":"https:\/\/blog.zeit.de\/freitext\/2017\/10\/24\/finnland-europa-draesner\/","title":{"rendered":"Das finnische Geheimnis"},"content":{"rendered":"<p><strong>Das Beharren auf Eigenheit muss nicht zwangsl\u00e4ufig den Willen nach Abspaltung nach sich ziehen. In Finnland kann man sehen, wie Europa funktionieren k\u00f6nnte.<\/strong><\/p>\n<p><figure id=\"attachment_6313\" aria-describedby=\"caption-attachment-6313\" style=\"width: 640px\" class=\"wp-caption aligncenter\"><img loading=\"lazy\" decoding=\"async\" class=\"size-large wp-image-6313\" src=\"http:\/\/blog.zeit.de\/freitext\/freitext\/wp-content\/blogs.dir\/84\/files\/2017\/10\/freitext-finnland-1024x577.jpg\" alt=\"\" width=\"640\" height=\"361\" srcset=\"https:\/\/blog.zeit.de\/freitext\/files\/2017\/10\/freitext-finnland-1024x577.jpg 1024w, https:\/\/blog.zeit.de\/freitext\/files\/2017\/10\/freitext-finnland-620x349.jpg 620w, https:\/\/blog.zeit.de\/freitext\/files\/2017\/10\/freitext-finnland-768x432.jpg 768w\" sizes=\"auto, (max-width: 640px) 100vw, 640px\" \/><figcaption id=\"caption-attachment-6313\" class=\"wp-caption-text\">\u00a9 [M] ZEIT ONLINE &#8211; Frantisek Gela\/CTK \/ AP\/dpa<\/figcaption><\/figure><\/p>\n<p>Sisu. Das muss man mit scharfem zweitem &#8222;s&#8220; aussprechen. Betont auf der ersten Silbe: sisu. Klingt f\u00fcr deutsche Ohren zwar nach &#8222;Susi&#8220;, ist aber das finnische Geheimnis. Als solches nat\u00fcrlich un\u00fcbersetzbar. Ann\u00e4herungen sagen, es hei\u00dfe Durchhaltekraft, Z\u00e4higkeit, eine Art Mut im Ertragen \u2013 sozusagen Stapfen durch K\u00e4lte und Schnee, bei karger Kost. Darauf ist man hier stolz. Darauf gr\u00fcndet man hier, erz\u00e4hlen mir die Finnen, die mich seit drei Wochen umgeben \u2013 ich bin in Helsinki \u2013 und blicken heiter-ernst. Eine bedeutende Sache, schlie\u00dflich, so ein Nationalgef\u00fchl.<!--more--><\/p>\n<p>Und mein Gef\u00fchl? Europas Rand. Da stehe ich und schaue. Ja, es gibt R\u00e4nder im Westen, hier ist Norden. Es stimmt nicht immer, dass man eine Sache von ihren R\u00e4ndern her besser versteht, aber manchmal doch. Hier ist es ruhig, kein Finn-xit droht, keine interne Abspaltung. Einer der Z\u00fcge am Hauptbahnhof f\u00e4hrt nach Petersburg. Russen in den Stra\u00dfen, im Baustil russische Einfl\u00fcsse, Birkenw\u00e4lder, Karelien etc. Europa, wo es halb ins Nordmeer st\u00fcrzt: riesig, aber kaum besiedelt, f\u00fcnfeinhalb Millionen Menschen konzentriert auf Helsinki. Ein kleiner Flughafen \u2013 fast so klein wie Tegel.<\/p>\n<p>In Tampere wird die erste Stra\u00dfenbahn gebaut. Die U-Bahn der Hauptstadt besteht aus einer Linie, die man immer geradeaus rauf und runter fahren kann. Alles ist teuer, vieles importiert. M\u00fclltrennung ja, aber m\u00e4\u00dfig, nicht in dem Haus, in dem ich wohne. Biokost vereinzelt, Preise astronomisch. Exotische Fr\u00fcchte im Supermarkt erst seit zehn Jahren, das Angebot klein, das System denkbar kompliziert und veraltet: Alles wird einzeln vom Kunden gewogen, nicht nach Bildchen auf der Waage, sondern nach Nummern, die man sich merken muss. Am Ausgang stehen Spielautomaten, die immer besetzt sind. Man hat Zeit. In London gibt es bekanntlich eine U-Bahn, die auch ziemlich tief unter der Stadt f\u00e4hrt. In London sind die langen Rolltreppen schnell, auf einer Seite wird gestanden, auf der anderen gegangen, und immer ist die Gehseite, Mensch um Mensch, in dichter Bewegung. In Helsinki ist die U-Bahn ebenfalls tief, schlie\u00dflich liegt die Stadt am Meer \u2013 und alles steht rechts und steht \u2013 und ich bin die Einzige, die weniger Zeit zu haben scheint und l\u00e4uft.<\/p>\n<p>Wo bin ich, wenn ich in Europa bin? Seit Jahren gibt es reichlich Anlass, sich dies zu fragen, dieser Tage erneut. Auf der Rolltreppe vor mir steht ein Wikinger mit einem Kumpan. Manchmal h\u00f6re ich Englisch hier, es ist kaum zu erkennen. Welch Akzent. Als ich im Supermarkt junge Menschen frage (frisch gelerntes Englisch, denke ich), was H\u00fchnchen hei\u00dft, wissen sie es nicht. Der Wikinger vor mir folgt einem Modestil, den hier \u00f6fter sehe: T\u00fccher und Streifen. Haare unten abrasiert, die oberen Str\u00e4hnen nach hinten geb\u00fcndelt zu einem d\u00fcnnen, geraden Zopf. Ohrringe, Ringe, Jeans. Ja, man ist stolz. Dass man nicht unterging, sich gegen jahrhundertelange Fremdherrschaften die eigene Sprache bewahrte. Sisu. Mehr und mehr M\u00e4nner hei\u00dfen nun auch wieder so: Sisu.<\/p>\n<p>Europa und seine R\u00e4nder. Betonung der Eigenheit. So, wie man es hier macht, hat es etwas: langsam. Man macht weiter, in Ruhe. Man bewahrt sich die Esstraditionen. Ein Konzert: Es gibt \u00c4pfel an der Kasse, gratis, kleine schrumpelige Bauern\u00e4pfel aus einer Holzkiste. Dann Musik. In der Pause werden R\u00fcbenbrot, Butter und Kaffee aufgetischt. Kaffee gibt es \u00fcberall. Er ist d\u00fcnn, gefiltert. Das finnische Publikum spricht reichlich zu. Diskutiert. Die Sprache isoliert. Die Menschenmenge auch. Die Stadt ist \u2013 sehr wei\u00df.<\/p>\n<p>Die Stadt hat Geschichte, aber nur wenig. Das Land besteht aus Granit, \u00fcberwachsen von Moosen und Beeren. Manche so matschig, dass sie, kaum reif, zu Wasser zerfallen in der Hand. Es regnet und regnet. Die Handelsketten sind globalisiert, das Gleiche wie \u00fcberall. Dazwischen gibt es Marimekko. Und getrocknetes Roggenbrot. Wie umgehen damit, wer man ist? \u00dcberall knackt es, man kaut. Ein Wikinger legt sechs wei\u00dfe Eier um seinen Fr\u00fchst\u00fccksteller, klopft eines nach anderem auf, bei\u00dft zu. Schinken, Kartoffeln. So wei\u00dfe Eier habe ich zuletzt in meiner Kindheit gesehen.<\/p>\n<p>Ich denke an Deutschland, Deutschland, im S\u00fcden. Deutschland, diese von hier aus gesehen komplexe, schnelle Maschine. Das riesige R\u00e4derwerk. Diese Masse und Macht. Die so viel Wirklichkeit erzeugt, umsetzt, verteilt. Ich denke an Deutschland und das Jammern. Huh!<\/p>\n<p>Mehr Sisu f\u00fcr Susis, schreibe ich zur\u00fcck.<\/p>\n<p>_______________<\/p>\n<p><strong><em>Sie m\u00f6chten keinen Freitext verpassen? Es gibt einen Newsletter. <a href=\"http:\/\/bit.ly\/1xjyvzZ\" target=\"_blank\" rel=\"noopener noreferrer\">Hier k\u00f6nnen Sie ihn abonnieren.<\/a><\/em><\/strong><\/p>\n","protected":false},"excerpt":{"rendered":"<p>Das Beharren auf Eigenheit muss nicht zwangsl\u00e4ufig den Willen nach Abspaltung nach sich ziehen. In Finnland kann man sehen, wie Europa funktionieren k\u00f6nnte. Sisu. [\u2026]<\/p>\n","protected":false},"author":1005,"featured_media":6313,"comment_status":"open","ping_status":"open","sticky":false,"template":"","format":"standard","meta":{"_jetpack_memberships_contains_paid_content":false,"footnotes":""},"categories":[7,5],"tags":[],"class_list":["post-6307","post","type-post","status-publish","format-standard","has-post-thumbnail","hentry","category-gesellschaft-politik","category-schriftstellerleben"],"yoast_head":"<!-- This site is optimized with the Yoast SEO plugin v21.0 - https:\/\/yoast.com\/wordpress\/plugins\/seo\/ -->\n<title>Das finnische Geheimnis - Freitext<\/title>\n<meta name=\"robots\" content=\"index, follow, max-snippet:-1, max-image-preview:large, max-video-preview:-1\" \/>\n<link rel=\"canonical\" href=\"https:\/\/blog.zeit.de\/freitext\/2017\/10\/24\/finnland-europa-draesner\/\" \/>\n<meta property=\"og:locale\" content=\"de_DE\" \/>\n<meta property=\"og:type\" content=\"article\" \/>\n<meta property=\"og:title\" content=\"Das finnische Geheimnis - Freitext\" \/>\n<meta property=\"og:description\" content=\"Das Beharren auf Eigenheit muss nicht zwangsl\u00e4ufig den Willen nach Abspaltung nach sich ziehen. In Finnland kann man sehen, wie Europa funktionieren k\u00f6nnte. Sisu. [\u2026]\" \/>\n<meta property=\"og:url\" content=\"https:\/\/blog.zeit.de\/freitext\/2017\/10\/24\/finnland-europa-draesner\/\" \/>\n<meta property=\"og:site_name\" content=\"Freitext\" \/>\n<meta property=\"article:published_time\" content=\"2017-10-24T10:23:52+00:00\" \/>\n<meta property=\"article:modified_time\" content=\"2017-10-25T07:30:44+00:00\" \/>\n<meta name=\"author\" content=\"Ulrike Draesner\" \/>\n<meta name=\"twitter:card\" content=\"summary_large_image\" \/>\n<meta name=\"twitter:image\" content=\"http:\/\/blog.zeit.de\/freitext\/freitext\/wp-content\/blogs.dir\/84\/files\/2017\/10\/freitext-finnland.jpg\" \/>\n<meta name=\"twitter:label1\" content=\"Geschrieben von\" \/>\n\t<meta name=\"twitter:data1\" content=\"Ulrike Draesner\" \/>\n\t<meta name=\"twitter:label2\" content=\"Gesch\u00e4tzte Lesezeit\" \/>\n\t<meta name=\"twitter:data2\" content=\"4\u00a0Minuten\" \/>\n<script type=\"application\/ld+json\" class=\"yoast-schema-graph\">{\"@context\":\"https:\/\/schema.org\",\"@graph\":[{\"@type\":\"WebPage\",\"@id\":\"https:\/\/blog.zeit.de\/freitext\/2017\/10\/24\/finnland-europa-draesner\/\",\"url\":\"https:\/\/blog.zeit.de\/freitext\/2017\/10\/24\/finnland-europa-draesner\/\",\"name\":\"Das finnische Geheimnis - Freitext\",\"isPartOf\":{\"@id\":\"https:\/\/blog.zeit.de\/freitext\/#website\"},\"datePublished\":\"2017-10-24T10:23:52+00:00\",\"dateModified\":\"2017-10-25T07:30:44+00:00\",\"author\":{\"@id\":\"https:\/\/blog.zeit.de\/freitext\/#\/schema\/person\/a1dcfe32fe1ad31b550b1e7ed6adaa15\"},\"breadcrumb\":{\"@id\":\"https:\/\/blog.zeit.de\/freitext\/2017\/10\/24\/finnland-europa-draesner\/#breadcrumb\"},\"inLanguage\":\"de\",\"potentialAction\":[{\"@type\":\"ReadAction\",\"target\":[\"https:\/\/blog.zeit.de\/freitext\/2017\/10\/24\/finnland-europa-draesner\/\"]}]},{\"@type\":\"BreadcrumbList\",\"@id\":\"https:\/\/blog.zeit.de\/freitext\/2017\/10\/24\/finnland-europa-draesner\/#breadcrumb\",\"itemListElement\":[{\"@type\":\"ListItem\",\"position\":1,\"name\":\"Startseite\",\"item\":\"https:\/\/blog.zeit.de\/freitext\/\"},{\"@type\":\"ListItem\",\"position\":2,\"name\":\"Das finnische Geheimnis\"}]},{\"@type\":\"WebSite\",\"@id\":\"https:\/\/blog.zeit.de\/freitext\/#website\",\"url\":\"https:\/\/blog.zeit.de\/freitext\/\",\"name\":\"Freitext\",\"description\":\"Feld f\u00fcr literarisches Denken\",\"potentialAction\":[{\"@type\":\"SearchAction\",\"target\":{\"@type\":\"EntryPoint\",\"urlTemplate\":\"https:\/\/blog.zeit.de\/freitext\/?s={search_term_string}\"},\"query-input\":\"required name=search_term_string\"}],\"inLanguage\":\"de\"},{\"@type\":\"Person\",\"@id\":\"https:\/\/blog.zeit.de\/freitext\/#\/schema\/person\/a1dcfe32fe1ad31b550b1e7ed6adaa15\",\"name\":\"Ulrike Draesner\",\"image\":{\"@type\":\"ImageObject\",\"inLanguage\":\"de\",\"@id\":\"https:\/\/blog.zeit.de\/freitext\/#\/schema\/person\/image\/\",\"url\":\"https:\/\/secure.gravatar.com\/avatar\/3b75e0ff7af525014b7cbf468a8c55c71dcf79b768dac44ab9e9d100381aecbc?s=96&d=mm&r=g\",\"contentUrl\":\"https:\/\/secure.gravatar.com\/avatar\/3b75e0ff7af525014b7cbf468a8c55c71dcf79b768dac44ab9e9d100381aecbc?s=96&d=mm&r=g\",\"caption\":\"Ulrike Draesner\"},\"description\":\"Linksh\u00e4ndig, sch\u00fcchtern, neugierig. Kindheit unterm Tisch: beobachten! War blond, galt dennoch als intelligent. Lebt seit 1996 in Berlin, erzieht ein Kind, schreibt Romane, Erz\u00e4hlungen, Gedichte, Essays. Liebt Naturwissenschaften, f\u00fchrt Hund aus, damit sie sich bewegt. Liebt: Menschenkunde. Betreibt www.draesner.de, www.der-siebte-sprung.de\",\"url\":\"https:\/\/blog.zeit.de\/freitext\/author\/ulrike-draesner\/\"}]}<\/script>\n<!-- \/ Yoast SEO plugin. -->","yoast_head_json":{"title":"Das finnische Geheimnis - Freitext","robots":{"index":"index","follow":"follow","max-snippet":"max-snippet:-1","max-image-preview":"max-image-preview:large","max-video-preview":"max-video-preview:-1"},"canonical":"https:\/\/blog.zeit.de\/freitext\/2017\/10\/24\/finnland-europa-draesner\/","og_locale":"de_DE","og_type":"article","og_title":"Das finnische Geheimnis - Freitext","og_description":"Das Beharren auf Eigenheit muss nicht zwangsl\u00e4ufig den Willen nach Abspaltung nach sich ziehen. In Finnland kann man sehen, wie Europa funktionieren k\u00f6nnte. Sisu. [\u2026]","og_url":"https:\/\/blog.zeit.de\/freitext\/2017\/10\/24\/finnland-europa-draesner\/","og_site_name":"Freitext","article_published_time":"2017-10-24T10:23:52+00:00","article_modified_time":"2017-10-25T07:30:44+00:00","author":"Ulrike Draesner","twitter_card":"summary_large_image","twitter_image":"http:\/\/blog.zeit.de\/freitext\/freitext\/wp-content\/blogs.dir\/84\/files\/2017\/10\/freitext-finnland.jpg","twitter_misc":{"Geschrieben von":"Ulrike Draesner","Gesch\u00e4tzte Lesezeit":"4\u00a0Minuten"},"schema":{"@context":"https:\/\/schema.org","@graph":[{"@type":"WebPage","@id":"https:\/\/blog.zeit.de\/freitext\/2017\/10\/24\/finnland-europa-draesner\/","url":"https:\/\/blog.zeit.de\/freitext\/2017\/10\/24\/finnland-europa-draesner\/","name":"Das finnische Geheimnis - Freitext","isPartOf":{"@id":"https:\/\/blog.zeit.de\/freitext\/#website"},"datePublished":"2017-10-24T10:23:52+00:00","dateModified":"2017-10-25T07:30:44+00:00","author":{"@id":"https:\/\/blog.zeit.de\/freitext\/#\/schema\/person\/a1dcfe32fe1ad31b550b1e7ed6adaa15"},"breadcrumb":{"@id":"https:\/\/blog.zeit.de\/freitext\/2017\/10\/24\/finnland-europa-draesner\/#breadcrumb"},"inLanguage":"de","potentialAction":[{"@type":"ReadAction","target":["https:\/\/blog.zeit.de\/freitext\/2017\/10\/24\/finnland-europa-draesner\/"]}]},{"@type":"BreadcrumbList","@id":"https:\/\/blog.zeit.de\/freitext\/2017\/10\/24\/finnland-europa-draesner\/#breadcrumb","itemListElement":[{"@type":"ListItem","position":1,"name":"Startseite","item":"https:\/\/blog.zeit.de\/freitext\/"},{"@type":"ListItem","position":2,"name":"Das finnische Geheimnis"}]},{"@type":"WebSite","@id":"https:\/\/blog.zeit.de\/freitext\/#website","url":"https:\/\/blog.zeit.de\/freitext\/","name":"Freitext","description":"Feld f\u00fcr literarisches Denken","potentialAction":[{"@type":"SearchAction","target":{"@type":"EntryPoint","urlTemplate":"https:\/\/blog.zeit.de\/freitext\/?s={search_term_string}"},"query-input":"required name=search_term_string"}],"inLanguage":"de"},{"@type":"Person","@id":"https:\/\/blog.zeit.de\/freitext\/#\/schema\/person\/a1dcfe32fe1ad31b550b1e7ed6adaa15","name":"Ulrike Draesner","image":{"@type":"ImageObject","inLanguage":"de","@id":"https:\/\/blog.zeit.de\/freitext\/#\/schema\/person\/image\/","url":"https:\/\/secure.gravatar.com\/avatar\/3b75e0ff7af525014b7cbf468a8c55c71dcf79b768dac44ab9e9d100381aecbc?s=96&d=mm&r=g","contentUrl":"https:\/\/secure.gravatar.com\/avatar\/3b75e0ff7af525014b7cbf468a8c55c71dcf79b768dac44ab9e9d100381aecbc?s=96&d=mm&r=g","caption":"Ulrike Draesner"},"description":"Linksh\u00e4ndig, sch\u00fcchtern, neugierig. Kindheit unterm Tisch: beobachten! War blond, galt dennoch als intelligent. Lebt seit 1996 in Berlin, erzieht ein Kind, schreibt Romane, Erz\u00e4hlungen, Gedichte, Essays. Liebt Naturwissenschaften, f\u00fchrt Hund aus, damit sie sich bewegt. Liebt: Menschenkunde. Betreibt www.draesner.de, www.der-siebte-sprung.de","url":"https:\/\/blog.zeit.de\/freitext\/author\/ulrike-draesner\/"}]}},"jetpack_featured_media_url":"https:\/\/blog.zeit.de\/freitext\/files\/2017\/10\/freitext-finnland.jpg","jetpack_sharing_enabled":true,"_links":{"self":[{"href":"https:\/\/blog.zeit.de\/freitext\/wp-json\/wp\/v2\/posts\/6307","targetHints":{"allow":["GET"]}}],"collection":[{"href":"https:\/\/blog.zeit.de\/freitext\/wp-json\/wp\/v2\/posts"}],"about":[{"href":"https:\/\/blog.zeit.de\/freitext\/wp-json\/wp\/v2\/types\/post"}],"author":[{"embeddable":true,"href":"https:\/\/blog.zeit.de\/freitext\/wp-json\/wp\/v2\/users\/1005"}],"replies":[{"embeddable":true,"href":"https:\/\/blog.zeit.de\/freitext\/wp-json\/wp\/v2\/comments?post=6307"}],"version-history":[{"count":11,"href":"https:\/\/blog.zeit.de\/freitext\/wp-json\/wp\/v2\/posts\/6307\/revisions"}],"predecessor-version":[{"id":6322,"href":"https:\/\/blog.zeit.de\/freitext\/wp-json\/wp\/v2\/posts\/6307\/revisions\/6322"}],"wp:featuredmedia":[{"embeddable":true,"href":"https:\/\/blog.zeit.de\/freitext\/wp-json\/wp\/v2\/media\/6313"}],"wp:attachment":[{"href":"https:\/\/blog.zeit.de\/freitext\/wp-json\/wp\/v2\/media?parent=6307"}],"wp:term":[{"taxonomy":"category","embeddable":true,"href":"https:\/\/blog.zeit.de\/freitext\/wp-json\/wp\/v2\/categories?post=6307"},{"taxonomy":"post_tag","embeddable":true,"href":"https:\/\/blog.zeit.de\/freitext\/wp-json\/wp\/v2\/tags?post=6307"}],"curies":[{"name":"wp","href":"https:\/\/api.w.org\/{rel}","templated":true}]}}