{"id":6667,"date":"2018-01-02T10:16:15","date_gmt":"2018-01-02T09:16:15","guid":{"rendered":"http:\/\/www.zeit.de\/freitext\/?p=6667"},"modified":"2018-01-02T15:11:42","modified_gmt":"2018-01-02T14:11:42","slug":"herkunft-unwort-eigentlich-rassismus","status":"publish","type":"post","link":"https:\/\/blog.zeit.de\/freitext\/2018\/01\/02\/herkunft-unwort-eigentlich-rassismus\/","title":{"rendered":"Und woher kommst du eigentlich?"},"content":{"rendered":"<p><strong>&#8230; diese Frage meint: &#8222;Kannst ruhig Deutsche sein. Du siehst aber nicht so aus. Also bist du es nicht.&#8220; Das Wort &#8222;eigentlich&#8220; sollte das Unwort des Jahres sein.<\/strong><\/p>\n<p><figure id=\"attachment_6689\" aria-describedby=\"caption-attachment-6689\" style=\"width: 620px\" class=\"wp-caption aligncenter\"><img loading=\"lazy\" decoding=\"async\" class=\"wp-image-6689 size-medium\" src=\"http:\/\/blog.zeit.de\/freitext\/freitext\/wp-content\/blogs.dir\/84\/files\/2018\/01\/draesner-eigentlich-620x349.jpg\" alt=\"Und woher kommst du eigentlich? | Freitext\" width=\"620\" height=\"349\" srcset=\"https:\/\/blog.zeit.de\/freitext\/files\/2018\/01\/draesner-eigentlich-620x349.jpg 620w, https:\/\/blog.zeit.de\/freitext\/files\/2018\/01\/draesner-eigentlich-768x432.jpg 768w, https:\/\/blog.zeit.de\/freitext\/files\/2018\/01\/draesner-eigentlich-1024x576.jpg 1024w, https:\/\/blog.zeit.de\/freitext\/files\/2018\/01\/draesner-eigentlich.jpg 2000w\" sizes=\"auto, (max-width: 620px) 100vw, 620px\" \/><figcaption id=\"caption-attachment-6689\" class=\"wp-caption-text\">Copyright: Peyman Naderi\/Unsplash<\/figcaption><\/figure><\/p>\n<p>Eigentlich ist es unscheinbar. Keine Neupr\u00e4gung. Eigentlich ist es auch nicht nur das Unwort dieses, sondern mehrerer Jahre. Das Wort hat Tradition. Gern wird es in einer Frage eingesetzt. Sie ist die &#8222;Unfrage&#8220; des Jahres.<\/p>\n<p>Mein Unwort lautet &#8222;eigentlich&#8220;.<\/p>\n<p>Die Unfrage: &#8222;Woher kommen Sie\/kommst du eigentlich?&#8220;<!--more--><\/p>\n<p>&#8222;Woher kommen Sie?&#8220; w\u00e4re vielf\u00e4ltig. So fragt ein Schaffner beim Fahrkartenkauf; so lernt man jemanden kennen, so trifft man sich (und, woher kommst du?). Manchmal h\u00f6rt man auch ein &#8222;Woher kommst du denn?&#8220; Wird man so gefragt, hei\u00dft es, dass man aus der Zeit gefallen ist. Oder: &#8222;Woher kommst du?&#8220; bei Wein und Kerze: erz\u00e4hl von deiner Kindheit.<\/p>\n<p>Da ist die &#8222;eigentlich&#8220;-Frage von anderem Kaliber. Ja: abgefeuert, als Schuss. Eine junge Frau in Baden-Baden, mittellange, gelockte dunkle Haare, kaffeefarbene Haut. Mindestens einmal in der Woche werde sie inzwischen wieder nach &#8222;eigentlich&#8220; gefragt. Sie antwortet, indem sie den Namen der Stra\u00dfe nennt, in der sie aufwuchs.<\/p>\n<p>In der Regel f\u00fchrt dies zu einer kurzen Pause. Und einer weiteren Frage: &#8222;Und eigentlich?&#8220;<\/p>\n<p>Als ich versuchte, Freunden in England davon zu erz\u00e4hlen, gerieten wir in ein Sprachproblem. Das Wort &#8218;eigentlich&#8216; gibt es nicht, nicht so. Niemand fragte jemals &#8222;Where do you come from, really?&#8220; Das Eigentlichdenken fehlt.<\/p>\n<p>Die Eigentlichfrage entstammt einem Denken, das keines ist. Ein Reflex, eine (nahezu) fixe Idee. Woher jemand eigentlich kommt, wenn er gar nicht von dort kommt, sondern von hier, aus der X-Stra\u00dfe, ist ja schon f\u00fcr sich genommen eine starke Konstruktion. Ein philosophisches Gehirn braucht man daf\u00fcr mindestens. So die freundliche Zurechtlegung. Oder soll die Gefragte antworten: geboren und aufgewachsen in B-B, komme ich eigentlich aus der Erde? Von Gott?<\/p>\n<p>Jeder wei\u00df, was gemeint ist. Eine Blut-und-Boden-Antwort. Eine Rassegeschichte erz\u00e4hlen. Weil man eigentlich dahin geh\u00f6rt, woher die meisten Gene stammen?<\/p>\n<p>Und wenn wir nicht mehr so denken, warum fragen wir dann noch immer so?<\/p>\n<p>Ich lebe mit einem Menschen zusammen, dessen Hautfarbe sich von meiner aufs Beste unterscheidet. Als wir vor vier Jahren in M\u00fcnchen das Lenbachhaus besuchten, stolzer Ort fortschrittlicher Kunst, sprang dieser Mensch mit seinem Cousin durch die Ausstellung. Die Kinder schauten auf ihre Weise Bilder an, sie liefen rascher als ich, st\u00f6rten niemanden, unterhielten sich dabei. In ihrer Erstsprache Deutsch. Die Aufseherin auf einem Stuhl im T\u00fcrdurchgang hielt, als die beiden an ihr vorbeigingen, das M\u00e4dchen an.<\/p>\n<p>Eine Minute sp\u00e4ter stand ein weinendes Kind neben mir. Ich vermutete einen Kinderstreit. Kurz darauf ging ich zu der Aufseherin zur\u00fcck. Warum hatte sie meiner Tochter die Eigentlichfrage gestellt? Was wollte sie damit? Wollte sie wirklich etwas wissen? Oder doch eher etwas signalisieren?<\/p>\n<p>Mein Kind kommt aus Berlin. Das hatte es der Frau nicht geantwortet. Es hatte sehr genau verstanden, was gemeint war: Du bist fremd. Alle sehen es dir an. Du geh\u00f6rst hier nicht &#8222;eigentlich&#8220; dazu.<\/p>\n<p>Da kannst du ruhig Deutsche sein. Du siehst aber nicht so aus. Also bist du es nicht.<\/p>\n<p>Warum die Frau gefragt hatte, erfuhr ich nicht. Woher wusste sie, wie &#8222;Deutsche&#8220; aussahen?<\/p>\n<p>Sie trotzte mich an: ob sie nicht fragen d\u00fcrfe.<\/p>\n<p>Sie hing an der Frage. Sie beharrte. Die Frage, ich verstand, war \u2013 perfekt. Perfekt das, was man in Bayern &#8222;schei\u00dffreundlich&#8220; nennt.<\/p>\n<p>Oben grins ich dich an, unten ramm ich dir ein Messer in den Bauch. Eigentlich.<\/p>\n<p>&nbsp;<\/p>\n","protected":false},"excerpt":{"rendered":"<p>&#8230; diese Frage meint: &#8222;Kannst ruhig Deutsche sein. Du siehst aber nicht so aus. Also bist du es nicht.&#8220; Das Wort &#8222;eigentlich&#8220; sollte das [\u2026]<\/p>\n","protected":false},"author":1005,"featured_media":0,"comment_status":"open","ping_status":"open","sticky":false,"template":"","format":"standard","meta":{"_jetpack_memberships_contains_paid_content":false,"footnotes":""},"categories":[7,5],"tags":[],"class_list":["post-6667","post","type-post","status-publish","format-standard","hentry","category-gesellschaft-politik","category-schriftstellerleben"],"yoast_head":"<!-- This site is optimized with the Yoast SEO plugin v21.0 - https:\/\/yoast.com\/wordpress\/plugins\/seo\/ -->\n<title>Und woher kommst du eigentlich? | Freitext<\/title>\n<meta name=\"description\" content=\"... diese Frage meint: &quot;Kannst ruhig Deutsche sein. Du siehst aber nicht so aus. Also bist du es nicht.&quot; Das Wort &quot;eigentlich&quot; sollte das Unwort des Jahres sein.\" \/>\n<meta name=\"robots\" content=\"index, follow, max-snippet:-1, max-image-preview:large, max-video-preview:-1\" \/>\n<link rel=\"canonical\" href=\"https:\/\/blog.zeit.de\/freitext\/2018\/01\/02\/herkunft-unwort-eigentlich-rassismus\/\" \/>\n<meta property=\"og:locale\" content=\"de_DE\" \/>\n<meta property=\"og:type\" content=\"article\" \/>\n<meta property=\"og:title\" content=\"Und woher kommst du eigentlich? | Freitext\" \/>\n<meta property=\"og:description\" content=\"... diese Frage meint: &quot;Kannst ruhig Deutsche sein. Du siehst aber nicht so aus. Also bist du es nicht.&quot; Das Wort &quot;eigentlich&quot; sollte das Unwort des Jahres sein.\" \/>\n<meta property=\"og:url\" content=\"https:\/\/blog.zeit.de\/freitext\/2018\/01\/02\/herkunft-unwort-eigentlich-rassismus\/\" \/>\n<meta property=\"og:site_name\" content=\"Freitext\" \/>\n<meta property=\"article:published_time\" content=\"2018-01-02T09:16:15+00:00\" \/>\n<meta property=\"article:modified_time\" content=\"2018-01-02T14:11:42+00:00\" \/>\n<meta property=\"og:image\" content=\"http:\/\/blog.zeit.de\/freitext\/freitext\/wp-content\/blogs.dir\/84\/files\/2018\/01\/draesner-eigentlich-620x349.jpg\" \/>\n<meta name=\"author\" content=\"Ulrike Draesner\" \/>\n<meta name=\"twitter:card\" content=\"summary_large_image\" \/>\n<meta name=\"twitter:label1\" content=\"Geschrieben von\" \/>\n\t<meta name=\"twitter:data1\" content=\"Ulrike Draesner\" \/>\n\t<meta name=\"twitter:label2\" content=\"Gesch\u00e4tzte Lesezeit\" \/>\n\t<meta name=\"twitter:data2\" content=\"3\u00a0Minuten\" \/>\n<script type=\"application\/ld+json\" class=\"yoast-schema-graph\">{\"@context\":\"https:\/\/schema.org\",\"@graph\":[{\"@type\":\"WebPage\",\"@id\":\"https:\/\/blog.zeit.de\/freitext\/2018\/01\/02\/herkunft-unwort-eigentlich-rassismus\/\",\"url\":\"https:\/\/blog.zeit.de\/freitext\/2018\/01\/02\/herkunft-unwort-eigentlich-rassismus\/\",\"name\":\"Und woher kommst du eigentlich? | Freitext\",\"isPartOf\":{\"@id\":\"https:\/\/blog.zeit.de\/freitext\/#website\"},\"datePublished\":\"2018-01-02T09:16:15+00:00\",\"dateModified\":\"2018-01-02T14:11:42+00:00\",\"author\":{\"@id\":\"https:\/\/blog.zeit.de\/freitext\/#\/schema\/person\/a1dcfe32fe1ad31b550b1e7ed6adaa15\"},\"description\":\"... diese Frage meint: \\\"Kannst ruhig Deutsche sein. Du siehst aber nicht so aus. Also bist du es nicht.\\\" Das Wort \\\"eigentlich\\\" sollte das Unwort des Jahres sein.\",\"breadcrumb\":{\"@id\":\"https:\/\/blog.zeit.de\/freitext\/2018\/01\/02\/herkunft-unwort-eigentlich-rassismus\/#breadcrumb\"},\"inLanguage\":\"de\",\"potentialAction\":[{\"@type\":\"ReadAction\",\"target\":[\"https:\/\/blog.zeit.de\/freitext\/2018\/01\/02\/herkunft-unwort-eigentlich-rassismus\/\"]}]},{\"@type\":\"BreadcrumbList\",\"@id\":\"https:\/\/blog.zeit.de\/freitext\/2018\/01\/02\/herkunft-unwort-eigentlich-rassismus\/#breadcrumb\",\"itemListElement\":[{\"@type\":\"ListItem\",\"position\":1,\"name\":\"Startseite\",\"item\":\"https:\/\/blog.zeit.de\/freitext\/\"},{\"@type\":\"ListItem\",\"position\":2,\"name\":\"Und woher kommst du eigentlich?\"}]},{\"@type\":\"WebSite\",\"@id\":\"https:\/\/blog.zeit.de\/freitext\/#website\",\"url\":\"https:\/\/blog.zeit.de\/freitext\/\",\"name\":\"Freitext\",\"description\":\"Feld f\u00fcr literarisches Denken\",\"potentialAction\":[{\"@type\":\"SearchAction\",\"target\":{\"@type\":\"EntryPoint\",\"urlTemplate\":\"https:\/\/blog.zeit.de\/freitext\/?s={search_term_string}\"},\"query-input\":\"required name=search_term_string\"}],\"inLanguage\":\"de\"},{\"@type\":\"Person\",\"@id\":\"https:\/\/blog.zeit.de\/freitext\/#\/schema\/person\/a1dcfe32fe1ad31b550b1e7ed6adaa15\",\"name\":\"Ulrike Draesner\",\"image\":{\"@type\":\"ImageObject\",\"inLanguage\":\"de\",\"@id\":\"https:\/\/blog.zeit.de\/freitext\/#\/schema\/person\/image\/\",\"url\":\"https:\/\/secure.gravatar.com\/avatar\/3b75e0ff7af525014b7cbf468a8c55c71dcf79b768dac44ab9e9d100381aecbc?s=96&d=mm&r=g\",\"contentUrl\":\"https:\/\/secure.gravatar.com\/avatar\/3b75e0ff7af525014b7cbf468a8c55c71dcf79b768dac44ab9e9d100381aecbc?s=96&d=mm&r=g\",\"caption\":\"Ulrike Draesner\"},\"description\":\"Linksh\u00e4ndig, sch\u00fcchtern, neugierig. Kindheit unterm Tisch: beobachten! War blond, galt dennoch als intelligent. Lebt seit 1996 in Berlin, erzieht ein Kind, schreibt Romane, Erz\u00e4hlungen, Gedichte, Essays. Liebt Naturwissenschaften, f\u00fchrt Hund aus, damit sie sich bewegt. Liebt: Menschenkunde. Betreibt www.draesner.de, www.der-siebte-sprung.de\",\"url\":\"https:\/\/blog.zeit.de\/freitext\/author\/ulrike-draesner\/\"}]}<\/script>\n<!-- \/ Yoast SEO plugin. -->","yoast_head_json":{"title":"Und woher kommst du eigentlich? | Freitext","description":"... diese Frage meint: \"Kannst ruhig Deutsche sein. Du siehst aber nicht so aus. Also bist du es nicht.\" Das Wort \"eigentlich\" sollte das Unwort des Jahres sein.","robots":{"index":"index","follow":"follow","max-snippet":"max-snippet:-1","max-image-preview":"max-image-preview:large","max-video-preview":"max-video-preview:-1"},"canonical":"https:\/\/blog.zeit.de\/freitext\/2018\/01\/02\/herkunft-unwort-eigentlich-rassismus\/","og_locale":"de_DE","og_type":"article","og_title":"Und woher kommst du eigentlich? | Freitext","og_description":"... diese Frage meint: \"Kannst ruhig Deutsche sein. Du siehst aber nicht so aus. Also bist du es nicht.\" Das Wort \"eigentlich\" sollte das Unwort des Jahres sein.","og_url":"https:\/\/blog.zeit.de\/freitext\/2018\/01\/02\/herkunft-unwort-eigentlich-rassismus\/","og_site_name":"Freitext","article_published_time":"2018-01-02T09:16:15+00:00","article_modified_time":"2018-01-02T14:11:42+00:00","og_image":[{"url":"http:\/\/blog.zeit.de\/freitext\/freitext\/wp-content\/blogs.dir\/84\/files\/2018\/01\/draesner-eigentlich-620x349.jpg"}],"author":"Ulrike Draesner","twitter_card":"summary_large_image","twitter_misc":{"Geschrieben von":"Ulrike Draesner","Gesch\u00e4tzte Lesezeit":"3\u00a0Minuten"},"schema":{"@context":"https:\/\/schema.org","@graph":[{"@type":"WebPage","@id":"https:\/\/blog.zeit.de\/freitext\/2018\/01\/02\/herkunft-unwort-eigentlich-rassismus\/","url":"https:\/\/blog.zeit.de\/freitext\/2018\/01\/02\/herkunft-unwort-eigentlich-rassismus\/","name":"Und woher kommst du eigentlich? | Freitext","isPartOf":{"@id":"https:\/\/blog.zeit.de\/freitext\/#website"},"datePublished":"2018-01-02T09:16:15+00:00","dateModified":"2018-01-02T14:11:42+00:00","author":{"@id":"https:\/\/blog.zeit.de\/freitext\/#\/schema\/person\/a1dcfe32fe1ad31b550b1e7ed6adaa15"},"description":"... diese Frage meint: \"Kannst ruhig Deutsche sein. Du siehst aber nicht so aus. Also bist du es nicht.\" Das Wort \"eigentlich\" sollte das Unwort des Jahres sein.","breadcrumb":{"@id":"https:\/\/blog.zeit.de\/freitext\/2018\/01\/02\/herkunft-unwort-eigentlich-rassismus\/#breadcrumb"},"inLanguage":"de","potentialAction":[{"@type":"ReadAction","target":["https:\/\/blog.zeit.de\/freitext\/2018\/01\/02\/herkunft-unwort-eigentlich-rassismus\/"]}]},{"@type":"BreadcrumbList","@id":"https:\/\/blog.zeit.de\/freitext\/2018\/01\/02\/herkunft-unwort-eigentlich-rassismus\/#breadcrumb","itemListElement":[{"@type":"ListItem","position":1,"name":"Startseite","item":"https:\/\/blog.zeit.de\/freitext\/"},{"@type":"ListItem","position":2,"name":"Und woher kommst du eigentlich?"}]},{"@type":"WebSite","@id":"https:\/\/blog.zeit.de\/freitext\/#website","url":"https:\/\/blog.zeit.de\/freitext\/","name":"Freitext","description":"Feld f\u00fcr literarisches Denken","potentialAction":[{"@type":"SearchAction","target":{"@type":"EntryPoint","urlTemplate":"https:\/\/blog.zeit.de\/freitext\/?s={search_term_string}"},"query-input":"required name=search_term_string"}],"inLanguage":"de"},{"@type":"Person","@id":"https:\/\/blog.zeit.de\/freitext\/#\/schema\/person\/a1dcfe32fe1ad31b550b1e7ed6adaa15","name":"Ulrike Draesner","image":{"@type":"ImageObject","inLanguage":"de","@id":"https:\/\/blog.zeit.de\/freitext\/#\/schema\/person\/image\/","url":"https:\/\/secure.gravatar.com\/avatar\/3b75e0ff7af525014b7cbf468a8c55c71dcf79b768dac44ab9e9d100381aecbc?s=96&d=mm&r=g","contentUrl":"https:\/\/secure.gravatar.com\/avatar\/3b75e0ff7af525014b7cbf468a8c55c71dcf79b768dac44ab9e9d100381aecbc?s=96&d=mm&r=g","caption":"Ulrike Draesner"},"description":"Linksh\u00e4ndig, sch\u00fcchtern, neugierig. Kindheit unterm Tisch: beobachten! War blond, galt dennoch als intelligent. Lebt seit 1996 in Berlin, erzieht ein Kind, schreibt Romane, Erz\u00e4hlungen, Gedichte, Essays. Liebt Naturwissenschaften, f\u00fchrt Hund aus, damit sie sich bewegt. Liebt: Menschenkunde. Betreibt www.draesner.de, www.der-siebte-sprung.de","url":"https:\/\/blog.zeit.de\/freitext\/author\/ulrike-draesner\/"}]}},"jetpack_featured_media_url":"","jetpack_sharing_enabled":true,"_links":{"self":[{"href":"https:\/\/blog.zeit.de\/freitext\/wp-json\/wp\/v2\/posts\/6667","targetHints":{"allow":["GET"]}}],"collection":[{"href":"https:\/\/blog.zeit.de\/freitext\/wp-json\/wp\/v2\/posts"}],"about":[{"href":"https:\/\/blog.zeit.de\/freitext\/wp-json\/wp\/v2\/types\/post"}],"author":[{"embeddable":true,"href":"https:\/\/blog.zeit.de\/freitext\/wp-json\/wp\/v2\/users\/1005"}],"replies":[{"embeddable":true,"href":"https:\/\/blog.zeit.de\/freitext\/wp-json\/wp\/v2\/comments?post=6667"}],"version-history":[{"count":9,"href":"https:\/\/blog.zeit.de\/freitext\/wp-json\/wp\/v2\/posts\/6667\/revisions"}],"predecessor-version":[{"id":6698,"href":"https:\/\/blog.zeit.de\/freitext\/wp-json\/wp\/v2\/posts\/6667\/revisions\/6698"}],"wp:attachment":[{"href":"https:\/\/blog.zeit.de\/freitext\/wp-json\/wp\/v2\/media?parent=6667"}],"wp:term":[{"taxonomy":"category","embeddable":true,"href":"https:\/\/blog.zeit.de\/freitext\/wp-json\/wp\/v2\/categories?post=6667"},{"taxonomy":"post_tag","embeddable":true,"href":"https:\/\/blog.zeit.de\/freitext\/wp-json\/wp\/v2\/tags?post=6667"}],"curies":[{"name":"wp","href":"https:\/\/api.w.org\/{rel}","templated":true}]}}