{"id":708,"date":"2014-12-31T08:00:11","date_gmt":"2014-12-31T07:00:11","guid":{"rendered":"http:\/\/www.zeit.de\/freitext\/?p=708"},"modified":"2015-01-26T14:46:01","modified_gmt":"2015-01-26T13:46:01","slug":"tilman-rammstedt-jahresrueckblick-amazon","status":"publish","type":"post","link":"https:\/\/blog.zeit.de\/freitext\/2014\/12\/31\/tilman-rammstedt-jahresrueckblick-amazon\/","title":{"rendered":"2014 \u2013 Die hilfreichsten Kundenrezensionen"},"content":{"rendered":"<p>\u2605\u2605\u2605\u2605\u2605 Die Lieferung erfolgte prompt, wie vom gregorianischen Kalender nicht anders gewohnt. Ob es funktioniert, kann ich noch nicht sagen, hat ja gerade erst angefangen. F\u00fcnf Sterne!<\/p>\n<p>\u2605\u2605\u2605\u2606\u2606 Als gro\u00dfer Fan der Reihe freue ich mich immer schon ab Oktober aufs neue &#8222;Jahr&#8220;. Seit &#8222;1956&#8220; habe ich keines ausgelassen. &#8222;2014&#8220; hat mich allerdings eher entt\u00e4uscht. Die Geschehnisse wiederholen sich doch zunehmend: Fr\u00fchling, Sommer, Herbst, Winter. Krieg, Krise, Angst, schnell andere Angst, immer wird irgendwas hundert und immer sagt jemand was in aller Entschiedenheit und immer geht Sting auf Tour. Vielleicht verstehe ich auch einfach den Humor nicht mehr.<br \/>\nAuch beim Titel k\u00f6nnte man etwas nachlegen, seit &#8222;1999&#8220;, &#8222;2000&#8220; und &#8222;2001&#8220; sind sie irgendwie nicht mehr so knackig. Aber klar, werde ich mir auch &#8222;2015&#8220; nicht entgehen lassen. Ein Leben ohne &#8222;Jahre&#8220; k\u00f6nnte ich mir einfach nicht vorstellen.<\/p>\n<p>\u2605\u2605\u2606\u2606\u2606 2014 machte eigentlich einen wertigen Eindruck, aber schon ab Februar war die Luft raus. Seitdem liegt es mehr oder weniger nur im Weg rum. 365 Tage sind auch schlichtweg zu lang. Da w\u00e4re weniger mehr gewesen. Ich schau mich jedenfalls nach Alternativen um.<\/p>\n<p>\u2605\u2606\u2606\u2606\u2606 Ich muss vorweg sagen, dass ich kein gro\u00dfer Freund von Jahren bin, aber ich wollte es nach all dem Hype halt auch mal ausprobieren. Was soll ich sagen: Ich wurde bitter entt\u00e4uscht. Ich wei\u00df gar nicht, warum so viele bei diesem Mist mitmachen. F\u00fcr mich sind Jahre nichts als eine Ansammlung von wahllosen Tagen, und am Ende ist das gleiche drin wie in den anderen Mogelpackungen &#8222;Wochen&#8220; und &#8222;Monate&#8220;. Reine Geldmacherei! Nie wieder!<\/p>\n<p>\u2605\u2605\u2605\u2605\u2605 Ich wei\u00df nicht, was all die anderen Rezensenten hier an 2014 auszusetzen haben. Es war ein astreines Jahr: Weltmeister, fast dritter Weltkrieg, spannender Killervirus, verschwundene Flugzeuge, rappende Terroristen. Da war echt f\u00fcr jeden was dabei. Ich pers\u00f6nlich h\u00e4tte mir etwas mehr <em>Ice-Bucket-Challenges<\/em> und ein etwas weniger beschisseneres iPhone 6 gew\u00fcnscht, aber das ist Jammern auf hohem Niveau. Da muss 2015 erst einmal nachlegen. Notfalls mache ich aber einfach 2014 noch einmal.<\/p>\n<p>\u2605\u2605\u2605\u2605\u2606 Ich fand das Jahr sehr sch\u00f6n. Vor allem die Parlamentswahl in Belgien.<\/p>\n<p>\u2605\u2606\u2606\u2606\u2606 Doofer Januar, doofer Februar, doofer M\u00e4rz, doofer April, sehr doofer Mai, doofer Juni, doofer Juli, extrem doofer August, doofer September, ziemlich doofer Oktober, doofer November, doofer Dezember.<\/p>\n<p>\u2605\u2605\u2605\u2606\u2606 Eigentlich mochte ich 2014 sehr gern, wie fast alle Jahre. Klar, es kam nicht an 1992 oder 2004 ran, aber es hatte echt seine Momente und lief im Ganzen ziemlich rund. Kompliment! Was ich allerdings schwierig finde, ist dieses Abo-System, dass man ungefragt ein neues bekommt, wenn das alte abgelaufen ist. Manchmal will ich einfach eine Zeitlang mal kein Jahr. Und manchmal will ich gern zwei auf einmal, weil es unpraktisch ist, das eine immer \u00fcberall hin mitzunehmen. Auch sollte man sich verschiedene Farben aussuchen k\u00f6nnen. Unbedingt Service nachbessern!<\/p>\n<p>\u2605\u2605\u2605\u2605\u2605 Nur zwei Worte: Der Gr\u00fcnspecht ist Vogel des Jahres geworden. Geilstes Jahr ever!<\/p>\n<p>\u2605\u2605\u2605\u2605\u2605 2014 machte, was es versprach. Nicht mehr, aber auch nicht weniger. Es begann, es war da, und jetzt geht es halt wieder. Und Leute, bevor ihr meckert: Es ist kostenlos. Da kann man nicht mehr erwarten. Diese Gratismentalit\u00e4t k**** mich ehrlich gesagt ziemlich an.<\/p>\n<p>\u2605\u2605\u2606\u2606\u2606 Ich habe 2014 von meinem Mann damals zu Weihnachten bekommen. Er ist nicht mehr mein Mann. Aber das Jahr ist noch da. Ich bin etwas traurig.<\/p>\n<p>\u2605\u2605\u2606\u2606\u2606 Okay, es sind noch ein paar Stunden \u00fcbrig. Und okay, in ein paar Stunden kann viel geschehen. Vielleicht nimmt dieses Jahr noch eine \u00fcberraschende Wendung. Wie in diesen Filmen, in denen die letzten f\u00fcnf Minuten noch einmal alles auf den Kopf stellen. Vielleicht planen alle schon seit Monaten die gro\u00dfe \u00dcberraschung, sie verkneifen sich angestrengt das Kichern, sie tuscheln, sie tauschen sich in Facebook-Gruppen \u00fcber den genauen Ablauf der \u00dcberraschung aus, vielleicht geht es l\u00e4ngst nur noch um Details, um Tortenbeschriftungen, um letzte Feinheiten auf der Playlist. Aber seien wir ehrlich: das ist nicht besonders wahrscheinlich. Dennoch werde ich bis Silvester kurz vor Mitternacht noch darauf hoffen, und dann ist es sehr laut und sehr vorbei, und ich werde sagen, dass 2015 bestimmt besser wird, was ich auch schon zu 2014 gesagt habe und zu 2013 und 2012, 2011 und zu einer Menge Jahre davor.<br \/>\nUnd ja, ich wei\u00df, das Jahr kann nichts daf\u00fcr, dass es nicht gut war. Meine G\u00fcte, es ist ein Jahr. Ich bin ja nicht bl\u00f6d. Es ist absolut l\u00e4cherlich, einem Jahr an irgendetwas die Schuld zu geben, aber es ist auch absolut verlockend, einem Jahr an allem die Schuld zu geben, weil man ja irgendjemandem die Schuld geben muss, und am besten jemandem, der nicht widersprechen kann. Und deshalb zwei Sterne: weil 2014 nie widersprochen hat, als ich es beschimpfte, als ich es verfluchte, als ich versuchte, es mit Dingen zu bewerfen, als ich es verleugnete, als ich ihm Spitznamen gab: &#8222;Drecksjahr&#8220;, &#8222;Zweitausendfurzzehn&#8220;, &#8222;Susi&#8220;. Es blieb stoisch. Daf\u00fcr meinen Respekt. Andererseits: Stoisch sein ist leicht. Ich kann auch stoisch sein. Ich will es nur nicht. Dies ist meine erste Rezension. Ich bin nicht sehr stolz darauf. Einen guten Rutsch!<\/p>\n<p>\u2605\u2605\u2605\u2606\u2606 Ich habe mir 2014 im April gebraucht geholt. Jetzt schreibt mir immer jemand namens Holger und anscheinend habe ich Meerschweinchen. K\u00f6nnte schlimmer sein. Ist wahrscheinlich auch schlimmer.<br \/>\nUPDATE: Ja, ist schlimmer. Egal.<\/p>\n","protected":false},"excerpt":{"rendered":"<p>\u2605\u2605\u2605\u2605\u2605 Die Lieferung erfolgte prompt, wie vom gregorianischen Kalender nicht anders gewohnt. Ob es funktioniert, kann ich noch nicht sagen, hat ja gerade erst [\u2026]<\/p>\n","protected":false},"author":1021,"featured_media":0,"comment_status":"open","ping_status":"open","sticky":false,"template":"","format":"standard","meta":{"_jetpack_memberships_contains_paid_content":false,"footnotes":""},"categories":[7],"tags":[],"class_list":["post-708","post","type-post","status-publish","format-standard","hentry","category-gesellschaft-politik"],"yoast_head":"<!-- This site is optimized with the Yoast SEO plugin v21.0 - https:\/\/yoast.com\/wordpress\/plugins\/seo\/ -->\n<title>2014 \u2013 Die hilfreichsten Kundenrezensionen - Freitext<\/title>\n<meta name=\"robots\" content=\"index, follow, max-snippet:-1, max-image-preview:large, max-video-preview:-1\" \/>\n<link rel=\"canonical\" href=\"https:\/\/blog.zeit.de\/freitext\/2014\/12\/31\/tilman-rammstedt-jahresrueckblick-amazon\/\" \/>\n<meta property=\"og:locale\" content=\"de_DE\" \/>\n<meta property=\"og:type\" content=\"article\" \/>\n<meta property=\"og:title\" content=\"2014 \u2013 Die hilfreichsten Kundenrezensionen - Freitext\" \/>\n<meta property=\"og:description\" content=\"\u2605\u2605\u2605\u2605\u2605 Die Lieferung erfolgte prompt, wie vom gregorianischen Kalender nicht anders gewohnt. Ob es funktioniert, kann ich noch nicht sagen, hat ja gerade erst [\u2026]\" \/>\n<meta property=\"og:url\" content=\"https:\/\/blog.zeit.de\/freitext\/2014\/12\/31\/tilman-rammstedt-jahresrueckblick-amazon\/\" \/>\n<meta property=\"og:site_name\" content=\"Freitext\" \/>\n<meta property=\"article:published_time\" content=\"2014-12-31T07:00:11+00:00\" \/>\n<meta property=\"article:modified_time\" content=\"2015-01-26T13:46:01+00:00\" \/>\n<meta name=\"author\" content=\"Tilman Rammstedt\" \/>\n<meta name=\"twitter:card\" content=\"summary_large_image\" \/>\n<meta name=\"twitter:label1\" content=\"Geschrieben von\" \/>\n\t<meta name=\"twitter:data1\" content=\"Tilman Rammstedt\" \/>\n\t<meta name=\"twitter:label2\" content=\"Gesch\u00e4tzte Lesezeit\" \/>\n\t<meta name=\"twitter:data2\" content=\"4\u00a0Minuten\" \/>\n<script type=\"application\/ld+json\" class=\"yoast-schema-graph\">{\"@context\":\"https:\/\/schema.org\",\"@graph\":[{\"@type\":\"WebPage\",\"@id\":\"https:\/\/blog.zeit.de\/freitext\/2014\/12\/31\/tilman-rammstedt-jahresrueckblick-amazon\/\",\"url\":\"https:\/\/blog.zeit.de\/freitext\/2014\/12\/31\/tilman-rammstedt-jahresrueckblick-amazon\/\",\"name\":\"2014 \u2013 Die hilfreichsten Kundenrezensionen - Freitext\",\"isPartOf\":{\"@id\":\"https:\/\/blog.zeit.de\/freitext\/#website\"},\"datePublished\":\"2014-12-31T07:00:11+00:00\",\"dateModified\":\"2015-01-26T13:46:01+00:00\",\"author\":{\"@id\":\"https:\/\/blog.zeit.de\/freitext\/#\/schema\/person\/0fad1a44c4a9ef2ddd04220b21ca7aeb\"},\"breadcrumb\":{\"@id\":\"https:\/\/blog.zeit.de\/freitext\/2014\/12\/31\/tilman-rammstedt-jahresrueckblick-amazon\/#breadcrumb\"},\"inLanguage\":\"de\",\"potentialAction\":[{\"@type\":\"ReadAction\",\"target\":[\"https:\/\/blog.zeit.de\/freitext\/2014\/12\/31\/tilman-rammstedt-jahresrueckblick-amazon\/\"]}]},{\"@type\":\"BreadcrumbList\",\"@id\":\"https:\/\/blog.zeit.de\/freitext\/2014\/12\/31\/tilman-rammstedt-jahresrueckblick-amazon\/#breadcrumb\",\"itemListElement\":[{\"@type\":\"ListItem\",\"position\":1,\"name\":\"Startseite\",\"item\":\"https:\/\/blog.zeit.de\/freitext\/\"},{\"@type\":\"ListItem\",\"position\":2,\"name\":\"2014 \u2013 Die hilfreichsten Kundenrezensionen\"}]},{\"@type\":\"WebSite\",\"@id\":\"https:\/\/blog.zeit.de\/freitext\/#website\",\"url\":\"https:\/\/blog.zeit.de\/freitext\/\",\"name\":\"Freitext\",\"description\":\"Feld f\u00fcr literarisches Denken\",\"potentialAction\":[{\"@type\":\"SearchAction\",\"target\":{\"@type\":\"EntryPoint\",\"urlTemplate\":\"https:\/\/blog.zeit.de\/freitext\/?s={search_term_string}\"},\"query-input\":\"required name=search_term_string\"}],\"inLanguage\":\"de\"},{\"@type\":\"Person\",\"@id\":\"https:\/\/blog.zeit.de\/freitext\/#\/schema\/person\/0fad1a44c4a9ef2ddd04220b21ca7aeb\",\"name\":\"Tilman Rammstedt\",\"image\":{\"@type\":\"ImageObject\",\"inLanguage\":\"de\",\"@id\":\"https:\/\/blog.zeit.de\/freitext\/#\/schema\/person\/image\/\",\"url\":\"https:\/\/secure.gravatar.com\/avatar\/f0ccee5db3dce6a86f2dda40d3bcf3709bec7fccdd73daea1fd498fa02e3bc97?s=96&d=mm&r=g\",\"contentUrl\":\"https:\/\/secure.gravatar.com\/avatar\/f0ccee5db3dce6a86f2dda40d3bcf3709bec7fccdd73daea1fd498fa02e3bc97?s=96&d=mm&r=g\",\"caption\":\"Tilman Rammstedt\"},\"description\":\"Tilman Rammstedt, geboren 1975 in Bielefeld, studierte Literaturwissenschaft und Philosophie. F\u00fcr seine Romane und Erz\u00e4hlungen wurde er mit verschiedenen Preisen ausgezeichnet. Im Jahr 2008 erhielt er den Klagenfurter Ingeborg-Bachmann-Preis. Zuletzt ver\u00f6ffentlichte er den Roman \\\"Morgen mehr\\\" (2016) bei Hanser. Er lebt in Berlin.\",\"url\":\"https:\/\/blog.zeit.de\/freitext\/author\/tilman-rammstedt\/\"}]}<\/script>\n<!-- \/ Yoast SEO plugin. -->","yoast_head_json":{"title":"2014 \u2013 Die hilfreichsten Kundenrezensionen - Freitext","robots":{"index":"index","follow":"follow","max-snippet":"max-snippet:-1","max-image-preview":"max-image-preview:large","max-video-preview":"max-video-preview:-1"},"canonical":"https:\/\/blog.zeit.de\/freitext\/2014\/12\/31\/tilman-rammstedt-jahresrueckblick-amazon\/","og_locale":"de_DE","og_type":"article","og_title":"2014 \u2013 Die hilfreichsten Kundenrezensionen - Freitext","og_description":"\u2605\u2605\u2605\u2605\u2605 Die Lieferung erfolgte prompt, wie vom gregorianischen Kalender nicht anders gewohnt. Ob es funktioniert, kann ich noch nicht sagen, hat ja gerade erst [\u2026]","og_url":"https:\/\/blog.zeit.de\/freitext\/2014\/12\/31\/tilman-rammstedt-jahresrueckblick-amazon\/","og_site_name":"Freitext","article_published_time":"2014-12-31T07:00:11+00:00","article_modified_time":"2015-01-26T13:46:01+00:00","author":"Tilman Rammstedt","twitter_card":"summary_large_image","twitter_misc":{"Geschrieben von":"Tilman Rammstedt","Gesch\u00e4tzte Lesezeit":"4\u00a0Minuten"},"schema":{"@context":"https:\/\/schema.org","@graph":[{"@type":"WebPage","@id":"https:\/\/blog.zeit.de\/freitext\/2014\/12\/31\/tilman-rammstedt-jahresrueckblick-amazon\/","url":"https:\/\/blog.zeit.de\/freitext\/2014\/12\/31\/tilman-rammstedt-jahresrueckblick-amazon\/","name":"2014 \u2013 Die hilfreichsten Kundenrezensionen - Freitext","isPartOf":{"@id":"https:\/\/blog.zeit.de\/freitext\/#website"},"datePublished":"2014-12-31T07:00:11+00:00","dateModified":"2015-01-26T13:46:01+00:00","author":{"@id":"https:\/\/blog.zeit.de\/freitext\/#\/schema\/person\/0fad1a44c4a9ef2ddd04220b21ca7aeb"},"breadcrumb":{"@id":"https:\/\/blog.zeit.de\/freitext\/2014\/12\/31\/tilman-rammstedt-jahresrueckblick-amazon\/#breadcrumb"},"inLanguage":"de","potentialAction":[{"@type":"ReadAction","target":["https:\/\/blog.zeit.de\/freitext\/2014\/12\/31\/tilman-rammstedt-jahresrueckblick-amazon\/"]}]},{"@type":"BreadcrumbList","@id":"https:\/\/blog.zeit.de\/freitext\/2014\/12\/31\/tilman-rammstedt-jahresrueckblick-amazon\/#breadcrumb","itemListElement":[{"@type":"ListItem","position":1,"name":"Startseite","item":"https:\/\/blog.zeit.de\/freitext\/"},{"@type":"ListItem","position":2,"name":"2014 \u2013 Die hilfreichsten Kundenrezensionen"}]},{"@type":"WebSite","@id":"https:\/\/blog.zeit.de\/freitext\/#website","url":"https:\/\/blog.zeit.de\/freitext\/","name":"Freitext","description":"Feld f\u00fcr literarisches Denken","potentialAction":[{"@type":"SearchAction","target":{"@type":"EntryPoint","urlTemplate":"https:\/\/blog.zeit.de\/freitext\/?s={search_term_string}"},"query-input":"required name=search_term_string"}],"inLanguage":"de"},{"@type":"Person","@id":"https:\/\/blog.zeit.de\/freitext\/#\/schema\/person\/0fad1a44c4a9ef2ddd04220b21ca7aeb","name":"Tilman Rammstedt","image":{"@type":"ImageObject","inLanguage":"de","@id":"https:\/\/blog.zeit.de\/freitext\/#\/schema\/person\/image\/","url":"https:\/\/secure.gravatar.com\/avatar\/f0ccee5db3dce6a86f2dda40d3bcf3709bec7fccdd73daea1fd498fa02e3bc97?s=96&d=mm&r=g","contentUrl":"https:\/\/secure.gravatar.com\/avatar\/f0ccee5db3dce6a86f2dda40d3bcf3709bec7fccdd73daea1fd498fa02e3bc97?s=96&d=mm&r=g","caption":"Tilman Rammstedt"},"description":"Tilman Rammstedt, geboren 1975 in Bielefeld, studierte Literaturwissenschaft und Philosophie. F\u00fcr seine Romane und Erz\u00e4hlungen wurde er mit verschiedenen Preisen ausgezeichnet. Im Jahr 2008 erhielt er den Klagenfurter Ingeborg-Bachmann-Preis. Zuletzt ver\u00f6ffentlichte er den Roman \"Morgen mehr\" (2016) bei Hanser. Er lebt in Berlin.","url":"https:\/\/blog.zeit.de\/freitext\/author\/tilman-rammstedt\/"}]}},"jetpack_featured_media_url":"","jetpack_sharing_enabled":true,"_links":{"self":[{"href":"https:\/\/blog.zeit.de\/freitext\/wp-json\/wp\/v2\/posts\/708","targetHints":{"allow":["GET"]}}],"collection":[{"href":"https:\/\/blog.zeit.de\/freitext\/wp-json\/wp\/v2\/posts"}],"about":[{"href":"https:\/\/blog.zeit.de\/freitext\/wp-json\/wp\/v2\/types\/post"}],"author":[{"embeddable":true,"href":"https:\/\/blog.zeit.de\/freitext\/wp-json\/wp\/v2\/users\/1021"}],"replies":[{"embeddable":true,"href":"https:\/\/blog.zeit.de\/freitext\/wp-json\/wp\/v2\/comments?post=708"}],"version-history":[{"count":6,"href":"https:\/\/blog.zeit.de\/freitext\/wp-json\/wp\/v2\/posts\/708\/revisions"}],"predecessor-version":[{"id":717,"href":"https:\/\/blog.zeit.de\/freitext\/wp-json\/wp\/v2\/posts\/708\/revisions\/717"}],"wp:attachment":[{"href":"https:\/\/blog.zeit.de\/freitext\/wp-json\/wp\/v2\/media?parent=708"}],"wp:term":[{"taxonomy":"category","embeddable":true,"href":"https:\/\/blog.zeit.de\/freitext\/wp-json\/wp\/v2\/categories?post=708"},{"taxonomy":"post_tag","embeddable":true,"href":"https:\/\/blog.zeit.de\/freitext\/wp-json\/wp\/v2\/tags?post=708"}],"curies":[{"name":"wp","href":"https:\/\/api.w.org\/{rel}","templated":true}]}}