{"id":7493,"date":"2018-06-07T09:56:29","date_gmt":"2018-06-07T07:56:29","guid":{"rendered":"https:\/\/www.zeit.de\/freitext\/?p=7493"},"modified":"2018-06-14T17:54:48","modified_gmt":"2018-06-14T15:54:48","slug":"hitzefrei-politikverdrossen-altaras","status":"publish","type":"post","link":"https:\/\/blog.zeit.de\/freitext\/2018\/06\/07\/hitzefrei-politikverdrossen-altaras\/","title":{"rendered":"Sorry, wir haben hitzefrei"},"content":{"rendered":"<p><strong>Was soll das hei\u00dfen: politikverdrossen? Bei den Temperaturen kann eben niemand mehr denken. Aber unsere Autorin hat eine Idee, wie der Sommer das Land umkrempeln k\u00f6nnte.<\/strong><\/p>\n<p><figure id=\"attachment_7498\" aria-describedby=\"caption-attachment-7498\" style=\"width: 640px\" class=\"wp-caption aligncenter\"><img loading=\"lazy\" decoding=\"async\" class=\"wp-image-7498 size-large\" src=\"https:\/\/blog.zeit.de\/freitext\/freitext\/wp-content\/blogs.dir\/84\/files\/2018\/06\/freitext-hitzefrei-1024x576.jpg\" alt=\"Ausnahmezustand Berlin - Sorry, wir haben hitzefrei \" width=\"640\" height=\"360\" srcset=\"https:\/\/blog.zeit.de\/freitext\/files\/2018\/06\/freitext-hitzefrei-1024x576.jpg 1024w, https:\/\/blog.zeit.de\/freitext\/files\/2018\/06\/freitext-hitzefrei-620x349.jpg 620w, https:\/\/blog.zeit.de\/freitext\/files\/2018\/06\/freitext-hitzefrei-768x432.jpg 768w\" sizes=\"auto, (max-width: 640px) 100vw, 640px\" \/><figcaption id=\"caption-attachment-7498\" class=\"wp-caption-text\">\u00a9 Fabrizio Bensch\/Reuters<\/figcaption><\/figure><\/p>\n<p>Seit vier Wochen herrscht in Berlin der Ausnahmezustand. Viel, viel zu fr\u00fch viel, viel zu warm. Eben noch bl\u00fchten die Pfingstrosen, schon beginnen die Wiesen auszutrocknen. Sie sind hellbraun und es riecht nach Sp\u00e4tsommer. Es herrschen meistens \u00fcber 30 Grad, die armen geplagten Preu\u00dfen seufzen schwer. <!--more-->M\u00e4nner, puterrot und in kurzen Hosen, sitzen geschw\u00e4cht unter bl\u00fchenden Linden. Ihre Frauen, allergisch wegen der Pollen, niesen sich die Seele aus dem Leib. Sie haben angeschwollene F\u00fc\u00dfe und die Lacksandalen graben sich ein in das geschwollene Fleisch.<\/p>\n<p>Der Getr\u00e4nkehandel hat jetzt schon M\u00fche mit der Wasserlieferung. Man muss ja viel trinken.<\/p>\n<p>Zust\u00e4nde wie in Athen, allerdings ohne Klimaanlagen. Die gibt es nur in den Kaufh\u00e4usern, aber der Berliner ist traditionell nicht gut bei Kasse, also bleibt er lieber drau\u00dfen sitzen und schwitzt vor sich hin, am Paul-Lincke-Ufer oder Rosa-Luxemburg-Platz.<\/p>\n<p>Vor lauter Hitze hat man den Skandal um die Volksb\u00fchne schon fast vergessen, dabei ist das Versagen der politischen Elite kaum zu toppen. Und war dazu auch noch vorhersehbar. Jetzt d\u00fcmpelt dieses sch\u00f6ne Theater herrenlos vor sich hin und niemand wei\u00df, wie es weitergehen soll.<\/p>\n<p>Selbst bei der Gegendemo zum AfD-Aufmarsch kam es zu keinen gro\u00dfen Krawallen, es war einfach zu hei\u00df.<\/p>\n<p>Ich f\u00fcrchte, wir werden uns an diese neuen Temperaturen gew\u00f6hnen m\u00fcssen, sonst bleiben wir politisch auf der Strecke.<\/p>\n<p>Neulich war ich bei unserem Bundespr\u00e4sidenten eingeladen, es ging um Demokratie, was sonst?! Und um die Gleichg\u00fcltigkeit gegen\u00fcber allem Politischen. Frank-Walter Steinmeier macht sich Sorgen. Und ich kann das gut verstehen. &#8222;Ohne mich!&#8220; sei die Devise vieler B\u00fcrger geworden. Statt &#8222;mit mir&#8220; und &#8222;mit dir&#8220; w\u00fcrde sich eine verdrossene Antipolitikhaltung breitmachen, die \u2013 von Populisten ausgenutzt \u2013 die Demokratie sehr gef\u00e4hrde.<\/p>\n<p><strong>Vielleicht ein Kochkurs<\/strong><\/p>\n<p>Vielleicht ist die politische M\u00fcdigkeit auch auf die hohen Temperaturen zur\u00fcckzuf\u00fchren? So lie\u00dfe sich manches an Italiens Desaster erkl\u00e4ren. In Rom ist es ja schlie\u00dflich auch sehr, sehr warm.<\/p>\n<p>In genau diese Phase ist das j\u00e4hrliche Abitur gefallen. Mein Sohn ist dieses Jahr mit dabei.<\/p>\n<p>Seit \u00fcber zwei Monaten hat er, haben die Abiturienten keine Schule mehr, sollen sich freiwillig und selbst\u00e4ndig auf die Pr\u00fcfungen vorbereiten. Das geschieht wahlweise auf einer Rave-Party am Gleisdreieck oder auf der Liegewiese an der Krummen Lanke. Freibad Wei\u00dfensee selbstverst\u00e4ndlich auch.<\/p>\n<p>Gegen 15 Uhr wecke ich meinen Sohn, frage, ob er vielleicht irgendetwas lernen m\u00fcsste. Er l\u00e4chelt m\u00fcde. Die Hitze, die Hitze. Eigentlich ist es ein Skandal, die Jugendlichen \u2013 denn die meisten Abiturienten sind wegen der verk\u00fcrzten Schulzeit noch minderj\u00e4hrig \u2013 so strukturlos h\u00e4ngen zu lassen.<\/p>\n<p>Wenn man sie schon nicht beschulen will, weil sie schon alles wissen &#8230; So k\u00f6nnte man ihnen in dieser Zeit einen Schreib- oder Kochkurs anbieten oder sonst etwas wirklich Lebenstaugliches.<\/p>\n<p>Aber nein. Man \u00fcberl\u00e4sst sie sich selbst in der Hoffnung, sie w\u00fcrden alleine \u00fcben. Von wegen. Und dann diese Temperaturen.<\/p>\n<p>Nat\u00fcrlich wird zwischendurch auch mal kurz zu Hause gelernt. Die Lider schwer, die Fenster weit aufgerissen, kaum ein Lufthauch. Der Wunsch, sich dem s\u00fcdl\u00e4ndischen Mittagsschlaf hinzugeben und erst wieder in der D\u00e4mmerung in die B\u00fccher zu schauen, ist \u00fcberw\u00e4ltigend.<\/p>\n<p><strong>Berlin von unten revolutionieren<\/strong><\/p>\n<p>Es ist dummerweise noch sehr lange hell und die Sonne spiegelt sich verf\u00fchrerisch auch um 22 Uhr auf den Berliner Seen. Also nichts wie raus, eine Runde baden.<\/p>\n<p>Niemand versteht den Sog des Sommers besser als ich. Keine Str\u00fcmpfe mehr, sch\u00f6ne neue Sandalen, sich bei Morgengrauen im Schlachtensee abk\u00fchlen, um Mitternacht auf dem Balkon Aperol Spritz trinken &#8230; Aber ich mache ja auch kein Abitur!<\/p>\n<p>Berlin im Sommermodus.<\/p>\n<p>Strandb\u00e4der, Eisdielen, Stra\u00dfencaf\u00e9s machen einen Bombenumsatz. Mann tr\u00e4gt Sommerh\u00fcte und wei\u00dfe Leinenhosen. Es sieht aus wie auf Zilles Zeichnungen, nur leider werden dieses Jahr nur sehr wenige durchs Abitur kommen und die, die es dennoch schaffen, werden kaum den Numerus Clausus erreichen. Wir werden also einen Jahrgang haben ohne \u00c4rzte und Psychologen, ohne Architekten und Informatiker.<\/p>\n<p>Es war in der entscheidenden Phase einfach zu warm f\u00fcr den Norden. Zu warm f\u00fcr gute Noten.<\/p>\n<p>Vielleicht gar nicht so schlimm, es gibt sowieso zu viele \u00c4rzte in Berlin und zu wenig Pflegepersonal. Und hat nicht Handwerk goldenen Boden?<\/p>\n<p>Die Berliner Abiturienten werden dieses Jahr in die Betriebe gehen und arbeiten. Wie einst in der seligen DDR. Sie werden Schreiner werden, Krankenschwester und Steuerfachfrau. Sie werden Berlin von unten revolutionieren und zwar nur, weil es ein historisch warmer Mai gewesen ist.<\/p>\n<p>Vielleicht werden sie auch in die Politik gehen und Frank-Walter unter die Arme greifen bei der Erhaltung der Demokratie. Sie haben schlie\u00dflich hitzefrei.<\/p>\n<p>Kurzum: Die Erderw\u00e4rmung stellt uns und unsere Abiturienten vor neue Aufgaben, und wir werden die Ersten sein, die sie l\u00f6sen werden. Sobald es anf\u00e4ngt zu regnen &#8230;<\/p>\n<p>_______________<\/p>\n<p><strong><em>Sie m\u00f6chten keinen Freitext verpassen? Es gibt einen Newsletter. <a href=\"http:\/\/bit.ly\/1xjyvzZ\" target=\"_blank\" rel=\"noopener noreferrer\">Hier k\u00f6nnen Sie ihn abonnieren.<\/a><\/em><\/strong><\/p>\n","protected":false},"excerpt":{"rendered":"<p>Was soll das hei\u00dfen: politikverdrossen? Bei den Temperaturen kann eben niemand mehr denken. Aber unsere Autorin hat eine Idee, wie der Sommer das Land [\u2026]<\/p>\n","protected":false},"author":998,"featured_media":7532,"comment_status":"open","ping_status":"open","sticky":false,"template":"","format":"standard","meta":{"_jetpack_memberships_contains_paid_content":false,"footnotes":""},"categories":[7,5],"tags":[],"class_list":["post-7493","post","type-post","status-publish","format-standard","has-post-thumbnail","hentry","category-gesellschaft-politik","category-schriftstellerleben"],"yoast_head":"<!-- This site is optimized with the Yoast SEO plugin v21.0 - https:\/\/yoast.com\/wordpress\/plugins\/seo\/ -->\n<title>Sorry, wir haben hitzefrei - Freitext<\/title>\n<meta name=\"robots\" content=\"index, follow, max-snippet:-1, max-image-preview:large, max-video-preview:-1\" \/>\n<link rel=\"canonical\" href=\"https:\/\/blog.zeit.de\/freitext\/2018\/06\/07\/hitzefrei-politikverdrossen-altaras\/\" \/>\n<meta property=\"og:locale\" content=\"de_DE\" \/>\n<meta property=\"og:type\" content=\"article\" \/>\n<meta property=\"og:title\" content=\"Sorry, wir haben hitzefrei - Freitext\" \/>\n<meta property=\"og:description\" content=\"Was soll das hei\u00dfen: politikverdrossen? Bei den Temperaturen kann eben niemand mehr denken. Aber unsere Autorin hat eine Idee, wie der Sommer das Land [\u2026]\" \/>\n<meta property=\"og:url\" content=\"https:\/\/blog.zeit.de\/freitext\/2018\/06\/07\/hitzefrei-politikverdrossen-altaras\/\" \/>\n<meta property=\"og:site_name\" content=\"Freitext\" \/>\n<meta property=\"article:published_time\" content=\"2018-06-07T07:56:29+00:00\" \/>\n<meta property=\"article:modified_time\" content=\"2018-06-14T15:54:48+00:00\" \/>\n<meta name=\"author\" content=\"Adriana Altaras\" \/>\n<meta name=\"twitter:card\" content=\"summary_large_image\" \/>\n<meta name=\"twitter:image\" content=\"https:\/\/blog.zeit.de\/freitext\/freitext\/wp-content\/blogs.dir\/84\/files\/2018\/06\/freitext-hitzefrei.jpg\" \/>\n<meta name=\"twitter:label1\" content=\"Geschrieben von\" \/>\n\t<meta name=\"twitter:data1\" content=\"Adriana Altaras\" \/>\n\t<meta name=\"twitter:label2\" content=\"Gesch\u00e4tzte Lesezeit\" \/>\n\t<meta name=\"twitter:data2\" content=\"4\u00a0Minuten\" \/>\n<script type=\"application\/ld+json\" class=\"yoast-schema-graph\">{\"@context\":\"https:\/\/schema.org\",\"@graph\":[{\"@type\":\"WebPage\",\"@id\":\"https:\/\/blog.zeit.de\/freitext\/2018\/06\/07\/hitzefrei-politikverdrossen-altaras\/\",\"url\":\"https:\/\/blog.zeit.de\/freitext\/2018\/06\/07\/hitzefrei-politikverdrossen-altaras\/\",\"name\":\"Sorry, wir haben hitzefrei - Freitext\",\"isPartOf\":{\"@id\":\"https:\/\/blog.zeit.de\/freitext\/#website\"},\"datePublished\":\"2018-06-07T07:56:29+00:00\",\"dateModified\":\"2018-06-14T15:54:48+00:00\",\"author\":{\"@id\":\"https:\/\/blog.zeit.de\/freitext\/#\/schema\/person\/cf81323e1973c24a62e856c1b0b67e6b\"},\"breadcrumb\":{\"@id\":\"https:\/\/blog.zeit.de\/freitext\/2018\/06\/07\/hitzefrei-politikverdrossen-altaras\/#breadcrumb\"},\"inLanguage\":\"de\",\"potentialAction\":[{\"@type\":\"ReadAction\",\"target\":[\"https:\/\/blog.zeit.de\/freitext\/2018\/06\/07\/hitzefrei-politikverdrossen-altaras\/\"]}]},{\"@type\":\"BreadcrumbList\",\"@id\":\"https:\/\/blog.zeit.de\/freitext\/2018\/06\/07\/hitzefrei-politikverdrossen-altaras\/#breadcrumb\",\"itemListElement\":[{\"@type\":\"ListItem\",\"position\":1,\"name\":\"Startseite\",\"item\":\"https:\/\/blog.zeit.de\/freitext\/\"},{\"@type\":\"ListItem\",\"position\":2,\"name\":\"Sorry, wir haben hitzefrei\"}]},{\"@type\":\"WebSite\",\"@id\":\"https:\/\/blog.zeit.de\/freitext\/#website\",\"url\":\"https:\/\/blog.zeit.de\/freitext\/\",\"name\":\"Freitext\",\"description\":\"Feld f\u00fcr literarisches Denken\",\"potentialAction\":[{\"@type\":\"SearchAction\",\"target\":{\"@type\":\"EntryPoint\",\"urlTemplate\":\"https:\/\/blog.zeit.de\/freitext\/?s={search_term_string}\"},\"query-input\":\"required name=search_term_string\"}],\"inLanguage\":\"de\"},{\"@type\":\"Person\",\"@id\":\"https:\/\/blog.zeit.de\/freitext\/#\/schema\/person\/cf81323e1973c24a62e856c1b0b67e6b\",\"name\":\"Adriana Altaras\",\"image\":{\"@type\":\"ImageObject\",\"inLanguage\":\"de\",\"@id\":\"https:\/\/blog.zeit.de\/freitext\/#\/schema\/person\/image\/\",\"url\":\"https:\/\/secure.gravatar.com\/avatar\/df69c525861fdbb6e9daca70bb920830eaf8c5283e01d73898e7a629cf9fc1ed?s=96&d=mm&r=g\",\"contentUrl\":\"https:\/\/secure.gravatar.com\/avatar\/df69c525861fdbb6e9daca70bb920830eaf8c5283e01d73898e7a629cf9fc1ed?s=96&d=mm&r=g\",\"caption\":\"Adriana Altaras\"},\"description\":\"Schauspielerin, Regisseurin, Karate brauner Gurt. 1960 in Zagreb geboren, wuchs in Italien und Deutschland auf. Lebt in Berlin, mit Mann und zwei S\u00f6hnen, leider ohne Hund. Ihr erstes Buch \\\"Titos Brille\\\" erschien 2011, ihr zweites \\\"Doitscha\\\" im Jahr 2014. 2017 ver\u00f6ffentlichte sie \\\"Das Meer und ich waren im besten Alter. Geschichten aus meinem Alltag\\\", alle bei Kiepenheuer &amp; Witsch.\",\"url\":\"https:\/\/blog.zeit.de\/freitext\/author\/adriana-altaras\/\"}]}<\/script>\n<!-- \/ Yoast SEO plugin. -->","yoast_head_json":{"title":"Sorry, wir haben hitzefrei - Freitext","robots":{"index":"index","follow":"follow","max-snippet":"max-snippet:-1","max-image-preview":"max-image-preview:large","max-video-preview":"max-video-preview:-1"},"canonical":"https:\/\/blog.zeit.de\/freitext\/2018\/06\/07\/hitzefrei-politikverdrossen-altaras\/","og_locale":"de_DE","og_type":"article","og_title":"Sorry, wir haben hitzefrei - Freitext","og_description":"Was soll das hei\u00dfen: politikverdrossen? Bei den Temperaturen kann eben niemand mehr denken. Aber unsere Autorin hat eine Idee, wie der Sommer das Land [\u2026]","og_url":"https:\/\/blog.zeit.de\/freitext\/2018\/06\/07\/hitzefrei-politikverdrossen-altaras\/","og_site_name":"Freitext","article_published_time":"2018-06-07T07:56:29+00:00","article_modified_time":"2018-06-14T15:54:48+00:00","author":"Adriana Altaras","twitter_card":"summary_large_image","twitter_image":"https:\/\/blog.zeit.de\/freitext\/freitext\/wp-content\/blogs.dir\/84\/files\/2018\/06\/freitext-hitzefrei.jpg","twitter_misc":{"Geschrieben von":"Adriana Altaras","Gesch\u00e4tzte Lesezeit":"4\u00a0Minuten"},"schema":{"@context":"https:\/\/schema.org","@graph":[{"@type":"WebPage","@id":"https:\/\/blog.zeit.de\/freitext\/2018\/06\/07\/hitzefrei-politikverdrossen-altaras\/","url":"https:\/\/blog.zeit.de\/freitext\/2018\/06\/07\/hitzefrei-politikverdrossen-altaras\/","name":"Sorry, wir haben hitzefrei - Freitext","isPartOf":{"@id":"https:\/\/blog.zeit.de\/freitext\/#website"},"datePublished":"2018-06-07T07:56:29+00:00","dateModified":"2018-06-14T15:54:48+00:00","author":{"@id":"https:\/\/blog.zeit.de\/freitext\/#\/schema\/person\/cf81323e1973c24a62e856c1b0b67e6b"},"breadcrumb":{"@id":"https:\/\/blog.zeit.de\/freitext\/2018\/06\/07\/hitzefrei-politikverdrossen-altaras\/#breadcrumb"},"inLanguage":"de","potentialAction":[{"@type":"ReadAction","target":["https:\/\/blog.zeit.de\/freitext\/2018\/06\/07\/hitzefrei-politikverdrossen-altaras\/"]}]},{"@type":"BreadcrumbList","@id":"https:\/\/blog.zeit.de\/freitext\/2018\/06\/07\/hitzefrei-politikverdrossen-altaras\/#breadcrumb","itemListElement":[{"@type":"ListItem","position":1,"name":"Startseite","item":"https:\/\/blog.zeit.de\/freitext\/"},{"@type":"ListItem","position":2,"name":"Sorry, wir haben hitzefrei"}]},{"@type":"WebSite","@id":"https:\/\/blog.zeit.de\/freitext\/#website","url":"https:\/\/blog.zeit.de\/freitext\/","name":"Freitext","description":"Feld f\u00fcr literarisches Denken","potentialAction":[{"@type":"SearchAction","target":{"@type":"EntryPoint","urlTemplate":"https:\/\/blog.zeit.de\/freitext\/?s={search_term_string}"},"query-input":"required name=search_term_string"}],"inLanguage":"de"},{"@type":"Person","@id":"https:\/\/blog.zeit.de\/freitext\/#\/schema\/person\/cf81323e1973c24a62e856c1b0b67e6b","name":"Adriana Altaras","image":{"@type":"ImageObject","inLanguage":"de","@id":"https:\/\/blog.zeit.de\/freitext\/#\/schema\/person\/image\/","url":"https:\/\/secure.gravatar.com\/avatar\/df69c525861fdbb6e9daca70bb920830eaf8c5283e01d73898e7a629cf9fc1ed?s=96&d=mm&r=g","contentUrl":"https:\/\/secure.gravatar.com\/avatar\/df69c525861fdbb6e9daca70bb920830eaf8c5283e01d73898e7a629cf9fc1ed?s=96&d=mm&r=g","caption":"Adriana Altaras"},"description":"Schauspielerin, Regisseurin, Karate brauner Gurt. 1960 in Zagreb geboren, wuchs in Italien und Deutschland auf. Lebt in Berlin, mit Mann und zwei S\u00f6hnen, leider ohne Hund. Ihr erstes Buch \"Titos Brille\" erschien 2011, ihr zweites \"Doitscha\" im Jahr 2014. 2017 ver\u00f6ffentlichte sie \"Das Meer und ich waren im besten Alter. Geschichten aus meinem Alltag\", alle bei Kiepenheuer &amp; Witsch.","url":"https:\/\/blog.zeit.de\/freitext\/author\/adriana-altaras\/"}]}},"jetpack_featured_media_url":"https:\/\/blog.zeit.de\/freitext\/files\/2018\/06\/freitext-hitzefrei-small.jpg","jetpack_sharing_enabled":true,"_links":{"self":[{"href":"https:\/\/blog.zeit.de\/freitext\/wp-json\/wp\/v2\/posts\/7493","targetHints":{"allow":["GET"]}}],"collection":[{"href":"https:\/\/blog.zeit.de\/freitext\/wp-json\/wp\/v2\/posts"}],"about":[{"href":"https:\/\/blog.zeit.de\/freitext\/wp-json\/wp\/v2\/types\/post"}],"author":[{"embeddable":true,"href":"https:\/\/blog.zeit.de\/freitext\/wp-json\/wp\/v2\/users\/998"}],"replies":[{"embeddable":true,"href":"https:\/\/blog.zeit.de\/freitext\/wp-json\/wp\/v2\/comments?post=7493"}],"version-history":[{"count":5,"href":"https:\/\/blog.zeit.de\/freitext\/wp-json\/wp\/v2\/posts\/7493\/revisions"}],"predecessor-version":[{"id":7507,"href":"https:\/\/blog.zeit.de\/freitext\/wp-json\/wp\/v2\/posts\/7493\/revisions\/7507"}],"wp:featuredmedia":[{"embeddable":true,"href":"https:\/\/blog.zeit.de\/freitext\/wp-json\/wp\/v2\/media\/7532"}],"wp:attachment":[{"href":"https:\/\/blog.zeit.de\/freitext\/wp-json\/wp\/v2\/media?parent=7493"}],"wp:term":[{"taxonomy":"category","embeddable":true,"href":"https:\/\/blog.zeit.de\/freitext\/wp-json\/wp\/v2\/categories?post=7493"},{"taxonomy":"post_tag","embeddable":true,"href":"https:\/\/blog.zeit.de\/freitext\/wp-json\/wp\/v2\/tags?post=7493"}],"curies":[{"name":"wp","href":"https:\/\/api.w.org\/{rel}","templated":true}]}}