{"id":1165,"date":"2010-07-26T11:03:57","date_gmt":"2010-07-26T09:03:57","guid":{"rendered":"http:\/\/blog.zeit.de\/gruenegeschaefte\/?p=1165"},"modified":"2010-07-26T11:04:40","modified_gmt":"2010-07-26T09:04:40","slug":"letzte-chance-fur-die-erneuerbaren-in-den-usa","status":"publish","type":"post","link":"https:\/\/blog.zeit.de\/gruenegeschaefte\/2010\/07\/26\/letzte-chance-fur-die-erneuerbaren-in-den-usa\/","title":{"rendered":"Letzte Chance f\u00fcr die Erneuerbaren in den USA"},"content":{"rendered":"<p>Nachdem vergangenes Wochenende bekannt wurde, dass das US-Klimaschutzgesetz <a href=\"http:\/\/www.zeit.de\/wirtschaft\/2010-07\/obama-klimaschutzgesetz\" target=\"_blank\">in diesem Jahr gescheitert ist<\/a> &#8211; die Demokraten bekommen einfach im Senat nicht die n\u00f6tige Mehrheit zusammen &#8211; greift die \u00d6kostrombranche zum letzten Strohhalm: Sie will versuchen, in dem abgespeckten Gesetzpaket, das neue Schadensersatzregeln und Standards bei der F\u00f6rderung von Erd\u00f6l vorsieht, noch einen gr\u00fcnen Inhalt zu verankern. &#8222;Renewable Energy Standard&#8220; hei\u00dft das Fachwort daf\u00fcr. Er sieht unter anderem vor, dass Energieversorger in ihrem Strommix einen bestimmten Anteil von \u00d6kostrom vorweisen m\u00fcssen.<\/p>\n<p><figure id=\"attachment_1167\" aria-describedby=\"caption-attachment-1167\" style=\"width: 300px\" class=\"wp-caption alignleft\"><a href=\"https:\/\/blog.zeit.de\/gruenegeschaefte\/files\/2010\/07\/103073809.jpg\"><img loading=\"lazy\" decoding=\"async\" class=\"size-medium wp-image-1167\" title=\"US-Senator Harry Reid\" src=\"https:\/\/blog.zeit.de\/gruenegeschaefte\/files\/2010\/07\/103073809-300x219.jpg\" alt=\"\" width=\"300\" height=\"219\" srcset=\"https:\/\/blog.zeit.de\/gruenegeschaefte\/files\/2010\/07\/103073809-300x219.jpg 300w, https:\/\/blog.zeit.de\/gruenegeschaefte\/files\/2010\/07\/103073809-1024x747.jpg 1024w\" sizes=\"auto, (max-width: 300px) 100vw, 300px\" \/><\/a><figcaption id=\"caption-attachment-1167\" class=\"wp-caption-text\">US-Senator Harry Reid (D) ist pessimistisch, dass das abgespeckte Klimaschutzgesetz noch ein wenig gr\u00fcner werden k\u00f6nnte (\u00a9 Ethan Miller\/Getty Images)<\/figcaption><\/figure><\/p>\n<p>Am Wochenende <a href=\"http:\/\/thehill.com\/blogs\/e2-wire\/677-e2-wire\/110641-coalition-seeks-to-salvage-renewable-power-mandate-in-senate\" target=\"_blank\">wandte sich eine Koalition<\/a> von Gewerkschaften und Umweltverb\u00e4nden an den einflussreichen US-Senator Harry Reid von den Demokraten:<\/p>\n<blockquote><p><em>&#8222;As representatives of labor, the environmental community, and renewable energy trade associations, we appeal to you to include the national renewable electricity standard (RES) in the energy bill next week. Without immediate passage, hundreds of thousands of jobs will be lost and surrendered to other countries forever.&#8220;<\/em><\/p><\/blockquote>\n<p>Eigentlich sollte das nicht so schwer sein: Schlie\u00dflich hatten sich Demokraten und Republikaner im vergangenen Jahr bereits im Energieausschuss darauf geeinigt, den Energieunternehmen 15 Prozent \u00d6kostrom bis zum Jahr 2021 vorzuschreiben. Doch Reid ist skeptisch, dass er das im aktuellen Gesetzvorhaben noch unterbringen k\u00f6nnte, wie er <a href=\"http:\/\/www.treehugger.com\/files\/2010\/07\/reid-forget-about-res.php\" target=\"_blank\">auf einer Veranstaltung am vergangenen Freitag sagte<\/a>.<\/p>\n<p>Erneut eine vertane Chance, kann man da nur sagen. Und ein fatales Signal an s\u00e4mtliche Geldgeber f\u00fcr den &#8222;gr\u00fcnen&#8220; Umwelttechnologiesektor: Wenn gerade Pr\u00e4sident Obama sich im Wahlkampf mit dem Klimaschutz-Thema profiliert und &#8222;green technologies&#8220; als DIE Zukunftschance hinstellt, dann muss er seinen Ansagen auch irgendwann\u00a0 Taten folgen &#8211; in Form von Gesetzen, die Verl\u00e4sslichkeit garantieren. Ohne Investitionssicherheit wird sich eben nichts \u00e4ndern. Und erst recht nicht, wenn auf die Ansagen und Ank\u00fcndigungen der Politik kein Verlass mehr ist.<em><br \/>\n<\/em><\/p>\n","protected":false},"excerpt":{"rendered":"<p>Nachdem vergangenes Wochenende bekannt wurde, dass das US-Klimaschutzgesetz in diesem Jahr gescheitert ist &#8211; die Demokraten bekommen einfach im Senat nicht die n\u00f6tige Mehrheit zusammen &#8211; greift die \u00d6kostrombranche zum letzten Strohhalm: Sie will versuchen, in dem abgespeckten Gesetzpaket, das neue Schadensersatzregeln und Standards bei der F\u00f6rderung von Erd\u00f6l vorsieht, noch einen gr\u00fcnen Inhalt zu [&hellip;]<\/p>\n","protected":false},"author":196,"featured_media":0,"comment_status":"open","ping_status":"open","sticky":false,"template":"","format":"standard","meta":{"_jetpack_memberships_contains_paid_content":false,"footnotes":""},"categories":[1122,187,591],"tags":[],"class_list":["post-1165","post","type-post","status-publish","format-standard","hentry","category-erneuerbare-energien","category-politik","category-wirtschaft"],"yoast_head":"<!-- This site is optimized with the Yoast SEO plugin v21.0 - https:\/\/yoast.com\/wordpress\/plugins\/seo\/ -->\n<title>Letzte Chance f\u00fcr die Erneuerbaren in den USA - Gr\u00fcne Gesch\u00e4fte<\/title>\n<meta name=\"robots\" content=\"index, follow, max-snippet:-1, max-image-preview:large, max-video-preview:-1\" \/>\n<link rel=\"canonical\" href=\"https:\/\/blog.zeit.de\/gruenegeschaefte\/2010\/07\/26\/letzte-chance-fur-die-erneuerbaren-in-den-usa\/\" \/>\n<meta property=\"og:locale\" content=\"de_DE\" \/>\n<meta property=\"og:type\" content=\"article\" \/>\n<meta property=\"og:title\" content=\"Letzte Chance f\u00fcr die Erneuerbaren in den USA - Gr\u00fcne Gesch\u00e4fte\" \/>\n<meta property=\"og:description\" content=\"Nachdem vergangenes Wochenende bekannt wurde, dass das US-Klimaschutzgesetz in diesem Jahr gescheitert ist &#8211; die Demokraten bekommen einfach im Senat nicht die n\u00f6tige Mehrheit zusammen &#8211; greift die \u00d6kostrombranche zum letzten Strohhalm: Sie will versuchen, in dem abgespeckten Gesetzpaket, das neue Schadensersatzregeln und Standards bei der F\u00f6rderung von Erd\u00f6l vorsieht, noch einen gr\u00fcnen Inhalt zu [&hellip;]\" \/>\n<meta property=\"og:url\" content=\"https:\/\/blog.zeit.de\/gruenegeschaefte\/2010\/07\/26\/letzte-chance-fur-die-erneuerbaren-in-den-usa\/\" \/>\n<meta property=\"og:site_name\" content=\"Gr\u00fcne Gesch\u00e4fte\" \/>\n<meta property=\"article:published_time\" content=\"2010-07-26T09:03:57+00:00\" \/>\n<meta property=\"article:modified_time\" content=\"2010-07-26T09:04:40+00:00\" \/>\n<meta property=\"og:image\" content=\"https:\/\/blog.zeit.de\/gruenegeschaefte\/files\/2010\/07\/103073809-300x219.jpg\" \/>\n<meta name=\"author\" content=\"Marlies Uken\" \/>\n<meta name=\"twitter:card\" content=\"summary_large_image\" \/>\n<meta name=\"twitter:creator\" content=\"@zeitonline\" \/>\n<meta name=\"twitter:site\" content=\"@zeitonline\" \/>\n<meta name=\"twitter:label1\" content=\"Geschrieben von\" \/>\n\t<meta name=\"twitter:data1\" content=\"Marlies Uken\" \/>\n\t<meta name=\"twitter:label2\" content=\"Gesch\u00e4tzte Lesezeit\" \/>\n\t<meta name=\"twitter:data2\" content=\"2\u00a0Minuten\" \/>\n<script type=\"application\/ld+json\" class=\"yoast-schema-graph\">{\"@context\":\"https:\/\/schema.org\",\"@graph\":[{\"@type\":\"WebPage\",\"@id\":\"https:\/\/blog.zeit.de\/gruenegeschaefte\/2010\/07\/26\/letzte-chance-fur-die-erneuerbaren-in-den-usa\/\",\"url\":\"https:\/\/blog.zeit.de\/gruenegeschaefte\/2010\/07\/26\/letzte-chance-fur-die-erneuerbaren-in-den-usa\/\",\"name\":\"Letzte Chance f\u00fcr die Erneuerbaren in den USA - Gr\u00fcne Gesch\u00e4fte\",\"isPartOf\":{\"@id\":\"https:\/\/blog.zeit.de\/gruenegeschaefte\/#website\"},\"datePublished\":\"2010-07-26T09:03:57+00:00\",\"dateModified\":\"2010-07-26T09:04:40+00:00\",\"author\":{\"@id\":\"https:\/\/blog.zeit.de\/gruenegeschaefte\/#\/schema\/person\/56a2bdb136cd5997b1dd0485f3d105f9\"},\"breadcrumb\":{\"@id\":\"https:\/\/blog.zeit.de\/gruenegeschaefte\/2010\/07\/26\/letzte-chance-fur-die-erneuerbaren-in-den-usa\/#breadcrumb\"},\"inLanguage\":\"de\",\"potentialAction\":[{\"@type\":\"ReadAction\",\"target\":[\"https:\/\/blog.zeit.de\/gruenegeschaefte\/2010\/07\/26\/letzte-chance-fur-die-erneuerbaren-in-den-usa\/\"]}]},{\"@type\":\"BreadcrumbList\",\"@id\":\"https:\/\/blog.zeit.de\/gruenegeschaefte\/2010\/07\/26\/letzte-chance-fur-die-erneuerbaren-in-den-usa\/#breadcrumb\",\"itemListElement\":[{\"@type\":\"ListItem\",\"position\":1,\"name\":\"Startseite\",\"item\":\"https:\/\/blog.zeit.de\/gruenegeschaefte\/\"},{\"@type\":\"ListItem\",\"position\":2,\"name\":\"Letzte Chance f\u00fcr die Erneuerbaren in den USA\"}]},{\"@type\":\"WebSite\",\"@id\":\"https:\/\/blog.zeit.de\/gruenegeschaefte\/#website\",\"url\":\"https:\/\/blog.zeit.de\/gruenegeschaefte\/\",\"name\":\"Gr\u00fcne Gesch\u00e4fte\",\"description\":\"Wir k\u00f6nnen&#039;s besser: Das Blog f\u00fcr eine Wirtschaft, die Ressourcen und Klima schont\",\"potentialAction\":[{\"@type\":\"SearchAction\",\"target\":{\"@type\":\"EntryPoint\",\"urlTemplate\":\"https:\/\/blog.zeit.de\/gruenegeschaefte\/?s={search_term_string}\"},\"query-input\":\"required name=search_term_string\"}],\"inLanguage\":\"de\"},{\"@type\":\"Person\",\"@id\":\"https:\/\/blog.zeit.de\/gruenegeschaefte\/#\/schema\/person\/56a2bdb136cd5997b1dd0485f3d105f9\",\"name\":\"Marlies Uken\",\"image\":{\"@type\":\"ImageObject\",\"inLanguage\":\"de\",\"@id\":\"https:\/\/blog.zeit.de\/gruenegeschaefte\/#\/schema\/person\/image\/\",\"url\":\"https:\/\/secure.gravatar.com\/avatar\/1b4c2e971f407a9ead4389a9370b171e45b0ee693342f36fcc448bb9175b9ee2?s=96&d=mm&r=g\",\"contentUrl\":\"https:\/\/secure.gravatar.com\/avatar\/1b4c2e971f407a9ead4389a9370b171e45b0ee693342f36fcc448bb9175b9ee2?s=96&d=mm&r=g\",\"caption\":\"Marlies Uken\"},\"description\":\"ist Redakteurin bei ZEIT ONLINE.\",\"sameAs\":[\"https:\/\/blog.zeit.de\/gruenegeschaefte\/\"],\"url\":\"https:\/\/blog.zeit.de\/gruenegeschaefte\/author\/marlies-uken\/\"}]}<\/script>\n<!-- \/ Yoast SEO plugin. -->","yoast_head_json":{"title":"Letzte Chance f\u00fcr die Erneuerbaren in den USA - Gr\u00fcne Gesch\u00e4fte","robots":{"index":"index","follow":"follow","max-snippet":"max-snippet:-1","max-image-preview":"max-image-preview:large","max-video-preview":"max-video-preview:-1"},"canonical":"https:\/\/blog.zeit.de\/gruenegeschaefte\/2010\/07\/26\/letzte-chance-fur-die-erneuerbaren-in-den-usa\/","og_locale":"de_DE","og_type":"article","og_title":"Letzte Chance f\u00fcr die Erneuerbaren in den USA - Gr\u00fcne Gesch\u00e4fte","og_description":"Nachdem vergangenes Wochenende bekannt wurde, dass das US-Klimaschutzgesetz in diesem Jahr gescheitert ist &#8211; die Demokraten bekommen einfach im Senat nicht die n\u00f6tige Mehrheit zusammen &#8211; greift die \u00d6kostrombranche zum letzten Strohhalm: Sie will versuchen, in dem abgespeckten Gesetzpaket, das neue Schadensersatzregeln und Standards bei der F\u00f6rderung von Erd\u00f6l vorsieht, noch einen gr\u00fcnen Inhalt zu [&hellip;]","og_url":"https:\/\/blog.zeit.de\/gruenegeschaefte\/2010\/07\/26\/letzte-chance-fur-die-erneuerbaren-in-den-usa\/","og_site_name":"Gr\u00fcne Gesch\u00e4fte","article_published_time":"2010-07-26T09:03:57+00:00","article_modified_time":"2010-07-26T09:04:40+00:00","og_image":[{"url":"https:\/\/blog.zeit.de\/gruenegeschaefte\/files\/2010\/07\/103073809-300x219.jpg"}],"author":"Marlies Uken","twitter_card":"summary_large_image","twitter_creator":"@zeitonline","twitter_site":"@zeitonline","twitter_misc":{"Geschrieben von":"Marlies Uken","Gesch\u00e4tzte Lesezeit":"2\u00a0Minuten"},"schema":{"@context":"https:\/\/schema.org","@graph":[{"@type":"WebPage","@id":"https:\/\/blog.zeit.de\/gruenegeschaefte\/2010\/07\/26\/letzte-chance-fur-die-erneuerbaren-in-den-usa\/","url":"https:\/\/blog.zeit.de\/gruenegeschaefte\/2010\/07\/26\/letzte-chance-fur-die-erneuerbaren-in-den-usa\/","name":"Letzte Chance f\u00fcr die Erneuerbaren in den USA - Gr\u00fcne Gesch\u00e4fte","isPartOf":{"@id":"https:\/\/blog.zeit.de\/gruenegeschaefte\/#website"},"datePublished":"2010-07-26T09:03:57+00:00","dateModified":"2010-07-26T09:04:40+00:00","author":{"@id":"https:\/\/blog.zeit.de\/gruenegeschaefte\/#\/schema\/person\/56a2bdb136cd5997b1dd0485f3d105f9"},"breadcrumb":{"@id":"https:\/\/blog.zeit.de\/gruenegeschaefte\/2010\/07\/26\/letzte-chance-fur-die-erneuerbaren-in-den-usa\/#breadcrumb"},"inLanguage":"de","potentialAction":[{"@type":"ReadAction","target":["https:\/\/blog.zeit.de\/gruenegeschaefte\/2010\/07\/26\/letzte-chance-fur-die-erneuerbaren-in-den-usa\/"]}]},{"@type":"BreadcrumbList","@id":"https:\/\/blog.zeit.de\/gruenegeschaefte\/2010\/07\/26\/letzte-chance-fur-die-erneuerbaren-in-den-usa\/#breadcrumb","itemListElement":[{"@type":"ListItem","position":1,"name":"Startseite","item":"https:\/\/blog.zeit.de\/gruenegeschaefte\/"},{"@type":"ListItem","position":2,"name":"Letzte Chance f\u00fcr die Erneuerbaren in den USA"}]},{"@type":"WebSite","@id":"https:\/\/blog.zeit.de\/gruenegeschaefte\/#website","url":"https:\/\/blog.zeit.de\/gruenegeschaefte\/","name":"Gr\u00fcne Gesch\u00e4fte","description":"Wir k\u00f6nnen&#039;s besser: Das Blog f\u00fcr eine Wirtschaft, die Ressourcen und Klima schont","potentialAction":[{"@type":"SearchAction","target":{"@type":"EntryPoint","urlTemplate":"https:\/\/blog.zeit.de\/gruenegeschaefte\/?s={search_term_string}"},"query-input":"required name=search_term_string"}],"inLanguage":"de"},{"@type":"Person","@id":"https:\/\/blog.zeit.de\/gruenegeschaefte\/#\/schema\/person\/56a2bdb136cd5997b1dd0485f3d105f9","name":"Marlies Uken","image":{"@type":"ImageObject","inLanguage":"de","@id":"https:\/\/blog.zeit.de\/gruenegeschaefte\/#\/schema\/person\/image\/","url":"https:\/\/secure.gravatar.com\/avatar\/1b4c2e971f407a9ead4389a9370b171e45b0ee693342f36fcc448bb9175b9ee2?s=96&d=mm&r=g","contentUrl":"https:\/\/secure.gravatar.com\/avatar\/1b4c2e971f407a9ead4389a9370b171e45b0ee693342f36fcc448bb9175b9ee2?s=96&d=mm&r=g","caption":"Marlies Uken"},"description":"ist Redakteurin bei ZEIT ONLINE.","sameAs":["https:\/\/blog.zeit.de\/gruenegeschaefte\/"],"url":"https:\/\/blog.zeit.de\/gruenegeschaefte\/author\/marlies-uken\/"}]}},"jetpack_featured_media_url":"","jetpack_sharing_enabled":true,"_links":{"self":[{"href":"https:\/\/blog.zeit.de\/gruenegeschaefte\/wp-json\/wp\/v2\/posts\/1165","targetHints":{"allow":["GET"]}}],"collection":[{"href":"https:\/\/blog.zeit.de\/gruenegeschaefte\/wp-json\/wp\/v2\/posts"}],"about":[{"href":"https:\/\/blog.zeit.de\/gruenegeschaefte\/wp-json\/wp\/v2\/types\/post"}],"author":[{"embeddable":true,"href":"https:\/\/blog.zeit.de\/gruenegeschaefte\/wp-json\/wp\/v2\/users\/196"}],"replies":[{"embeddable":true,"href":"https:\/\/blog.zeit.de\/gruenegeschaefte\/wp-json\/wp\/v2\/comments?post=1165"}],"version-history":[{"count":0,"href":"https:\/\/blog.zeit.de\/gruenegeschaefte\/wp-json\/wp\/v2\/posts\/1165\/revisions"}],"wp:attachment":[{"href":"https:\/\/blog.zeit.de\/gruenegeschaefte\/wp-json\/wp\/v2\/media?parent=1165"}],"wp:term":[{"taxonomy":"category","embeddable":true,"href":"https:\/\/blog.zeit.de\/gruenegeschaefte\/wp-json\/wp\/v2\/categories?post=1165"},{"taxonomy":"post_tag","embeddable":true,"href":"https:\/\/blog.zeit.de\/gruenegeschaefte\/wp-json\/wp\/v2\/tags?post=1165"}],"curies":[{"name":"wp","href":"https:\/\/api.w.org\/{rel}","templated":true}]}}